{"id":8029,"date":"2026-07-02T22:48:48","date_gmt":"2026-07-02T21:48:48","guid":{"rendered":"https:\/\/tablaoflamencoalma.com\/?p=8029"},"modified":"2026-07-03T12:47:11","modified_gmt":"2026-07-03T11:47:11","slug":"que-ver-en-palma-en-un-dia-tablao-flamenco-alma","status":"publish","type":"post","link":"https:\/\/tablaoflamencoalma.com\/pt\/que-ver-en-palma-en-un-dia-tablao-flamenco-alma\/","title":{"rendered":"Uma viagem no tempo: Combine o centro hist\u00f3rico de Palma com a magia do Tablao Flamenco Alma"},"content":{"rendered":"<p class=\"wp-block-paragraph\">Consegues imaginar-te a passear por ruas de cal\u00e7ada com s\u00e9culos de hist\u00f3ria e, apenas algumas horas depois, a vibrar com o bater dos saltos e o encanto da arte na sua forma mais pura? Palma de Maiorca \u00e9 uma cidade de contrastes m\u00e1gicos. A sua luz mediterr\u00e2nica, a sua arquitetura imponente e a sua oferta cultural vibrante fazem dela um destino \u00fanico no mundo.<\/p>\n\n\n\n<p class=\"wp-block-paragraph\">Se est\u00e1s a planear a tua visita e te perguntas <strong>O que ver em Palma num dia<\/strong>, temos a resposta perfeita para ti. Propomos-te uma viagem no tempo inesquec\u00edvel: uma jornada que combina uma <strong>passeio pelo centro hist\u00f3rico de Palma<\/strong> com a for\u00e7a andaluza do nosso <a href=\"https:\/\/tablaoflamencoalma.com\/pt\/\">Tablao Flamenco Alma<\/a>, o final ideal para encerrar um dia perfeito.<\/p>\n\n\n\n<div style=\"height:50px\" aria-hidden=\"true\" class=\"wp-block-spacer\"><\/div>\n\n\n\n<h2 class=\"wp-block-heading has-text-align-left\">Passeio pelo centro hist\u00f3rico de Palma: um percurso monumental para a manh\u00e3<\/h2>\n\n\n\n<p class=\"wp-block-paragraph\">Para aproveitar ao m\u00e1ximo o teu dia, recomendamos que comeces cedo no centro hist\u00f3rico da cidade. O centro de Palma \u00e9 um labirinto de beleza onde cada recanto conta uma hist\u00f3ria. Este <strong>passeio pelo centro hist\u00f3rico de Palma<\/strong> vai levar-te pelos principais <strong>monumentos de Palma de Maiorca<\/strong>.<\/p>\n\n\n\n<h3 class=\"wp-block-heading\">A majestade da catedral g\u00f3tica de Santa Maria de Palma (La Seu)<\/h3>\n\n\n\n<p class=\"wp-block-paragraph\">N\u00e3o h\u00e1 melhor lugar para come\u00e7ar do que La Seu, a espetacular catedral g\u00f3tica que domina a ba\u00eda. Constru\u00edda \u00e0 beira-mar, a sua famosa ros\u00e1cea \u2014 conhecida como \u201co olho do g\u00f3tico\u201d \u2014 e a sua imponente nave central v\u00e3o deixar-te sem f\u00f4lego. \u00c9 o grande \u00edcone da ilha e uma paragem obrigat\u00f3ria em qualquer <strong>programa cultural em Palma<\/strong>.<\/p>\n\n\n\n<h3 class=\"wp-block-heading\">O Pal\u00e1cio Real da Almudaina e o peso da hist\u00f3ria<\/h3>\n\n\n\n<p class=\"wp-block-paragraph\">Mesmo em frente \u00e0 catedral ergue-se o Pal\u00e1cio Real da Almudaina, uma fortifica\u00e7\u00e3o de origem romana e mu\u00e7ulmana que os reis crist\u00e3os transformaram na sua resid\u00eancia em Maiorca. Os seus p\u00e1tios, tape\u00e7arias e jardins transportar-te-\u00e3o imediatamente para a \u00e9poca medieval.<\/p>\n\n\n\n<h3 class=\"wp-block-heading\">Passear pelas ruas hist\u00f3ricas e pelos p\u00e1tios de Maiorca<\/h3>\n\n\n\n<p class=\"wp-block-paragraph\">Depois de visitar os grandes monumentos, a melhor recomenda\u00e7\u00e3o \u00e9 simplesmente perder-se. O centro hist\u00f3rico de Palma \u00e9 famoso pelos seus p\u00e1tio interiores senhoriais (p\u00e1tio mallorquinos), que poder\u00e1 vislumbrar atrav\u00e9s dos seus portais de pedra. \u00c9 um passeio tranquilo, onde a pressa n\u00e3o tem lugar.<\/p>\n\n\n\n<div style=\"height:50px\" aria-hidden=\"true\" class=\"wp-block-spacer\"><\/div>\n\n\n\n<h2 class=\"wp-block-heading has-text-align-left\">O que fazer em Palma: Experi\u00eancias imperd\u00edveis para a tua viagem<\/h2>\n\n\n\n<p class=\"wp-block-paragraph\">Para al\u00e9m do centro hist\u00f3rico e monumental, a cidade oferece in\u00fameras op\u00e7\u00f5es para enriquecer o teu dia, ideais tanto para os residentes que redescobrem a sua cidade como para os viajantes internacionais e nacionais. Se procuras ideias sobre <strong>O que fazer em Palma<\/strong>, aqui est\u00e3o cinco sugest\u00f5es fant\u00e1sticas:<\/p>\n\n\n\n<ol start=\"1\" class=\"wp-block-list\">\n<li><strong>Descansar na Pra\u00e7a Mayor:<\/strong> Faz uma pausa na pra\u00e7a principal de Palma de Maiorca, enquanto observas as pessoas a passar e te relaxas nos seus bares com esplanada. S\u00f3 vais precisar de uma boa bebida refrescante e de um pouco de tranquilidade para desfrutar do agrad\u00e1vel clima de Maiorca num ambiente encantador.<\/li>\n\n\n\n<li><strong>Maravilhar-se com o aqu\u00e1rio de Palma:<\/strong> Mergulha numa viagem por todos os oceanos do mundo sem sa\u00edres de Maiorca. Descobre todos e cada um dos segredos mais bem guardados do habitat marinho nesta fant\u00e1stica viagem pelas profundezas do mar. Desfruta de novas experi\u00eancias e encontros com os habitantes do aqu\u00e1rio.<\/li>\n\n\n\n<li><strong>Visitar o Castelo de Bellver:<\/strong> O Castelo de Bellver \u00e9 uma constru\u00e7\u00e3o circular \u00fanica que data do s\u00e9culo XIV. Situa-se num belo terreno entre pinhais perfumados e alberga um fascinante museu dedicado \u00e0 hist\u00f3ria de Palma de Maiorca. \u00c9 um dos castelos medievais mais bem conservados que poder\u00e1 encontrar e, na verdade, visit\u00e1-lo \u00e9 como recuar no tempo, sobretudo quando se passeia pelos p\u00e1tios e claustros e se deixa a imagina\u00e7\u00e3o voar. Bellver \u00e9 especialmente popular pelas belas vistas panor\u00e2micas que oferece, a partir dos andares superiores, sobre a cidade e o porto.<\/li>\n\n\n\n<li><strong>Apreciar a arte moderna:<\/strong> O Es Baluard \u00e9 o museu de arte moderna e contempor\u00e2nea de Palma de Maiorca. Este espa\u00e7o museol\u00f3gico ocupa um basti\u00e3o do s\u00e9culo XVI, mas as cole\u00e7\u00f5es que exibe s\u00e3o modernas e centram-se em artistas dos s\u00e9culos XX e XXI que t\u00eam liga\u00e7\u00f5es \u00e0s Ilhas Baleares. O interior tamb\u00e9m \u00e9 moderno e luminoso, tendo-se tornado um espa\u00e7o ideal para apresentar algumas exposi\u00e7\u00f5es impressionantes. Se estiver em Palma de Maiorca e procurar uma experi\u00eancia cultural de alto n\u00edvel, este \u00e9 o local que deve visitar.<\/li>\n\n\n\n<li><strong>Conhecer a cidade sobre rodas:<\/strong> O autocarro tur\u00edstico da cidade oferece percursos completos, din\u00e2micos e muito confort\u00e1veis para conhecer a cidade e todos os seus encantos. \u00c9 uma forma magn\u00edfica de visitar tudo e deixar-se envolver pela sua beleza sem se cansar.<\/li>\n<\/ol>\n\n\n\n<p class=\"wp-block-paragraph\">Descobre mais coisas para fazer em <a href=\"https:\/\/www.kayak.es\/Palma-de-Mallorca.12458.guide\" target=\"_blank\" rel=\"noreferrer noopener\"><strong>Palma de Maiorca<\/strong><\/a>.<\/p>\n\n\n\n<div style=\"height:48px\" aria-hidden=\"true\" class=\"wp-block-spacer\"><\/div>\n\n\n\n<h2 class=\"wp-block-heading has-text-align-left\">O ponto alto: Emo\u00e7\u00e3o pura no Tablao Flamenco Alma<\/h2>\n\n\n\n<p class=\"wp-block-paragraph\">Depois de um dia repleto de monumentos, passeios e brisa mar\u00edtima, \u00e9 hora de dar lugar \u00e0 noite. E o melhor plano para encerrar o teu dia \u00e9 mergulhar no encanto e na paix\u00e3o de um aut\u00eantico <strong>espet\u00e1culo de flamenco em Palma<\/strong>.<\/p>\n\n\n\n<p class=\"wp-block-paragraph\">No <a href=\"https:\/\/tablaoflamencoalma.com\/pt\/\"><strong>Tablao Flamenco Alma<\/strong><\/a> Convidamo-te a viver uma experi\u00eancia \u00edntima onde a guitarra, o canto e a dan\u00e7a se fundem ao vivo. N\u00e3o importa se \u00e9 um grande apreciador da arte andaluza ou um principiante curioso que se aproxima do comp\u00e1s pela primeira vez; a atmosfera do nosso tablao foi concebida para emocionar e envolver todos os p\u00fablicos num ambiente acolhedor. A nossa proposta combina de forma inigual\u00e1vel o <strong>flamenco e cultura em Palma<\/strong>.<\/p>\n\n\n\n<h3 class=\"wp-block-heading\">Por que escolher a nossa experi\u00eancia de flamenco ao vivo?<\/h3>\n\n\n\n<p class=\"wp-block-paragraph\">Queremos que desfrutes da tua noite com todo o conforto e sem qualquer preocupa\u00e7\u00e3o. Por isso, prepar\u00e1mos uma experi\u00eancia de primeira classe com todos os servi\u00e7os pr\u00e1ticos de que precisas:<\/p>\n\n\n\n<figure class=\"wp-block-table\"><table class=\"has-fixed-layout\"><tbody><tr><td><strong>Caracter\u00edsticas do Espet\u00e1culo<\/strong><\/td><td><strong>Detalhes do servi\u00e7o<\/strong><\/td><\/tr><tr><td><strong>Dura\u00e7\u00e3o do espet\u00e1culo<\/strong><\/td><td>1 hora de pura emo\u00e7\u00e3o, for\u00e7a e arte no palco.<\/td><\/tr><tr><td><strong>Hor\u00e1rios das sess\u00f5es<\/strong><\/td><td>H\u00e1 espet\u00e1culos todos os dias da semana, com tr\u00eas sess\u00f5es di\u00e1rias: 17h30, 19h30 e 21h30. Escolhe a que melhor se adequar aos teus planos para a noite!<\/td><\/tr><tr><td><strong>Idiomas do anfitri\u00e3o<\/strong><\/td><td>A nossa equipa ir\u00e1 atend\u00ea-lo de forma eficiente e acolhedora em espanhol, ingl\u00eas e alem\u00e3o.<\/td><\/tr><tr><td><strong>Bebida inclu\u00edda<\/strong><\/td><td>O teu bilhete inclui uma bebida \u00e0 escolha entre cerveja, vinho, refrigerante, cava ou sangria, oferecida pela casa.<\/td><\/tr><tr><td><strong>Servi\u00e7o de restaura\u00e7\u00e3o<\/strong><\/td><td>Oferecemos um servi\u00e7o de refei\u00e7\u00f5es atencioso, com os pratos mais emblem\u00e1ticos da gastronomia de Espanha, de Maiorca e das Ilhas Baleares.<\/td><\/tr><tr><td><strong>Acessibilidade<\/strong><\/td><td>As nossas instala\u00e7\u00f5es s\u00e3o totalmente acess\u00edveis a cadeiras de rodas, para garantir o conforto de todos os participantes.<\/td><\/tr><tr><td><strong>Flexibilidade na reserva<\/strong><\/td><td>Pode cancelar de forma totalmente gratuita at\u00e9 24 horas antes do in\u00edcio para receber um reembolso total.<\/td><\/tr><tr><td><strong>Antecipa\u00e7\u00e3o e boas-vindas<\/strong><\/td><td>Recebemos-te de bra\u00e7os abertos; o acolhimento e o acesso ao local est\u00e3o dispon\u00edveis a partir de 1 hora antes do in\u00edcio do espet\u00e1culo.<\/td><\/tr><\/tbody><\/table><\/figure>\n\n\n\n<div style=\"height:50px\" aria-hidden=\"true\" class=\"wp-block-spacer\"><\/div>\n\n\n\n<h2 class=\"wp-block-heading has-text-align-left\">Conclus\u00e3o: O teu dia perfeito em Palma espera por ti<\/h2>\n\n\n\n<p class=\"wp-block-paragraph\">Percorrer a hist\u00f3ria monumental da ilha durante o dia e deixar-se levar pela energia vibrante do nosso <strong>espect\u00e1culo de flamenco ao vivo<\/strong> Ao cair da noite \u00e9, sem d\u00favida, a melhor forma de viver Palma de Maiorca de forma aut\u00eantica.<\/p>\n\n\n\n<p class=\"wp-block-paragraph\">N\u00e3o esperes que te contem. Organiza o teu dia, faz um passeio pela hist\u00f3ria e reserva a tua mesa para viveres uma noite inesquec\u00edvel de m\u00fasica, gastronomia e paix\u00e3o.<\/p>\n\n\n\n<p class=\"wp-block-paragraph\"><a href=\"https:\/\/tablaoflamencoalma.com\/pt\/uma-noite-magica-em-palma-flamenco-no-tablao-flamenco-alma-jantar-e-passeio\/\">Consulte a programa\u00e7\u00e3o e reserve os seus bilhetes no Tablao Flamenco Alma<\/a> e prepara-te para sentir a magia do nosso palco. Esperamos por ti de cora\u00e7\u00e3o aberto e com a arte a transbordar!<\/p>","protected":false},"excerpt":{"rendered":"<p>\u00bfTe imaginas caminar por calles empedradas con siglos de historia y, apenas unas horas despu\u00e9s, vibrar con el taconeo y el duende del arte m\u00e1s puro? Palma de Mallorca es una ciudad de contrastes m\u00e1gicos. Su luz mediterr\u00e1nea, su imponente arquitectura y su vibrante oferta cultural la convierten en un destino \u00fanico en el mundo. [&hellip;]<\/p>\n","protected":false},"author":3,"featured_media":8030,"comment_status":"open","ping_status":"open","sticky":false,"template":"","format":"standard","meta":{"site-sidebar-layout":"default","site-content-layout":"","ast-site-content-layout":"default","site-content-style":"default","site-sidebar-style":"default","ast-global-header-display":"","ast-banner-title-visibility":"","ast-main-header-display":"","ast-hfb-above-header-display":"","ast-hfb-below-header-display":"","ast-hfb-mobile-header-display":"","site-post-title":"","ast-breadcrumbs-content":"","ast-featured-img":"","footer-sml-layout":"","theme-transparent-header-meta":"","adv-header-id-meta":"","stick-header-meta":"","header-above-stick-meta":"","header-main-stick-meta":"","header-below-stick-meta":"","astra-migrate-meta-layouts":"set","ast-page-background-enabled":"default","ast-page-background-meta":{"desktop":{"background-color":"var(--ast-global-color-4)","background-image":"","background-repeat":"repeat","background-position":"center center","background-size":"auto","background-attachment":"scroll","background-type":"","background-media":"","overlay-type":"","overlay-color":"","overlay-opacity":"","overlay-gradient":""},"tablet":{"background-color":"","background-image":"","background-repeat":"repeat","background-position":"center center","background-size":"auto","background-attachment":"scroll","background-type":"","background-media":"","overlay-type":"","overlay-color":"","overlay-opacity":"","overlay-gradient":""},"mobile":{"background-color":"","background-image":"","background-repeat":"repeat","background-position":"center center","background-size":"auto","background-attachment":"scroll","background-type":"","background-media":"","overlay-type":"","overlay-color":"","overlay-opacity":"","overlay-gradient":""}},"ast-content-background-meta":{"desktop":{"background-color":"var(--ast-global-color-5)","background-image":"","background-repeat":"repeat","background-position":"center center","background-size":"auto","background-attachment":"scroll","background-type":"","background-media":"","overlay-type":"","overlay-color":"","overlay-opacity":"","overlay-gradient":""},"tablet":{"background-color":"var(--ast-global-color-5)","background-image":"","background-repeat":"repeat","background-position":"center center","background-size":"auto","background-attachment":"scroll","background-type":"","background-media":"","overlay-type":"","overlay-color":"","overlay-opacity":"","overlay-gradient":""},"mobile":{"background-color":"var(--ast-global-color-5)","background-image":"","background-repeat":"repeat","background-position":"center center","background-size":"auto","background-attachment":"scroll","background-type":"","background-media":"","overlay-type":"","overlay-color":"","overlay-opacity":"","overlay-gradient":""}},"footnotes":""},"categories":[17],"tags":[],"class_list":["post-8029","post","type-post","status-publish","format-standard","has-post-thumbnail","hentry","category-general"],"yoast_head":"<!-- This site is optimized with the Yoast SEO plugin v28.4 - https:\/\/yoast.com\/product\/yoast-seo-wordpress\/ -->\n<title>Qu\u00e9 ver en Palma en un d\u00eda y Tablao Flamenco Alma<\/title>\n<meta name=\"description\" content=\"Descubre qu\u00e9 ver en Palma en un d\u00eda con esta ruta cultural por el casco antiguo y culmina la noche con el espect\u00e1culo del Tablao Flamenco Alma. \u00a1Reserva ya!\" \/>\n<meta name=\"robots\" content=\"index, follow, max-snippet:-1, max-image-preview:large, max-video-preview:-1\" \/>\n<link rel=\"canonical\" href=\"https:\/\/tablaoflamencoalma.com\/pt\/que-ver-en-palma-en-un-dia-tablao-flamenco-alma\/\" \/>\n<meta property=\"og:locale\" content=\"pt_PT\" \/>\n<meta property=\"og:type\" content=\"article\" \/>\n<meta property=\"og:title\" content=\"Qu\u00e9 ver en Palma en un d\u00eda y Tablao Flamenco Alma\" \/>\n<meta property=\"og:description\" content=\"Descubre qu\u00e9 ver en Palma en un d\u00eda con esta ruta cultural por el casco antiguo y culmina la noche con el espect\u00e1culo del Tablao Flamenco Alma. \u00a1Reserva ya!\" \/>\n<meta property=\"og:url\" content=\"https:\/\/tablaoflamencoalma.com\/pt\/que-ver-en-palma-en-un-dia-tablao-flamenco-alma\/\" \/>\n<meta property=\"og:site_name\" content=\"Tablao Flamenco Alma\" \/>\n<meta property=\"article:publisher\" content=\"https:\/\/www.facebook.com\/tablaoflamencoalma\" \/>\n<meta property=\"article:published_time\" content=\"2026-07-02T21:48:48+00:00\" \/>\n<meta property=\"article:modified_time\" content=\"2026-07-03T11:47:11+00:00\" \/>\n<meta property=\"og:image\" content=\"https:\/\/tablaoflamencoalma.com\/wp-content\/uploads\/2026\/07\/Un-Viaje-en-el-Tiempo-Combina-Casco-Antiguo-portada-post-scaled.jpg\" \/>\n\t<meta property=\"og:image:width\" content=\"2560\" \/>\n\t<meta property=\"og:image:height\" content=\"1734\" \/>\n\t<meta property=\"og:image:type\" content=\"image\/jpeg\" \/>\n<meta name=\"author\" content=\"Tablao Flamenco Alma\" \/>\n<meta name=\"twitter:card\" content=\"summary_large_image\" \/>\n<meta name=\"twitter:label1\" content=\"Escrito por\" \/>\n\t<meta name=\"twitter:data1\" content=\"Tablao Flamenco Alma\" \/>\n\t<meta name=\"twitter:label2\" content=\"Tempo estimado de leitura\" \/>\n\t<meta name=\"twitter:data2\" content=\"6 minutos\" \/>\n<script type=\"application\/ld+json\" class=\"yoast-schema-graph\">{\"@context\":\"https:\\\/\\\/schema.org\",\"@graph\":[{\"@type\":\"Article\",\"@id\":\"https:\\\/\\\/tablaoflamencoalma.com\\\/que-ver-en-palma-en-un-dia-tablao-flamenco-alma\\\/#article\",\"isPartOf\":{\"@id\":\"https:\\\/\\\/tablaoflamencoalma.com\\\/que-ver-en-palma-en-un-dia-tablao-flamenco-alma\\\/\"},\"author\":{\"name\":\"Tablao Flamenco Alma\",\"@id\":\"https:\\\/\\\/tablaoflamencoalma.com\\\/#\\\/schema\\\/person\\\/9d0c2a9a099918689427e2a0b2dd0f5c\"},\"headline\":\"Un viaje en el tiempo: Combina el casco antiguo de Palma con la magia del Tablao Flamenco Alma\",\"datePublished\":\"2026-07-02T21:48:48+00:00\",\"dateModified\":\"2026-07-03T11:47:11+00:00\",\"mainEntityOfPage\":{\"@id\":\"https:\\\/\\\/tablaoflamencoalma.com\\\/que-ver-en-palma-en-un-dia-tablao-flamenco-alma\\\/\"},\"wordCount\":1318,\"commentCount\":0,\"publisher\":{\"@id\":\"https:\\\/\\\/tablaoflamencoalma.com\\\/#organization\"},\"image\":{\"@id\":\"https:\\\/\\\/tablaoflamencoalma.com\\\/que-ver-en-palma-en-un-dia-tablao-flamenco-alma\\\/#primaryimage\"},\"thumbnailUrl\":\"https:\\\/\\\/tablaoflamencoalma.com\\\/wp-content\\\/uploads\\\/2026\\\/07\\\/Un-Viaje-en-el-Tiempo-Combina-Casco-Antiguo-portada-post-scaled.jpg\",\"articleSection\":[\"General\"],\"inLanguage\":\"pt-PT\",\"potentialAction\":[{\"@type\":\"CommentAction\",\"name\":\"Comment\",\"target\":[\"https:\\\/\\\/tablaoflamencoalma.com\\\/que-ver-en-palma-en-un-dia-tablao-flamenco-alma\\\/#respond\"]}]},{\"@type\":\"WebPage\",\"@id\":\"https:\\\/\\\/tablaoflamencoalma.com\\\/que-ver-en-palma-en-un-dia-tablao-flamenco-alma\\\/\",\"url\":\"https:\\\/\\\/tablaoflamencoalma.com\\\/que-ver-en-palma-en-un-dia-tablao-flamenco-alma\\\/\",\"name\":\"Qu\u00e9 ver en Palma en un d\u00eda y Tablao Flamenco Alma\",\"isPartOf\":{\"@id\":\"https:\\\/\\\/tablaoflamencoalma.com\\\/#website\"},\"primaryImageOfPage\":{\"@id\":\"https:\\\/\\\/tablaoflamencoalma.com\\\/que-ver-en-palma-en-un-dia-tablao-flamenco-alma\\\/#primaryimage\"},\"image\":{\"@id\":\"https:\\\/\\\/tablaoflamencoalma.com\\\/que-ver-en-palma-en-un-dia-tablao-flamenco-alma\\\/#primaryimage\"},\"thumbnailUrl\":\"https:\\\/\\\/tablaoflamencoalma.com\\\/wp-content\\\/uploads\\\/2026\\\/07\\\/Un-Viaje-en-el-Tiempo-Combina-Casco-Antiguo-portada-post-scaled.jpg\",\"datePublished\":\"2026-07-02T21:48:48+00:00\",\"dateModified\":\"2026-07-03T11:47:11+00:00\",\"description\":\"Descubre qu\u00e9 ver en Palma en un d\u00eda con esta ruta cultural por el casco antiguo y culmina la noche con el espect\u00e1culo del Tablao Flamenco Alma. \u00a1Reserva ya!\",\"breadcrumb\":{\"@id\":\"https:\\\/\\\/tablaoflamencoalma.com\\\/que-ver-en-palma-en-un-dia-tablao-flamenco-alma\\\/#breadcrumb\"},\"inLanguage\":\"pt-PT\",\"potentialAction\":[{\"@type\":\"ReadAction\",\"target\":[\"https:\\\/\\\/tablaoflamencoalma.com\\\/que-ver-en-palma-en-un-dia-tablao-flamenco-alma\\\/\"]}]},{\"@type\":\"ImageObject\",\"inLanguage\":\"pt-PT\",\"@id\":\"https:\\\/\\\/tablaoflamencoalma.com\\\/que-ver-en-palma-en-un-dia-tablao-flamenco-alma\\\/#primaryimage\",\"url\":\"https:\\\/\\\/tablaoflamencoalma.com\\\/wp-content\\\/uploads\\\/2026\\\/07\\\/Un-Viaje-en-el-Tiempo-Combina-Casco-Antiguo-portada-post-scaled.jpg\",\"contentUrl\":\"https:\\\/\\\/tablaoflamencoalma.com\\\/wp-content\\\/uploads\\\/2026\\\/07\\\/Un-Viaje-en-el-Tiempo-Combina-Casco-Antiguo-portada-post-scaled.jpg\",\"width\":2560,\"height\":1734,\"caption\":\"Un Viaje en el Tiempo Combina Casco Antiguo portada post\"},{\"@type\":\"BreadcrumbList\",\"@id\":\"https:\\\/\\\/tablaoflamencoalma.com\\\/que-ver-en-palma-en-un-dia-tablao-flamenco-alma\\\/#breadcrumb\",\"itemListElement\":[{\"@type\":\"ListItem\",\"position\":1,\"name\":\"Portada\",\"item\":\"https:\\\/\\\/tablaoflamencoalma.com\\\/\"},{\"@type\":\"ListItem\",\"position\":2,\"name\":\"Un viaje en el tiempo: Combina el casco antiguo de Palma con la magia del Tablao Flamenco Alma\"}]},{\"@type\":\"WebSite\",\"@id\":\"https:\\\/\\\/tablaoflamencoalma.com\\\/#website\",\"url\":\"https:\\\/\\\/tablaoflamencoalma.com\\\/\",\"name\":\"Tablao Flamenco Alma\",\"description\":\"Tablao Flamenco Alma\",\"publisher\":{\"@id\":\"https:\\\/\\\/tablaoflamencoalma.com\\\/#organization\"},\"potentialAction\":[{\"@type\":\"SearchAction\",\"target\":{\"@type\":\"EntryPoint\",\"urlTemplate\":\"https:\\\/\\\/tablaoflamencoalma.com\\\/?s={search_term_string}\"},\"query-input\":{\"@type\":\"PropertyValueSpecification\",\"valueRequired\":true,\"valueName\":\"search_term_string\"}}],\"inLanguage\":\"pt-PT\"},{\"@type\":\"Organization\",\"@id\":\"https:\\\/\\\/tablaoflamencoalma.com\\\/#organization\",\"name\":\"Tablao Flamenco Alma\",\"url\":\"https:\\\/\\\/tablaoflamencoalma.com\\\/\",\"logo\":{\"@type\":\"ImageObject\",\"inLanguage\":\"pt-PT\",\"@id\":\"https:\\\/\\\/tablaoflamencoalma.com\\\/#\\\/schema\\\/logo\\\/image\\\/\",\"url\":\"https:\\\/\\\/tablaoflamencoalma.com\\\/wp-content\\\/uploads\\\/2024\\\/01\\\/cropped-tablao-flamenco-alma-01-04.png\",\"contentUrl\":\"https:\\\/\\\/tablaoflamencoalma.com\\\/wp-content\\\/uploads\\\/2024\\\/01\\\/cropped-tablao-flamenco-alma-01-04.png\",\"width\":512,\"height\":512,\"caption\":\"Tablao Flamenco Alma\"},\"image\":{\"@id\":\"https:\\\/\\\/tablaoflamencoalma.com\\\/#\\\/schema\\\/logo\\\/image\\\/\"},\"sameAs\":[\"https:\\\/\\\/www.facebook.com\\\/tablaoflamencoalma\",\"https:\\\/\\\/www.instagram.com\\\/tablaoflamencoalma\"]},{\"@type\":\"Person\",\"@id\":\"https:\\\/\\\/tablaoflamencoalma.com\\\/#\\\/schema\\\/person\\\/9d0c2a9a099918689427e2a0b2dd0f5c\",\"name\":\"Tablao Flamenco Alma\",\"image\":{\"@type\":\"ImageObject\",\"inLanguage\":\"pt-PT\",\"@id\":\"https:\\\/\\\/tablaoflamencoalma.com\\\/wp-content\\\/litespeed\\\/avatar\\\/797b83aa1ddf30f355ead08e864f8dad.jpg?ver=1788140548\",\"url\":\"https:\\\/\\\/tablaoflamencoalma.com\\\/wp-content\\\/litespeed\\\/avatar\\\/797b83aa1ddf30f355ead08e864f8dad.jpg?ver=1788140548\",\"contentUrl\":\"https:\\\/\\\/tablaoflamencoalma.com\\\/wp-content\\\/litespeed\\\/avatar\\\/797b83aa1ddf30f355ead08e864f8dad.jpg?ver=1788140548\",\"caption\":\"Tablao Flamenco Alma\"},\"url\":\"https:\\\/\\\/tablaoflamencoalma.com\\\/pt\\\/author\\\/flamencoalma\\\/\"}]}<\/script>\n<!-- \/ Yoast SEO plugin. -->","yoast_head_json":{"title":"O que ver em Palma num dia e o Tablao Flamenco Alma","description":"Descubra o que ver em Palma num dia com este percurso cultural pelo centro hist\u00f3rico e termine a noite com o espet\u00e1culo do Tablao Flamenco Alma. Reserve j\u00e1!","robots":{"index":"index","follow":"follow","max-snippet":"max-snippet:-1","max-image-preview":"max-image-preview:large","max-video-preview":"max-video-preview:-1"},"canonical":"https:\/\/tablaoflamencoalma.com\/pt\/que-ver-en-palma-en-un-dia-tablao-flamenco-alma\/","og_locale":"pt_PT","og_type":"article","og_title":"Qu\u00e9 ver en Palma en un d\u00eda y Tablao Flamenco Alma","og_description":"Descubre qu\u00e9 ver en Palma en un d\u00eda con esta ruta cultural por el casco antiguo y culmina la noche con el espect\u00e1culo del Tablao Flamenco Alma. \u00a1Reserva ya!","og_url":"https:\/\/tablaoflamencoalma.com\/pt\/que-ver-en-palma-en-un-dia-tablao-flamenco-alma\/","og_site_name":"Tablao Flamenco Alma","article_publisher":"https:\/\/www.facebook.com\/tablaoflamencoalma","article_published_time":"2026-07-02T21:48:48+00:00","article_modified_time":"2026-07-03T11:47:11+00:00","og_image":[{"width":2560,"height":1734,"url":"https:\/\/tablaoflamencoalma.com\/wp-content\/uploads\/2026\/07\/Un-Viaje-en-el-Tiempo-Combina-Casco-Antiguo-portada-post-scaled.jpg","type":"image\/jpeg"}],"author":"Tablao Flamenco Alma","twitter_card":"summary_large_image","twitter_misc":{"Escrito por":"Tablao Flamenco Alma","Tempo estimado de leitura":"6 minutos"},"schema":{"@context":"https:\/\/schema.org","@graph":[{"@type":"Article","@id":"https:\/\/tablaoflamencoalma.com\/que-ver-en-palma-en-un-dia-tablao-flamenco-alma\/#article","isPartOf":{"@id":"https:\/\/tablaoflamencoalma.com\/que-ver-en-palma-en-un-dia-tablao-flamenco-alma\/"},"author":{"name":"Tablao Flamenco Alma","@id":"https:\/\/tablaoflamencoalma.com\/#\/schema\/person\/9d0c2a9a099918689427e2a0b2dd0f5c"},"headline":"Un viaje en el tiempo: Combina el casco antiguo de Palma con la magia del Tablao Flamenco Alma","datePublished":"2026-07-02T21:48:48+00:00","dateModified":"2026-07-03T11:47:11+00:00","mainEntityOfPage":{"@id":"https:\/\/tablaoflamencoalma.com\/que-ver-en-palma-en-un-dia-tablao-flamenco-alma\/"},"wordCount":1318,"commentCount":0,"publisher":{"@id":"https:\/\/tablaoflamencoalma.com\/#organization"},"image":{"@id":"https:\/\/tablaoflamencoalma.com\/que-ver-en-palma-en-un-dia-tablao-flamenco-alma\/#primaryimage"},"thumbnailUrl":"https:\/\/tablaoflamencoalma.com\/wp-content\/uploads\/2026\/07\/Un-Viaje-en-el-Tiempo-Combina-Casco-Antiguo-portada-post-scaled.jpg","articleSection":["General"],"inLanguage":"pt-PT","potentialAction":[{"@type":"CommentAction","name":"Comment","target":["https:\/\/tablaoflamencoalma.com\/que-ver-en-palma-en-un-dia-tablao-flamenco-alma\/#respond"]}]},{"@type":"WebPage","@id":"https:\/\/tablaoflamencoalma.com\/que-ver-en-palma-en-un-dia-tablao-flamenco-alma\/","url":"https:\/\/tablaoflamencoalma.com\/que-ver-en-palma-en-un-dia-tablao-flamenco-alma\/","name":"O que ver em Palma num dia e o Tablao Flamenco Alma","isPartOf":{"@id":"https:\/\/tablaoflamencoalma.com\/#website"},"primaryImageOfPage":{"@id":"https:\/\/tablaoflamencoalma.com\/que-ver-en-palma-en-un-dia-tablao-flamenco-alma\/#primaryimage"},"image":{"@id":"https:\/\/tablaoflamencoalma.com\/que-ver-en-palma-en-un-dia-tablao-flamenco-alma\/#primaryimage"},"thumbnailUrl":"https:\/\/tablaoflamencoalma.com\/wp-content\/uploads\/2026\/07\/Un-Viaje-en-el-Tiempo-Combina-Casco-Antiguo-portada-post-scaled.jpg","datePublished":"2026-07-02T21:48:48+00:00","dateModified":"2026-07-03T11:47:11+00:00","description":"Descubra o que ver em Palma num dia com este percurso cultural pelo centro hist\u00f3rico e termine a noite com o espet\u00e1culo do Tablao Flamenco Alma. Reserve j\u00e1!","breadcrumb":{"@id":"https:\/\/tablaoflamencoalma.com\/que-ver-en-palma-en-un-dia-tablao-flamenco-alma\/#breadcrumb"},"inLanguage":"pt-PT","potentialAction":[{"@type":"ReadAction","target":["https:\/\/tablaoflamencoalma.com\/que-ver-en-palma-en-un-dia-tablao-flamenco-alma\/"]}]},{"@type":"ImageObject","inLanguage":"pt-PT","@id":"https:\/\/tablaoflamencoalma.com\/que-ver-en-palma-en-un-dia-tablao-flamenco-alma\/#primaryimage","url":"https:\/\/tablaoflamencoalma.com\/wp-content\/uploads\/2026\/07\/Un-Viaje-en-el-Tiempo-Combina-Casco-Antiguo-portada-post-scaled.jpg","contentUrl":"https:\/\/tablaoflamencoalma.com\/wp-content\/uploads\/2026\/07\/Un-Viaje-en-el-Tiempo-Combina-Casco-Antiguo-portada-post-scaled.jpg","width":2560,"height":1734,"caption":"Un Viaje en el Tiempo Combina Casco Antiguo portada post"},{"@type":"BreadcrumbList","@id":"https:\/\/tablaoflamencoalma.com\/que-ver-en-palma-en-un-dia-tablao-flamenco-alma\/#breadcrumb","itemListElement":[{"@type":"ListItem","position":1,"name":"Portada","item":"https:\/\/tablaoflamencoalma.com\/"},{"@type":"ListItem","position":2,"name":"Un viaje en el tiempo: Combina el casco antiguo de Palma con la magia del Tablao Flamenco Alma"}]},{"@type":"WebSite","@id":"https:\/\/tablaoflamencoalma.com\/#website","url":"https:\/\/tablaoflamencoalma.com\/","name":"Tablao Flamenco Alma","description":"Tablao Flamenco Alma","publisher":{"@id":"https:\/\/tablaoflamencoalma.com\/#organization"},"potentialAction":[{"@type":"SearchAction","target":{"@type":"EntryPoint","urlTemplate":"https:\/\/tablaoflamencoalma.com\/?s={search_term_string}"},"query-input":{"@type":"PropertyValueSpecification","valueRequired":true,"valueName":"search_term_string"}}],"inLanguage":"pt-PT"},{"@type":"Organization","@id":"https:\/\/tablaoflamencoalma.com\/#organization","name":"Tablao Flamenco Alma","url":"https:\/\/tablaoflamencoalma.com\/","logo":{"@type":"ImageObject","inLanguage":"pt-PT","@id":"https:\/\/tablaoflamencoalma.com\/#\/schema\/logo\/image\/","url":"https:\/\/tablaoflamencoalma.com\/wp-content\/uploads\/2024\/01\/cropped-tablao-flamenco-alma-01-04.png","contentUrl":"https:\/\/tablaoflamencoalma.com\/wp-content\/uploads\/2024\/01\/cropped-tablao-flamenco-alma-01-04.png","width":512,"height":512,"caption":"Tablao Flamenco Alma"},"image":{"@id":"https:\/\/tablaoflamencoalma.com\/#\/schema\/logo\/image\/"},"sameAs":["https:\/\/www.facebook.com\/tablaoflamencoalma","https:\/\/www.instagram.com\/tablaoflamencoalma"]},{"@type":"Person","@id":"https:\/\/tablaoflamencoalma.com\/#\/schema\/person\/9d0c2a9a099918689427e2a0b2dd0f5c","name":"Tablao Flamenco Alma","image":{"@type":"ImageObject","inLanguage":"pt-PT","@id":"https:\/\/tablaoflamencoalma.com\/wp-content\/litespeed\/avatar\/797b83aa1ddf30f355ead08e864f8dad.jpg?ver=1788140548","url":"https:\/\/tablaoflamencoalma.com\/wp-content\/litespeed\/avatar\/797b83aa1ddf30f355ead08e864f8dad.jpg?ver=1788140548","contentUrl":"https:\/\/tablaoflamencoalma.com\/wp-content\/litespeed\/avatar\/797b83aa1ddf30f355ead08e864f8dad.jpg?ver=1788140548","caption":"Tablao Flamenco Alma"},"url":"https:\/\/tablaoflamencoalma.com\/pt\/author\/flamencoalma\/"}]}},"_links":{"self":[{"href":"https:\/\/tablaoflamencoalma.com\/pt\/wp-json\/wp\/v2\/posts\/8029","targetHints":{"allow":["GET"]}}],"collection":[{"href":"https:\/\/tablaoflamencoalma.com\/pt\/wp-json\/wp\/v2\/posts"}],"about":[{"href":"https:\/\/tablaoflamencoalma.com\/pt\/wp-json\/wp\/v2\/types\/post"}],"author":[{"embeddable":true,"href":"https:\/\/tablaoflamencoalma.com\/pt\/wp-json\/wp\/v2\/users\/3"}],"replies":[{"embeddable":true,"href":"https:\/\/tablaoflamencoalma.com\/pt\/wp-json\/wp\/v2\/comments?post=8029"}],"version-history":[{"count":4,"href":"https:\/\/tablaoflamencoalma.com\/pt\/wp-json\/wp\/v2\/posts\/8029\/revisions"}],"predecessor-version":[{"id":8035,"href":"https:\/\/tablaoflamencoalma.com\/pt\/wp-json\/wp\/v2\/posts\/8029\/revisions\/8035"}],"wp:featuredmedia":[{"embeddable":true,"href":"https:\/\/tablaoflamencoalma.com\/pt\/wp-json\/wp\/v2\/media\/8030"}],"wp:attachment":[{"href":"https:\/\/tablaoflamencoalma.com\/pt\/wp-json\/wp\/v2\/media?parent=8029"}],"wp:term":[{"taxonomy":"category","embeddable":true,"href":"https:\/\/tablaoflamencoalma.com\/pt\/wp-json\/wp\/v2\/categories?post=8029"},{"taxonomy":"post_tag","embeddable":true,"href":"https:\/\/tablaoflamencoalma.com\/pt\/wp-json\/wp\/v2\/tags?post=8029"}],"curies":[{"name":"wp","href":"https:\/\/api.w.org\/{rel}","templated":true}]}}