{"id":6889,"date":"2026-03-24T19:18:50","date_gmt":"2026-03-24T18:18:50","guid":{"rendered":"https:\/\/tablaoflamencoalma.com\/?p=6889"},"modified":"2026-05-28T06:20:44","modified_gmt":"2026-05-28T05:20:44","slug":"que-es-duende-flamenco-palma-mallorca","status":"publish","type":"post","link":"https:\/\/tablaoflamencoalma.com\/pt\/que-es-duende-flamenco-palma-mallorca\/","title":{"rendered":"O que \u00e9 o \u00abduende\u00bb do flamenco? Viva a sua magia no Tablao Alma"},"content":{"rendered":"<p class=\"wp-block-paragraph\">Alguma vez sentiste um arrepio inexplic\u00e1vel ao ouvir uma nota de guitarra ou um sil\u00eancio sepulcral que faz o tempo parar no meio de uma dan\u00e7a? Esse mist\u00e9rio, essa liga\u00e7\u00e3o visceral que n\u00e3o se consegue explicar com palavras, mas que se sente no peito, \u00e9 o que os artistas chamam de \u201cduende\u201d.<\/p>\n\n\n\n<p class=\"wp-block-paragraph\">Se est\u00e1s em Maiorca e procuras algo mais do que um simples espet\u00e1culo, hoje convidamos-te a descobrir o segredo mais bem guardado da nossa cultura.<\/p>\n\n\n\n<h3 class=\"wp-block-heading has-text-align-left\">O \u201cDuende\u201d: Para al\u00e9m da t\u00e9cnica<\/h3>\n\n\n\n<p class=\"wp-block-paragraph\">Para compreender <strong>O que \u00e9 o \u00abduende\u00bb do flamenco?<\/strong>, devemos afastar-nos da teoria acad\u00e9mica e aproximar-nos do cora\u00e7\u00e3o. N\u00e3o se trata de uma coreografia perfeita nem de uma voz impec\u00e1vel. O \u201cduende\u201d \u00e9 um estado de esp\u00edrito, uma \u00abchama\u00bb de emo\u00e7\u00e3o que surge quando o artista se esquece do mundo e se entrega por completo \u00e0 arte.<\/p>\n\n\n\n<p class=\"wp-block-paragraph\">Federico Garc\u00eda Lorca dizia que o duende \u201cn\u00e3o est\u00e1 na garganta; o duende sobe por dentro, a partir das solas dos p\u00e9s\u201d. \u00c9 o <strong>emo\u00e7\u00e3o do flamenco<\/strong> no seu estado mais selvagem e genu\u00edno. \u00c9 aquele momento em que o cantor, o dan\u00e7arino e o guitarrista se fundem numa \u00fanica alma, transmitindo a todos os presentes uma energia el\u00e9trica.<\/p>\n\n\n\n<h3 class=\"wp-block-heading has-text-align-left\">Como \u00e9 a magia de um tablao ao vivo?<\/h3>\n\n\n\n<p class=\"wp-block-paragraph\">N\u00e3o \u00e9 poss\u00edvel <strong>sentir a magia<\/strong> atrav\u00e9s de um ecr\u00e3. \u00c9 uma experi\u00eancia f\u00edsica que requer proximidade. No <a href=\"https:\/\/tablaoflamencoalma.com\/pt\/\"><strong>Tablao Flamenco Alma<\/strong><\/a>, cri\u00e1mos um espa\u00e7o onde a dist\u00e2ncia entre o artista e o espectador desaparece.<\/p>\n\n\n\n<p class=\"wp-block-paragraph\">Por se tratar de um ambiente intimista, \u00e9 poss\u00edvel ouvir a respira\u00e7\u00e3o do bailarino, o rangido da madeira sob os seus p\u00e9s e o ro\u00e7ar das cordas da guitarra. \u00c9 nessa proximidade que acontece o milagre: a <strong>a magia do flamenco<\/strong> envolve-te e deixas de ser um espectador para te tornares parte do ritual.<\/p>\n\n\n\n<h2 class=\"wp-block-heading\">Tablao Flamenco Alma: O ref\u00fagio do flamenco aut\u00eantico em Palma<\/h2>\n\n\n\n<p class=\"wp-block-paragraph\">Encontrar um <strong>espet\u00e1culo de flamenco em Palma<\/strong> Manter a pureza da arte nem sempre \u00e9 f\u00e1cil. A nossa miss\u00e3o em <a href=\"https:\/\/tablaoflamencoalma.com\/pt\/\"><strong>Tablao Flamenco Alma<\/strong><\/a> \u00e9 proporcionar uma vis\u00e3o da tradi\u00e7\u00e3o mais profunda, longe dos estere\u00f3tipos, num ambiente que transpira respeito e paix\u00e3o.<\/p>\n\n\n\n<p class=\"wp-block-paragraph\">O nosso elenco art\u00edstico \u00e9 composto por figuras de primeira linha que n\u00e3o se limitam a executar a t\u00e9cnica, mas procuram aquele \u201cduende\u201d em cada movimento. Gra\u00e7as \u00e0 nossa qualidade art\u00edstica e ao ambiente intimista, torn\u00e1mo-nos o local de refer\u00eancia para quem procura um <strong>teatro de flamenco em Maiorca<\/strong> com a ess\u00eancia da verdade.<\/p>\n\n\n\n<h2 class=\"wp-block-heading\">Viva uma noite m\u00e1gica no cora\u00e7\u00e3o de Maiorca<\/h2>\n\n\n\n<p class=\"wp-block-paragraph\">Queremos que a tua \u00fanica preocupa\u00e7\u00e3o seja aproveitar a experi\u00eancia. Por isso, em <a href=\"https:\/\/tablaoflamencoalma.com\/pt\/contato\/\">o nosso tablao em Palma de Maiorca<\/a>, cuid\u00e1mos de cada pormenor para que a tua noite seja perfeita:<\/p>\n\n\n\n<ul class=\"wp-block-list\">\n<li><strong>Bilhetes di\u00e1rios:<\/strong> Oferecemos tr\u00eas sess\u00f5es todos os dias da semana \u00e0s <strong>17h30, 19h30 e 21h30.<\/strong><\/li>\n\n\n\n<li><strong>Dura\u00e7\u00e3o:<\/strong> Uma hora de pura intensidade que te deixar\u00e1 uma marca indel\u00e9vel.<\/li>\n\n\n\n<li><strong>Hospitalidade:<\/strong> O teu bilhete inclui uma bebida (cerveja, vinho, refrigerante, cava ou sangria). Al\u00e9m disso, podes completar a experi\u00eancia com a nossa sele\u00e7\u00e3o de pratos t\u00edpicos da gastronomia de Espanha e das Ilhas Baleares.<\/li>\n\n\n\n<li><strong>Acessibilidade e comodidades:<\/strong> Somos um espa\u00e7o acess\u00edvel a cadeiras de rodas e contamos com anfitri\u00f5es que o atender\u00e3o em espanhol e ingl\u00eas.<\/li>\n\n\n\n<li><strong>Reserve sem receio:<\/strong> Sabemos que os planos podem mudar, por isso oferecemos <strong>cancelamento gratuito at\u00e9 24 horas antes<\/strong> do espet\u00e1culo, com reembolso total.<\/li>\n<\/ul>\n\n\n\n<h2 class=\"wp-block-heading has-text-align-left\">O teu encontro com a emo\u00e7\u00e3o<\/h2>\n\n\n\n<p class=\"wp-block-paragraph\">O flamenco n\u00e3o se compreende, sente-se. Procurar o \u00abduende\u00bb \u00e9 procurar uma parte de si mesmo que s\u00f3 desperta com o lamento de um canto ou a intensidade de uma guitarra.<\/p>\n\n\n\n<p class=\"wp-block-paragraph\">N\u00e3o esperes que te contem. Se procuras o <strong>flamenco aut\u00eantico em Palma<\/strong>, estamos \u00e0 tua espera para viveres uma noite de encanto, arte e alma que vais recordar para sempre.<\/p>\n\n\n\n<p class=\"wp-block-paragraph\"><strong>Est\u00e1s pronto para sentir a magia?<\/strong> <a href=\"https:\/\/tablaoflamencoalma.com\/pt\/uma-noite-magica-em-palma-flamenco-no-tablao-flamenco-alma-jantar-e-passeio\/\">Reserve j\u00e1 o seu bilhete no Tablao Flamenco Alma<\/a><\/p>\n\n\n\n<p class=\"wp-block-paragraph\"><\/p>","protected":false},"excerpt":{"rendered":"<p>\u00bfAlguna vez has sentido un escalofr\u00edo inexplicable al escuchar una nota de guitarra o un silencio sepulcral que detiene el tiempo en medio de un baile? Ese misterio, esa conexi\u00f3n visceral que no se puede explicar con palabras pero que se siente en el pecho, es lo que los artistas llaman el &#8220;duende&#8221;. Si est\u00e1s [&hellip;]<\/p>\n","protected":false},"author":3,"featured_media":6890,"comment_status":"open","ping_status":"open","sticky":false,"template":"","format":"standard","meta":{"site-sidebar-layout":"default","site-content-layout":"","ast-site-content-layout":"default","site-content-style":"default","site-sidebar-style":"default","ast-global-header-display":"","ast-banner-title-visibility":"","ast-main-header-display":"","ast-hfb-above-header-display":"","ast-hfb-below-header-display":"","ast-hfb-mobile-header-display":"","site-post-title":"","ast-breadcrumbs-content":"","ast-featured-img":"","footer-sml-layout":"","theme-transparent-header-meta":"","adv-header-id-meta":"","stick-header-meta":"","header-above-stick-meta":"","header-main-stick-meta":"","header-below-stick-meta":"","astra-migrate-meta-layouts":"set","ast-page-background-enabled":"default","ast-page-background-meta":{"desktop":{"background-color":"var(--ast-global-color-4)","background-image":"","background-repeat":"repeat","background-position":"center center","background-size":"auto","background-attachment":"scroll","background-type":"","background-media":"","overlay-type":"","overlay-color":"","overlay-opacity":"","overlay-gradient":""},"tablet":{"background-color":"","background-image":"","background-repeat":"repeat","background-position":"center center","background-size":"auto","background-attachment":"scroll","background-type":"","background-media":"","overlay-type":"","overlay-color":"","overlay-opacity":"","overlay-gradient":""},"mobile":{"background-color":"","background-image":"","background-repeat":"repeat","background-position":"center center","background-size":"auto","background-attachment":"scroll","background-type":"","background-media":"","overlay-type":"","overlay-color":"","overlay-opacity":"","overlay-gradient":""}},"ast-content-background-meta":{"desktop":{"background-color":"var(--ast-global-color-5)","background-image":"","background-repeat":"repeat","background-position":"center center","background-size":"auto","background-attachment":"scroll","background-type":"","background-media":"","overlay-type":"","overlay-color":"","overlay-opacity":"","overlay-gradient":""},"tablet":{"background-color":"var(--ast-global-color-5)","background-image":"","background-repeat":"repeat","background-position":"center center","background-size":"auto","background-attachment":"scroll","background-type":"","background-media":"","overlay-type":"","overlay-color":"","overlay-opacity":"","overlay-gradient":""},"mobile":{"background-color":"var(--ast-global-color-5)","background-image":"","background-repeat":"repeat","background-position":"center center","background-size":"auto","background-attachment":"scroll","background-type":"","background-media":"","overlay-type":"","overlay-color":"","overlay-opacity":"","overlay-gradient":""}},"footnotes":""},"categories":[11],"tags":[],"class_list":["post-6889","post","type-post","status-publish","format-standard","has-post-thumbnail","hentry","category-el-flamenco"],"yoast_head":"<!-- This site is optimized with the Yoast SEO plugin v28.4 - https:\/\/yoast.com\/product\/yoast-seo-wordpress\/ -->\n<title>Qu\u00e9 es el duende flamenco: Siente la magia en Tablao Flamenco Alma<\/title>\n<meta name=\"description\" content=\"Si est\u00e1s en Mallorca y buscas algo m\u00e1s que un simple show, hoy te invitamos a descubrir el secreto mejor guardado de nuestra cultura.\" \/>\n<meta name=\"robots\" content=\"index, follow, max-snippet:-1, max-image-preview:large, max-video-preview:-1\" \/>\n<link rel=\"canonical\" href=\"https:\/\/tablaoflamencoalma.com\/pt\/que-es-duende-flamenco-palma-mallorca\/\" \/>\n<meta property=\"og:locale\" content=\"pt_PT\" \/>\n<meta property=\"og:type\" content=\"article\" \/>\n<meta property=\"og:title\" content=\"Qu\u00e9 es el duende flamenco: Siente la magia en Tablao Flamenco Alma\" \/>\n<meta property=\"og:description\" content=\"Si est\u00e1s en Mallorca y buscas algo m\u00e1s que un simple show, hoy te invitamos a descubrir el secreto mejor guardado de nuestra cultura.\" \/>\n<meta property=\"og:url\" content=\"https:\/\/tablaoflamencoalma.com\/pt\/que-es-duende-flamenco-palma-mallorca\/\" \/>\n<meta property=\"og:site_name\" content=\"Tablao Flamenco Alma\" \/>\n<meta property=\"article:publisher\" content=\"https:\/\/www.facebook.com\/tablaoflamencoalma\" \/>\n<meta property=\"article:published_time\" content=\"2026-03-24T18:18:50+00:00\" \/>\n<meta property=\"article:modified_time\" content=\"2026-05-28T05:20:44+00:00\" \/>\n<meta property=\"og:image\" content=\"https:\/\/tablaoflamencoalma.com\/wp-content\/uploads\/2026\/03\/Que-es-el-duende-flamenco-Portada-post.jpg\" \/>\n\t<meta property=\"og:image:width\" content=\"1080\" \/>\n\t<meta property=\"og:image:height\" content=\"1920\" \/>\n\t<meta property=\"og:image:type\" content=\"image\/jpeg\" \/>\n<meta name=\"author\" content=\"Tablao Flamenco Alma\" \/>\n<meta name=\"twitter:card\" content=\"summary_large_image\" \/>\n<meta name=\"twitter:label1\" content=\"Escrito por\" \/>\n\t<meta name=\"twitter:data1\" content=\"Tablao Flamenco Alma\" \/>\n\t<meta name=\"twitter:label2\" content=\"Tempo estimado de leitura\" \/>\n\t<meta name=\"twitter:data2\" content=\"4 minutos\" \/>\n<script type=\"application\/ld+json\" class=\"yoast-schema-graph\">{\"@context\":\"https:\\\/\\\/schema.org\",\"@graph\":[{\"@type\":\"Article\",\"@id\":\"https:\\\/\\\/tablaoflamencoalma.com\\\/que-es-duende-flamenco-palma-mallorca\\\/#article\",\"isPartOf\":{\"@id\":\"https:\\\/\\\/tablaoflamencoalma.com\\\/que-es-duende-flamenco-palma-mallorca\\\/\"},\"author\":{\"name\":\"Tablao Flamenco Alma\",\"@id\":\"https:\\\/\\\/tablaoflamencoalma.com\\\/#\\\/schema\\\/person\\\/9d0c2a9a099918689427e2a0b2dd0f5c\"},\"headline\":\"\u00bfQu\u00e9 es el duende flamenco? Vive su magia en Tablao Alma\",\"datePublished\":\"2026-03-24T18:18:50+00:00\",\"dateModified\":\"2026-05-28T05:20:44+00:00\",\"mainEntityOfPage\":{\"@id\":\"https:\\\/\\\/tablaoflamencoalma.com\\\/que-es-duende-flamenco-palma-mallorca\\\/\"},\"wordCount\":695,\"commentCount\":0,\"publisher\":{\"@id\":\"https:\\\/\\\/tablaoflamencoalma.com\\\/#organization\"},\"image\":{\"@id\":\"https:\\\/\\\/tablaoflamencoalma.com\\\/que-es-duende-flamenco-palma-mallorca\\\/#primaryimage\"},\"thumbnailUrl\":\"https:\\\/\\\/tablaoflamencoalma.com\\\/wp-content\\\/uploads\\\/2026\\\/03\\\/Que-es-el-duende-flamenco-Portada-post.jpg\",\"articleSection\":[\"El Flamenco\"],\"inLanguage\":\"pt-PT\",\"potentialAction\":[{\"@type\":\"CommentAction\",\"name\":\"Comment\",\"target\":[\"https:\\\/\\\/tablaoflamencoalma.com\\\/que-es-duende-flamenco-palma-mallorca\\\/#respond\"]}]},{\"@type\":\"WebPage\",\"@id\":\"https:\\\/\\\/tablaoflamencoalma.com\\\/que-es-duende-flamenco-palma-mallorca\\\/\",\"url\":\"https:\\\/\\\/tablaoflamencoalma.com\\\/que-es-duende-flamenco-palma-mallorca\\\/\",\"name\":\"Qu\u00e9 es el duende flamenco: Siente la magia en Tablao Flamenco Alma\",\"isPartOf\":{\"@id\":\"https:\\\/\\\/tablaoflamencoalma.com\\\/#website\"},\"primaryImageOfPage\":{\"@id\":\"https:\\\/\\\/tablaoflamencoalma.com\\\/que-es-duende-flamenco-palma-mallorca\\\/#primaryimage\"},\"image\":{\"@id\":\"https:\\\/\\\/tablaoflamencoalma.com\\\/que-es-duende-flamenco-palma-mallorca\\\/#primaryimage\"},\"thumbnailUrl\":\"https:\\\/\\\/tablaoflamencoalma.com\\\/wp-content\\\/uploads\\\/2026\\\/03\\\/Que-es-el-duende-flamenco-Portada-post.jpg\",\"datePublished\":\"2026-03-24T18:18:50+00:00\",\"dateModified\":\"2026-05-28T05:20:44+00:00\",\"description\":\"Si est\u00e1s en Mallorca y buscas algo m\u00e1s que un simple show, hoy te invitamos a descubrir el secreto mejor guardado de nuestra cultura.\",\"breadcrumb\":{\"@id\":\"https:\\\/\\\/tablaoflamencoalma.com\\\/que-es-duende-flamenco-palma-mallorca\\\/#breadcrumb\"},\"inLanguage\":\"pt-PT\",\"potentialAction\":[{\"@type\":\"ReadAction\",\"target\":[\"https:\\\/\\\/tablaoflamencoalma.com\\\/que-es-duende-flamenco-palma-mallorca\\\/\"]}]},{\"@type\":\"ImageObject\",\"inLanguage\":\"pt-PT\",\"@id\":\"https:\\\/\\\/tablaoflamencoalma.com\\\/que-es-duende-flamenco-palma-mallorca\\\/#primaryimage\",\"url\":\"https:\\\/\\\/tablaoflamencoalma.com\\\/wp-content\\\/uploads\\\/2026\\\/03\\\/Que-es-el-duende-flamenco-Portada-post.jpg\",\"contentUrl\":\"https:\\\/\\\/tablaoflamencoalma.com\\\/wp-content\\\/uploads\\\/2026\\\/03\\\/Que-es-el-duende-flamenco-Portada-post.jpg\",\"width\":1080,\"height\":1920,\"caption\":\"Qu\u00e9 es el duende flamenco Portada post\"},{\"@type\":\"BreadcrumbList\",\"@id\":\"https:\\\/\\\/tablaoflamencoalma.com\\\/que-es-duende-flamenco-palma-mallorca\\\/#breadcrumb\",\"itemListElement\":[{\"@type\":\"ListItem\",\"position\":1,\"name\":\"Portada\",\"item\":\"https:\\\/\\\/tablaoflamencoalma.com\\\/\"},{\"@type\":\"ListItem\",\"position\":2,\"name\":\"\u00bfQu\u00e9 es el duende flamenco? Vive su magia en Tablao Alma\"}]},{\"@type\":\"WebSite\",\"@id\":\"https:\\\/\\\/tablaoflamencoalma.com\\\/#website\",\"url\":\"https:\\\/\\\/tablaoflamencoalma.com\\\/\",\"name\":\"Tablao Flamenco Alma\",\"description\":\"Tablao Flamenco Alma\",\"publisher\":{\"@id\":\"https:\\\/\\\/tablaoflamencoalma.com\\\/#organization\"},\"potentialAction\":[{\"@type\":\"SearchAction\",\"target\":{\"@type\":\"EntryPoint\",\"urlTemplate\":\"https:\\\/\\\/tablaoflamencoalma.com\\\/?s={search_term_string}\"},\"query-input\":{\"@type\":\"PropertyValueSpecification\",\"valueRequired\":true,\"valueName\":\"search_term_string\"}}],\"inLanguage\":\"pt-PT\"},{\"@type\":\"Organization\",\"@id\":\"https:\\\/\\\/tablaoflamencoalma.com\\\/#organization\",\"name\":\"Tablao Flamenco Alma\",\"url\":\"https:\\\/\\\/tablaoflamencoalma.com\\\/\",\"logo\":{\"@type\":\"ImageObject\",\"inLanguage\":\"pt-PT\",\"@id\":\"https:\\\/\\\/tablaoflamencoalma.com\\\/#\\\/schema\\\/logo\\\/image\\\/\",\"url\":\"https:\\\/\\\/tablaoflamencoalma.com\\\/wp-content\\\/uploads\\\/2024\\\/01\\\/cropped-tablao-flamenco-alma-01-04.png\",\"contentUrl\":\"https:\\\/\\\/tablaoflamencoalma.com\\\/wp-content\\\/uploads\\\/2024\\\/01\\\/cropped-tablao-flamenco-alma-01-04.png\",\"width\":512,\"height\":512,\"caption\":\"Tablao Flamenco Alma\"},\"image\":{\"@id\":\"https:\\\/\\\/tablaoflamencoalma.com\\\/#\\\/schema\\\/logo\\\/image\\\/\"},\"sameAs\":[\"https:\\\/\\\/www.facebook.com\\\/tablaoflamencoalma\",\"https:\\\/\\\/www.instagram.com\\\/tablaoflamencoalma\"]},{\"@type\":\"Person\",\"@id\":\"https:\\\/\\\/tablaoflamencoalma.com\\\/#\\\/schema\\\/person\\\/9d0c2a9a099918689427e2a0b2dd0f5c\",\"name\":\"Tablao Flamenco Alma\",\"image\":{\"@type\":\"ImageObject\",\"inLanguage\":\"pt-PT\",\"@id\":\"https:\\\/\\\/tablaoflamencoalma.com\\\/wp-content\\\/litespeed\\\/avatar\\\/797b83aa1ddf30f355ead08e864f8dad.jpg?ver=1788140548\",\"url\":\"https:\\\/\\\/tablaoflamencoalma.com\\\/wp-content\\\/litespeed\\\/avatar\\\/797b83aa1ddf30f355ead08e864f8dad.jpg?ver=1788140548\",\"contentUrl\":\"https:\\\/\\\/tablaoflamencoalma.com\\\/wp-content\\\/litespeed\\\/avatar\\\/797b83aa1ddf30f355ead08e864f8dad.jpg?ver=1788140548\",\"caption\":\"Tablao Flamenco Alma\"},\"url\":\"https:\\\/\\\/tablaoflamencoalma.com\\\/pt\\\/author\\\/flamencoalma\\\/\"}]}<\/script>\n<!-- \/ Yoast SEO plugin. -->","yoast_head_json":{"title":"O que \u00e9 o \u00abduende\u00bb do flamenco: Sinta a magia no Tablao Flamenco Alma","description":"Se est\u00e1s em Maiorca e procuras algo mais do que um simples espet\u00e1culo, hoje convidamos-te a descobrir o segredo mais bem guardado da nossa cultura.","robots":{"index":"index","follow":"follow","max-snippet":"max-snippet:-1","max-image-preview":"max-image-preview:large","max-video-preview":"max-video-preview:-1"},"canonical":"https:\/\/tablaoflamencoalma.com\/pt\/que-es-duende-flamenco-palma-mallorca\/","og_locale":"pt_PT","og_type":"article","og_title":"Qu\u00e9 es el duende flamenco: Siente la magia en Tablao Flamenco Alma","og_description":"Si est\u00e1s en Mallorca y buscas algo m\u00e1s que un simple show, hoy te invitamos a descubrir el secreto mejor guardado de nuestra cultura.","og_url":"https:\/\/tablaoflamencoalma.com\/pt\/que-es-duende-flamenco-palma-mallorca\/","og_site_name":"Tablao Flamenco Alma","article_publisher":"https:\/\/www.facebook.com\/tablaoflamencoalma","article_published_time":"2026-03-24T18:18:50+00:00","article_modified_time":"2026-05-28T05:20:44+00:00","og_image":[{"width":1080,"height":1920,"url":"https:\/\/tablaoflamencoalma.com\/wp-content\/uploads\/2026\/03\/Que-es-el-duende-flamenco-Portada-post.jpg","type":"image\/jpeg"}],"author":"Tablao Flamenco Alma","twitter_card":"summary_large_image","twitter_misc":{"Escrito por":"Tablao Flamenco Alma","Tempo estimado de leitura":"4 minutos"},"schema":{"@context":"https:\/\/schema.org","@graph":[{"@type":"Article","@id":"https:\/\/tablaoflamencoalma.com\/que-es-duende-flamenco-palma-mallorca\/#article","isPartOf":{"@id":"https:\/\/tablaoflamencoalma.com\/que-es-duende-flamenco-palma-mallorca\/"},"author":{"name":"Tablao Flamenco Alma","@id":"https:\/\/tablaoflamencoalma.com\/#\/schema\/person\/9d0c2a9a099918689427e2a0b2dd0f5c"},"headline":"\u00bfQu\u00e9 es el duende flamenco? Vive su magia en Tablao Alma","datePublished":"2026-03-24T18:18:50+00:00","dateModified":"2026-05-28T05:20:44+00:00","mainEntityOfPage":{"@id":"https:\/\/tablaoflamencoalma.com\/que-es-duende-flamenco-palma-mallorca\/"},"wordCount":695,"commentCount":0,"publisher":{"@id":"https:\/\/tablaoflamencoalma.com\/#organization"},"image":{"@id":"https:\/\/tablaoflamencoalma.com\/que-es-duende-flamenco-palma-mallorca\/#primaryimage"},"thumbnailUrl":"https:\/\/tablaoflamencoalma.com\/wp-content\/uploads\/2026\/03\/Que-es-el-duende-flamenco-Portada-post.jpg","articleSection":["El Flamenco"],"inLanguage":"pt-PT","potentialAction":[{"@type":"CommentAction","name":"Comment","target":["https:\/\/tablaoflamencoalma.com\/que-es-duende-flamenco-palma-mallorca\/#respond"]}]},{"@type":"WebPage","@id":"https:\/\/tablaoflamencoalma.com\/que-es-duende-flamenco-palma-mallorca\/","url":"https:\/\/tablaoflamencoalma.com\/que-es-duende-flamenco-palma-mallorca\/","name":"O que \u00e9 o \u00abduende\u00bb do flamenco: Sinta a magia no Tablao Flamenco Alma","isPartOf":{"@id":"https:\/\/tablaoflamencoalma.com\/#website"},"primaryImageOfPage":{"@id":"https:\/\/tablaoflamencoalma.com\/que-es-duende-flamenco-palma-mallorca\/#primaryimage"},"image":{"@id":"https:\/\/tablaoflamencoalma.com\/que-es-duende-flamenco-palma-mallorca\/#primaryimage"},"thumbnailUrl":"https:\/\/tablaoflamencoalma.com\/wp-content\/uploads\/2026\/03\/Que-es-el-duende-flamenco-Portada-post.jpg","datePublished":"2026-03-24T18:18:50+00:00","dateModified":"2026-05-28T05:20:44+00:00","description":"Se est\u00e1s em Maiorca e procuras algo mais do que um simples espet\u00e1culo, hoje convidamos-te a descobrir o segredo mais bem guardado da nossa cultura.","breadcrumb":{"@id":"https:\/\/tablaoflamencoalma.com\/que-es-duende-flamenco-palma-mallorca\/#breadcrumb"},"inLanguage":"pt-PT","potentialAction":[{"@type":"ReadAction","target":["https:\/\/tablaoflamencoalma.com\/que-es-duende-flamenco-palma-mallorca\/"]}]},{"@type":"ImageObject","inLanguage":"pt-PT","@id":"https:\/\/tablaoflamencoalma.com\/que-es-duende-flamenco-palma-mallorca\/#primaryimage","url":"https:\/\/tablaoflamencoalma.com\/wp-content\/uploads\/2026\/03\/Que-es-el-duende-flamenco-Portada-post.jpg","contentUrl":"https:\/\/tablaoflamencoalma.com\/wp-content\/uploads\/2026\/03\/Que-es-el-duende-flamenco-Portada-post.jpg","width":1080,"height":1920,"caption":"Qu\u00e9 es el duende flamenco Portada post"},{"@type":"BreadcrumbList","@id":"https:\/\/tablaoflamencoalma.com\/que-es-duende-flamenco-palma-mallorca\/#breadcrumb","itemListElement":[{"@type":"ListItem","position":1,"name":"Portada","item":"https:\/\/tablaoflamencoalma.com\/"},{"@type":"ListItem","position":2,"name":"\u00bfQu\u00e9 es el duende flamenco? Vive su magia en Tablao Alma"}]},{"@type":"WebSite","@id":"https:\/\/tablaoflamencoalma.com\/#website","url":"https:\/\/tablaoflamencoalma.com\/","name":"Tablao Flamenco Alma","description":"Tablao Flamenco Alma","publisher":{"@id":"https:\/\/tablaoflamencoalma.com\/#organization"},"potentialAction":[{"@type":"SearchAction","target":{"@type":"EntryPoint","urlTemplate":"https:\/\/tablaoflamencoalma.com\/?s={search_term_string}"},"query-input":{"@type":"PropertyValueSpecification","valueRequired":true,"valueName":"search_term_string"}}],"inLanguage":"pt-PT"},{"@type":"Organization","@id":"https:\/\/tablaoflamencoalma.com\/#organization","name":"Tablao Flamenco Alma","url":"https:\/\/tablaoflamencoalma.com\/","logo":{"@type":"ImageObject","inLanguage":"pt-PT","@id":"https:\/\/tablaoflamencoalma.com\/#\/schema\/logo\/image\/","url":"https:\/\/tablaoflamencoalma.com\/wp-content\/uploads\/2024\/01\/cropped-tablao-flamenco-alma-01-04.png","contentUrl":"https:\/\/tablaoflamencoalma.com\/wp-content\/uploads\/2024\/01\/cropped-tablao-flamenco-alma-01-04.png","width":512,"height":512,"caption":"Tablao Flamenco Alma"},"image":{"@id":"https:\/\/tablaoflamencoalma.com\/#\/schema\/logo\/image\/"},"sameAs":["https:\/\/www.facebook.com\/tablaoflamencoalma","https:\/\/www.instagram.com\/tablaoflamencoalma"]},{"@type":"Person","@id":"https:\/\/tablaoflamencoalma.com\/#\/schema\/person\/9d0c2a9a099918689427e2a0b2dd0f5c","name":"Tablao Flamenco Alma","image":{"@type":"ImageObject","inLanguage":"pt-PT","@id":"https:\/\/tablaoflamencoalma.com\/wp-content\/litespeed\/avatar\/797b83aa1ddf30f355ead08e864f8dad.jpg?ver=1788140548","url":"https:\/\/tablaoflamencoalma.com\/wp-content\/litespeed\/avatar\/797b83aa1ddf30f355ead08e864f8dad.jpg?ver=1788140548","contentUrl":"https:\/\/tablaoflamencoalma.com\/wp-content\/litespeed\/avatar\/797b83aa1ddf30f355ead08e864f8dad.jpg?ver=1788140548","caption":"Tablao Flamenco Alma"},"url":"https:\/\/tablaoflamencoalma.com\/pt\/author\/flamencoalma\/"}]}},"_links":{"self":[{"href":"https:\/\/tablaoflamencoalma.com\/pt\/wp-json\/wp\/v2\/posts\/6889","targetHints":{"allow":["GET"]}}],"collection":[{"href":"https:\/\/tablaoflamencoalma.com\/pt\/wp-json\/wp\/v2\/posts"}],"about":[{"href":"https:\/\/tablaoflamencoalma.com\/pt\/wp-json\/wp\/v2\/types\/post"}],"author":[{"embeddable":true,"href":"https:\/\/tablaoflamencoalma.com\/pt\/wp-json\/wp\/v2\/users\/3"}],"replies":[{"embeddable":true,"href":"https:\/\/tablaoflamencoalma.com\/pt\/wp-json\/wp\/v2\/comments?post=6889"}],"version-history":[{"count":3,"href":"https:\/\/tablaoflamencoalma.com\/pt\/wp-json\/wp\/v2\/posts\/6889\/revisions"}],"predecessor-version":[{"id":7530,"href":"https:\/\/tablaoflamencoalma.com\/pt\/wp-json\/wp\/v2\/posts\/6889\/revisions\/7530"}],"wp:featuredmedia":[{"embeddable":true,"href":"https:\/\/tablaoflamencoalma.com\/pt\/wp-json\/wp\/v2\/media\/6890"}],"wp:attachment":[{"href":"https:\/\/tablaoflamencoalma.com\/pt\/wp-json\/wp\/v2\/media?parent=6889"}],"wp:term":[{"taxonomy":"category","embeddable":true,"href":"https:\/\/tablaoflamencoalma.com\/pt\/wp-json\/wp\/v2\/categories?post=6889"},{"taxonomy":"post_tag","embeddable":true,"href":"https:\/\/tablaoflamencoalma.com\/pt\/wp-json\/wp\/v2\/tags?post=6889"}],"curies":[{"name":"wp","href":"https:\/\/api.w.org\/{rel}","templated":true}]}}