{"id":6814,"date":"2025-12-26T13:15:34","date_gmt":"2025-12-26T12:15:34","guid":{"rendered":"https:\/\/tablaoflamencoalma.com\/?p=6814"},"modified":"2026-06-16T08:33:53","modified_gmt":"2026-06-16T07:33:53","slug":"guia-definitiva-para-visitar-tablao-flamenco-alma-en-palma","status":"publish","type":"post","link":"https:\/\/tablaoflamencoalma.com\/pt\/guia-definitiva-para-visitar-tablao-flamenco-alma-en-palma\/","title":{"rendered":"Guia para visitar o Tablao Alma: hor\u00e1rios e dicas \u00fateis."},"content":{"rendered":"<p class=\"wp-block-paragraph\">Est\u00e1s a planear a tua visita a <a href=\"https:\/\/tablaoflamencoalma.com\/pt\/\"><strong>Tablao Flamenco Alma<\/strong><\/a>, o cora\u00e7\u00e3o do <strong>espet\u00e1culo de flamenco em Palma<\/strong>, e est\u00e1s com d\u00favidas pr\u00e1ticas? Queremos que a tua \u00fanica preocupa\u00e7\u00e3o seja desfrutar do encanto e da paix\u00e3o do nosso <strong>espect\u00e1culo de flamenco ao vivo<\/strong> em Maiorca.<\/p>\n\n\n\n<p class=\"wp-block-paragraph\">Prepar\u00e1mos esta <strong>Guia pr\u00e1tico do Tablao Flamenco Alma<\/strong> para responder a todas essas perguntas essenciais que surgem antes de um evento cultural. Se te perguntares <strong>Como se vestir num tablao de flamenco<\/strong>, a que horas chegar para conseguir o melhor lugar, ou que servi\u00e7os oferecemos, est\u00e1s no s\u00edtio certo.<\/p>\n\n\n\n<p class=\"wp-block-paragraph\">Continua a ler para descobrir toda a <strong>informa\u00e7\u00f5es pr\u00e1ticas sobre o Tablao Flamenco Alma<\/strong> sobre hor\u00e1rios, vestu\u00e1rio, acessibilidade e gastronomia. O nosso objetivo \u00e9 que elimines qualquer inconveniente e te concentres apenas em viver uma noite inesquec\u00edvel com o melhor acompanhamento.<\/p>\n\n\n\n<h2 class=\"wp-block-heading\">Resolver as d\u00favidas pr\u00e1ticas<\/h2>\n\n\n\n<h3 class=\"wp-block-heading\">A pergunta de ouro: Qual \u00e9 o c\u00f3digo de vestu\u00e1rio para o tablao?<\/h3>\n\n\n\n<p class=\"wp-block-paragraph\">Uma das perguntas mais frequentes \u00e9 sobre <strong>Como se vestir num tablao de flamenco<\/strong>. A resposta \u00e9 simples e flex\u00edvel:<\/p>\n\n\n\n<p class=\"wp-block-paragraph\"><strong>N\u00e3o existe um c\u00f3digo de vestu\u00e1rio rigoroso, mas sugerimos um estilo \u00abSmart Casual\u00bb.<\/strong><\/p>\n\n\n\n<p class=\"wp-block-paragraph\"><a href=\"https:\/\/tablaoflamencoalma.com\/pt\/\"><strong>Tablao Flamenco Alma<\/strong><\/a> \u00c9 um teatro de flamenco num ambiente elegante. Recomendamos que se vista a rigor para a ocasi\u00e3o:<\/p>\n\n\n\n<ul class=\"wp-block-list\">\n<li><strong>Recomenda\u00e7\u00e3o:<\/strong> Opta por roupa confort\u00e1vel, mas elegante. Umas cal\u00e7as elegantes, uma camisa ou polo, um vestido ou uma saia s\u00e3o perfeitos.<\/li>\n\n\n\n<li><strong>A evitar:<\/strong> Roupa de praia, fatos de banho, chinelos ou roupa desportiva. \u00c9 uma noite de teatro e cultura.<\/li>\n<\/ul>\n\n\n\n<p class=\"wp-block-paragraph\">Ao seguir a sugest\u00e3o <strong>Smart Casual<\/strong>, vais garantir que te sentes em sintonia com o ambiente especial e respeitoso do nosso <em>teatro de flamenco em Maiorca<\/em>.<\/p>\n\n\n\n<h3 class=\"wp-block-heading\">Hor\u00e1rios, hora de in\u00edcio e dura\u00e7\u00e3o do espet\u00e1culo<\/h3>\n\n\n\n<p class=\"wp-block-paragraph\">Para que possas desfrutar da experi\u00eancia na \u00edntegra, \u00e9 fundamental saberes quando vir.<\/p>\n\n\n\n<p class=\"wp-block-paragraph\"><strong>Hor\u00e1rio dos espet\u00e1culos de flamenco ao vivo<\/strong><\/p>\n\n\n\n<p class=\"wp-block-paragraph\">Oferecemos tr\u00eas hor\u00e1rios di\u00e1rios para nos adaptarmos \u00e0 tua agenda, quer estejas de f\u00e9rias ou a residir na regi\u00e3o:<\/p>\n\n\n\n<ul class=\"wp-block-list\">\n<li><strong>Passe de Tarde:<\/strong> 17h30.<\/li>\n\n\n\n<li><strong>Passe para o jantar:<\/strong> 19h30.<\/li>\n\n\n\n<li><strong>Passe noturno:<\/strong> 21h30.<\/li>\n<\/ul>\n\n\n\n<p class=\"wp-block-paragraph\">Os nossos <em>espet\u00e1culos<\/em> de <a href=\"https:\/\/tablaoflamencoalma.com\/pt\/uma-noite-magica-em-palma-flamenco-no-tablao-flamenco-alma-jantar-e-passeio\/\"><strong>espect\u00e1culo de flamenco ao vivo<\/strong><\/a> s\u00e3o realizadas <strong>todos os dias da semana<\/strong>.<\/p>\n\n\n\n<p class=\"wp-block-paragraph\"><strong>A que horas devo chegar?<\/strong><\/p>\n\n\n\n<p class=\"wp-block-paragraph\">Recomendamos vivamente que cheguem com anteced\u00eancia:<\/p>\n\n\n\n<ul class=\"wp-block-list\">\n<li><strong>Assist\u00eancia:<\/strong> Participe com <strong>cerca de 30 minutos antes<\/strong> no que diz respeito ao in\u00edcio do espet\u00e1culo.<\/li>\n\n\n\n<li><strong>Vantagens:<\/strong> Isto permite-lhe receber tranquilamente a sua bebida de boas-vindas e desfrutar do nosso servi\u00e7o de restaura\u00e7\u00e3o e da exposi\u00e7\u00e3o de quadros antes do in\u00edcio do espet\u00e1culo.<\/li>\n<\/ul>\n\n\n\n<p class=\"wp-block-paragraph\"><strong>Quanto tempo dura a experi\u00eancia?<\/strong><\/p>\n\n\n\n<p class=\"wp-block-paragraph\">A dura\u00e7\u00e3o do espet\u00e1culo de <strong>Tablao Flamenco Alma<\/strong> \u00e9 de <strong>uma hora<\/strong> de pura emo\u00e7\u00e3o e arte jondo.<\/p>\n\n\n\n<h3 class=\"wp-block-heading\">Servi\u00e7os e conselhos \u00fateis durante a sua visita<\/h3>\n\n\n\n<p class=\"wp-block-paragraph\">Aqui est\u00e3o alguns <strong>dicas para visitar o nosso Tablao Flamenco Alma<\/strong> que ir\u00e3o melhorar a tua experi\u00eancia:<\/p>\n\n\n\n<p class=\"wp-block-paragraph\"><strong>Bebidas, gastronomia e bar<\/strong><\/p>\n\n\n\n<ul class=\"wp-block-list\">\n<li><strong>Bebida inclu\u00edda:<\/strong> A cada entrada, tens <strong>uma bebida de cortesia<\/strong> \u00e0 escolha: cerveja, vinho, refrigerante, cava ou sangria.<\/li>\n\n\n\n<li><strong>Servi\u00e7o de refei\u00e7\u00f5es:<\/strong> Complete a sua noite com o nosso servi\u00e7o de refei\u00e7\u00f5es. Oferecemos os pratos mais emblem\u00e1ticos da gastronomia espanhola e, claro, especialidades de Maiorca e das Ilhas Baleares, ideais para um jantar cultural.<\/li>\n<\/ul>\n\n\n\n<h4 class=\"wp-block-heading\">Fotografias, v\u00eddeos e a arte do flamenco<\/h4>\n\n\n\n<p class=\"wp-block-paragraph\">\u00c9 permitido tirar fotografias e gravar v\u00eddeos curtos como recorda\u00e7\u00e3o. No entanto, pedimos-te que:<\/p>\n\n\n\n<ul class=\"wp-block-list\">\n<li><strong>Sem flash:<\/strong> \u00c9 totalmente proibido o uso de <em>flash<\/em> ou luzes auxiliares, para n\u00e3o incomodar os artistas nem o resto do p\u00fablico.<\/li>\n\n\n\n<li><strong>Com o maior respeito:<\/strong> Evite gravar ou fotografar de forma a perturbar a experi\u00eancia dos outros. A concentra\u00e7\u00e3o dos artistas \u00e9 fundamental para transmitir o <em>duende<\/em>.<\/li>\n<\/ul>\n\n\n\n<h4 class=\"wp-block-heading\">Idiomas e flexibilidade<\/h4>\n\n\n\n<ul class=\"wp-block-list\">\n<li><strong>Atendimento multilingue:<\/strong> O nosso simp\u00e1tico pessoal de sala e o anfitri\u00e3o ir\u00e3o ajud\u00e1-lo a <strong>espanhol e ingl\u00eas<\/strong>.<\/li>\n\n\n\n<li><strong>Pol\u00edtica de cancelamento:<\/strong> A reserva \u00e9 segura e flex\u00edvel. Oferecemos <strong>cancelamento gratuito at\u00e9 24 horas antes<\/strong> desde o in\u00edcio do <em>mostrar<\/em> com reembolso total.<\/li>\n<\/ul>\n\n\n\n<h3 class=\"wp-block-heading\">Acessibilidade e localiza\u00e7\u00e3o<\/h3>\n\n\n\n<p class=\"wp-block-paragraph\">Garantir que todos possam desfrutar do flamenco \u00e9 uma prioridade.<\/p>\n\n\n\n<ul class=\"wp-block-list\">\n<li><strong>Acessibilidade:<\/strong> Confirmamos que <strong>Tablao Flamenco Alma<\/strong> \u00e9 <strong>acess\u00edvel a cadeiras de rodas<\/strong>. Se precisar de assist\u00eancia especial, por favor, indique-o ao efetuar a sua reserva.<\/li>\n<\/ul>\n\n\n\n<h2 class=\"wp-block-heading\">Conclus\u00e3o e pr\u00f3ximos passos<\/h2>\n\n\n\n<p class=\"wp-block-paragraph\">Esperamos que isto <strong>guia pr\u00e1tico do <\/strong><a href=\"https:\/\/tablaoflamencoalma.com\/pt\/\"><strong>Tablao Flamenco Alma<\/strong><\/a> tenha esclarecido todas as tuas d\u00favidas. J\u00e1 sabes <strong>Como se vestir num tablao de flamenco<\/strong> (elegante <em>Smart Casual<\/em>), a que horas chegar (30 minutos antes) e o que esperar do nosso servi\u00e7o (bebidas e gastronomia).<\/p>\n\n\n\n<p class=\"wp-block-paragraph\">Com toda a <strong>informa\u00e7\u00f5es pr\u00e1ticas sobre o Tablao Flamenco Alma<\/strong> Agora que j\u00e1 tens tudo pronto, s\u00f3 falta dar o \u00faltimo passo: reservar o teu lugar. N\u00e3o deixes escapar a oportunidade de viver a melhor <strong>teatro de flamenco em Maiorca<\/strong> escapar.<\/p>\n\n\n\n<p class=\"wp-block-paragraph\"><strong>Reserva j\u00e1 a tua experi\u00eancia no Tablao Flamenco Alma e prepara-te para sentir a paix\u00e3o ao vivo!<\/strong><\/p>","protected":false},"excerpt":{"rendered":"<p>\u00bfEst\u00e1s planeando tu visita a Tablao Flamenco Alma, el coraz\u00f3n del espect\u00e1culo flamenco en palma, y te asaltan las dudas pr\u00e1cticas? Queremos que tu \u00fanica preocupaci\u00f3n sea disfrutar del duende y la pasi\u00f3n de nuestro tablao flamenco en vivo en Mallorca. Hemos preparado esta gu\u00eda pr\u00e1ctica del Tablao Flamenco Alma para responder a todas esas [&hellip;]<\/p>\n","protected":false},"author":3,"featured_media":6815,"comment_status":"open","ping_status":"open","sticky":false,"template":"","format":"standard","meta":{"site-sidebar-layout":"default","site-content-layout":"","ast-site-content-layout":"default","site-content-style":"default","site-sidebar-style":"default","ast-global-header-display":"","ast-banner-title-visibility":"","ast-main-header-display":"","ast-hfb-above-header-display":"","ast-hfb-below-header-display":"","ast-hfb-mobile-header-display":"","site-post-title":"","ast-breadcrumbs-content":"","ast-featured-img":"","footer-sml-layout":"","theme-transparent-header-meta":"","adv-header-id-meta":"","stick-header-meta":"","header-above-stick-meta":"","header-main-stick-meta":"","header-below-stick-meta":"","astra-migrate-meta-layouts":"set","ast-page-background-enabled":"default","ast-page-background-meta":{"desktop":{"background-color":"var(--ast-global-color-4)","background-image":"","background-repeat":"repeat","background-position":"center center","background-size":"auto","background-attachment":"scroll","background-type":"","background-media":"","overlay-type":"","overlay-color":"","overlay-opacity":"","overlay-gradient":""},"tablet":{"background-color":"","background-image":"","background-repeat":"repeat","background-position":"center center","background-size":"auto","background-attachment":"scroll","background-type":"","background-media":"","overlay-type":"","overlay-color":"","overlay-opacity":"","overlay-gradient":""},"mobile":{"background-color":"","background-image":"","background-repeat":"repeat","background-position":"center center","background-size":"auto","background-attachment":"scroll","background-type":"","background-media":"","overlay-type":"","overlay-color":"","overlay-opacity":"","overlay-gradient":""}},"ast-content-background-meta":{"desktop":{"background-color":"var(--ast-global-color-5)","background-image":"","background-repeat":"repeat","background-position":"center center","background-size":"auto","background-attachment":"scroll","background-type":"","background-media":"","overlay-type":"","overlay-color":"","overlay-opacity":"","overlay-gradient":""},"tablet":{"background-color":"var(--ast-global-color-5)","background-image":"","background-repeat":"repeat","background-position":"center center","background-size":"auto","background-attachment":"scroll","background-type":"","background-media":"","overlay-type":"","overlay-color":"","overlay-opacity":"","overlay-gradient":""},"mobile":{"background-color":"var(--ast-global-color-5)","background-image":"","background-repeat":"repeat","background-position":"center center","background-size":"auto","background-attachment":"scroll","background-type":"","background-media":"","overlay-type":"","overlay-color":"","overlay-opacity":"","overlay-gradient":""}},"footnotes":""},"categories":[17],"tags":[],"class_list":["post-6814","post","type-post","status-publish","format-standard","has-post-thumbnail","hentry","category-general"],"yoast_head":"<!-- This site is optimized with the Yoast SEO plugin v28.4 - https:\/\/yoast.com\/product\/yoast-seo-wordpress\/ -->\n<title>C\u00f3mo Vestir Tablao Flamenco Alma: Horarios y Gu\u00eda Pr\u00e1ctica- Tablao Flamenco Alma<\/title>\n<meta name=\"description\" content=\"\u00bfDudas sobre tu visita? Descubre c\u00f3mo vestir tablao flamenco (Smart Casual), los horarios de los shows (5:30, 7:30, 9:30 P.M.), gastronom\u00eda y accesibilidad. \u00a1Prep\u00e1rate para el duende!\" \/>\n<meta name=\"robots\" content=\"index, follow, max-snippet:-1, max-image-preview:large, max-video-preview:-1\" \/>\n<link rel=\"canonical\" href=\"https:\/\/tablaoflamencoalma.com\/pt\/guia-definitiva-para-visitar-tablao-flamenco-alma-en-palma\/\" \/>\n<meta property=\"og:locale\" content=\"pt_PT\" \/>\n<meta property=\"og:type\" content=\"article\" \/>\n<meta property=\"og:title\" content=\"C\u00f3mo Vestir Tablao Flamenco Alma: Horarios y Gu\u00eda Pr\u00e1ctica- Tablao Flamenco Alma\" \/>\n<meta property=\"og:description\" content=\"\u00bfDudas sobre tu visita? Descubre c\u00f3mo vestir tablao flamenco (Smart Casual), los horarios de los shows (5:30, 7:30, 9:30 P.M.), gastronom\u00eda y accesibilidad. \u00a1Prep\u00e1rate para el duende!\" \/>\n<meta property=\"og:url\" content=\"https:\/\/tablaoflamencoalma.com\/pt\/guia-definitiva-para-visitar-tablao-flamenco-alma-en-palma\/\" \/>\n<meta property=\"og:site_name\" content=\"Tablao Flamenco Alma\" \/>\n<meta property=\"article:publisher\" content=\"https:\/\/www.facebook.com\/tablaoflamencoalma\" \/>\n<meta property=\"article:published_time\" content=\"2025-12-26T12:15:34+00:00\" \/>\n<meta property=\"article:modified_time\" content=\"2026-06-16T07:33:53+00:00\" \/>\n<meta property=\"og:image\" content=\"https:\/\/tablaoflamencoalma.com\/wp-content\/uploads\/2025\/12\/Guia-Practica-para-tu-Visita-a-Tablao-Alma-portada-post.jpg\" \/>\n\t<meta property=\"og:image:width\" content=\"960\" \/>\n\t<meta property=\"og:image:height\" content=\"640\" \/>\n\t<meta property=\"og:image:type\" content=\"image\/webp\" \/>\n<meta name=\"author\" content=\"Tablao Flamenco Alma\" \/>\n<meta name=\"twitter:card\" content=\"summary_large_image\" \/>\n<meta name=\"twitter:label1\" content=\"Escrito por\" \/>\n\t<meta name=\"twitter:data1\" content=\"Tablao Flamenco Alma\" \/>\n\t<meta name=\"twitter:label2\" content=\"Tempo estimado de leitura\" \/>\n\t<meta name=\"twitter:data2\" content=\"4 minutos\" \/>\n<script type=\"application\/ld+json\" class=\"yoast-schema-graph\">{\"@context\":\"https:\\\/\\\/schema.org\",\"@graph\":[{\"@type\":\"Article\",\"@id\":\"https:\\\/\\\/tablaoflamencoalma.com\\\/guia-definitiva-para-visitar-tablao-flamenco-alma-en-palma\\\/#article\",\"isPartOf\":{\"@id\":\"https:\\\/\\\/tablaoflamencoalma.com\\\/guia-definitiva-para-visitar-tablao-flamenco-alma-en-palma\\\/\"},\"author\":{\"name\":\"Tablao Flamenco Alma\",\"@id\":\"https:\\\/\\\/tablaoflamencoalma.com\\\/#\\\/schema\\\/person\\\/9d0c2a9a099918689427e2a0b2dd0f5c\"},\"headline\":\"Gu\u00eda para visitar Tablao Alma: horarios y consejos claves \u00fatiles.\",\"datePublished\":\"2025-12-26T12:15:34+00:00\",\"dateModified\":\"2026-06-16T07:33:53+00:00\",\"mainEntityOfPage\":{\"@id\":\"https:\\\/\\\/tablaoflamencoalma.com\\\/guia-definitiva-para-visitar-tablao-flamenco-alma-en-palma\\\/\"},\"wordCount\":807,\"commentCount\":0,\"publisher\":{\"@id\":\"https:\\\/\\\/tablaoflamencoalma.com\\\/#organization\"},\"image\":{\"@id\":\"https:\\\/\\\/tablaoflamencoalma.com\\\/guia-definitiva-para-visitar-tablao-flamenco-alma-en-palma\\\/#primaryimage\"},\"thumbnailUrl\":\"https:\\\/\\\/tablaoflamencoalma.com\\\/wp-content\\\/uploads\\\/2025\\\/12\\\/Guia-Practica-para-tu-Visita-a-Tablao-Alma-portada-post.jpg\",\"articleSection\":[\"General\"],\"inLanguage\":\"pt-PT\",\"potentialAction\":[{\"@type\":\"CommentAction\",\"name\":\"Comment\",\"target\":[\"https:\\\/\\\/tablaoflamencoalma.com\\\/guia-definitiva-para-visitar-tablao-flamenco-alma-en-palma\\\/#respond\"]}]},{\"@type\":\"WebPage\",\"@id\":\"https:\\\/\\\/tablaoflamencoalma.com\\\/guia-definitiva-para-visitar-tablao-flamenco-alma-en-palma\\\/\",\"url\":\"https:\\\/\\\/tablaoflamencoalma.com\\\/guia-definitiva-para-visitar-tablao-flamenco-alma-en-palma\\\/\",\"name\":\"C\u00f3mo Vestir Tablao Flamenco Alma: Horarios y Gu\u00eda Pr\u00e1ctica- Tablao Flamenco Alma\",\"isPartOf\":{\"@id\":\"https:\\\/\\\/tablaoflamencoalma.com\\\/#website\"},\"primaryImageOfPage\":{\"@id\":\"https:\\\/\\\/tablaoflamencoalma.com\\\/guia-definitiva-para-visitar-tablao-flamenco-alma-en-palma\\\/#primaryimage\"},\"image\":{\"@id\":\"https:\\\/\\\/tablaoflamencoalma.com\\\/guia-definitiva-para-visitar-tablao-flamenco-alma-en-palma\\\/#primaryimage\"},\"thumbnailUrl\":\"https:\\\/\\\/tablaoflamencoalma.com\\\/wp-content\\\/uploads\\\/2025\\\/12\\\/Guia-Practica-para-tu-Visita-a-Tablao-Alma-portada-post.jpg\",\"datePublished\":\"2025-12-26T12:15:34+00:00\",\"dateModified\":\"2026-06-16T07:33:53+00:00\",\"description\":\"\u00bfDudas sobre tu visita? Descubre c\u00f3mo vestir tablao flamenco (Smart Casual), los horarios de los shows (5:30, 7:30, 9:30 P.M.), gastronom\u00eda y accesibilidad. \u00a1Prep\u00e1rate para el duende!\",\"breadcrumb\":{\"@id\":\"https:\\\/\\\/tablaoflamencoalma.com\\\/guia-definitiva-para-visitar-tablao-flamenco-alma-en-palma\\\/#breadcrumb\"},\"inLanguage\":\"pt-PT\",\"potentialAction\":[{\"@type\":\"ReadAction\",\"target\":[\"https:\\\/\\\/tablaoflamencoalma.com\\\/guia-definitiva-para-visitar-tablao-flamenco-alma-en-palma\\\/\"]}]},{\"@type\":\"ImageObject\",\"inLanguage\":\"pt-PT\",\"@id\":\"https:\\\/\\\/tablaoflamencoalma.com\\\/guia-definitiva-para-visitar-tablao-flamenco-alma-en-palma\\\/#primaryimage\",\"url\":\"https:\\\/\\\/tablaoflamencoalma.com\\\/wp-content\\\/uploads\\\/2025\\\/12\\\/Guia-Practica-para-tu-Visita-a-Tablao-Alma-portada-post.jpg\",\"contentUrl\":\"https:\\\/\\\/tablaoflamencoalma.com\\\/wp-content\\\/uploads\\\/2025\\\/12\\\/Guia-Practica-para-tu-Visita-a-Tablao-Alma-portada-post.jpg\",\"width\":960,\"height\":640,\"caption\":\"Gui\u0301a Pra\u0301ctica para tu Visita a Tablao Alma portada post\"},{\"@type\":\"BreadcrumbList\",\"@id\":\"https:\\\/\\\/tablaoflamencoalma.com\\\/guia-definitiva-para-visitar-tablao-flamenco-alma-en-palma\\\/#breadcrumb\",\"itemListElement\":[{\"@type\":\"ListItem\",\"position\":1,\"name\":\"Portada\",\"item\":\"https:\\\/\\\/tablaoflamencoalma.com\\\/\"},{\"@type\":\"ListItem\",\"position\":2,\"name\":\"Gu\u00eda para visitar Tablao Alma: horarios y consejos claves \u00fatiles.\"}]},{\"@type\":\"WebSite\",\"@id\":\"https:\\\/\\\/tablaoflamencoalma.com\\\/#website\",\"url\":\"https:\\\/\\\/tablaoflamencoalma.com\\\/\",\"name\":\"Tablao Flamenco Alma\",\"description\":\"Tablao Flamenco Alma\",\"publisher\":{\"@id\":\"https:\\\/\\\/tablaoflamencoalma.com\\\/#organization\"},\"potentialAction\":[{\"@type\":\"SearchAction\",\"target\":{\"@type\":\"EntryPoint\",\"urlTemplate\":\"https:\\\/\\\/tablaoflamencoalma.com\\\/?s={search_term_string}\"},\"query-input\":{\"@type\":\"PropertyValueSpecification\",\"valueRequired\":true,\"valueName\":\"search_term_string\"}}],\"inLanguage\":\"pt-PT\"},{\"@type\":\"Organization\",\"@id\":\"https:\\\/\\\/tablaoflamencoalma.com\\\/#organization\",\"name\":\"Tablao Flamenco Alma\",\"url\":\"https:\\\/\\\/tablaoflamencoalma.com\\\/\",\"logo\":{\"@type\":\"ImageObject\",\"inLanguage\":\"pt-PT\",\"@id\":\"https:\\\/\\\/tablaoflamencoalma.com\\\/#\\\/schema\\\/logo\\\/image\\\/\",\"url\":\"https:\\\/\\\/tablaoflamencoalma.com\\\/wp-content\\\/uploads\\\/2024\\\/01\\\/cropped-tablao-flamenco-alma-01-04.png\",\"contentUrl\":\"https:\\\/\\\/tablaoflamencoalma.com\\\/wp-content\\\/uploads\\\/2024\\\/01\\\/cropped-tablao-flamenco-alma-01-04.png\",\"width\":512,\"height\":512,\"caption\":\"Tablao Flamenco Alma\"},\"image\":{\"@id\":\"https:\\\/\\\/tablaoflamencoalma.com\\\/#\\\/schema\\\/logo\\\/image\\\/\"},\"sameAs\":[\"https:\\\/\\\/www.facebook.com\\\/tablaoflamencoalma\",\"https:\\\/\\\/www.instagram.com\\\/tablaoflamencoalma\"]},{\"@type\":\"Person\",\"@id\":\"https:\\\/\\\/tablaoflamencoalma.com\\\/#\\\/schema\\\/person\\\/9d0c2a9a099918689427e2a0b2dd0f5c\",\"name\":\"Tablao Flamenco Alma\",\"image\":{\"@type\":\"ImageObject\",\"inLanguage\":\"pt-PT\",\"@id\":\"https:\\\/\\\/tablaoflamencoalma.com\\\/wp-content\\\/litespeed\\\/avatar\\\/797b83aa1ddf30f355ead08e864f8dad.jpg?ver=1788140548\",\"url\":\"https:\\\/\\\/tablaoflamencoalma.com\\\/wp-content\\\/litespeed\\\/avatar\\\/797b83aa1ddf30f355ead08e864f8dad.jpg?ver=1788140548\",\"contentUrl\":\"https:\\\/\\\/tablaoflamencoalma.com\\\/wp-content\\\/litespeed\\\/avatar\\\/797b83aa1ddf30f355ead08e864f8dad.jpg?ver=1788140548\",\"caption\":\"Tablao Flamenco Alma\"},\"url\":\"https:\\\/\\\/tablaoflamencoalma.com\\\/pt\\\/author\\\/flamencoalma\\\/\"}]}<\/script>\n<!-- \/ Yoast SEO plugin. -->","yoast_head_json":{"title":"Como se vestir para o Tablao Flamenco Alma: Hor\u00e1rios e Guia Pr\u00e1tico - Tablao Flamenco Alma","description":"Tem d\u00favidas sobre a sua visita? Descubra como se vestir para ir a um tablao flamenco (Smart Casual), os hor\u00e1rios dos espet\u00e1culos (17h30, 19h30, 21h30), a gastronomia e a acessibilidade. Prepare-se para o duende!","robots":{"index":"index","follow":"follow","max-snippet":"max-snippet:-1","max-image-preview":"max-image-preview:large","max-video-preview":"max-video-preview:-1"},"canonical":"https:\/\/tablaoflamencoalma.com\/pt\/guia-definitiva-para-visitar-tablao-flamenco-alma-en-palma\/","og_locale":"pt_PT","og_type":"article","og_title":"C\u00f3mo Vestir Tablao Flamenco Alma: Horarios y Gu\u00eda Pr\u00e1ctica- Tablao Flamenco Alma","og_description":"\u00bfDudas sobre tu visita? Descubre c\u00f3mo vestir tablao flamenco (Smart Casual), los horarios de los shows (5:30, 7:30, 9:30 P.M.), gastronom\u00eda y accesibilidad. \u00a1Prep\u00e1rate para el duende!","og_url":"https:\/\/tablaoflamencoalma.com\/pt\/guia-definitiva-para-visitar-tablao-flamenco-alma-en-palma\/","og_site_name":"Tablao Flamenco Alma","article_publisher":"https:\/\/www.facebook.com\/tablaoflamencoalma","article_published_time":"2025-12-26T12:15:34+00:00","article_modified_time":"2026-06-16T07:33:53+00:00","og_image":[{"width":960,"height":640,"url":"https:\/\/tablaoflamencoalma.com\/wp-content\/uploads\/2025\/12\/Guia-Practica-para-tu-Visita-a-Tablao-Alma-portada-post.jpg","type":"image\/webp"}],"author":"Tablao Flamenco Alma","twitter_card":"summary_large_image","twitter_misc":{"Escrito por":"Tablao Flamenco Alma","Tempo estimado de leitura":"4 minutos"},"schema":{"@context":"https:\/\/schema.org","@graph":[{"@type":"Article","@id":"https:\/\/tablaoflamencoalma.com\/guia-definitiva-para-visitar-tablao-flamenco-alma-en-palma\/#article","isPartOf":{"@id":"https:\/\/tablaoflamencoalma.com\/guia-definitiva-para-visitar-tablao-flamenco-alma-en-palma\/"},"author":{"name":"Tablao Flamenco Alma","@id":"https:\/\/tablaoflamencoalma.com\/#\/schema\/person\/9d0c2a9a099918689427e2a0b2dd0f5c"},"headline":"Gu\u00eda para visitar Tablao Alma: horarios y consejos claves \u00fatiles.","datePublished":"2025-12-26T12:15:34+00:00","dateModified":"2026-06-16T07:33:53+00:00","mainEntityOfPage":{"@id":"https:\/\/tablaoflamencoalma.com\/guia-definitiva-para-visitar-tablao-flamenco-alma-en-palma\/"},"wordCount":807,"commentCount":0,"publisher":{"@id":"https:\/\/tablaoflamencoalma.com\/#organization"},"image":{"@id":"https:\/\/tablaoflamencoalma.com\/guia-definitiva-para-visitar-tablao-flamenco-alma-en-palma\/#primaryimage"},"thumbnailUrl":"https:\/\/tablaoflamencoalma.com\/wp-content\/uploads\/2025\/12\/Guia-Practica-para-tu-Visita-a-Tablao-Alma-portada-post.jpg","articleSection":["General"],"inLanguage":"pt-PT","potentialAction":[{"@type":"CommentAction","name":"Comment","target":["https:\/\/tablaoflamencoalma.com\/guia-definitiva-para-visitar-tablao-flamenco-alma-en-palma\/#respond"]}]},{"@type":"WebPage","@id":"https:\/\/tablaoflamencoalma.com\/guia-definitiva-para-visitar-tablao-flamenco-alma-en-palma\/","url":"https:\/\/tablaoflamencoalma.com\/guia-definitiva-para-visitar-tablao-flamenco-alma-en-palma\/","name":"Como se vestir para o Tablao Flamenco Alma: Hor\u00e1rios e Guia Pr\u00e1tico - Tablao Flamenco Alma","isPartOf":{"@id":"https:\/\/tablaoflamencoalma.com\/#website"},"primaryImageOfPage":{"@id":"https:\/\/tablaoflamencoalma.com\/guia-definitiva-para-visitar-tablao-flamenco-alma-en-palma\/#primaryimage"},"image":{"@id":"https:\/\/tablaoflamencoalma.com\/guia-definitiva-para-visitar-tablao-flamenco-alma-en-palma\/#primaryimage"},"thumbnailUrl":"https:\/\/tablaoflamencoalma.com\/wp-content\/uploads\/2025\/12\/Guia-Practica-para-tu-Visita-a-Tablao-Alma-portada-post.jpg","datePublished":"2025-12-26T12:15:34+00:00","dateModified":"2026-06-16T07:33:53+00:00","description":"Tem d\u00favidas sobre a sua visita? Descubra como se vestir para ir a um tablao flamenco (Smart Casual), os hor\u00e1rios dos espet\u00e1culos (17h30, 19h30, 21h30), a gastronomia e a acessibilidade. Prepare-se para o duende!","breadcrumb":{"@id":"https:\/\/tablaoflamencoalma.com\/guia-definitiva-para-visitar-tablao-flamenco-alma-en-palma\/#breadcrumb"},"inLanguage":"pt-PT","potentialAction":[{"@type":"ReadAction","target":["https:\/\/tablaoflamencoalma.com\/guia-definitiva-para-visitar-tablao-flamenco-alma-en-palma\/"]}]},{"@type":"ImageObject","inLanguage":"pt-PT","@id":"https:\/\/tablaoflamencoalma.com\/guia-definitiva-para-visitar-tablao-flamenco-alma-en-palma\/#primaryimage","url":"https:\/\/tablaoflamencoalma.com\/wp-content\/uploads\/2025\/12\/Guia-Practica-para-tu-Visita-a-Tablao-Alma-portada-post.jpg","contentUrl":"https:\/\/tablaoflamencoalma.com\/wp-content\/uploads\/2025\/12\/Guia-Practica-para-tu-Visita-a-Tablao-Alma-portada-post.jpg","width":960,"height":640,"caption":"Gui\u0301a Pra\u0301ctica para tu Visita a Tablao Alma portada post"},{"@type":"BreadcrumbList","@id":"https:\/\/tablaoflamencoalma.com\/guia-definitiva-para-visitar-tablao-flamenco-alma-en-palma\/#breadcrumb","itemListElement":[{"@type":"ListItem","position":1,"name":"Portada","item":"https:\/\/tablaoflamencoalma.com\/"},{"@type":"ListItem","position":2,"name":"Gu\u00eda para visitar Tablao Alma: horarios y consejos claves \u00fatiles."}]},{"@type":"WebSite","@id":"https:\/\/tablaoflamencoalma.com\/#website","url":"https:\/\/tablaoflamencoalma.com\/","name":"Tablao Flamenco Alma","description":"Tablao Flamenco Alma","publisher":{"@id":"https:\/\/tablaoflamencoalma.com\/#organization"},"potentialAction":[{"@type":"SearchAction","target":{"@type":"EntryPoint","urlTemplate":"https:\/\/tablaoflamencoalma.com\/?s={search_term_string}"},"query-input":{"@type":"PropertyValueSpecification","valueRequired":true,"valueName":"search_term_string"}}],"inLanguage":"pt-PT"},{"@type":"Organization","@id":"https:\/\/tablaoflamencoalma.com\/#organization","name":"Tablao Flamenco Alma","url":"https:\/\/tablaoflamencoalma.com\/","logo":{"@type":"ImageObject","inLanguage":"pt-PT","@id":"https:\/\/tablaoflamencoalma.com\/#\/schema\/logo\/image\/","url":"https:\/\/tablaoflamencoalma.com\/wp-content\/uploads\/2024\/01\/cropped-tablao-flamenco-alma-01-04.png","contentUrl":"https:\/\/tablaoflamencoalma.com\/wp-content\/uploads\/2024\/01\/cropped-tablao-flamenco-alma-01-04.png","width":512,"height":512,"caption":"Tablao Flamenco Alma"},"image":{"@id":"https:\/\/tablaoflamencoalma.com\/#\/schema\/logo\/image\/"},"sameAs":["https:\/\/www.facebook.com\/tablaoflamencoalma","https:\/\/www.instagram.com\/tablaoflamencoalma"]},{"@type":"Person","@id":"https:\/\/tablaoflamencoalma.com\/#\/schema\/person\/9d0c2a9a099918689427e2a0b2dd0f5c","name":"Tablao Flamenco Alma","image":{"@type":"ImageObject","inLanguage":"pt-PT","@id":"https:\/\/tablaoflamencoalma.com\/wp-content\/litespeed\/avatar\/797b83aa1ddf30f355ead08e864f8dad.jpg?ver=1788140548","url":"https:\/\/tablaoflamencoalma.com\/wp-content\/litespeed\/avatar\/797b83aa1ddf30f355ead08e864f8dad.jpg?ver=1788140548","contentUrl":"https:\/\/tablaoflamencoalma.com\/wp-content\/litespeed\/avatar\/797b83aa1ddf30f355ead08e864f8dad.jpg?ver=1788140548","caption":"Tablao Flamenco Alma"},"url":"https:\/\/tablaoflamencoalma.com\/pt\/author\/flamencoalma\/"}]}},"_links":{"self":[{"href":"https:\/\/tablaoflamencoalma.com\/pt\/wp-json\/wp\/v2\/posts\/6814","targetHints":{"allow":["GET"]}}],"collection":[{"href":"https:\/\/tablaoflamencoalma.com\/pt\/wp-json\/wp\/v2\/posts"}],"about":[{"href":"https:\/\/tablaoflamencoalma.com\/pt\/wp-json\/wp\/v2\/types\/post"}],"author":[{"embeddable":true,"href":"https:\/\/tablaoflamencoalma.com\/pt\/wp-json\/wp\/v2\/users\/3"}],"replies":[{"embeddable":true,"href":"https:\/\/tablaoflamencoalma.com\/pt\/wp-json\/wp\/v2\/comments?post=6814"}],"version-history":[{"count":3,"href":"https:\/\/tablaoflamencoalma.com\/pt\/wp-json\/wp\/v2\/posts\/6814\/revisions"}],"predecessor-version":[{"id":7982,"href":"https:\/\/tablaoflamencoalma.com\/pt\/wp-json\/wp\/v2\/posts\/6814\/revisions\/7982"}],"wp:featuredmedia":[{"embeddable":true,"href":"https:\/\/tablaoflamencoalma.com\/pt\/wp-json\/wp\/v2\/media\/6815"}],"wp:attachment":[{"href":"https:\/\/tablaoflamencoalma.com\/pt\/wp-json\/wp\/v2\/media?parent=6814"}],"wp:term":[{"taxonomy":"category","embeddable":true,"href":"https:\/\/tablaoflamencoalma.com\/pt\/wp-json\/wp\/v2\/categories?post=6814"},{"taxonomy":"post_tag","embeddable":true,"href":"https:\/\/tablaoflamencoalma.com\/pt\/wp-json\/wp\/v2\/tags?post=6814"}],"curies":[{"name":"wp","href":"https:\/\/api.w.org\/{rel}","templated":true}]}}