{"id":6630,"date":"2025-08-27T10:14:54","date_gmt":"2025-08-27T09:14:54","guid":{"rendered":"https:\/\/tablaoflamencoalma.com\/?p=6630"},"modified":"2026-06-02T08:57:33","modified_gmt":"2026-06-02T07:57:33","slug":"una-noche-magica-en-palma-flamenco-en-tablao-flamenco-alma-cena-y-paseo","status":"publish","type":"post","link":"https:\/\/tablaoflamencoalma.com\/pt\/una-noche-magica-en-palma-flamenco-en-tablao-flamenco-alma-cena-y-paseo\/","title":{"rendered":"Uma noite m\u00e1gica em Palma com flamenco, jantar e passeio"},"content":{"rendered":"<p class=\"wp-block-paragraph\">Procurando uma noite inesquec\u00edvel em <strong>Palma de Maiorca<\/strong>Pare de procurar. Propomos o plano perfeito para uma noite repleta de arte, sabor e romance, com o <a href=\"https:\/\/tablaoflamencoalma.com\/pt\/\"><strong>Tablao Flamenco Alma<\/strong><\/a> como protagonista. Prepare seus sentidos para uma jornada pelo cora\u00e7\u00e3o da cidade que culmina com a paix\u00e3o e a energia de <strong>flamenco ao vivo<\/strong>.<\/p>\n\n\n\n<p class=\"wp-block-paragraph\">Neste artigo, vamos gui\u00e1-lo por diferentes <strong>Roteiros para uma noite em Palma<\/strong> para que voc\u00ea possa combinar um <a href=\"https:\/\/tablaoflamencoalma.com\/pt\/uma-noite-magica-em-palma-flamenco-no-tablao-flamenco-alma-jantar-e-passeio\/\"><strong>espet\u00e1culo de flamenco em Palma<\/strong><\/a> Desfrute de um jantar delicioso ou de um passeio noturno encantador. Descubra como uma noite na capital de Maiorca pode se tornar uma lembran\u00e7a inesquec\u00edvel, tendo o Tablao Flamenco Alma como o ponto central da sua noite.<\/p>\n\n\n\n<h2 class=\"wp-block-heading\">Roteiros m\u00e1gicos: Escolha a sua noite ideal em Palma<\/h2>\n\n\n\n<p class=\"wp-block-paragraph\">Criamos tr\u00eas op\u00e7\u00f5es para que voc\u00ea possa escolher o itiner\u00e1rio que melhor se adapta ao seu estilo. Todas elas convergem para um ponto fundamental: o <a href=\"https:\/\/tablaoflamencoalma.com\/pt\/\"><strong>Tablao Flamenco Alma<\/strong><\/a>, O cora\u00e7\u00e3o cultural da vida noturna de Palma. Embora cada plano ofere\u00e7a uma experi\u00eancia diferente, todos t\u00eam algo em comum: a op\u00e7\u00e3o de desfrutar de um jantar excepcional no pr\u00f3prio teatro de flamenco, tornando a sua visita um evento completo sem necessidade de mudar de local.<\/p>\n\n\n\n<div style=\"height:20px\" aria-hidden=\"true\" class=\"wp-block-spacer\"><\/div>\n\n\n\n<h3 class=\"wp-block-heading\">Op\u00e7\u00e3o 1: Noite rom\u00e2ntica para dois<\/h3>\n\n\n\n<p class=\"wp-block-paragraph\">Esta op\u00e7\u00e3o \u00e9 perfeita para casais que buscam uma experi\u00eancia \u00edntima e memor\u00e1vel, onde cada detalhe conta. \u00c9 o plano ideal para quem deseja criar uma atmosfera especial do in\u00edcio ao fim, uma experi\u00eancia verdadeiramente aut\u00eantica. <strong>Noite rom\u00e2ntica em Palma<\/strong>.<\/p>\n\n\n\n<ul class=\"wp-block-list\">\n<li><strong>18h00 \u2013 19h30 \u2013 Passeio encantador:<\/strong> A noite come\u00e7a com um passeio tranquilo pelas ruas estreitas e calcetadas de <strong>centro hist\u00f3rico de Palma<\/strong>. De m\u00e3os dadas, admirem a majestade do <strong>Catedral de Maiorca<\/strong>, Deixe-se seduzir pela atmosfera bo\u00eamia do bairro de Lonja e perca-se nos recantos mais belos da cidade. Este passeio ao p\u00f4r do sol, com a luz dourada a banhar os edif\u00edcios, prepara o cen\u00e1rio para o que est\u00e1 por vir.<\/li>\n\n\n\n<li><strong>19h30 \u2013 20h30 \u2013 O auge da noite:<\/strong> \u00c0s 19h30, v\u00e1 para <a href=\"https:\/\/tablaoflamencoalma.com\/pt\/\"><strong>Tablao Flamenco Alma<\/strong><\/a>. Desfrute de um espet\u00e1culo de uma hora que o transportar\u00e1 para a ess\u00eancia mais pura de <strong>flamenco<\/strong>. Mas a magia n\u00e3o termina a\u00ed. Em vez de procurar um restaurante depois, voc\u00ea pode se deliciar com as op\u00e7\u00f5es gastron\u00f4micas do show de flamenco. Ao chegar, voc\u00ea ser\u00e1 recebido com uma bebida de cortesia (vinho, cava, sangria, cerveja ou refrigerante) e poder\u00e1 pedir do delicioso card\u00e1pio. <a href=\"https:\/\/tablaoflamencoalma.com\/pt\/carta\/\"><strong>Jantar com show de flamenco<\/strong><\/a>.<\/li>\n\n\n\n<li><strong>A partir das 20h30 \u2013 Brinde e mais magia:<\/strong> Ap\u00f3s a explos\u00e3o de emo\u00e7\u00f5es e sabores, voc\u00ea poder\u00e1 desfrutar de um \u00faltimo drinque no local do flamenco ou continuar passeando pelo centro da cidade. A energia do flamenco o acompanhar\u00e1, tornando esta noite uma lembran\u00e7a inesquec\u00edvel.<\/li>\n<\/ul>\n\n\n\n<div style=\"height:20px\" aria-hidden=\"true\" class=\"wp-block-spacer\"><\/div>\n\n\n\n<h3 class=\"wp-block-heading\">Op\u00e7\u00e3o 2: Passeio e flamenco com jantar no tablao<\/h3>\n\n\n\n<p class=\"wp-block-paragraph\">Se voc\u00ea prefere um roteiro que combine turismo com uma experi\u00eancia gastron\u00f4mica e cultural completa em um s\u00f3 lugar, este \u00e9 o ideal para voc\u00ea. \u00c9 um dos melhores. <strong>O que fazer em Palma de Maiorca \u00e0 noite<\/strong> Se voc\u00ea deseja combinar a beleza da cidade com a arte mais vibrante.<\/p>\n\n\n\n<ul class=\"wp-block-list\">\n<li><strong>20h00 \u2013 21h30 \u2013 Passeio a p\u00e9 pelo centro de Palma:<\/strong> Desfrute de um agrad\u00e1vel passeio pelo vibrante centro de Palma. Voc\u00ea poder\u00e1 admirar a imponente silhueta do [nome da catedral\/coroa]. <strong>Pal\u00e1cio de Almudaina<\/strong> iluminado \u00e0 noite ou explore os arredores de <strong>Catedral<\/strong>, Sinta a hist\u00f3ria que emana de cada esquina. A vida noturna de Palma \u00e9 \u00fanica e ir\u00e1 prepar\u00e1-lo para a experi\u00eancia que se segue.<\/li>\n\n\n\n<li><strong>21h30 \u2013 22h30 \u2013 O Grande Final da Noite: Jantar com Espet\u00e1culo<\/strong> \u00c0s 21h30, ele chega em <strong>Tablao Flamenco Alma<\/strong>. Ap\u00f3s explorar as ruas da cidade, mergulhe na arte de <strong><a href=\"https:\/\/tablaoflamencoalma.com\/pt\/uma-noite-magica-em-palma-flamenco-no-tablao-flamenco-alma-jantar-e-passeio\/\">flamenco ao vivo<\/a><\/strong> Enquanto saboreia nossas requintadas ofertas culin\u00e1rias. Aproveite! <strong><a href=\"https:\/\/tablaoflamencoalma.com\/pt\/carta\/\">Jantar com show de flamenco<\/a><\/strong> No mesmo local, voc\u00ea encontrar\u00e1 a maneira perfeita de otimizar sua noite, assistindo a um espet\u00e1culo de uma hora que servir\u00e1 como um grande final.<\/li>\n\n\n\n<li><strong>A partir das 22h30 \u2013 Bebidas e conversa:<\/strong> Com a emo\u00e7\u00e3o \u00e0 flor da pele, o clima festivo da noite continua no teatro de flamenco. \u00c9 o momento perfeito para um \u00faltimo drinque e para conversar sobre os sentimentos e a magia que os artistas transmitiram.<\/li>\n<\/ul>\n\n\n\n<div style=\"height:20px\" aria-hidden=\"true\" class=\"wp-block-spacer\"><\/div>\n\n\n\n<h3 class=\"wp-block-heading\">Op\u00e7\u00e3o 3: Flamenco matinal com a fam\u00edlia<\/h3>\n\n\n\n<p class=\"wp-block-paragraph\">Uma excelente alternativa para quem viaja com crian\u00e7as ou prefere um plano mais tranquilo que termine mais cedo. Esta op\u00e7\u00e3o demonstra que... <strong>Flamenco em Palma<\/strong> \u00c9 uma experi\u00eancia para todas as idades.<\/p>\n\n\n\n<ul class=\"wp-block-list\">\n<li><strong>17h30 \u2013 18h30 \u2013 Arte para todos:<\/strong> Comece a sua noite em <strong>Tablao Flamenco Alma<\/strong>. A sess\u00e3o das 17h30 \u00e9 perfeita para aproveitar o <strong>Flamenco com a fam\u00edlia<\/strong>. Os pequenos ficar\u00e3o encantados com a m\u00fasica, a dan\u00e7a e a energia dos artistas. Al\u00e9m disso, a dura\u00e7\u00e3o de uma hora se encaixa perfeitamente na rotina familiar. Aproveite esta oportunidade para desfrutar de um momento m\u00e1gico. <a href=\"https:\/\/tablaoflamencoalma.com\/pt\/carta\/\"><strong>Jantar com show de flamenco<\/strong><\/a> Viver uma experi\u00eancia completa em um s\u00f3 lugar.<\/li>\n\n\n\n<li><strong>A partir das 18h30 \u2013 Caminhada em fam\u00edlia:<\/strong> Ap\u00f3s o espet\u00e1culo, a noite ainda \u00e9 jovem. Recomendamos um passeio em fam\u00edlia pelo centro da cidade, onde voc\u00ea poder\u00e1 saborear um delicioso sorvete. O Paseo del Borne, iluminado \u00e0 noite, \u00e9 o lugar perfeito para desfrutar de um ambiente relaxante e familiar.<\/li>\n<\/ul>\n\n\n\n<h2 class=\"wp-block-heading\">Por que escolher o Tablao Flamenco Alma? O cora\u00e7\u00e3o flamenco de Maiorca<\/h2>\n\n\n\n<p class=\"wp-block-paragraph\"><a href=\"https:\/\/tablaoflamencoalma.com\/pt\/\"><strong>Tablao Flamenco Alma<\/strong><\/a> \u00c9 muito mais do que apenas um simples <strong>teatro de flamenco em Maiorca<\/strong>. \u00c9 um espa\u00e7o cultural que encapsula a paix\u00e3o, a hist\u00f3ria e a energia desta forma de arte universal. Oferecemos uma experi\u00eancia completa que vai al\u00e9m de um simples espet\u00e1culo.<\/p>\n\n\n\n<div style=\"height:20px\" aria-hidden=\"true\" class=\"wp-block-spacer\"><\/div>\n\n\n\n<h3 class=\"wp-block-heading\">A experi\u00eancia gastron\u00f4mica completa<\/h3>\n\n\n\n<p class=\"wp-block-paragraph\">Entendemos que arte e sabor andam de m\u00e3os dadas. \u00c9 por isso que criamos um servi\u00e7o de <a href=\"https:\/\/tablaoflamencoalma.com\/pt\/carta\/\"><strong>Jantar com show de flamenco<\/strong><\/a> O que lhe permite vivenciar ambos em um s\u00f3 lugar. Enquanto os dan\u00e7arinos, cantores e guitarristas d\u00e3o vida ao palco, voc\u00ea pode saborear uma experi\u00eancia culin\u00e1ria que respeita a tradi\u00e7\u00e3o e a qualidade. Da adega do local de flamenco \u00e0s sobremesas, cada prato \u00e9 concebido para complementar a intensidade do espet\u00e1culo. Consulte nosso card\u00e1pio completo. <a href=\"https:\/\/tablaoflamencoalma.com\/pt\/carta\/\">card\u00e1pio de comidas<\/a> em nosso site.<\/p>\n\n\n\n<div style=\"height:20px\" aria-hidden=\"true\" class=\"wp-block-spacer\"><\/div>\n\n\n\n<h3 class=\"wp-block-heading\">Um espet\u00e1culo de flamenco aut\u00eantico ao vivo.<\/h3>\n\n\n\n<p class=\"wp-block-paragraph\">Nossos artistas s\u00e3o profissionais de alto n\u00edvel que dedicam alma e paix\u00e3o a cada apresenta\u00e7\u00e3o. Em cada espet\u00e1culo, voc\u00ea sentir\u00e1 o ritmo pulsante dos saltos vibrando sob seus p\u00e9s, a voz do cantor rompendo o sil\u00eancio e a melodia do viol\u00e3o flamenco contando hist\u00f3rias. A proximidade com o palco cria uma atmosfera \u00edntima e pessoal, onde cada gesto e cada nota s\u00e3o sentidos de forma \u00fanica. \u00c9 uma experi\u00eancia imersiva que voc\u00ea n\u00e3o encontrar\u00e1 em nenhum outro lugar.<\/p>\n\n\n\n<div style=\"height:20px\" aria-hidden=\"true\" class=\"wp-block-spacer\"><\/div>\n\n\n\n<h3 class=\"wp-block-heading\">A localiza\u00e7\u00e3o ideal e a tranquilidade de uma reserva segura.<\/h3>\n\n\n\n<p class=\"wp-block-paragraph\">Localizado no cora\u00e7\u00e3o de <strong>Palma<\/strong>, O espa\u00e7o dedicado ao flamenco \u00e9 o ponto de partida perfeito para qualquer <strong>Roteiro noturno em Palma<\/strong>. Al\u00e9m disso, queremos que sua experi\u00eancia seja perfeita desde o momento da reserva. \u00c9 por isso que oferecemos <strong>cancelamento gratuito at\u00e9 24 horas antes<\/strong> desde o in\u00edcio do espet\u00e1culo, com reembolso total caso seus planos mudem.<\/p>\n\n\n\n<p class=\"wp-block-paragraph\">Nossos anfitri\u00f5es, que falam espanhol, ingl\u00eas e alem\u00e3o, est\u00e3o sempre \u00e0 sua disposi\u00e7\u00e3o para ajudar. E se precisar de informa\u00e7\u00f5es sobre acessibilidade, temos orgulho em dizer que nosso espa\u00e7o \u00e9 <strong>acess\u00edvel a cadeiras de rodas<\/strong>, Garantir que todos possam desfrutar da arte flamenca.<\/p>\n\n\n\n<div style=\"height:20px\" aria-hidden=\"true\" class=\"wp-block-spacer\"><\/div>\n\n\n\n<h3 class=\"wp-block-heading\">Para al\u00e9m do espet\u00e1culo: o flamenco como cl\u00edmax cultural<\/h3>\n\n\n\n<p class=\"wp-block-paragraph\">Para muitos, o flamenco pode ser uma nova forma de arte. \u00c9 a express\u00e3o de um sentimento profundo atrav\u00e9s de tr\u00eas pilares fundamentais: o <strong>cantar<\/strong> (a voz), a <strong>toque<\/strong> (a guitarra) e a <strong>dan\u00e7a<\/strong> (a dan\u00e7a). Na <a href=\"https:\/\/tablaoflamencoalma.com\/pt\/\"><strong>Tablao Flamenco Alma<\/strong><\/a>, O que voc\u00ea ver\u00e1 \u00e9 mais do que uma apresenta\u00e7\u00e3o; \u00e9 uma janela para a hist\u00f3ria, a paix\u00e3o e a alma de um povo. Cada cent\u00edmetro do nosso palco, cada nota da guitarra e cada passo contam uma hist\u00f3ria de alegria, dor e resili\u00eancia.<\/p>\n\n\n\n<p class=\"wp-block-paragraph\">Nossas sess\u00f5es de uma hora, que incluem uma bebida (cerveja, vinho, refrigerante, cava ou sangria), s\u00e3o pensadas para permitir que entusiastas e iniciantes curiosos mergulhem completamente na cultura sem se sentirem sobrecarregados. \u00c9 a introdu\u00e7\u00e3o perfeita a um mundo fascinante e uma maneira ideal de encerrar uma noite perfeita na cidade.<\/p>\n\n\n\n<div style=\"height:20px\" aria-hidden=\"true\" class=\"wp-block-spacer\"><\/div>\n\n\n\n<h2 class=\"wp-block-heading\">Reserve j\u00e1 a sua noite m\u00e1gica em Palma.<\/h2>\n\n\n\n<p class=\"wp-block-paragraph\">Em <a href=\"https:\/\/tablaoflamencoalma.com\/pt\/\"><strong>Tablao Flamenco Alma<\/strong><\/a>, Voc\u00ea pode esperar tr\u00eas sess\u00f5es di\u00e1rias de <a href=\"https:\/\/tablaoflamencoalma.com\/pt\/uma-noite-magica-em-palma-flamenco-no-tablao-flamenco-alma-jantar-e-passeio\/\"><strong>espet\u00e1culos de flamenco<\/strong><\/a>17h30, 19h30 e 21h30. Escolha o hor\u00e1rio que melhor se encaixa no seu itiner\u00e1rio, ou as op\u00e7\u00f5es que sugerimos, e prepare-se para uma noite repleta de arte.<\/p>\n\n\n\n<div style=\"height:20px\" aria-hidden=\"true\" class=\"wp-block-spacer\"><\/div>\n\n\n\n<p class=\"wp-block-paragraph\">N\u00e3o se limite a passear pela cidade: mergulhe na sua cultura, saboreie a sua gastronomia e sinta a energia vibrante da sua alma flamenca. <strong>Noite rom\u00e2ntica em Palma<\/strong> ou voc\u00ea <strong>plano familiar<\/strong> Eles est\u00e3o esperando por voc\u00ea em <a href=\"https:\/\/tablaoflamencoalma.com\/pt\/\"><strong>Tablao Flamenco Alma<\/strong><\/a>. <a href=\"https:\/\/tablaoflamencoalma.com\/pt\/uma-noite-magica-em-palma-flamenco-no-tablao-flamenco-alma-jantar-e-passeio\/\"><strong>Reserve j\u00e1 o seu bilhete<\/strong><\/a> Prepare-se para uma noite inesquec\u00edvel.<\/p>\n\n\n\n<div style=\"height:20px\" aria-hidden=\"true\" class=\"wp-block-spacer\"><\/div>\n\n\n\n<p class=\"wp-block-paragraph\">Qual desses roteiros voc\u00ea escolher\u00e1 para sua pr\u00f3xima viagem? <strong>noite em Palma de Maiorca<\/strong>?<\/p>","protected":false},"excerpt":{"rendered":"<p>\u00bfBuscas una noche inolvidable en Palma de Mallorca? Deja de buscar. Te proponemos el plan perfecto para una velada llena de arte, sabor y romanticismo, con el Tablao Flamenco Alma como protagonista. Prepara tus sentidos para un recorrido por el coraz\u00f3n de la ciudad que culmina con la pasi\u00f3n y la energ\u00eda del flamenco en [&hellip;]<\/p>\n","protected":false},"author":3,"featured_media":6631,"comment_status":"open","ping_status":"open","sticky":false,"template":"","format":"standard","meta":{"site-sidebar-layout":"default","site-content-layout":"","ast-site-content-layout":"default","site-content-style":"default","site-sidebar-style":"default","ast-global-header-display":"","ast-banner-title-visibility":"","ast-main-header-display":"","ast-hfb-above-header-display":"","ast-hfb-below-header-display":"","ast-hfb-mobile-header-display":"","site-post-title":"","ast-breadcrumbs-content":"","ast-featured-img":"","footer-sml-layout":"","theme-transparent-header-meta":"","adv-header-id-meta":"","stick-header-meta":"","header-above-stick-meta":"","header-main-stick-meta":"","header-below-stick-meta":"","astra-migrate-meta-layouts":"set","ast-page-background-enabled":"default","ast-page-background-meta":{"desktop":{"background-color":"var(--ast-global-color-4)","background-image":"","background-repeat":"repeat","background-position":"center center","background-size":"auto","background-attachment":"scroll","background-type":"","background-media":"","overlay-type":"","overlay-color":"","overlay-opacity":"","overlay-gradient":""},"tablet":{"background-color":"","background-image":"","background-repeat":"repeat","background-position":"center center","background-size":"auto","background-attachment":"scroll","background-type":"","background-media":"","overlay-type":"","overlay-color":"","overlay-opacity":"","overlay-gradient":""},"mobile":{"background-color":"","background-image":"","background-repeat":"repeat","background-position":"center center","background-size":"auto","background-attachment":"scroll","background-type":"","background-media":"","overlay-type":"","overlay-color":"","overlay-opacity":"","overlay-gradient":""}},"ast-content-background-meta":{"desktop":{"background-color":"var(--ast-global-color-5)","background-image":"","background-repeat":"repeat","background-position":"center center","background-size":"auto","background-attachment":"scroll","background-type":"","background-media":"","overlay-type":"","overlay-color":"","overlay-opacity":"","overlay-gradient":""},"tablet":{"background-color":"var(--ast-global-color-5)","background-image":"","background-repeat":"repeat","background-position":"center center","background-size":"auto","background-attachment":"scroll","background-type":"","background-media":"","overlay-type":"","overlay-color":"","overlay-opacity":"","overlay-gradient":""},"mobile":{"background-color":"var(--ast-global-color-5)","background-image":"","background-repeat":"repeat","background-position":"center center","background-size":"auto","background-attachment":"scroll","background-type":"","background-media":"","overlay-type":"","overlay-color":"","overlay-opacity":"","overlay-gradient":""}},"footnotes":""},"categories":[17],"tags":[],"class_list":["post-6630","post","type-post","status-publish","format-standard","has-post-thumbnail","hentry","category-general"],"yoast_head":"<!-- This site is optimized with the Yoast SEO plugin v28.4 - https:\/\/yoast.com\/product\/yoast-seo-wordpress\/ -->\n<title>Plan Perfecto en Palma: Flamenco, Cena y Paseo - Tablao Flamenco Alma<\/title>\n<meta name=\"description\" content=\"Descubre el plan perfecto para una noche en Palma. Combina un show de flamenco en vivo con cena rom\u00e1ntica. \u00a1Reserva tu experiencia en Tablao Alma!\" \/>\n<meta name=\"robots\" content=\"index, follow, max-snippet:-1, max-image-preview:large, max-video-preview:-1\" \/>\n<link rel=\"canonical\" href=\"https:\/\/tablaoflamencoalma.com\/pt\/una-noche-magica-en-palma-flamenco-en-tablao-flamenco-alma-cena-y-paseo\/\" \/>\n<meta property=\"og:locale\" content=\"pt_PT\" \/>\n<meta property=\"og:type\" content=\"article\" \/>\n<meta property=\"og:title\" content=\"Plan Perfecto en Palma: Flamenco, Cena y Paseo - Tablao Flamenco Alma\" \/>\n<meta property=\"og:description\" content=\"Descubre el plan perfecto para una noche en Palma. Combina un show de flamenco en vivo con cena rom\u00e1ntica. \u00a1Reserva tu experiencia en Tablao Alma!\" \/>\n<meta property=\"og:url\" content=\"https:\/\/tablaoflamencoalma.com\/pt\/una-noche-magica-en-palma-flamenco-en-tablao-flamenco-alma-cena-y-paseo\/\" \/>\n<meta property=\"og:site_name\" content=\"Tablao Flamenco Alma\" \/>\n<meta property=\"article:publisher\" content=\"https:\/\/www.facebook.com\/tablaoflamencoalma\" \/>\n<meta property=\"article:published_time\" content=\"2025-08-27T09:14:54+00:00\" \/>\n<meta property=\"article:modified_time\" content=\"2026-06-02T07:57:33+00:00\" \/>\n<meta property=\"og:image\" content=\"https:\/\/tablaoflamencoalma.com\/wp-content\/uploads\/2025\/08\/Una-Noche-Magica-en-Palma-Flamenco-en-Tablao-Alma-portada-post-scaled.jpg\" \/>\n\t<meta property=\"og:image:width\" content=\"1707\" \/>\n\t<meta property=\"og:image:height\" content=\"2560\" \/>\n\t<meta property=\"og:image:type\" content=\"image\/jpeg\" \/>\n<meta name=\"author\" content=\"Tablao Flamenco Alma\" \/>\n<meta name=\"twitter:card\" content=\"summary_large_image\" \/>\n<meta name=\"twitter:label1\" content=\"Escrito por\" \/>\n\t<meta name=\"twitter:data1\" content=\"Tablao Flamenco Alma\" \/>\n\t<meta name=\"twitter:label2\" content=\"Tempo estimado de leitura\" \/>\n\t<meta name=\"twitter:data2\" content=\"7 minutos\" \/>\n<script type=\"application\/ld+json\" class=\"yoast-schema-graph\">{\"@context\":\"https:\\\/\\\/schema.org\",\"@graph\":[{\"@type\":\"Article\",\"@id\":\"https:\\\/\\\/tablaoflamencoalma.com\\\/una-noche-magica-en-palma-flamenco-en-tablao-flamenco-alma-cena-y-paseo\\\/#article\",\"isPartOf\":{\"@id\":\"https:\\\/\\\/tablaoflamencoalma.com\\\/una-noche-magica-en-palma-flamenco-en-tablao-flamenco-alma-cena-y-paseo\\\/\"},\"author\":{\"name\":\"Tablao Flamenco Alma\",\"@id\":\"https:\\\/\\\/tablaoflamencoalma.com\\\/#\\\/schema\\\/person\\\/9d0c2a9a099918689427e2a0b2dd0f5c\"},\"headline\":\"Una noche m\u00e1gica en Palma con flamenco, cena y paseo\",\"datePublished\":\"2025-08-27T09:14:54+00:00\",\"dateModified\":\"2026-06-02T07:57:33+00:00\",\"mainEntityOfPage\":{\"@id\":\"https:\\\/\\\/tablaoflamencoalma.com\\\/una-noche-magica-en-palma-flamenco-en-tablao-flamenco-alma-cena-y-paseo\\\/\"},\"wordCount\":1579,\"commentCount\":0,\"publisher\":{\"@id\":\"https:\\\/\\\/tablaoflamencoalma.com\\\/#organization\"},\"image\":{\"@id\":\"https:\\\/\\\/tablaoflamencoalma.com\\\/una-noche-magica-en-palma-flamenco-en-tablao-flamenco-alma-cena-y-paseo\\\/#primaryimage\"},\"thumbnailUrl\":\"https:\\\/\\\/tablaoflamencoalma.com\\\/wp-content\\\/uploads\\\/2025\\\/08\\\/Una-Noche-Magica-en-Palma-Flamenco-en-Tablao-Alma-portada-post.jpg\",\"articleSection\":[\"General\"],\"inLanguage\":\"pt-PT\",\"potentialAction\":[{\"@type\":\"CommentAction\",\"name\":\"Comment\",\"target\":[\"https:\\\/\\\/tablaoflamencoalma.com\\\/una-noche-magica-en-palma-flamenco-en-tablao-flamenco-alma-cena-y-paseo\\\/#respond\"]}]},{\"@type\":\"WebPage\",\"@id\":\"https:\\\/\\\/tablaoflamencoalma.com\\\/una-noche-magica-en-palma-flamenco-en-tablao-flamenco-alma-cena-y-paseo\\\/\",\"url\":\"https:\\\/\\\/tablaoflamencoalma.com\\\/una-noche-magica-en-palma-flamenco-en-tablao-flamenco-alma-cena-y-paseo\\\/\",\"name\":\"Plan Perfecto en Palma: Flamenco, Cena y Paseo - Tablao Flamenco Alma\",\"isPartOf\":{\"@id\":\"https:\\\/\\\/tablaoflamencoalma.com\\\/#website\"},\"primaryImageOfPage\":{\"@id\":\"https:\\\/\\\/tablaoflamencoalma.com\\\/una-noche-magica-en-palma-flamenco-en-tablao-flamenco-alma-cena-y-paseo\\\/#primaryimage\"},\"image\":{\"@id\":\"https:\\\/\\\/tablaoflamencoalma.com\\\/una-noche-magica-en-palma-flamenco-en-tablao-flamenco-alma-cena-y-paseo\\\/#primaryimage\"},\"thumbnailUrl\":\"https:\\\/\\\/tablaoflamencoalma.com\\\/wp-content\\\/uploads\\\/2025\\\/08\\\/Una-Noche-Magica-en-Palma-Flamenco-en-Tablao-Alma-portada-post.jpg\",\"datePublished\":\"2025-08-27T09:14:54+00:00\",\"dateModified\":\"2026-06-02T07:57:33+00:00\",\"description\":\"Descubre el plan perfecto para una noche en Palma. Combina un show de flamenco en vivo con cena rom\u00e1ntica. \u00a1Reserva tu experiencia en Tablao Alma!\",\"breadcrumb\":{\"@id\":\"https:\\\/\\\/tablaoflamencoalma.com\\\/una-noche-magica-en-palma-flamenco-en-tablao-flamenco-alma-cena-y-paseo\\\/#breadcrumb\"},\"inLanguage\":\"pt-PT\",\"potentialAction\":[{\"@type\":\"ReadAction\",\"target\":[\"https:\\\/\\\/tablaoflamencoalma.com\\\/una-noche-magica-en-palma-flamenco-en-tablao-flamenco-alma-cena-y-paseo\\\/\"]}]},{\"@type\":\"ImageObject\",\"inLanguage\":\"pt-PT\",\"@id\":\"https:\\\/\\\/tablaoflamencoalma.com\\\/una-noche-magica-en-palma-flamenco-en-tablao-flamenco-alma-cena-y-paseo\\\/#primaryimage\",\"url\":\"https:\\\/\\\/tablaoflamencoalma.com\\\/wp-content\\\/uploads\\\/2025\\\/08\\\/Una-Noche-Magica-en-Palma-Flamenco-en-Tablao-Alma-portada-post.jpg\",\"contentUrl\":\"https:\\\/\\\/tablaoflamencoalma.com\\\/wp-content\\\/uploads\\\/2025\\\/08\\\/Una-Noche-Magica-en-Palma-Flamenco-en-Tablao-Alma-portada-post.jpg\",\"width\":1707,\"height\":2560,\"caption\":\"Una Noche M\u00e1gica en Palma Flamenco en Tablao Alma portada post\"},{\"@type\":\"BreadcrumbList\",\"@id\":\"https:\\\/\\\/tablaoflamencoalma.com\\\/una-noche-magica-en-palma-flamenco-en-tablao-flamenco-alma-cena-y-paseo\\\/#breadcrumb\",\"itemListElement\":[{\"@type\":\"ListItem\",\"position\":1,\"name\":\"Portada\",\"item\":\"https:\\\/\\\/tablaoflamencoalma.com\\\/\"},{\"@type\":\"ListItem\",\"position\":2,\"name\":\"Una noche m\u00e1gica en Palma con flamenco, cena y paseo\"}]},{\"@type\":\"WebSite\",\"@id\":\"https:\\\/\\\/tablaoflamencoalma.com\\\/#website\",\"url\":\"https:\\\/\\\/tablaoflamencoalma.com\\\/\",\"name\":\"Tablao Flamenco Alma\",\"description\":\"Tablao Flamenco Alma\",\"publisher\":{\"@id\":\"https:\\\/\\\/tablaoflamencoalma.com\\\/#organization\"},\"potentialAction\":[{\"@type\":\"SearchAction\",\"target\":{\"@type\":\"EntryPoint\",\"urlTemplate\":\"https:\\\/\\\/tablaoflamencoalma.com\\\/?s={search_term_string}\"},\"query-input\":{\"@type\":\"PropertyValueSpecification\",\"valueRequired\":true,\"valueName\":\"search_term_string\"}}],\"inLanguage\":\"pt-PT\"},{\"@type\":\"Organization\",\"@id\":\"https:\\\/\\\/tablaoflamencoalma.com\\\/#organization\",\"name\":\"Tablao Flamenco Alma\",\"url\":\"https:\\\/\\\/tablaoflamencoalma.com\\\/\",\"logo\":{\"@type\":\"ImageObject\",\"inLanguage\":\"pt-PT\",\"@id\":\"https:\\\/\\\/tablaoflamencoalma.com\\\/#\\\/schema\\\/logo\\\/image\\\/\",\"url\":\"https:\\\/\\\/tablaoflamencoalma.com\\\/wp-content\\\/uploads\\\/2024\\\/01\\\/cropped-tablao-flamenco-alma-01-04.png\",\"contentUrl\":\"https:\\\/\\\/tablaoflamencoalma.com\\\/wp-content\\\/uploads\\\/2024\\\/01\\\/cropped-tablao-flamenco-alma-01-04.png\",\"width\":512,\"height\":512,\"caption\":\"Tablao Flamenco Alma\"},\"image\":{\"@id\":\"https:\\\/\\\/tablaoflamencoalma.com\\\/#\\\/schema\\\/logo\\\/image\\\/\"},\"sameAs\":[\"https:\\\/\\\/www.facebook.com\\\/tablaoflamencoalma\",\"https:\\\/\\\/www.instagram.com\\\/tablaoflamencoalma\"]},{\"@type\":\"Person\",\"@id\":\"https:\\\/\\\/tablaoflamencoalma.com\\\/#\\\/schema\\\/person\\\/9d0c2a9a099918689427e2a0b2dd0f5c\",\"name\":\"Tablao Flamenco Alma\",\"image\":{\"@type\":\"ImageObject\",\"inLanguage\":\"pt-PT\",\"@id\":\"https:\\\/\\\/tablaoflamencoalma.com\\\/wp-content\\\/litespeed\\\/avatar\\\/797b83aa1ddf30f355ead08e864f8dad.jpg?ver=1788140548\",\"url\":\"https:\\\/\\\/tablaoflamencoalma.com\\\/wp-content\\\/litespeed\\\/avatar\\\/797b83aa1ddf30f355ead08e864f8dad.jpg?ver=1788140548\",\"contentUrl\":\"https:\\\/\\\/tablaoflamencoalma.com\\\/wp-content\\\/litespeed\\\/avatar\\\/797b83aa1ddf30f355ead08e864f8dad.jpg?ver=1788140548\",\"caption\":\"Tablao Flamenco Alma\"},\"url\":\"https:\\\/\\\/tablaoflamencoalma.com\\\/pt\\\/author\\\/flamencoalma\\\/\"}]}<\/script>\n<!-- \/ Yoast SEO plugin. -->","yoast_head_json":{"title":"Plano perfeito em Palma: Flamenco, jantar e um passeio - Tablao Flamenco Alma","description":"Descubra o plano perfeito para uma noite inesquec\u00edvel em Palma. Combine um espet\u00e1culo de flamenco ao vivo com um jantar rom\u00e2ntico. Reserve j\u00e1 a sua experi\u00eancia no Tablao Alma!","robots":{"index":"index","follow":"follow","max-snippet":"max-snippet:-1","max-image-preview":"max-image-preview:large","max-video-preview":"max-video-preview:-1"},"canonical":"https:\/\/tablaoflamencoalma.com\/pt\/una-noche-magica-en-palma-flamenco-en-tablao-flamenco-alma-cena-y-paseo\/","og_locale":"pt_PT","og_type":"article","og_title":"Plan Perfecto en Palma: Flamenco, Cena y Paseo - Tablao Flamenco Alma","og_description":"Descubre el plan perfecto para una noche en Palma. Combina un show de flamenco en vivo con cena rom\u00e1ntica. \u00a1Reserva tu experiencia en Tablao Alma!","og_url":"https:\/\/tablaoflamencoalma.com\/pt\/una-noche-magica-en-palma-flamenco-en-tablao-flamenco-alma-cena-y-paseo\/","og_site_name":"Tablao Flamenco Alma","article_publisher":"https:\/\/www.facebook.com\/tablaoflamencoalma","article_published_time":"2025-08-27T09:14:54+00:00","article_modified_time":"2026-06-02T07:57:33+00:00","og_image":[{"width":1707,"height":2560,"url":"https:\/\/tablaoflamencoalma.com\/wp-content\/uploads\/2025\/08\/Una-Noche-Magica-en-Palma-Flamenco-en-Tablao-Alma-portada-post-scaled.jpg","type":"image\/jpeg"}],"author":"Tablao Flamenco Alma","twitter_card":"summary_large_image","twitter_misc":{"Escrito por":"Tablao Flamenco Alma","Tempo estimado de leitura":"7 minutos"},"schema":{"@context":"https:\/\/schema.org","@graph":[{"@type":"Article","@id":"https:\/\/tablaoflamencoalma.com\/una-noche-magica-en-palma-flamenco-en-tablao-flamenco-alma-cena-y-paseo\/#article","isPartOf":{"@id":"https:\/\/tablaoflamencoalma.com\/una-noche-magica-en-palma-flamenco-en-tablao-flamenco-alma-cena-y-paseo\/"},"author":{"name":"Tablao Flamenco Alma","@id":"https:\/\/tablaoflamencoalma.com\/#\/schema\/person\/9d0c2a9a099918689427e2a0b2dd0f5c"},"headline":"Una noche m\u00e1gica en Palma con flamenco, cena y paseo","datePublished":"2025-08-27T09:14:54+00:00","dateModified":"2026-06-02T07:57:33+00:00","mainEntityOfPage":{"@id":"https:\/\/tablaoflamencoalma.com\/una-noche-magica-en-palma-flamenco-en-tablao-flamenco-alma-cena-y-paseo\/"},"wordCount":1579,"commentCount":0,"publisher":{"@id":"https:\/\/tablaoflamencoalma.com\/#organization"},"image":{"@id":"https:\/\/tablaoflamencoalma.com\/una-noche-magica-en-palma-flamenco-en-tablao-flamenco-alma-cena-y-paseo\/#primaryimage"},"thumbnailUrl":"https:\/\/tablaoflamencoalma.com\/wp-content\/uploads\/2025\/08\/Una-Noche-Magica-en-Palma-Flamenco-en-Tablao-Alma-portada-post.jpg","articleSection":["General"],"inLanguage":"pt-PT","potentialAction":[{"@type":"CommentAction","name":"Comment","target":["https:\/\/tablaoflamencoalma.com\/una-noche-magica-en-palma-flamenco-en-tablao-flamenco-alma-cena-y-paseo\/#respond"]}]},{"@type":"WebPage","@id":"https:\/\/tablaoflamencoalma.com\/una-noche-magica-en-palma-flamenco-en-tablao-flamenco-alma-cena-y-paseo\/","url":"https:\/\/tablaoflamencoalma.com\/una-noche-magica-en-palma-flamenco-en-tablao-flamenco-alma-cena-y-paseo\/","name":"Plano perfeito em Palma: Flamenco, jantar e um passeio - Tablao Flamenco Alma","isPartOf":{"@id":"https:\/\/tablaoflamencoalma.com\/#website"},"primaryImageOfPage":{"@id":"https:\/\/tablaoflamencoalma.com\/una-noche-magica-en-palma-flamenco-en-tablao-flamenco-alma-cena-y-paseo\/#primaryimage"},"image":{"@id":"https:\/\/tablaoflamencoalma.com\/una-noche-magica-en-palma-flamenco-en-tablao-flamenco-alma-cena-y-paseo\/#primaryimage"},"thumbnailUrl":"https:\/\/tablaoflamencoalma.com\/wp-content\/uploads\/2025\/08\/Una-Noche-Magica-en-Palma-Flamenco-en-Tablao-Alma-portada-post.jpg","datePublished":"2025-08-27T09:14:54+00:00","dateModified":"2026-06-02T07:57:33+00:00","description":"Descubra o plano perfeito para uma noite inesquec\u00edvel em Palma. Combine um espet\u00e1culo de flamenco ao vivo com um jantar rom\u00e2ntico. Reserve j\u00e1 a sua experi\u00eancia no Tablao Alma!","breadcrumb":{"@id":"https:\/\/tablaoflamencoalma.com\/una-noche-magica-en-palma-flamenco-en-tablao-flamenco-alma-cena-y-paseo\/#breadcrumb"},"inLanguage":"pt-PT","potentialAction":[{"@type":"ReadAction","target":["https:\/\/tablaoflamencoalma.com\/una-noche-magica-en-palma-flamenco-en-tablao-flamenco-alma-cena-y-paseo\/"]}]},{"@type":"ImageObject","inLanguage":"pt-PT","@id":"https:\/\/tablaoflamencoalma.com\/una-noche-magica-en-palma-flamenco-en-tablao-flamenco-alma-cena-y-paseo\/#primaryimage","url":"https:\/\/tablaoflamencoalma.com\/wp-content\/uploads\/2025\/08\/Una-Noche-Magica-en-Palma-Flamenco-en-Tablao-Alma-portada-post.jpg","contentUrl":"https:\/\/tablaoflamencoalma.com\/wp-content\/uploads\/2025\/08\/Una-Noche-Magica-en-Palma-Flamenco-en-Tablao-Alma-portada-post.jpg","width":1707,"height":2560,"caption":"Una Noche M\u00e1gica en Palma Flamenco en Tablao Alma portada post"},{"@type":"BreadcrumbList","@id":"https:\/\/tablaoflamencoalma.com\/una-noche-magica-en-palma-flamenco-en-tablao-flamenco-alma-cena-y-paseo\/#breadcrumb","itemListElement":[{"@type":"ListItem","position":1,"name":"Portada","item":"https:\/\/tablaoflamencoalma.com\/"},{"@type":"ListItem","position":2,"name":"Una noche m\u00e1gica en Palma con flamenco, cena y paseo"}]},{"@type":"WebSite","@id":"https:\/\/tablaoflamencoalma.com\/#website","url":"https:\/\/tablaoflamencoalma.com\/","name":"Tablao Flamenco Alma","description":"Tablao Flamenco Alma","publisher":{"@id":"https:\/\/tablaoflamencoalma.com\/#organization"},"potentialAction":[{"@type":"SearchAction","target":{"@type":"EntryPoint","urlTemplate":"https:\/\/tablaoflamencoalma.com\/?s={search_term_string}"},"query-input":{"@type":"PropertyValueSpecification","valueRequired":true,"valueName":"search_term_string"}}],"inLanguage":"pt-PT"},{"@type":"Organization","@id":"https:\/\/tablaoflamencoalma.com\/#organization","name":"Tablao Flamenco Alma","url":"https:\/\/tablaoflamencoalma.com\/","logo":{"@type":"ImageObject","inLanguage":"pt-PT","@id":"https:\/\/tablaoflamencoalma.com\/#\/schema\/logo\/image\/","url":"https:\/\/tablaoflamencoalma.com\/wp-content\/uploads\/2024\/01\/cropped-tablao-flamenco-alma-01-04.png","contentUrl":"https:\/\/tablaoflamencoalma.com\/wp-content\/uploads\/2024\/01\/cropped-tablao-flamenco-alma-01-04.png","width":512,"height":512,"caption":"Tablao Flamenco Alma"},"image":{"@id":"https:\/\/tablaoflamencoalma.com\/#\/schema\/logo\/image\/"},"sameAs":["https:\/\/www.facebook.com\/tablaoflamencoalma","https:\/\/www.instagram.com\/tablaoflamencoalma"]},{"@type":"Person","@id":"https:\/\/tablaoflamencoalma.com\/#\/schema\/person\/9d0c2a9a099918689427e2a0b2dd0f5c","name":"Tablao Flamenco Alma","image":{"@type":"ImageObject","inLanguage":"pt-PT","@id":"https:\/\/tablaoflamencoalma.com\/wp-content\/litespeed\/avatar\/797b83aa1ddf30f355ead08e864f8dad.jpg?ver=1788140548","url":"https:\/\/tablaoflamencoalma.com\/wp-content\/litespeed\/avatar\/797b83aa1ddf30f355ead08e864f8dad.jpg?ver=1788140548","contentUrl":"https:\/\/tablaoflamencoalma.com\/wp-content\/litespeed\/avatar\/797b83aa1ddf30f355ead08e864f8dad.jpg?ver=1788140548","caption":"Tablao Flamenco Alma"},"url":"https:\/\/tablaoflamencoalma.com\/pt\/author\/flamencoalma\/"}]}},"_links":{"self":[{"href":"https:\/\/tablaoflamencoalma.com\/pt\/wp-json\/wp\/v2\/posts\/6630","targetHints":{"allow":["GET"]}}],"collection":[{"href":"https:\/\/tablaoflamencoalma.com\/pt\/wp-json\/wp\/v2\/posts"}],"about":[{"href":"https:\/\/tablaoflamencoalma.com\/pt\/wp-json\/wp\/v2\/types\/post"}],"author":[{"embeddable":true,"href":"https:\/\/tablaoflamencoalma.com\/pt\/wp-json\/wp\/v2\/users\/3"}],"replies":[{"embeddable":true,"href":"https:\/\/tablaoflamencoalma.com\/pt\/wp-json\/wp\/v2\/comments?post=6630"}],"version-history":[{"count":4,"href":"https:\/\/tablaoflamencoalma.com\/pt\/wp-json\/wp\/v2\/posts\/6630\/revisions"}],"predecessor-version":[{"id":7523,"href":"https:\/\/tablaoflamencoalma.com\/pt\/wp-json\/wp\/v2\/posts\/6630\/revisions\/7523"}],"wp:featuredmedia":[{"embeddable":true,"href":"https:\/\/tablaoflamencoalma.com\/pt\/wp-json\/wp\/v2\/media\/6631"}],"wp:attachment":[{"href":"https:\/\/tablaoflamencoalma.com\/pt\/wp-json\/wp\/v2\/media?parent=6630"}],"wp:term":[{"taxonomy":"category","embeddable":true,"href":"https:\/\/tablaoflamencoalma.com\/pt\/wp-json\/wp\/v2\/categories?post=6630"},{"taxonomy":"post_tag","embeddable":true,"href":"https:\/\/tablaoflamencoalma.com\/pt\/wp-json\/wp\/v2\/tags?post=6630"}],"curies":[{"name":"wp","href":"https:\/\/api.w.org\/{rel}","templated":true}]}}