{"id":6020,"date":"2025-07-23T13:50:08","date_gmt":"2025-07-23T12:50:08","guid":{"rendered":"https:\/\/tablaoflamencoalma.com\/?p=6020"},"modified":"2026-05-28T06:12:54","modified_gmt":"2026-05-28T05:12:54","slug":"o-que-esperar-na-sua-primeira-visita-a-um-tablao-flamenco-aproveite-ao-maximo-no-tablao-flamenco-alma","status":"publish","type":"post","link":"https:\/\/tablaoflamencoalma.com\/pt\/que-esperar-en-tu-primera-visita-a-un-tablao-flamenco-disfruta-al-maximo-en-tablao-flamenco-alma\/","title":{"rendered":"O que esperar na sua primeira visita a um tablao flamenco"},"content":{"rendered":"<p class=\"wp-block-paragraph\">Voc\u00ea j\u00e1 se perguntou como \u00e9 se deixar levar pela paix\u00e3o dos passos de flamenco, pela melancolia de uma can\u00e7\u00e3o profunda ou pela maestria de um viol\u00e3o flamenco? Se voc\u00ea est\u00e1 planejando sua primeira incurs\u00e3o no cativante mundo do flamenco ao vivo, \u00e9 natural sentir uma mistura de entusiasmo e curiosidade. Um tablao flamenco n\u00e3o \u00e9 apenas um lugar; \u00e9 um santu\u00e1rio onde arte, hist\u00f3ria e emo\u00e7\u00e3o se fundem em uma experi\u00eancia inesquec\u00edvel.<\/p>\n\n\n\n<p class=\"wp-block-paragraph\">Em <a href=\"https:\/\/tablaoflamencoalma.com\/pt\/\"><strong>Tablao Flamenco Alma<\/strong><\/a>, localizada no cora\u00e7\u00e3o de <strong>Palma de Maiorca<\/strong>, Convidamos voc\u00ea a mergulhar de cabe\u00e7a nessa tradi\u00e7\u00e3o espanhola profundamente enraizada. Este artigo \u00e9 o seu guia definitivo para aprender mais. <strong>O que esperar na sua primeira visita a um tablao flamenco<\/strong> E, o mais importante, como aproveitar ao m\u00e1ximo cada momento no nosso palco. Dos ritmos que te far\u00e3o vibrar aos pequenos detalhes que fazem toda a diferen\u00e7a, prepare-se para uma noite que tocar\u00e1 a sua alma.<\/p>\n\n\n\n<h2 class=\"wp-block-heading\">A experi\u00eancia sensorial de um espet\u00e1culo de flamenco: al\u00e9m do que \u00e9 vis\u00edvel.<\/h2>\n\n\n\n<p class=\"wp-block-paragraph\">O flamenco \u00e9 uma forma de arte vivenciada com todos os sentidos. N\u00e3o se trata apenas do que se v\u00ea, mas tamb\u00e9m do que se ouve, do que se sente e do que a m\u00fasica transmite. Entrar num tablao \u00e9 como entrar num universo paralelo onde a express\u00e3o pura reina suprema.<\/p>\n\n\n\n<h3 class=\"wp-block-heading\">A ess\u00eancia do flamenco: Canto, dan\u00e7a e guitarra.<\/h3>\n\n\n\n<p class=\"wp-block-paragraph\">No epicentro de qualquer <a href=\"https:\/\/tablaoflamencoalma.com\/pt\/uma-noite-magica-em-palma-flamenco-no-tablao-flamenco-alma-jantar-e-passeio\/\"><strong>espet\u00e1culo de flamenco ao vivo<\/strong><\/a> Existem tr\u00eas pilares fundamentais: o canto, a dan\u00e7a e o viol\u00e3o. Cada um \u00e9 uma voz, uma pulsa\u00e7\u00e3o, uma alma que contribui para a sinfonia da paix\u00e3o.<\/p>\n\n\n\n<ul class=\"wp-block-list\">\n<li><strong>A guitarra flamenca:<\/strong> \u00c9 a alma mel\u00f3dica do flamenco. Desde os primeiros acordes, o viol\u00e3o tece uma tape\u00e7aria sonora que pode ser melanc\u00f3lica, vibrante ou festiva. Os violonistas flamencos s\u00e3o mestres da improvisa\u00e7\u00e3o e da express\u00e3o, utilizando t\u00e9cnicas \u00fanicas como o... <em>dedilhando<\/em> (batidas r\u00e1pidas nas cordas) e o <em>picado<\/em> (Palhetada r\u00e1pida) para criar paisagens sonoras que te transportam. Voc\u00ea ouvir\u00e1 a hist\u00f3ria da Andaluzia contada atrav\u00e9s de suas cordas.<\/li>\n\n\n\n<li><strong>O canto:<\/strong> O <em>canto flamenco<\/em> O canto flamenco profundo \u00e9 a express\u00e3o mais visceral do flamenco. \u00c9 um lamento, uma alegria, uma hist\u00f3ria de vida. Os cantores de flamenco possuem vozes \u00fanicas, capazes de transmitir emo\u00e7\u00f5es puras e aut\u00eanticas que ressoam profundamente em voc\u00ea. N\u00e3o \u00e9 preciso entender cada palavra para sentir a tristeza, a alegria ou a ang\u00fastia que emana de suas gargantas. \u00c9 uma experi\u00eancia puramente emocional.<\/li>\n\n\n\n<li><strong>A dan\u00e7a:<\/strong> A dan\u00e7a flamenca \u00e9 uma explos\u00e3o de energia, gra\u00e7a e for\u00e7a. Os dan\u00e7arinos usam todo o corpo para contar hist\u00f3rias. <strong>sapateado<\/strong> O ritmo pulsante dos p\u00e9s contra o ch\u00e3o cria uma percuss\u00e3o vibrante que dialoga com o viol\u00e3o e a voz. Voc\u00ea ver\u00e1 a paix\u00e3o em cada giro, a t\u00e9cnica em cada movimento de bra\u00e7o e a for\u00e7a em cada batida de calcanhar. \u00c9 uma dan\u00e7a hipnotizante onde a express\u00e3o facial e corporal \u00e9 t\u00e3o importante quanto o ritmo.<\/li>\n<\/ul>\n\n\n\n<h3 class=\"wp-block-heading\">A atmosfera: O mist\u00e9rio do duende e a intimidade do tablao<\/h3>\n\n\n\n<p class=\"wp-block-paragraph\">O que realmente distingue um tablao \u00e9 a sua atmosfera. Aqui, a arte n\u00e3o \u00e9 uma performance distante, mas uma conversa \u00edntima entre os artistas e o p\u00fablico.<\/p>\n\n\n\n<ul class=\"wp-block-list\">\n<li><strong>O duende:<\/strong> Este \u00e9 um conceito quase m\u00edstico no flamenco. N\u00e3o pode ser definido com palavras, mas \u00e9 sentido. \u00c9 aquele momento m\u00e1gico em que a emo\u00e7\u00e3o do artista \u00e9 t\u00e3o intensa que transcende o palco e envolve todos os presentes. \u00c9 um arrepio, uma l\u00e1grima, uma conex\u00e3o profunda que deixa sem f\u00f4lego. Quando o <em>duende<\/em> Aparece, o sil\u00eancio se aprofunda e a experi\u00eancia se torna inesquec\u00edvel. \u00c9 isso que transforma um simples <a href=\"https:\/\/tablaoflamencoalma.com\/pt\/\"><strong>teatro de flamenco em Maiorca<\/strong><\/a> Em um lugar m\u00e1gico.<\/li>\n\n\n\n<li><strong>A intimidade do palco flamenco:<\/strong> Ao contr\u00e1rio dos grandes audit\u00f3rios, um espa\u00e7o dedicado ao flamenco oferece uma intimidade incompar\u00e1vel. <a href=\"https:\/\/tablaoflamencoalma.com\/pt\/\"><strong>Tablao Flamenco Alma<\/strong><\/a>, Voc\u00ea est\u00e1 perto o suficiente para ver o suor na testa do guitarrista, a express\u00e3o nos olhos do cantor e a vibra\u00e7\u00e3o de cada m\u00fasculo do corpo do dan\u00e7arino. Essa proximidade cria uma conex\u00e3o pessoal, fazendo voc\u00ea se sentir parte da apresenta\u00e7\u00e3o, n\u00e3o apenas um espectador. A energia flui diretamente dos artistas para voc\u00ea, criando uma experi\u00eancia imersiva e pessoal.<\/li>\n<\/ul>\n\n\n\n<h2 class=\"wp-block-heading\">Apresenta\u00e7\u00e3o da estrutura e detalhes pr\u00e1ticos do Tablao Flamenco Alma<\/h2>\n\n\n\n<p class=\"wp-block-paragraph\">Para que voc\u00ea <strong>primeira vez num tablao flamenco<\/strong> Para que sua experi\u00eancia seja a mais agrad\u00e1vel poss\u00edvel, \u00e9 \u00fatil saber como um espet\u00e1culo se desenrola e quais comodidades ele oferece. <a href=\"https:\/\/tablaoflamencoalma.com\/pt\/\"><strong>Tablao Flamenco Alma<\/strong><\/a>.<\/p>\n\n\n\n<h3 class=\"wp-block-heading\">Como o espet\u00e1culo se desenrola<\/h3>\n\n\n\n<p class=\"wp-block-paragraph\">Embora cada espet\u00e1culo seja \u00fanico e os artistas tenham liberdade para se expressar, existe uma estrutura geral que voc\u00ea pode esperar.<\/p>\n\n\n\n<ul class=\"wp-block-list\">\n<li><strong>A apresenta\u00e7\u00e3o:<\/strong> O espet\u00e1culo geralmente come\u00e7a com uma introdu\u00e7\u00e3o musical que cria o clima, frequentemente apresentando um solo de guitarra que demonstra o dom\u00ednio do instrumentista.<\/li>\n\n\n\n<li><strong>Apresenta\u00e7\u00f5es individuais e em grupo:<\/strong> Ao longo da apresenta\u00e7\u00e3o de uma hora, voc\u00ea presenciar\u00e1 uma constante altern\u00e2ncia de atos. Haver\u00e1 momentos em que um dan\u00e7arino de flamenco brilhar\u00e1 sozinho no centro do palco, exibindo sua arte em sua plenitude. Outros momentos pertencer\u00e3o ao cantor de flamenco, que o envolver\u00e1 na profundidade de sua voz. E, claro, haver\u00e1 n\u00fameros em grupo onde a energia coletiva dos artistas o deixar\u00e1 sem f\u00f4lego. A intera\u00e7\u00e3o entre o cantor, o guitarrista e os dan\u00e7arinos \u00e9 constante, um di\u00e1logo silencioso que \u00e9 a pr\u00f3pria ess\u00eancia do flamenco. <strong>Como funciona um espet\u00e1culo de flamenco<\/strong>.<\/li>\n\n\n\n<li><strong>A dura\u00e7\u00e3o:<\/strong> No Tablao Flamenco Alma, o espet\u00e1culo tem um <strong>com a dura\u00e7\u00e3o de 1 hora<\/strong> Intensidade flamenca pura. Um momento concentrado, pensado para lhe oferecer o melhor da arte sem pausas desnecess\u00e1rias, mantendo a energia e a emo\u00e7\u00e3o no auge.<\/li>\n\n\n\n<li><strong>O elenco:<\/strong> Nosso palco ganha vida com um elenco de artistas flamencos de primeira linha: cantores com vozes que arrepiam a espinha, guitarristas virtuosos que acariciam e dedilham as cordas com maestria e dan\u00e7arinos que transformam o espa\u00e7o com seus movimentos e paix\u00e3o. Cada um contribui com sua arte singular para criar uma experi\u00eancia inesquec\u00edvel.<\/li>\n<\/ul>\n\n\n\n<h2 class=\"wp-block-heading\">Dicas pr\u00e1ticas para sua visita ao Tablao Flamenco Alma<\/h2>\n\n\n\n<p class=\"wp-block-paragraph\">Queremos que sua experi\u00eancia seja perfeita desde o momento da sua chegada. Aqui v\u00e3o algumas dicas. <strong>dicas do Tablao Flamenco Alma<\/strong> Assim voc\u00ea pode se divertir sem preocupa\u00e7\u00f5es:<\/p>\n\n\n\n<ul class=\"wp-block-list\">\n<li><strong>Hor\u00e1rios e chegada:<\/strong> Recomendamos chegar bem antes do in\u00edcio do espet\u00e1culo. As portas abrem para prestar assist\u00eancia. <strong>a partir de 1 hora antes do in\u00edcio do espet\u00e1culo<\/strong>. Isso lhe permitir\u00e1 escolher seu lugar com calma, apreciar sua bebida e curtir o ambiente antes que as luzes se apaguem e a magia comece.<\/li>\n\n\n\n<li><strong>Comodidades inclu\u00eddas:<\/strong> Sua entrada para <strong>Tablao Flamenco Alma<\/strong> inclui <strong>1 bebida \u00e0 escolha: cerveja, vinho, refrigerante, cava ou sangria.<\/strong>. \u00c9 a maneira perfeita de se refrescar e relaxar enquanto se prepara para o show. Al\u00e9m disso, oferecemos uma op\u00e7\u00e3o conveniente. <strong>servi\u00e7o de alimenta\u00e7\u00e3o<\/strong>, Assim, voc\u00ea pode desfrutar de um jantar ou lanche antes ou durante o espet\u00e1culo, sem ter que se preocupar em encontrar outro lugar.<\/li>\n\n\n\n<li><strong>Idiomas e acessibilidade:<\/strong> Entendemos que nossos visitantes v\u00eam de todo o mundo. Portanto, nosso anfitri\u00e3o simp\u00e1tico fala <strong>espanhol, ingl\u00eas e alem\u00e3o<\/strong>, Garantir que voc\u00ea se sinta confort\u00e1vel e possa esclarecer quaisquer d\u00favidas. Al\u00e9m disso, temos orgulho de ser um espa\u00e7o <strong>acess\u00edvel a cadeiras de rodas<\/strong>, Garantir que todos possam desfrutar da beleza do flamenco.<\/li>\n\n\n\n<li><strong>Flexibilidade de reserva:<\/strong> Sabemos que os planos podem mudar. Por isso, oferecemos <strong>cancelamento gratuito at\u00e9 24 horas antes<\/strong> do programa, com <strong>reembolso total<\/strong>. Dessa forma, voc\u00ea pode reservar com total tranquilidade, sabendo que tem flexibilidade.<\/li>\n<\/ul>\n\n\n\n<h2 class=\"wp-block-heading\">Etiqueta e participa\u00e7\u00e3o na sua primeira vez num tablao flamenco<\/h2>\n\n\n\n<p class=\"wp-block-paragraph\">Uma das belezas do flamenco em um tablao \u00e9 sua natureza participativa. Embora n\u00e3o se espere que voc\u00ea suba ao palco e dance, existem maneiras sutis de interagir e demonstrar sua aprecia\u00e7\u00e3o.<\/p>\n\n\n\n<h3 class=\"wp-block-heading\">A intera\u00e7\u00e3o entre o p\u00fablico e o artista: <em>alvoro\u00e7o<\/em> e as palmeiras<\/h3>\n\n\n\n<p class=\"wp-block-paragraph\">O flamenco \u00e9 uma arte viva e espont\u00e2nea, e o p\u00fablico desempenha um papel na cria\u00e7\u00e3o dessa atmosfera.<\/p>\n\n\n\n<ul class=\"wp-block-list\">\n<li><strong>O <em>alvoro\u00e7o<\/em>:<\/strong> N\u00e3o se surpreenda se ouvir exclama\u00e7\u00f5es da multid\u00e3o como &quot;Ol\u00e9!&quot;, &quot;Vamos l\u00e1!&quot;, &quot;Isso a\u00ed!&quot; ou &quot;Lindo!&quot;. Este \u00e9 o <em>alvoro\u00e7o<\/em>, \u00c9 uma forma de incentivar os artistas e expressar admira\u00e7\u00e3o pela sua arte. Se voc\u00ea se sentir inspirado, fique \u00e0 vontade para participar, mas fa\u00e7a-o com respeito e em momentos apropriados, geralmente quando um artista tiver feito um movimento ou observa\u00e7\u00e3o particularmente impressionante. \u00c9 uma forma de se conectar com a energia do momento.<\/li>\n\n\n\n<li><strong>As palmeiras:<\/strong> As <em>palmas<\/em> A batida r\u00edtmica das palmas \u00e9 essencial no flamenco. Frequentemente, os pr\u00f3prios artistas ou o acompanhamento batem palmas para marcar o ritmo. Embora seja tentador participar, a batida de palmas no flamenco \u00e9 complexa e exige um senso de ritmo muito particular. A menos que os artistas o convidem explicitamente a participar ou que voc\u00ea seja um especialista, \u00e9 melhor deixar as palmas para os profissionais e apreciar seu ritmo intrincado.<\/li>\n<\/ul>\n\n\n\n<h2 class=\"wp-block-heading\">Dicas de etiqueta para uma experi\u00eancia respeitosa<\/h2>\n\n\n\n<p class=\"wp-block-paragraph\">Para garantir que todos se divirtam ao m\u00e1ximo, \u00e9 importante ter em mente algumas regras b\u00e1sicas de etiqueta:<\/p>\n\n\n\n<ul class=\"wp-block-list\">\n<li><strong>Respeito pelo sil\u00eancio:<\/strong> Durante as performances mais intensas, especialmente durante um <em>canto flamenco<\/em> Seja um solo de guitarra ou qualquer outra coisa, o sil\u00eancio \u00e9 precioso. Deixe-se envolver pela emo\u00e7\u00e3o dos artistas e permitir que o som preencha o espa\u00e7o. Evite falar alto ou fazer barulho que possa distrair os m\u00fasicos ou outros espectadores.<\/li>\n\n\n\n<li><strong>Utiliza\u00e7\u00e3o de telefones celulares:<\/strong> Entendemos que voc\u00ea queira registrar o momento, mas pedimos que minimize o uso do celular durante o espet\u00e1culo. Fotos sem flash s\u00e3o geralmente aceit\u00e1veis, mas evite gravar v\u00eddeos longos ou manter o celular ligado o tempo todo. O ideal \u00e9 que voc\u00ea se desconecte e se entregue \u00e0 experi\u00eancia ao vivo. Lembre-se de que a verdadeira magia do flamenco reside no momento presente, n\u00e3o em uma tela.<\/li>\n\n\n\n<li><strong>Roupa:<\/strong> N\u00e3o h\u00e1 um c\u00f3digo de vestimenta r\u00edgido. Voc\u00ea pode se vestir confortavelmente, mas muitas pessoas optam por se vestir um pouco mais formalmente para a ocasi\u00e3o, especialmente se estiverem planejando um jantar. O importante \u00e9 que voc\u00ea se sinta confort\u00e1vel.<\/li>\n<\/ul>\n\n\n\n<h2 class=\"wp-block-heading\">Prepare-se para uma noite inesquec\u00edvel em Palma.<\/h2>\n\n\n\n<p class=\"wp-block-paragraph\">Voc\u00ea <strong>primeira vez num tablao flamenco<\/strong> \u00c9 muito mais do que assistir a um espet\u00e1culo; \u00e9 uma imers\u00e3o profunda na alma da Espanha. \u00c9 uma oportunidade de se conectar com uma forma de arte que evoluiu ao longo dos s\u00e9culos, nascida da fus\u00e3o de culturas e da express\u00e3o de emo\u00e7\u00f5es humanas universais.<\/p>\n\n\n\n<p class=\"wp-block-paragraph\">Em <a href=\"https:\/\/tablaoflamencoalma.com\/pt\/\"><strong>Tablao Flamenco Alma<\/strong><\/a>, Temos orgulho de lhe oferecer uma experi\u00eancia aut\u00eantica e memor\u00e1vel em <strong>Palma de Maiorca<\/strong>. Nosso compromisso \u00e9 apresentar o flamenco em sua forma mais pura, com artistas que vivem e respiram essa arte, em um ambiente intimista que lhe permitir\u00e1 sentir cada nota e cada movimento. <strong>Espet\u00e1culo de flamenco em Palma: o que esperar<\/strong> Em nosso espa\u00e7o dedicado ao flamenco, a promessa \u00e9 de paix\u00e3o, magia e uma noite que voc\u00ea jamais esquecer\u00e1.<\/p>\n\n\n\n<p class=\"wp-block-paragraph\">N\u00e3o deixe a curiosidade se prolongar. \u00c9 hora de vivenciar! <a href=\"https:\/\/tablaoflamencoalma.com\/pt\/uma-noite-magica-em-palma-flamenco-no-tablao-flamenco-alma-jantar-e-passeio\/\"><strong>Reserve j\u00e1 os seus bilhetes!<\/strong><\/a> Prepare-se para uma noite repleta de arte, emo\u00e7\u00e3o e a verdadeira alma do flamenco. Lembre-se, de acordo com nossa pol\u00edtica de <strong>cancelamento gratuito at\u00e9 24 horas antes<\/strong>, Voc\u00ea pode planejar sua visita com total tranquilidade.<\/p>\n\n\n\n<p class=\"wp-block-paragraph\">Aguardamos ansiosamente a sua presen\u00e7a em <a href=\"https:\/\/tablaoflamencoalma.com\/pt\/\"><strong>Tablao Flamenco Alma<\/strong><\/a> Para uma experi\u00eancia que tocar\u00e1 seu cora\u00e7\u00e3o!<\/p>","protected":false},"excerpt":{"rendered":"<p>\u00bfAlguna vez te has preguntado qu\u00e9 se siente al ser arrastrado por la pasi\u00f3n de un zapateado, la melancol\u00eda de un cante jondo o la maestr\u00eda de una guitarra flamenca? Si est\u00e1s planeando tu primera incursi\u00f3n en el fascinante mundo del flamenco en vivo, es natural sentir una mezcla de emoci\u00f3n y curiosidad. Un tablao [&hellip;]<\/p>\n","protected":false},"author":3,"featured_media":6021,"comment_status":"open","ping_status":"open","sticky":false,"template":"","format":"standard","meta":{"site-sidebar-layout":"default","site-content-layout":"","ast-site-content-layout":"default","site-content-style":"default","site-sidebar-style":"default","ast-global-header-display":"","ast-banner-title-visibility":"","ast-main-header-display":"","ast-hfb-above-header-display":"","ast-hfb-below-header-display":"","ast-hfb-mobile-header-display":"","site-post-title":"","ast-breadcrumbs-content":"","ast-featured-img":"","footer-sml-layout":"","theme-transparent-header-meta":"","adv-header-id-meta":"","stick-header-meta":"","header-above-stick-meta":"","header-main-stick-meta":"","header-below-stick-meta":"","astra-migrate-meta-layouts":"set","ast-page-background-enabled":"default","ast-page-background-meta":{"desktop":{"background-color":"var(--ast-global-color-4)","background-image":"","background-repeat":"repeat","background-position":"center center","background-size":"auto","background-attachment":"scroll","background-type":"","background-media":"","overlay-type":"","overlay-color":"","overlay-opacity":"","overlay-gradient":""},"tablet":{"background-color":"","background-image":"","background-repeat":"repeat","background-position":"center center","background-size":"auto","background-attachment":"scroll","background-type":"","background-media":"","overlay-type":"","overlay-color":"","overlay-opacity":"","overlay-gradient":""},"mobile":{"background-color":"","background-image":"","background-repeat":"repeat","background-position":"center center","background-size":"auto","background-attachment":"scroll","background-type":"","background-media":"","overlay-type":"","overlay-color":"","overlay-opacity":"","overlay-gradient":""}},"ast-content-background-meta":{"desktop":{"background-color":"var(--ast-global-color-5)","background-image":"","background-repeat":"repeat","background-position":"center center","background-size":"auto","background-attachment":"scroll","background-type":"","background-media":"","overlay-type":"","overlay-color":"","overlay-opacity":"","overlay-gradient":""},"tablet":{"background-color":"var(--ast-global-color-5)","background-image":"","background-repeat":"repeat","background-position":"center center","background-size":"auto","background-attachment":"scroll","background-type":"","background-media":"","overlay-type":"","overlay-color":"","overlay-opacity":"","overlay-gradient":""},"mobile":{"background-color":"var(--ast-global-color-5)","background-image":"","background-repeat":"repeat","background-position":"center center","background-size":"auto","background-attachment":"scroll","background-type":"","background-media":"","overlay-type":"","overlay-color":"","overlay-opacity":"","overlay-gradient":""}},"footnotes":""},"categories":[17],"tags":[],"class_list":["post-6020","post","type-post","status-publish","format-standard","has-post-thumbnail","hentry","category-general"],"yoast_head":"<!-- This site is optimized with the Yoast SEO plugin v28.4 - https:\/\/yoast.com\/product\/yoast-seo-wordpress\/ -->\n<title>Qu\u00e9 esperar en tu primera visita a un tablao flamenco - Tablao Flamenco Alma<\/title>\n<meta name=\"description\" content=\"Gu\u00eda definitiva para saber qu\u00e9 esperar en tu primera visita a un tablao flamenco y, lo m\u00e1s importante, c\u00f3mo disfrutar al m\u00e1ximo de cada instante en nuestro escenario\" \/>\n<meta name=\"robots\" content=\"index, follow, max-snippet:-1, max-image-preview:large, max-video-preview:-1\" \/>\n<link rel=\"canonical\" href=\"https:\/\/tablaoflamencoalma.com\/pt\/o-que-esperar-na-sua-primeira-visita-a-um-tablao-flamenco-aproveite-ao-maximo-no-tablao-flamenco-alma\/\" \/>\n<meta property=\"og:locale\" content=\"pt_PT\" \/>\n<meta property=\"og:type\" content=\"article\" \/>\n<meta property=\"og:title\" content=\"Qu\u00e9 esperar en tu primera visita a un tablao flamenco - Tablao Flamenco Alma\" \/>\n<meta property=\"og:description\" content=\"Gu\u00eda definitiva para saber qu\u00e9 esperar en tu primera visita a un tablao flamenco y, lo m\u00e1s importante, c\u00f3mo disfrutar al m\u00e1ximo de cada instante en nuestro escenario\" \/>\n<meta property=\"og:url\" content=\"https:\/\/tablaoflamencoalma.com\/pt\/o-que-esperar-na-sua-primeira-visita-a-um-tablao-flamenco-aproveite-ao-maximo-no-tablao-flamenco-alma\/\" \/>\n<meta property=\"og:site_name\" content=\"Tablao Flamenco Alma\" \/>\n<meta property=\"article:publisher\" content=\"https:\/\/www.facebook.com\/tablaoflamencoalma\" \/>\n<meta property=\"article:published_time\" content=\"2025-07-23T12:50:08+00:00\" \/>\n<meta property=\"article:modified_time\" content=\"2026-05-28T05:12:54+00:00\" \/>\n<meta property=\"og:image\" content=\"https:\/\/tablaoflamencoalma.com\/wp-content\/uploads\/2025\/07\/Que-esperar-en-tu-primera-visita-a-un-tablao-flamenco-portada-post.jpeg\" \/>\n\t<meta property=\"og:image:width\" content=\"1200\" \/>\n\t<meta property=\"og:image:height\" content=\"1600\" \/>\n\t<meta property=\"og:image:type\" content=\"image\/jpeg\" \/>\n<meta name=\"author\" content=\"Tablao Flamenco Alma\" \/>\n<meta name=\"twitter:card\" content=\"summary_large_image\" \/>\n<meta name=\"twitter:label1\" content=\"Escrito por\" \/>\n\t<meta name=\"twitter:data1\" content=\"Tablao Flamenco Alma\" \/>\n\t<meta name=\"twitter:label2\" content=\"Tempo estimado de leitura\" \/>\n\t<meta name=\"twitter:data2\" content=\"9 minutos\" \/>\n<script type=\"application\/ld+json\" class=\"yoast-schema-graph\">{\"@context\":\"https:\\\/\\\/schema.org\",\"@graph\":[{\"@type\":\"Article\",\"@id\":\"https:\\\/\\\/tablaoflamencoalma.com\\\/que-esperar-en-tu-primera-visita-a-un-tablao-flamenco-disfruta-al-maximo-en-tablao-flamenco-alma\\\/#article\",\"isPartOf\":{\"@id\":\"https:\\\/\\\/tablaoflamencoalma.com\\\/que-esperar-en-tu-primera-visita-a-un-tablao-flamenco-disfruta-al-maximo-en-tablao-flamenco-alma\\\/\"},\"author\":{\"name\":\"Tablao Flamenco Alma\",\"@id\":\"https:\\\/\\\/tablaoflamencoalma.com\\\/#\\\/schema\\\/person\\\/9d0c2a9a099918689427e2a0b2dd0f5c\"},\"headline\":\"Qu\u00e9 esperar en tu primera visita a un tablao flamenco\",\"datePublished\":\"2025-07-23T12:50:08+00:00\",\"dateModified\":\"2026-05-28T05:12:54+00:00\",\"mainEntityOfPage\":{\"@id\":\"https:\\\/\\\/tablaoflamencoalma.com\\\/que-esperar-en-tu-primera-visita-a-un-tablao-flamenco-disfruta-al-maximo-en-tablao-flamenco-alma\\\/\"},\"wordCount\":1977,\"commentCount\":0,\"publisher\":{\"@id\":\"https:\\\/\\\/tablaoflamencoalma.com\\\/#organization\"},\"image\":{\"@id\":\"https:\\\/\\\/tablaoflamencoalma.com\\\/que-esperar-en-tu-primera-visita-a-un-tablao-flamenco-disfruta-al-maximo-en-tablao-flamenco-alma\\\/#primaryimage\"},\"thumbnailUrl\":\"https:\\\/\\\/tablaoflamencoalma.com\\\/wp-content\\\/uploads\\\/2025\\\/07\\\/Que-esperar-en-tu-primera-visita-a-un-tablao-flamenco-portada-post.jpeg\",\"articleSection\":[\"General\"],\"inLanguage\":\"pt-PT\",\"potentialAction\":[{\"@type\":\"CommentAction\",\"name\":\"Comment\",\"target\":[\"https:\\\/\\\/tablaoflamencoalma.com\\\/que-esperar-en-tu-primera-visita-a-un-tablao-flamenco-disfruta-al-maximo-en-tablao-flamenco-alma\\\/#respond\"]}]},{\"@type\":\"WebPage\",\"@id\":\"https:\\\/\\\/tablaoflamencoalma.com\\\/que-esperar-en-tu-primera-visita-a-un-tablao-flamenco-disfruta-al-maximo-en-tablao-flamenco-alma\\\/\",\"url\":\"https:\\\/\\\/tablaoflamencoalma.com\\\/que-esperar-en-tu-primera-visita-a-un-tablao-flamenco-disfruta-al-maximo-en-tablao-flamenco-alma\\\/\",\"name\":\"Qu\u00e9 esperar en tu primera visita a un tablao flamenco - Tablao Flamenco Alma\",\"isPartOf\":{\"@id\":\"https:\\\/\\\/tablaoflamencoalma.com\\\/#website\"},\"primaryImageOfPage\":{\"@id\":\"https:\\\/\\\/tablaoflamencoalma.com\\\/que-esperar-en-tu-primera-visita-a-un-tablao-flamenco-disfruta-al-maximo-en-tablao-flamenco-alma\\\/#primaryimage\"},\"image\":{\"@id\":\"https:\\\/\\\/tablaoflamencoalma.com\\\/que-esperar-en-tu-primera-visita-a-un-tablao-flamenco-disfruta-al-maximo-en-tablao-flamenco-alma\\\/#primaryimage\"},\"thumbnailUrl\":\"https:\\\/\\\/tablaoflamencoalma.com\\\/wp-content\\\/uploads\\\/2025\\\/07\\\/Que-esperar-en-tu-primera-visita-a-un-tablao-flamenco-portada-post.jpeg\",\"datePublished\":\"2025-07-23T12:50:08+00:00\",\"dateModified\":\"2026-05-28T05:12:54+00:00\",\"description\":\"Gu\u00eda definitiva para saber qu\u00e9 esperar en tu primera visita a un tablao flamenco y, lo m\u00e1s importante, c\u00f3mo disfrutar al m\u00e1ximo de cada instante en nuestro escenario\",\"breadcrumb\":{\"@id\":\"https:\\\/\\\/tablaoflamencoalma.com\\\/que-esperar-en-tu-primera-visita-a-un-tablao-flamenco-disfruta-al-maximo-en-tablao-flamenco-alma\\\/#breadcrumb\"},\"inLanguage\":\"pt-PT\",\"potentialAction\":[{\"@type\":\"ReadAction\",\"target\":[\"https:\\\/\\\/tablaoflamencoalma.com\\\/que-esperar-en-tu-primera-visita-a-un-tablao-flamenco-disfruta-al-maximo-en-tablao-flamenco-alma\\\/\"]}]},{\"@type\":\"ImageObject\",\"inLanguage\":\"pt-PT\",\"@id\":\"https:\\\/\\\/tablaoflamencoalma.com\\\/que-esperar-en-tu-primera-visita-a-un-tablao-flamenco-disfruta-al-maximo-en-tablao-flamenco-alma\\\/#primaryimage\",\"url\":\"https:\\\/\\\/tablaoflamencoalma.com\\\/wp-content\\\/uploads\\\/2025\\\/07\\\/Que-esperar-en-tu-primera-visita-a-un-tablao-flamenco-portada-post.jpeg\",\"contentUrl\":\"https:\\\/\\\/tablaoflamencoalma.com\\\/wp-content\\\/uploads\\\/2025\\\/07\\\/Que-esperar-en-tu-primera-visita-a-un-tablao-flamenco-portada-post.jpeg\",\"width\":1200,\"height\":1600,\"caption\":\"Qu\u00e9 esperar en tu primera visita a un tablao flamenco portada post\"},{\"@type\":\"BreadcrumbList\",\"@id\":\"https:\\\/\\\/tablaoflamencoalma.com\\\/que-esperar-en-tu-primera-visita-a-un-tablao-flamenco-disfruta-al-maximo-en-tablao-flamenco-alma\\\/#breadcrumb\",\"itemListElement\":[{\"@type\":\"ListItem\",\"position\":1,\"name\":\"Portada\",\"item\":\"https:\\\/\\\/tablaoflamencoalma.com\\\/\"},{\"@type\":\"ListItem\",\"position\":2,\"name\":\"Qu\u00e9 esperar en tu primera visita a un tablao flamenco\"}]},{\"@type\":\"WebSite\",\"@id\":\"https:\\\/\\\/tablaoflamencoalma.com\\\/#website\",\"url\":\"https:\\\/\\\/tablaoflamencoalma.com\\\/\",\"name\":\"Tablao Flamenco Alma\",\"description\":\"Tablao Flamenco Alma\",\"publisher\":{\"@id\":\"https:\\\/\\\/tablaoflamencoalma.com\\\/#organization\"},\"potentialAction\":[{\"@type\":\"SearchAction\",\"target\":{\"@type\":\"EntryPoint\",\"urlTemplate\":\"https:\\\/\\\/tablaoflamencoalma.com\\\/?s={search_term_string}\"},\"query-input\":{\"@type\":\"PropertyValueSpecification\",\"valueRequired\":true,\"valueName\":\"search_term_string\"}}],\"inLanguage\":\"pt-PT\"},{\"@type\":\"Organization\",\"@id\":\"https:\\\/\\\/tablaoflamencoalma.com\\\/#organization\",\"name\":\"Tablao Flamenco Alma\",\"url\":\"https:\\\/\\\/tablaoflamencoalma.com\\\/\",\"logo\":{\"@type\":\"ImageObject\",\"inLanguage\":\"pt-PT\",\"@id\":\"https:\\\/\\\/tablaoflamencoalma.com\\\/#\\\/schema\\\/logo\\\/image\\\/\",\"url\":\"https:\\\/\\\/tablaoflamencoalma.com\\\/wp-content\\\/uploads\\\/2024\\\/01\\\/cropped-tablao-flamenco-alma-01-04.png\",\"contentUrl\":\"https:\\\/\\\/tablaoflamencoalma.com\\\/wp-content\\\/uploads\\\/2024\\\/01\\\/cropped-tablao-flamenco-alma-01-04.png\",\"width\":512,\"height\":512,\"caption\":\"Tablao Flamenco Alma\"},\"image\":{\"@id\":\"https:\\\/\\\/tablaoflamencoalma.com\\\/#\\\/schema\\\/logo\\\/image\\\/\"},\"sameAs\":[\"https:\\\/\\\/www.facebook.com\\\/tablaoflamencoalma\",\"https:\\\/\\\/www.instagram.com\\\/tablaoflamencoalma\"]},{\"@type\":\"Person\",\"@id\":\"https:\\\/\\\/tablaoflamencoalma.com\\\/#\\\/schema\\\/person\\\/9d0c2a9a099918689427e2a0b2dd0f5c\",\"name\":\"Tablao Flamenco Alma\",\"image\":{\"@type\":\"ImageObject\",\"inLanguage\":\"pt-PT\",\"@id\":\"https:\\\/\\\/tablaoflamencoalma.com\\\/wp-content\\\/litespeed\\\/avatar\\\/797b83aa1ddf30f355ead08e864f8dad.jpg?ver=1788140548\",\"url\":\"https:\\\/\\\/tablaoflamencoalma.com\\\/wp-content\\\/litespeed\\\/avatar\\\/797b83aa1ddf30f355ead08e864f8dad.jpg?ver=1788140548\",\"contentUrl\":\"https:\\\/\\\/tablaoflamencoalma.com\\\/wp-content\\\/litespeed\\\/avatar\\\/797b83aa1ddf30f355ead08e864f8dad.jpg?ver=1788140548\",\"caption\":\"Tablao Flamenco Alma\"},\"url\":\"https:\\\/\\\/tablaoflamencoalma.com\\\/pt\\\/author\\\/flamencoalma\\\/\"}]}<\/script>\n<!-- \/ Yoast SEO plugin. -->","yoast_head_json":{"title":"O que esperar na sua primeira visita a um tablao flamenco - Tablao Flamenco Alma","description":"O guia definitivo sobre o que esperar na sua primeira visita a um tablao flamenco e, mais importante, como aproveitar ao m\u00e1ximo cada momento no nosso palco.","robots":{"index":"index","follow":"follow","max-snippet":"max-snippet:-1","max-image-preview":"max-image-preview:large","max-video-preview":"max-video-preview:-1"},"canonical":"https:\/\/tablaoflamencoalma.com\/pt\/o-que-esperar-na-sua-primeira-visita-a-um-tablao-flamenco-aproveite-ao-maximo-no-tablao-flamenco-alma\/","og_locale":"pt_PT","og_type":"article","og_title":"Qu\u00e9 esperar en tu primera visita a un tablao flamenco - Tablao Flamenco Alma","og_description":"Gu\u00eda definitiva para saber qu\u00e9 esperar en tu primera visita a un tablao flamenco y, lo m\u00e1s importante, c\u00f3mo disfrutar al m\u00e1ximo de cada instante en nuestro escenario","og_url":"https:\/\/tablaoflamencoalma.com\/pt\/o-que-esperar-na-sua-primeira-visita-a-um-tablao-flamenco-aproveite-ao-maximo-no-tablao-flamenco-alma\/","og_site_name":"Tablao Flamenco Alma","article_publisher":"https:\/\/www.facebook.com\/tablaoflamencoalma","article_published_time":"2025-07-23T12:50:08+00:00","article_modified_time":"2026-05-28T05:12:54+00:00","og_image":[{"width":1200,"height":1600,"url":"https:\/\/tablaoflamencoalma.com\/wp-content\/uploads\/2025\/07\/Que-esperar-en-tu-primera-visita-a-un-tablao-flamenco-portada-post.jpeg","type":"image\/jpeg"}],"author":"Tablao Flamenco Alma","twitter_card":"summary_large_image","twitter_misc":{"Escrito por":"Tablao Flamenco Alma","Tempo estimado de leitura":"9 minutos"},"schema":{"@context":"https:\/\/schema.org","@graph":[{"@type":"Article","@id":"https:\/\/tablaoflamencoalma.com\/que-esperar-en-tu-primera-visita-a-un-tablao-flamenco-disfruta-al-maximo-en-tablao-flamenco-alma\/#article","isPartOf":{"@id":"https:\/\/tablaoflamencoalma.com\/que-esperar-en-tu-primera-visita-a-un-tablao-flamenco-disfruta-al-maximo-en-tablao-flamenco-alma\/"},"author":{"name":"Tablao Flamenco Alma","@id":"https:\/\/tablaoflamencoalma.com\/#\/schema\/person\/9d0c2a9a099918689427e2a0b2dd0f5c"},"headline":"Qu\u00e9 esperar en tu primera visita a un tablao flamenco","datePublished":"2025-07-23T12:50:08+00:00","dateModified":"2026-05-28T05:12:54+00:00","mainEntityOfPage":{"@id":"https:\/\/tablaoflamencoalma.com\/que-esperar-en-tu-primera-visita-a-un-tablao-flamenco-disfruta-al-maximo-en-tablao-flamenco-alma\/"},"wordCount":1977,"commentCount":0,"publisher":{"@id":"https:\/\/tablaoflamencoalma.com\/#organization"},"image":{"@id":"https:\/\/tablaoflamencoalma.com\/que-esperar-en-tu-primera-visita-a-un-tablao-flamenco-disfruta-al-maximo-en-tablao-flamenco-alma\/#primaryimage"},"thumbnailUrl":"https:\/\/tablaoflamencoalma.com\/wp-content\/uploads\/2025\/07\/Que-esperar-en-tu-primera-visita-a-un-tablao-flamenco-portada-post.jpeg","articleSection":["General"],"inLanguage":"pt-PT","potentialAction":[{"@type":"CommentAction","name":"Comment","target":["https:\/\/tablaoflamencoalma.com\/que-esperar-en-tu-primera-visita-a-un-tablao-flamenco-disfruta-al-maximo-en-tablao-flamenco-alma\/#respond"]}]},{"@type":"WebPage","@id":"https:\/\/tablaoflamencoalma.com\/que-esperar-en-tu-primera-visita-a-un-tablao-flamenco-disfruta-al-maximo-en-tablao-flamenco-alma\/","url":"https:\/\/tablaoflamencoalma.com\/que-esperar-en-tu-primera-visita-a-un-tablao-flamenco-disfruta-al-maximo-en-tablao-flamenco-alma\/","name":"O que esperar na sua primeira visita a um tablao flamenco - Tablao Flamenco Alma","isPartOf":{"@id":"https:\/\/tablaoflamencoalma.com\/#website"},"primaryImageOfPage":{"@id":"https:\/\/tablaoflamencoalma.com\/que-esperar-en-tu-primera-visita-a-un-tablao-flamenco-disfruta-al-maximo-en-tablao-flamenco-alma\/#primaryimage"},"image":{"@id":"https:\/\/tablaoflamencoalma.com\/que-esperar-en-tu-primera-visita-a-un-tablao-flamenco-disfruta-al-maximo-en-tablao-flamenco-alma\/#primaryimage"},"thumbnailUrl":"https:\/\/tablaoflamencoalma.com\/wp-content\/uploads\/2025\/07\/Que-esperar-en-tu-primera-visita-a-un-tablao-flamenco-portada-post.jpeg","datePublished":"2025-07-23T12:50:08+00:00","dateModified":"2026-05-28T05:12:54+00:00","description":"O guia definitivo sobre o que esperar na sua primeira visita a um tablao flamenco e, mais importante, como aproveitar ao m\u00e1ximo cada momento no nosso palco.","breadcrumb":{"@id":"https:\/\/tablaoflamencoalma.com\/que-esperar-en-tu-primera-visita-a-un-tablao-flamenco-disfruta-al-maximo-en-tablao-flamenco-alma\/#breadcrumb"},"inLanguage":"pt-PT","potentialAction":[{"@type":"ReadAction","target":["https:\/\/tablaoflamencoalma.com\/que-esperar-en-tu-primera-visita-a-un-tablao-flamenco-disfruta-al-maximo-en-tablao-flamenco-alma\/"]}]},{"@type":"ImageObject","inLanguage":"pt-PT","@id":"https:\/\/tablaoflamencoalma.com\/que-esperar-en-tu-primera-visita-a-un-tablao-flamenco-disfruta-al-maximo-en-tablao-flamenco-alma\/#primaryimage","url":"https:\/\/tablaoflamencoalma.com\/wp-content\/uploads\/2025\/07\/Que-esperar-en-tu-primera-visita-a-un-tablao-flamenco-portada-post.jpeg","contentUrl":"https:\/\/tablaoflamencoalma.com\/wp-content\/uploads\/2025\/07\/Que-esperar-en-tu-primera-visita-a-un-tablao-flamenco-portada-post.jpeg","width":1200,"height":1600,"caption":"Qu\u00e9 esperar en tu primera visita a un tablao flamenco portada post"},{"@type":"BreadcrumbList","@id":"https:\/\/tablaoflamencoalma.com\/que-esperar-en-tu-primera-visita-a-un-tablao-flamenco-disfruta-al-maximo-en-tablao-flamenco-alma\/#breadcrumb","itemListElement":[{"@type":"ListItem","position":1,"name":"Portada","item":"https:\/\/tablaoflamencoalma.com\/"},{"@type":"ListItem","position":2,"name":"Qu\u00e9 esperar en tu primera visita a un tablao flamenco"}]},{"@type":"WebSite","@id":"https:\/\/tablaoflamencoalma.com\/#website","url":"https:\/\/tablaoflamencoalma.com\/","name":"Tablao Flamenco Alma","description":"Tablao Flamenco Alma","publisher":{"@id":"https:\/\/tablaoflamencoalma.com\/#organization"},"potentialAction":[{"@type":"SearchAction","target":{"@type":"EntryPoint","urlTemplate":"https:\/\/tablaoflamencoalma.com\/?s={search_term_string}"},"query-input":{"@type":"PropertyValueSpecification","valueRequired":true,"valueName":"search_term_string"}}],"inLanguage":"pt-PT"},{"@type":"Organization","@id":"https:\/\/tablaoflamencoalma.com\/#organization","name":"Tablao Flamenco Alma","url":"https:\/\/tablaoflamencoalma.com\/","logo":{"@type":"ImageObject","inLanguage":"pt-PT","@id":"https:\/\/tablaoflamencoalma.com\/#\/schema\/logo\/image\/","url":"https:\/\/tablaoflamencoalma.com\/wp-content\/uploads\/2024\/01\/cropped-tablao-flamenco-alma-01-04.png","contentUrl":"https:\/\/tablaoflamencoalma.com\/wp-content\/uploads\/2024\/01\/cropped-tablao-flamenco-alma-01-04.png","width":512,"height":512,"caption":"Tablao Flamenco Alma"},"image":{"@id":"https:\/\/tablaoflamencoalma.com\/#\/schema\/logo\/image\/"},"sameAs":["https:\/\/www.facebook.com\/tablaoflamencoalma","https:\/\/www.instagram.com\/tablaoflamencoalma"]},{"@type":"Person","@id":"https:\/\/tablaoflamencoalma.com\/#\/schema\/person\/9d0c2a9a099918689427e2a0b2dd0f5c","name":"Tablao Flamenco Alma","image":{"@type":"ImageObject","inLanguage":"pt-PT","@id":"https:\/\/tablaoflamencoalma.com\/wp-content\/litespeed\/avatar\/797b83aa1ddf30f355ead08e864f8dad.jpg?ver=1788140548","url":"https:\/\/tablaoflamencoalma.com\/wp-content\/litespeed\/avatar\/797b83aa1ddf30f355ead08e864f8dad.jpg?ver=1788140548","contentUrl":"https:\/\/tablaoflamencoalma.com\/wp-content\/litespeed\/avatar\/797b83aa1ddf30f355ead08e864f8dad.jpg?ver=1788140548","caption":"Tablao Flamenco Alma"},"url":"https:\/\/tablaoflamencoalma.com\/pt\/author\/flamencoalma\/"}]}},"_links":{"self":[{"href":"https:\/\/tablaoflamencoalma.com\/pt\/wp-json\/wp\/v2\/posts\/6020","targetHints":{"allow":["GET"]}}],"collection":[{"href":"https:\/\/tablaoflamencoalma.com\/pt\/wp-json\/wp\/v2\/posts"}],"about":[{"href":"https:\/\/tablaoflamencoalma.com\/pt\/wp-json\/wp\/v2\/types\/post"}],"author":[{"embeddable":true,"href":"https:\/\/tablaoflamencoalma.com\/pt\/wp-json\/wp\/v2\/users\/3"}],"replies":[{"embeddable":true,"href":"https:\/\/tablaoflamencoalma.com\/pt\/wp-json\/wp\/v2\/comments?post=6020"}],"version-history":[{"count":2,"href":"https:\/\/tablaoflamencoalma.com\/pt\/wp-json\/wp\/v2\/posts\/6020\/revisions"}],"predecessor-version":[{"id":7522,"href":"https:\/\/tablaoflamencoalma.com\/pt\/wp-json\/wp\/v2\/posts\/6020\/revisions\/7522"}],"wp:featuredmedia":[{"embeddable":true,"href":"https:\/\/tablaoflamencoalma.com\/pt\/wp-json\/wp\/v2\/media\/6021"}],"wp:attachment":[{"href":"https:\/\/tablaoflamencoalma.com\/pt\/wp-json\/wp\/v2\/media?parent=6020"}],"wp:term":[{"taxonomy":"category","embeddable":true,"href":"https:\/\/tablaoflamencoalma.com\/pt\/wp-json\/wp\/v2\/categories?post=6020"},{"taxonomy":"post_tag","embeddable":true,"href":"https:\/\/tablaoflamencoalma.com\/pt\/wp-json\/wp\/v2\/tags?post=6020"}],"curies":[{"name":"wp","href":"https:\/\/api.w.org\/{rel}","templated":true}]}}