{"id":5410,"date":"2025-06-24T10:48:23","date_gmt":"2025-06-24T09:48:23","guid":{"rendered":"https:\/\/tablaoflamencoalma.com\/?p=5410"},"modified":"2026-06-02T08:49:09","modified_gmt":"2026-06-02T07:49:09","slug":"a-voz-da-alma-desvendando-a-importancia-do-cante-no-flamenco-autentico-de-palma-de-maiorca","status":"publish","type":"post","link":"https:\/\/tablaoflamencoalma.com\/pt\/la-voz-del-alma-desvelando-la-importancia-del-cante-en-el-flamenco-autentico-de-palma-de-mallorca\/","title":{"rendered":"A voz da alma: o aut\u00eantico canto flamenco em Palma"},"content":{"rendered":"<p class=\"wp-block-paragraph\">Voc\u00ea j\u00e1 se perguntou o que realmente te d\u00e1 arrepios em um... <strong>show de flamenco<\/strong>Qual \u00e9 o elemento da alma que conecta o dan\u00e7arino ao guitarrista e o p\u00fablico \u00e0 ess\u00eancia desta arte ancestral? No fascinante universo do flamenco, onde a paix\u00e3o \u00e9 dan\u00e7ada, tocada e, sobretudo, cantada, existe uma figura que muitas vezes se torna o epicentro de toda a emo\u00e7\u00e3o: o cantor.<\/p>\n\n\n\n<p class=\"wp-block-paragraph\"><\/p>\n\n\n\n<p class=\"wp-block-paragraph\">O <strong>canto flamenco<\/strong> N\u00e3o \u00e9 apenas mais uma parte de <em>desempenho<\/em>; \u00c9 a raiz, o pilar fundamental e a express\u00e3o mais pura desta arte, declarada Patrim\u00f4nio Cultural Imaterial da Humanidade. \u00c9 a voz da alma, o fio que tece a hist\u00f3ria de cada verso e cada compasso, conduzindo o p\u00fablico a uma jornada emocional sem precedentes. Atrav\u00e9s de seus lamentos e letras profundas, o cantor de flamenco se torna uma ponte entre a tradi\u00e7\u00e3o e a emo\u00e7\u00e3o visceral.<\/p>\n\n\n\n<p class=\"wp-block-paragraph\"><\/p>\n\n\n\n<p class=\"wp-block-paragraph\">Neste artigo, revelaremos por que <strong>cantar em flamenco<\/strong> \u00c9 crucial como isso se entrela\u00e7a de forma insepar\u00e1vel com a dan\u00e7a e o viol\u00e3o, e por que uma autenticidade <strong>espect\u00e1culo de flamenco ao vivo<\/strong>, como as que oferecemos em <a href=\"https:\/\/tablaoflamencoalma.com\/pt\/\"><strong>Tablao Flamenco Alma em Palma de Maiorca<\/strong><\/a>, N\u00e3o seria a mesma coisa sem ele. Convidamos voc\u00ea a descobrir a magia escondida por tr\u00e1s de cada nota vocal e a se preparar para vivenciar essa import\u00e2ncia ao vivo em nossos shows.<\/p>\n\n\n\n<p class=\"wp-block-paragraph\"><\/p>\n\n\n\n<h2 class=\"wp-block-heading\">O canto: o cora\u00e7\u00e3o que pulsa em cada ritmo flamenco<\/h2>\n\n\n\n<p class=\"wp-block-paragraph\">O flamenco, em sua ess\u00eancia, \u00e9 um di\u00e1logo. Um di\u00e1logo \u00edntimo e visceral entre o cantor, o dan\u00e7arino e o guitarrista, orquestrado pela pulsa\u00e7\u00e3o inabal\u00e1vel do ritmo. E no cora\u00e7\u00e3o desse di\u00e1logo, o <strong>canto flamenco<\/strong> Ela surge como a voz da consci\u00eancia, a pulsa\u00e7\u00e3o que marca o in\u00edcio e o fim de cada suspiro art\u00edstico.<\/p>\n\n\n\n<h2 class=\"wp-block-heading\">Al\u00e9m da voz: Sentimento puro e transmiss\u00e3o de emo\u00e7\u00f5es<\/h2>\n\n\n\n<p class=\"wp-block-paragraph\">Quando falamos sobre <strong>canto flamenco<\/strong>, N\u00e3o estamos nos referindo simplesmente a uma melodia ou a uma letra bonita. Estamos nos referindo a uma transmiss\u00e3o de sentimentos t\u00e3o crus e aut\u00eanticos que podem te comover at\u00e9 o \u00e2mago do seu ser. O cantor de flamenco \u00e9 um cronista da vida, um contador de hist\u00f3rias cujas narrativas s\u00e3o expressas atrav\u00e9s da modula\u00e7\u00e3o da sua voz, das pausas, do... <em>lamenta\u00e7\u00e3o<\/em> e o <em>ajuste<\/em>.<\/p>\n\n\n\n<p class=\"wp-block-paragraph\">O <strong>lamenta\u00e7\u00e3o<\/strong>, Esse som, que parece surgir das profundezas do ser, \u00e9 um grito ancestral de tristeza, ang\u00fastia ou alegria incontida. N\u00e3o se aprende na escola; sente-se, herda-se e vive-se. \u00c9 a manifesta\u00e7\u00e3o mais direta de... <em>duende<\/em> O flamenco, essa for\u00e7a inef\u00e1vel que transforma o mundano em m\u00e1gico. Cada cantor imprime sua pr\u00f3pria marca, sua pr\u00f3pria alma, no canto, tornando cada apresenta\u00e7\u00e3o \u00fanica e irrepet\u00edvel. <em>ajuste<\/em> N\u00e3o se trata apenas da entona\u00e7\u00e3o correta; trata-se da capacidade de manter a tens\u00e3o e a emo\u00e7\u00e3o em cada nota, mesmo nas passagens mais melism\u00e1ticas e ornamentadas.<\/p>\n\n\n\n<p class=\"wp-block-paragraph\">A <strong>voz flamenca<\/strong> Possui uma qualidade \u00fanica, uma aspereza e uma do\u00e7ura que se alternam para pintar paisagens emocionais complexas. Pode ser visceral e profunda, evocando a terra e o sofrimento, ou clara e vibrante, celebrando a vida e a festividade. Essa dualidade \u00e9 o que lhe confere riqueza e capacidade de se conectar com o ouvinte, independentemente de sua origem ou idioma. \u00c9 uma <strong>emo\u00e7\u00e3o flamenca<\/strong> que transcende barreiras culturais e lingu\u00edsticas. \u00c9 uma forma de narrativa pura, onde cada nota, cada sil\u00eancio e cada eco vocal contam uma hist\u00f3ria de gera\u00e7\u00f5es, de resist\u00eancia, de amor e de perda.<\/p>\n\n\n\n<h2 class=\"wp-block-heading\">O di\u00e1logo invis\u00edvel: Can\u00e7\u00e3o, dan\u00e7a e guitarra em perfeita sincronia.<\/h2>\n\n\n\n<p class=\"wp-block-paragraph\">O flamenco \u00e9 um ecossistema onde cada elemento nutre os outros. E neste intrincado bal\u00e9 dos sentidos, o canto assume o papel de um diretor invis\u00edvel, um timoneiro que guia o navio da express\u00e3o art\u00edstica. N\u00e3o se trata meramente de uma sucess\u00e3o de performances individuais, mas de uma conversa improvisada e espont\u00e2nea onde cada artista se alimenta do outro.<\/p>\n\n\n\n<p class=\"wp-block-paragraph\">O cantor, com sua voz, define o ritmo, a batida e a intensidade da performance. O dan\u00e7arino, com seus passos e movimentos de bra\u00e7o, responde a esse chamado, traduzindo as emo\u00e7\u00f5es vocais em movimento. Seus passos podem ser uma explos\u00e3o de f\u00faria ou um sussurro de alegria, sempre em perfeita resson\u00e2ncia com a voz que o inspira. O guitarrista, por sua vez, tece um acompanhamento magistral, preenchendo os espa\u00e7os, criando atmosferas e, por vezes, antecipando ou seguindo a improvisa\u00e7\u00e3o do cantor, numa demonstra\u00e7\u00e3o de cumplicidade e maestria.<\/p>\n\n\n\n<p class=\"wp-block-paragraph\">Essa sincronia n\u00e3o \u00e9 resultado de ensaios meticulosos e preestabelecidos, mas de anos de escuta, experi\u00eancia e uma profunda conex\u00e3o com a arte do flamenco. \u00c9 uma dan\u00e7a de intui\u00e7\u00e3o, onde um olhar, um gesto ou uma mudan\u00e7a no tom de voz do cantor podem transformar o rumo da apresenta\u00e7\u00e3o em segundos. \u00c9 essa intera\u00e7\u00e3o constante, essa interdepend\u00eancia, que torna cada apresenta\u00e7\u00e3o \u00fanica. <strong>Show de flamenco em Palma de Maiorca<\/strong> em um <strong>teatro de flamenco em Maiorca<\/strong> Ser\u00e1 uma experi\u00eancia vibrante e emocionante. <strong>cantar em flamenco<\/strong> \u00c9 o fio invis\u00edvel que une a todos, criando uma unidade art\u00edstica que \u00e9 muito mais do que a soma de suas partes.<\/p>\n\n\n\n<h2 class=\"wp-block-heading\">A variedade do canto flamenco: estilos flamencos e suas nuances<\/h2>\n\n\n\n<p class=\"wp-block-paragraph\">A riqueza de <strong>canto flamenco<\/strong> Isso se manifesta em sua incr\u00edvel diversidade de &quot;palos&quot; ou estilos. Cada palo \u00e9 um universo em si, com sua pr\u00f3pria estrutura m\u00e9trica, temas, harmonia e carga emocional. Da solenidade e profundo lamento do <strong>Seguiriya<\/strong> ou a <strong>Sole\u00e1<\/strong>, que mergulham na dor e na trag\u00e9dia da exist\u00eancia, at\u00e9 a alegria e vivacidade transbordantes do <strong>Alegrias<\/strong> ou o <strong>Bul\u00e9rias<\/strong>, que convidam \u00e0 celebra\u00e7\u00e3o e \u00e0 folia.<\/p>\n\n\n\n<p class=\"wp-block-paragraph\">Uma verdadeira cantora de flamenco n\u00e3o apenas domina a t\u00e9cnica vocal, mas tamb\u00e9m compreende a ess\u00eancia de cada estilo, sabendo quando e como aplic\u00e1-lo para evocar a emo\u00e7\u00e3o desejada. A escolha do estilo n\u00e3o \u00e9 aleat\u00f3ria; \u00e9 uma decis\u00e3o art\u00edstica que responde ao momento, \u00e0 inspira\u00e7\u00e3o e ao di\u00e1logo com a bailarina e o guitarrista. Esse dom\u00ednio das varia\u00e7\u00f5es e a capacidade de transitar entre diferentes emo\u00e7\u00f5es e ritmos \u00e9 o que confere riqueza e profundidade incompar\u00e1veis a cada apresenta\u00e7\u00e3o. <strong>cantar em flamenco<\/strong>. \u00c9 atrav\u00e9s dessa variedade que o flamenco se revela como uma arte viva, adapt\u00e1vel e em constante evolu\u00e7\u00e3o, sempre enraizada em suas tradi\u00e7\u00f5es, mas aberta a novas interpreta\u00e7\u00f5es.<\/p>\n\n\n\n<h2 class=\"wp-block-heading\">A magia do duende: quando o canto quebra barreiras<\/h2>\n\n\n\n<p class=\"wp-block-paragraph\">No l\u00e9xico do flamenco, existe uma palavra que encapsula a ess\u00eancia inef\u00e1vel dessa arte: o <strong>\u201c&quot;duende&quot;\u201d<\/strong>. Federico Garc\u00eda Lorca descreveu-o como \u201cuma for\u00e7a misteriosa que todos sentem e nenhum fil\u00f3sofo consegue explicar\u201d. N\u00e3o \u00e9 t\u00e9cnica, n\u00e3o \u00e9 estilo, n\u00e3o \u00e9 inspira\u00e7\u00e3o, embora tudo isso seja necess\u00e1rio. O duende \u00e9 algo mais, algo que emerge da parte mais profunda do artista e que, quando se manifesta, \u00e9 capaz de conduzir o p\u00fablico a uma experi\u00eancia transcendental, quase espiritual.<\/p>\n\n\n\n<p class=\"wp-block-paragraph\">E nessa manifesta\u00e7\u00e3o do duende, o <strong>canto flamenco<\/strong> \u00c9, sem d\u00favida, o ve\u00edculo principal. \u00c9 na voz do cantor, em seu grito dilacerante, em seu lamento profundo ou em sua explos\u00e3o de alegria, que o duende (esp\u00edrito) geralmente se manifesta de forma mais palp\u00e1vel. Quando um cantor &quot;tem duende&quot;, sua voz transcende o puramente musical; torna-se um eco da experi\u00eancia humana, conectando-se diretamente com as emo\u00e7\u00f5es mais primordiais do ouvinte.<\/p>\n\n\n\n<p class=\"wp-block-paragraph\">\u00c9 aquela fa\u00edsca inexplic\u00e1vel que torna uma performance, por mais tecnicamente imperfeita que seja, infinitamente mais emocionante do que uma impec\u00e1vel, por\u00e9m sem alma. Essa magia \u00e9 o que torna cada apresenta\u00e7\u00e3o \u00fanica e irrepet\u00edvel, um momento de magia compartilhada entre o artista e o p\u00fablico, onde o tempo parece parar e a realidade se dissolve na intensidade da arte. \u00c9 um fen\u00f4meno que s\u00f3 pode ser compreendido ao vivenci\u00e1-lo ao vivo, sentindo a vibra\u00e7\u00e3o no ar e a energia do p\u00fablico. <strong>emo\u00e7\u00e3o flamenca<\/strong> em cada poro da pele.<\/p>\n\n\n\n<h2 class=\"wp-block-heading\">Vivencie a intensidade do canto flamenco no Tablao Flamenco Alma em Palma de Maiorca.<\/h2>\n\n\n\n<p class=\"wp-block-paragraph\">Compreender a teoria e a hist\u00f3ria de <strong>cantar em flamenco<\/strong> \u00c9 um primeiro passo, mas para realmente entender, voc\u00ea precisa vivenciar. E n\u00e3o h\u00e1 lugar melhor para isso do que em uma experi\u00eancia aut\u00eantica. <strong>espect\u00e1culo de flamenco ao vivo<\/strong> como <a href=\"https:\/\/tablaoflamencoalma.com\/pt\/\"><strong>Tablao Flamenco Alma<\/strong><\/a>, Localizado no cora\u00e7\u00e3o de Palma de Maiorca, aqui, o canto flamenco n\u00e3o \u00e9 apenas parte do espet\u00e1culo; \u00e9 a alma que pulsa em cada apresenta\u00e7\u00e3o, o batimento card\u00edaco que conecta os artistas ao p\u00fablico e a tradi\u00e7\u00e3o \u00e0 emo\u00e7\u00e3o do presente.<\/p>\n\n\n\n<p class=\"wp-block-paragraph\">Em <a href=\"https:\/\/tablaoflamencoalma.com\/pt\/\"><strong>Tablao Flamenco Alma<\/strong><\/a>, O canto \u00e9 tratado com a rever\u00eancia que merece. Contamos com um elenco de cantores de qualidade excepcional, artistas que n\u00e3o s\u00f3 possuem t\u00e9cnica impec\u00e1vel, como tamb\u00e9m a capacidade de transmitir a ess\u00eancia mais profunda do flamenco. Sua experi\u00eancia e paix\u00e3o se refletem em cada nota, em cada movimento. <em>lamenta\u00e7\u00e3o<\/em>, a cada respira\u00e7\u00e3o, fazendo o <strong>voz flamenca<\/strong> preencha cada canto do nosso espa\u00e7o.<\/p>\n\n\n\n<p class=\"wp-block-paragraph\">Experimente o <strong>canto flamenco<\/strong> ao vivo em nosso <a href=\"https:\/\/tablaoflamencoalma.com\/pt\/uma-noite-magica-em-palma-flamenco-no-tablao-flamenco-alma-jantar-e-passeio\/\"><strong>teatro de flamenco em Maiorca<\/strong><\/a> Oferece uma intimidade e autenticidade que nenhuma grava\u00e7\u00e3o consegue replicar. A proximidade com os artistas permite apreciar cada nuance de suas vozes, cada gesto, cada express\u00e3o facial. Voc\u00ea sente a vibra\u00e7\u00e3o do ar, a energia que emana do palco e a conex\u00e3o estabelecida com os artistas. \u00c9 uma experi\u00eancia imersiva que te envolve e te transporta.<\/p>\n\n\n\n<p class=\"wp-block-paragraph\">Convidamos voc\u00ea a mergulhar nesta atmosfera \u00fanica e testemunhar a magia de <strong>canto flamenco<\/strong> em <a href=\"https:\/\/tablaoflamencoalma.com\/pt\/uma-noite-magica-em-palma-flamenco-no-tablao-flamenco-alma-jantar-e-passeio\/\"><strong>Tablao Flamenco Alma<\/strong><\/a>. Para tornar sua experi\u00eancia perfeita, oferecemos:<\/p>\n\n\n\n<ul class=\"wp-block-list\">\n<li><strong>Cancelamento gratuito at\u00e9 24 horas antes:<\/strong> Como sabemos que os planos podem mudar, oferecemos-lhe... <strong>reembolso total<\/strong> Se precisar cancelar com anteced\u00eancia.<\/li>\n\n\n\n<li><strong>Assist\u00eancia a partir de 1 hora antes do in\u00edcio do espet\u00e1culo:<\/strong> Chegue cedo para escolher seu lugar, aproveitar o ambiente e se preparar para uma noite inesquec\u00edvel.<\/li>\n\n\n\n<li><strong>Dura\u00e7\u00e3o do espet\u00e1culo: 1 hora<\/strong> Uma hora de pura paix\u00e3o e arte que passar\u00e1 voando.<\/li>\n\n\n\n<li><strong>Idiomas do host:<\/strong> Nossa equipe estar\u00e1 \u00e0 disposi\u00e7\u00e3o para atend\u00ea-lo em espanhol ou ingl\u00eas, garantindo uma recep\u00e7\u00e3o calorosa e acess\u00edvel a todos os nossos visitantes internacionais.<\/li>\n\n\n\n<li><strong>Acesso para cadeirantes:<\/strong> Temos orgulho de ser um espa\u00e7o inclusivo e acess\u00edvel a todos.<\/li>\n\n\n\n<li><strong>1 bebida inclu\u00edda no bilhete:<\/strong> Para celebrar a arte, seu ingresso inclui uma cerveja, vinho, refrigerante, cava ou sangria.<\/li>\n\n\n\n<li><strong>Servi\u00e7o de refei\u00e7\u00f5es:<\/strong> Al\u00e9m disso, oferecemos um servi\u00e7o de alimenta\u00e7\u00e3o delicioso para complementar sua experi\u00eancia gastron\u00f4mica e cultural.<\/li>\n<\/ul>\n\n\n\n<p class=\"wp-block-paragraph\">O <strong>canto flamenco<\/strong> \u00c9, sem d\u00favida, a espinha dorsal do flamenco, a pulsa\u00e7\u00e3o que d\u00e1 vida a cada dan\u00e7a e a cada dedilhado de guitarra. \u00c9 a manifesta\u00e7\u00e3o mais pura da emo\u00e7\u00e3o, da hist\u00f3ria e da tradi\u00e7\u00e3o de uma arte que transcende fronteiras. Compreender a sua import\u00e2ncia \u00e9 o primeiro passo para apreciar a profundidade e a complexidade desta arte universal.<\/p>\n\n\n\n<p class=\"wp-block-paragraph\">N\u00e3o fique s\u00f3 ouvindo falar, vivencie. <a href=\"https:\/\/tablaoflamencoalma.com\/pt\/\"><strong>Tablao Flamenco Alma<\/strong><\/a>, Convidamos voc\u00ea a mergulhar nas profundezas. <strong>emo\u00e7\u00e3o flamenca<\/strong> do canto flamenco no cora\u00e7\u00e3o de Palma de Maiorca. Deixe-se levar pelo <strong>voz flamenca<\/strong> que tocar\u00e1 sua alma e descobrir\u00e1 por si mesmo o porqu\u00ea <strong>cantar em flamenco<\/strong> Essa \u00e9 a chave para a sua grandeza.<\/p>\n\n\n\n<p class=\"wp-block-paragraph\">Pronto para sentir a magia? Convidamos voc\u00ea para <strong>Descubra mais sobre o nosso Alma Flamenco Tablao<\/strong> j\u00e1 <a href=\"https:\/\/tablaoflamencoalma.com\/pt\/uma-noite-magica-em-palma-flamenco-no-tablao-flamenco-alma-jantar-e-passeio\/\"><strong>Reserve j\u00e1 os seus bilhetes<\/strong><\/a> Confira nossa programa\u00e7\u00e3o de espet\u00e1culos. Embarque em uma jornada inesquec\u00edvel pela alma do flamenco.<\/p>\n\n\n\n<p class=\"wp-block-paragraph\">Estamos esperando que voc\u00ea sinta a magia!<\/p>","protected":false},"excerpt":{"rendered":"<p>\u00bfAlguna vez te has preguntado qu\u00e9 es lo que realmente te eriza la piel en un espect\u00e1culo de flamenco? \u00bfQu\u00e9 elemento es el alma que conecta al bailaor con el guitarrista y al p\u00fablico con la esencia de este arte ancestral? En el fascinante universo del flamenco, donde la pasi\u00f3n se baila, se toca y, [&hellip;]<\/p>\n","protected":false},"author":3,"featured_media":5411,"comment_status":"open","ping_status":"open","sticky":false,"template":"","format":"standard","meta":{"site-sidebar-layout":"default","site-content-layout":"","ast-site-content-layout":"default","site-content-style":"default","site-sidebar-style":"default","ast-global-header-display":"","ast-banner-title-visibility":"","ast-main-header-display":"","ast-hfb-above-header-display":"","ast-hfb-below-header-display":"","ast-hfb-mobile-header-display":"","site-post-title":"","ast-breadcrumbs-content":"","ast-featured-img":"","footer-sml-layout":"","theme-transparent-header-meta":"","adv-header-id-meta":"","stick-header-meta":"","header-above-stick-meta":"","header-main-stick-meta":"","header-below-stick-meta":"","astra-migrate-meta-layouts":"set","ast-page-background-enabled":"default","ast-page-background-meta":{"desktop":{"background-color":"var(--ast-global-color-4)","background-image":"","background-repeat":"repeat","background-position":"center center","background-size":"auto","background-attachment":"scroll","background-type":"","background-media":"","overlay-type":"","overlay-color":"","overlay-opacity":"","overlay-gradient":""},"tablet":{"background-color":"","background-image":"","background-repeat":"repeat","background-position":"center center","background-size":"auto","background-attachment":"scroll","background-type":"","background-media":"","overlay-type":"","overlay-color":"","overlay-opacity":"","overlay-gradient":""},"mobile":{"background-color":"","background-image":"","background-repeat":"repeat","background-position":"center center","background-size":"auto","background-attachment":"scroll","background-type":"","background-media":"","overlay-type":"","overlay-color":"","overlay-opacity":"","overlay-gradient":""}},"ast-content-background-meta":{"desktop":{"background-color":"var(--ast-global-color-5)","background-image":"","background-repeat":"repeat","background-position":"center center","background-size":"auto","background-attachment":"scroll","background-type":"","background-media":"","overlay-type":"","overlay-color":"","overlay-opacity":"","overlay-gradient":""},"tablet":{"background-color":"var(--ast-global-color-5)","background-image":"","background-repeat":"repeat","background-position":"center center","background-size":"auto","background-attachment":"scroll","background-type":"","background-media":"","overlay-type":"","overlay-color":"","overlay-opacity":"","overlay-gradient":""},"mobile":{"background-color":"var(--ast-global-color-5)","background-image":"","background-repeat":"repeat","background-position":"center center","background-size":"auto","background-attachment":"scroll","background-type":"","background-media":"","overlay-type":"","overlay-color":"","overlay-opacity":"","overlay-gradient":""}},"footnotes":""},"categories":[11],"tags":[],"class_list":["post-5410","post","type-post","status-publish","format-standard","has-post-thumbnail","hentry","category-el-flamenco"],"yoast_head":"<!-- This site is optimized with the Yoast SEO plugin v28.4 - https:\/\/yoast.com\/product\/yoast-seo-wordpress\/ -->\n<title>La voz del alma: el cante flamenco aut\u00e9ntico en Palma - Tablao Flamenco Alma<\/title>\n<meta name=\"description\" content=\"El cante es el alma del flamenco. Descubre su fuerza y emoci\u00f3n en cada espect\u00e1culo en vivo de Tablao Flamenco Alma, en Palma.\" \/>\n<meta name=\"robots\" content=\"index, follow, max-snippet:-1, max-image-preview:large, max-video-preview:-1\" \/>\n<link rel=\"canonical\" href=\"https:\/\/tablaoflamencoalma.com\/pt\/a-voz-da-alma-desvendando-a-importancia-do-cante-no-flamenco-autentico-de-palma-de-maiorca\/\" \/>\n<meta property=\"og:locale\" content=\"pt_PT\" \/>\n<meta property=\"og:type\" content=\"article\" \/>\n<meta property=\"og:title\" content=\"La voz del alma: el cante flamenco aut\u00e9ntico en Palma - Tablao Flamenco Alma\" \/>\n<meta property=\"og:description\" content=\"El cante es el alma del flamenco. Descubre su fuerza y emoci\u00f3n en cada espect\u00e1culo en vivo de Tablao Flamenco Alma, en Palma.\" \/>\n<meta property=\"og:url\" content=\"https:\/\/tablaoflamencoalma.com\/pt\/a-voz-da-alma-desvendando-a-importancia-do-cante-no-flamenco-autentico-de-palma-de-maiorca\/\" \/>\n<meta property=\"og:site_name\" content=\"Tablao Flamenco Alma\" \/>\n<meta property=\"article:publisher\" content=\"https:\/\/www.facebook.com\/tablaoflamencoalma\" \/>\n<meta property=\"article:published_time\" content=\"2025-06-24T09:48:23+00:00\" \/>\n<meta property=\"article:modified_time\" content=\"2026-06-02T07:49:09+00:00\" \/>\n<meta property=\"og:image\" content=\"https:\/\/tablaoflamencoalma.com\/wp-content\/uploads\/2025\/06\/La-voz-del-alma-el-cante-flamenco-post-scaled.jpg\" \/>\n\t<meta property=\"og:image:width\" content=\"2560\" \/>\n\t<meta property=\"og:image:height\" content=\"1707\" \/>\n\t<meta property=\"og:image:type\" content=\"image\/jpeg\" \/>\n<meta name=\"author\" content=\"Tablao Flamenco Alma\" \/>\n<meta name=\"twitter:card\" content=\"summary_large_image\" \/>\n<meta name=\"twitter:label1\" content=\"Escrito por\" \/>\n\t<meta name=\"twitter:data1\" content=\"Tablao Flamenco Alma\" \/>\n\t<meta name=\"twitter:label2\" content=\"Tempo estimado de leitura\" \/>\n\t<meta name=\"twitter:data2\" content=\"9 minutos\" \/>\n<script type=\"application\/ld+json\" class=\"yoast-schema-graph\">{\"@context\":\"https:\\\/\\\/schema.org\",\"@graph\":[{\"@type\":\"Article\",\"@id\":\"https:\\\/\\\/tablaoflamencoalma.com\\\/la-voz-del-alma-desvelando-la-importancia-del-cante-en-el-flamenco-autentico-de-palma-de-mallorca\\\/#article\",\"isPartOf\":{\"@id\":\"https:\\\/\\\/tablaoflamencoalma.com\\\/la-voz-del-alma-desvelando-la-importancia-del-cante-en-el-flamenco-autentico-de-palma-de-mallorca\\\/\"},\"author\":{\"name\":\"Tablao Flamenco Alma\",\"@id\":\"https:\\\/\\\/tablaoflamencoalma.com\\\/#\\\/schema\\\/person\\\/9d0c2a9a099918689427e2a0b2dd0f5c\"},\"headline\":\"La voz del alma: el cante flamenco aut\u00e9ntico en Palma\",\"datePublished\":\"2025-06-24T09:48:23+00:00\",\"dateModified\":\"2026-06-02T07:49:09+00:00\",\"mainEntityOfPage\":{\"@id\":\"https:\\\/\\\/tablaoflamencoalma.com\\\/la-voz-del-alma-desvelando-la-importancia-del-cante-en-el-flamenco-autentico-de-palma-de-mallorca\\\/\"},\"wordCount\":2074,\"commentCount\":0,\"publisher\":{\"@id\":\"https:\\\/\\\/tablaoflamencoalma.com\\\/#organization\"},\"image\":{\"@id\":\"https:\\\/\\\/tablaoflamencoalma.com\\\/la-voz-del-alma-desvelando-la-importancia-del-cante-en-el-flamenco-autentico-de-palma-de-mallorca\\\/#primaryimage\"},\"thumbnailUrl\":\"https:\\\/\\\/tablaoflamencoalma.com\\\/wp-content\\\/uploads\\\/2025\\\/06\\\/La-voz-del-alma-el-cante-flamenco-post.jpg\",\"articleSection\":[\"El Flamenco\"],\"inLanguage\":\"pt-PT\",\"potentialAction\":[{\"@type\":\"CommentAction\",\"name\":\"Comment\",\"target\":[\"https:\\\/\\\/tablaoflamencoalma.com\\\/la-voz-del-alma-desvelando-la-importancia-del-cante-en-el-flamenco-autentico-de-palma-de-mallorca\\\/#respond\"]}]},{\"@type\":\"WebPage\",\"@id\":\"https:\\\/\\\/tablaoflamencoalma.com\\\/la-voz-del-alma-desvelando-la-importancia-del-cante-en-el-flamenco-autentico-de-palma-de-mallorca\\\/\",\"url\":\"https:\\\/\\\/tablaoflamencoalma.com\\\/la-voz-del-alma-desvelando-la-importancia-del-cante-en-el-flamenco-autentico-de-palma-de-mallorca\\\/\",\"name\":\"La voz del alma: el cante flamenco aut\u00e9ntico en Palma - Tablao Flamenco Alma\",\"isPartOf\":{\"@id\":\"https:\\\/\\\/tablaoflamencoalma.com\\\/#website\"},\"primaryImageOfPage\":{\"@id\":\"https:\\\/\\\/tablaoflamencoalma.com\\\/la-voz-del-alma-desvelando-la-importancia-del-cante-en-el-flamenco-autentico-de-palma-de-mallorca\\\/#primaryimage\"},\"image\":{\"@id\":\"https:\\\/\\\/tablaoflamencoalma.com\\\/la-voz-del-alma-desvelando-la-importancia-del-cante-en-el-flamenco-autentico-de-palma-de-mallorca\\\/#primaryimage\"},\"thumbnailUrl\":\"https:\\\/\\\/tablaoflamencoalma.com\\\/wp-content\\\/uploads\\\/2025\\\/06\\\/La-voz-del-alma-el-cante-flamenco-post.jpg\",\"datePublished\":\"2025-06-24T09:48:23+00:00\",\"dateModified\":\"2026-06-02T07:49:09+00:00\",\"description\":\"El cante es el alma del flamenco. Descubre su fuerza y emoci\u00f3n en cada espect\u00e1culo en vivo de Tablao Flamenco Alma, en Palma.\",\"breadcrumb\":{\"@id\":\"https:\\\/\\\/tablaoflamencoalma.com\\\/la-voz-del-alma-desvelando-la-importancia-del-cante-en-el-flamenco-autentico-de-palma-de-mallorca\\\/#breadcrumb\"},\"inLanguage\":\"pt-PT\",\"potentialAction\":[{\"@type\":\"ReadAction\",\"target\":[\"https:\\\/\\\/tablaoflamencoalma.com\\\/la-voz-del-alma-desvelando-la-importancia-del-cante-en-el-flamenco-autentico-de-palma-de-mallorca\\\/\"]}]},{\"@type\":\"ImageObject\",\"inLanguage\":\"pt-PT\",\"@id\":\"https:\\\/\\\/tablaoflamencoalma.com\\\/la-voz-del-alma-desvelando-la-importancia-del-cante-en-el-flamenco-autentico-de-palma-de-mallorca\\\/#primaryimage\",\"url\":\"https:\\\/\\\/tablaoflamencoalma.com\\\/wp-content\\\/uploads\\\/2025\\\/06\\\/La-voz-del-alma-el-cante-flamenco-post.jpg\",\"contentUrl\":\"https:\\\/\\\/tablaoflamencoalma.com\\\/wp-content\\\/uploads\\\/2025\\\/06\\\/La-voz-del-alma-el-cante-flamenco-post.jpg\",\"width\":2560,\"height\":1707,\"caption\":\"La voz del alma el cante flamenco post\"},{\"@type\":\"BreadcrumbList\",\"@id\":\"https:\\\/\\\/tablaoflamencoalma.com\\\/la-voz-del-alma-desvelando-la-importancia-del-cante-en-el-flamenco-autentico-de-palma-de-mallorca\\\/#breadcrumb\",\"itemListElement\":[{\"@type\":\"ListItem\",\"position\":1,\"name\":\"Portada\",\"item\":\"https:\\\/\\\/tablaoflamencoalma.com\\\/\"},{\"@type\":\"ListItem\",\"position\":2,\"name\":\"La voz del alma: el cante flamenco aut\u00e9ntico en Palma\"}]},{\"@type\":\"WebSite\",\"@id\":\"https:\\\/\\\/tablaoflamencoalma.com\\\/#website\",\"url\":\"https:\\\/\\\/tablaoflamencoalma.com\\\/\",\"name\":\"Tablao Flamenco Alma\",\"description\":\"Tablao Flamenco Alma\",\"publisher\":{\"@id\":\"https:\\\/\\\/tablaoflamencoalma.com\\\/#organization\"},\"potentialAction\":[{\"@type\":\"SearchAction\",\"target\":{\"@type\":\"EntryPoint\",\"urlTemplate\":\"https:\\\/\\\/tablaoflamencoalma.com\\\/?s={search_term_string}\"},\"query-input\":{\"@type\":\"PropertyValueSpecification\",\"valueRequired\":true,\"valueName\":\"search_term_string\"}}],\"inLanguage\":\"pt-PT\"},{\"@type\":\"Organization\",\"@id\":\"https:\\\/\\\/tablaoflamencoalma.com\\\/#organization\",\"name\":\"Tablao Flamenco Alma\",\"url\":\"https:\\\/\\\/tablaoflamencoalma.com\\\/\",\"logo\":{\"@type\":\"ImageObject\",\"inLanguage\":\"pt-PT\",\"@id\":\"https:\\\/\\\/tablaoflamencoalma.com\\\/#\\\/schema\\\/logo\\\/image\\\/\",\"url\":\"https:\\\/\\\/tablaoflamencoalma.com\\\/wp-content\\\/uploads\\\/2024\\\/01\\\/cropped-tablao-flamenco-alma-01-04.png\",\"contentUrl\":\"https:\\\/\\\/tablaoflamencoalma.com\\\/wp-content\\\/uploads\\\/2024\\\/01\\\/cropped-tablao-flamenco-alma-01-04.png\",\"width\":512,\"height\":512,\"caption\":\"Tablao Flamenco Alma\"},\"image\":{\"@id\":\"https:\\\/\\\/tablaoflamencoalma.com\\\/#\\\/schema\\\/logo\\\/image\\\/\"},\"sameAs\":[\"https:\\\/\\\/www.facebook.com\\\/tablaoflamencoalma\",\"https:\\\/\\\/www.instagram.com\\\/tablaoflamencoalma\"]},{\"@type\":\"Person\",\"@id\":\"https:\\\/\\\/tablaoflamencoalma.com\\\/#\\\/schema\\\/person\\\/9d0c2a9a099918689427e2a0b2dd0f5c\",\"name\":\"Tablao Flamenco Alma\",\"image\":{\"@type\":\"ImageObject\",\"inLanguage\":\"pt-PT\",\"@id\":\"https:\\\/\\\/tablaoflamencoalma.com\\\/wp-content\\\/litespeed\\\/avatar\\\/797b83aa1ddf30f355ead08e864f8dad.jpg?ver=1788140548\",\"url\":\"https:\\\/\\\/tablaoflamencoalma.com\\\/wp-content\\\/litespeed\\\/avatar\\\/797b83aa1ddf30f355ead08e864f8dad.jpg?ver=1788140548\",\"contentUrl\":\"https:\\\/\\\/tablaoflamencoalma.com\\\/wp-content\\\/litespeed\\\/avatar\\\/797b83aa1ddf30f355ead08e864f8dad.jpg?ver=1788140548\",\"caption\":\"Tablao Flamenco Alma\"},\"url\":\"https:\\\/\\\/tablaoflamencoalma.com\\\/pt\\\/author\\\/flamencoalma\\\/\"}]}<\/script>\n<!-- \/ Yoast SEO plugin. -->","yoast_head_json":{"title":"A voz da alma: aut\u00eantico canto flamenco em Palma - Tablao Flamenco Alma","description":"O canto flamenco \u00e9 a alma do flamenco. Descubra seu poder e emo\u00e7\u00e3o em cada apresenta\u00e7\u00e3o ao vivo no Tablao Flamenco Alma, em Palma.","robots":{"index":"index","follow":"follow","max-snippet":"max-snippet:-1","max-image-preview":"max-image-preview:large","max-video-preview":"max-video-preview:-1"},"canonical":"https:\/\/tablaoflamencoalma.com\/pt\/a-voz-da-alma-desvendando-a-importancia-do-cante-no-flamenco-autentico-de-palma-de-maiorca\/","og_locale":"pt_PT","og_type":"article","og_title":"La voz del alma: el cante flamenco aut\u00e9ntico en Palma - Tablao Flamenco Alma","og_description":"El cante es el alma del flamenco. Descubre su fuerza y emoci\u00f3n en cada espect\u00e1culo en vivo de Tablao Flamenco Alma, en Palma.","og_url":"https:\/\/tablaoflamencoalma.com\/pt\/a-voz-da-alma-desvendando-a-importancia-do-cante-no-flamenco-autentico-de-palma-de-maiorca\/","og_site_name":"Tablao Flamenco Alma","article_publisher":"https:\/\/www.facebook.com\/tablaoflamencoalma","article_published_time":"2025-06-24T09:48:23+00:00","article_modified_time":"2026-06-02T07:49:09+00:00","og_image":[{"width":2560,"height":1707,"url":"https:\/\/tablaoflamencoalma.com\/wp-content\/uploads\/2025\/06\/La-voz-del-alma-el-cante-flamenco-post-scaled.jpg","type":"image\/jpeg"}],"author":"Tablao Flamenco Alma","twitter_card":"summary_large_image","twitter_misc":{"Escrito por":"Tablao Flamenco Alma","Tempo estimado de leitura":"9 minutos"},"schema":{"@context":"https:\/\/schema.org","@graph":[{"@type":"Article","@id":"https:\/\/tablaoflamencoalma.com\/la-voz-del-alma-desvelando-la-importancia-del-cante-en-el-flamenco-autentico-de-palma-de-mallorca\/#article","isPartOf":{"@id":"https:\/\/tablaoflamencoalma.com\/la-voz-del-alma-desvelando-la-importancia-del-cante-en-el-flamenco-autentico-de-palma-de-mallorca\/"},"author":{"name":"Tablao Flamenco Alma","@id":"https:\/\/tablaoflamencoalma.com\/#\/schema\/person\/9d0c2a9a099918689427e2a0b2dd0f5c"},"headline":"La voz del alma: el cante flamenco aut\u00e9ntico en Palma","datePublished":"2025-06-24T09:48:23+00:00","dateModified":"2026-06-02T07:49:09+00:00","mainEntityOfPage":{"@id":"https:\/\/tablaoflamencoalma.com\/la-voz-del-alma-desvelando-la-importancia-del-cante-en-el-flamenco-autentico-de-palma-de-mallorca\/"},"wordCount":2074,"commentCount":0,"publisher":{"@id":"https:\/\/tablaoflamencoalma.com\/#organization"},"image":{"@id":"https:\/\/tablaoflamencoalma.com\/la-voz-del-alma-desvelando-la-importancia-del-cante-en-el-flamenco-autentico-de-palma-de-mallorca\/#primaryimage"},"thumbnailUrl":"https:\/\/tablaoflamencoalma.com\/wp-content\/uploads\/2025\/06\/La-voz-del-alma-el-cante-flamenco-post.jpg","articleSection":["El Flamenco"],"inLanguage":"pt-PT","potentialAction":[{"@type":"CommentAction","name":"Comment","target":["https:\/\/tablaoflamencoalma.com\/la-voz-del-alma-desvelando-la-importancia-del-cante-en-el-flamenco-autentico-de-palma-de-mallorca\/#respond"]}]},{"@type":"WebPage","@id":"https:\/\/tablaoflamencoalma.com\/la-voz-del-alma-desvelando-la-importancia-del-cante-en-el-flamenco-autentico-de-palma-de-mallorca\/","url":"https:\/\/tablaoflamencoalma.com\/la-voz-del-alma-desvelando-la-importancia-del-cante-en-el-flamenco-autentico-de-palma-de-mallorca\/","name":"A voz da alma: aut\u00eantico canto flamenco em Palma - Tablao Flamenco Alma","isPartOf":{"@id":"https:\/\/tablaoflamencoalma.com\/#website"},"primaryImageOfPage":{"@id":"https:\/\/tablaoflamencoalma.com\/la-voz-del-alma-desvelando-la-importancia-del-cante-en-el-flamenco-autentico-de-palma-de-mallorca\/#primaryimage"},"image":{"@id":"https:\/\/tablaoflamencoalma.com\/la-voz-del-alma-desvelando-la-importancia-del-cante-en-el-flamenco-autentico-de-palma-de-mallorca\/#primaryimage"},"thumbnailUrl":"https:\/\/tablaoflamencoalma.com\/wp-content\/uploads\/2025\/06\/La-voz-del-alma-el-cante-flamenco-post.jpg","datePublished":"2025-06-24T09:48:23+00:00","dateModified":"2026-06-02T07:49:09+00:00","description":"O canto flamenco \u00e9 a alma do flamenco. Descubra seu poder e emo\u00e7\u00e3o em cada apresenta\u00e7\u00e3o ao vivo no Tablao Flamenco Alma, em Palma.","breadcrumb":{"@id":"https:\/\/tablaoflamencoalma.com\/la-voz-del-alma-desvelando-la-importancia-del-cante-en-el-flamenco-autentico-de-palma-de-mallorca\/#breadcrumb"},"inLanguage":"pt-PT","potentialAction":[{"@type":"ReadAction","target":["https:\/\/tablaoflamencoalma.com\/la-voz-del-alma-desvelando-la-importancia-del-cante-en-el-flamenco-autentico-de-palma-de-mallorca\/"]}]},{"@type":"ImageObject","inLanguage":"pt-PT","@id":"https:\/\/tablaoflamencoalma.com\/la-voz-del-alma-desvelando-la-importancia-del-cante-en-el-flamenco-autentico-de-palma-de-mallorca\/#primaryimage","url":"https:\/\/tablaoflamencoalma.com\/wp-content\/uploads\/2025\/06\/La-voz-del-alma-el-cante-flamenco-post.jpg","contentUrl":"https:\/\/tablaoflamencoalma.com\/wp-content\/uploads\/2025\/06\/La-voz-del-alma-el-cante-flamenco-post.jpg","width":2560,"height":1707,"caption":"La voz del alma el cante flamenco post"},{"@type":"BreadcrumbList","@id":"https:\/\/tablaoflamencoalma.com\/la-voz-del-alma-desvelando-la-importancia-del-cante-en-el-flamenco-autentico-de-palma-de-mallorca\/#breadcrumb","itemListElement":[{"@type":"ListItem","position":1,"name":"Portada","item":"https:\/\/tablaoflamencoalma.com\/"},{"@type":"ListItem","position":2,"name":"La voz del alma: el cante flamenco aut\u00e9ntico en Palma"}]},{"@type":"WebSite","@id":"https:\/\/tablaoflamencoalma.com\/#website","url":"https:\/\/tablaoflamencoalma.com\/","name":"Tablao Flamenco Alma","description":"Tablao Flamenco Alma","publisher":{"@id":"https:\/\/tablaoflamencoalma.com\/#organization"},"potentialAction":[{"@type":"SearchAction","target":{"@type":"EntryPoint","urlTemplate":"https:\/\/tablaoflamencoalma.com\/?s={search_term_string}"},"query-input":{"@type":"PropertyValueSpecification","valueRequired":true,"valueName":"search_term_string"}}],"inLanguage":"pt-PT"},{"@type":"Organization","@id":"https:\/\/tablaoflamencoalma.com\/#organization","name":"Tablao Flamenco Alma","url":"https:\/\/tablaoflamencoalma.com\/","logo":{"@type":"ImageObject","inLanguage":"pt-PT","@id":"https:\/\/tablaoflamencoalma.com\/#\/schema\/logo\/image\/","url":"https:\/\/tablaoflamencoalma.com\/wp-content\/uploads\/2024\/01\/cropped-tablao-flamenco-alma-01-04.png","contentUrl":"https:\/\/tablaoflamencoalma.com\/wp-content\/uploads\/2024\/01\/cropped-tablao-flamenco-alma-01-04.png","width":512,"height":512,"caption":"Tablao Flamenco Alma"},"image":{"@id":"https:\/\/tablaoflamencoalma.com\/#\/schema\/logo\/image\/"},"sameAs":["https:\/\/www.facebook.com\/tablaoflamencoalma","https:\/\/www.instagram.com\/tablaoflamencoalma"]},{"@type":"Person","@id":"https:\/\/tablaoflamencoalma.com\/#\/schema\/person\/9d0c2a9a099918689427e2a0b2dd0f5c","name":"Tablao Flamenco Alma","image":{"@type":"ImageObject","inLanguage":"pt-PT","@id":"https:\/\/tablaoflamencoalma.com\/wp-content\/litespeed\/avatar\/797b83aa1ddf30f355ead08e864f8dad.jpg?ver=1788140548","url":"https:\/\/tablaoflamencoalma.com\/wp-content\/litespeed\/avatar\/797b83aa1ddf30f355ead08e864f8dad.jpg?ver=1788140548","contentUrl":"https:\/\/tablaoflamencoalma.com\/wp-content\/litespeed\/avatar\/797b83aa1ddf30f355ead08e864f8dad.jpg?ver=1788140548","caption":"Tablao Flamenco Alma"},"url":"https:\/\/tablaoflamencoalma.com\/pt\/author\/flamencoalma\/"}]}},"_links":{"self":[{"href":"https:\/\/tablaoflamencoalma.com\/pt\/wp-json\/wp\/v2\/posts\/5410","targetHints":{"allow":["GET"]}}],"collection":[{"href":"https:\/\/tablaoflamencoalma.com\/pt\/wp-json\/wp\/v2\/posts"}],"about":[{"href":"https:\/\/tablaoflamencoalma.com\/pt\/wp-json\/wp\/v2\/types\/post"}],"author":[{"embeddable":true,"href":"https:\/\/tablaoflamencoalma.com\/pt\/wp-json\/wp\/v2\/users\/3"}],"replies":[{"embeddable":true,"href":"https:\/\/tablaoflamencoalma.com\/pt\/wp-json\/wp\/v2\/comments?post=5410"}],"version-history":[{"count":3,"href":"https:\/\/tablaoflamencoalma.com\/pt\/wp-json\/wp\/v2\/posts\/5410\/revisions"}],"predecessor-version":[{"id":7521,"href":"https:\/\/tablaoflamencoalma.com\/pt\/wp-json\/wp\/v2\/posts\/5410\/revisions\/7521"}],"wp:featuredmedia":[{"embeddable":true,"href":"https:\/\/tablaoflamencoalma.com\/pt\/wp-json\/wp\/v2\/media\/5411"}],"wp:attachment":[{"href":"https:\/\/tablaoflamencoalma.com\/pt\/wp-json\/wp\/v2\/media?parent=5410"}],"wp:term":[{"taxonomy":"category","embeddable":true,"href":"https:\/\/tablaoflamencoalma.com\/pt\/wp-json\/wp\/v2\/categories?post=5410"},{"taxonomy":"post_tag","embeddable":true,"href":"https:\/\/tablaoflamencoalma.com\/pt\/wp-json\/wp\/v2\/tags?post=5410"}],"curies":[{"name":"wp","href":"https:\/\/api.w.org\/{rel}","templated":true}]}}