{"id":4411,"date":"2024-08-12T17:45:44","date_gmt":"2024-08-12T16:45:44","guid":{"rendered":"https:\/\/tablaoflamencoalma.com\/?p=4411"},"modified":"2026-06-02T09:02:41","modified_gmt":"2026-06-02T08:02:41","slug":"paco-de-lucia-el-genio-de-la-guitarra-flamenca","status":"publish","type":"post","link":"https:\/\/tablaoflamencoalma.com\/pt\/paco-de-lucia-el-genio-de-la-guitarra-flamenca\/","title":{"rendered":"Paco de Luc\u00eda: O eterno g\u00eanio da guitarra flamenca"},"content":{"rendered":"<div data-elementor-type=\"wp-post\" data-elementor-id=\"4411\" class=\"elementor elementor-4411\" data-elementor-post-type=\"post\">\n\t\t\t\t<div class=\"elementor-element elementor-element-d74d33e e-flex e-con-boxed e-con e-parent\" data-id=\"d74d33e\" data-element_type=\"container\" data-e-type=\"container\">\n\t\t\t\t\t<div class=\"e-con-inner\">\n\t\t<div class=\"elementor-element elementor-element-06e17bb e-con-full e-flex e-con e-child\" data-id=\"06e17bb\" data-element_type=\"container\" data-e-type=\"container\">\n\t\t\t\t<div class=\"elementor-element elementor-element-21d293e elementor-widget elementor-widget-text-editor\" data-id=\"21d293e\" data-element_type=\"widget\" data-e-type=\"widget\" data-widget_type=\"text-editor.default\">\n\t\t\t\t<div class=\"elementor-widget-container\">\n\t\t\t\t\t\t\t\t\t<p>Paco de Luc\u00eda, Francisco S\u00e1nchez G\u00f3mez (1947-2014), \u00e9 amplamente reconhecido como um dos <strong><a href=\"https:\/\/tablaoflamencoalma.com\/pt\/\">guitarristas flamencos<\/a><\/strong> O mais influente de todos os tempos e uma figura central na evolu\u00e7\u00e3o do flamenco moderno.<\/p>\t\t\t\t\t\t\t\t<\/div>\n\t\t\t\t<\/div>\n\t\t\t\t<\/div>\n\t\t\t\t\t<\/div>\n\t\t\t\t<\/div>\n\t\t<div class=\"elementor-element elementor-element-132125d e-flex e-con-boxed e-con e-parent\" data-id=\"132125d\" data-element_type=\"container\" data-e-type=\"container\">\n\t\t\t\t\t<div class=\"e-con-inner\">\n\t\t<div class=\"elementor-element elementor-element-954244e e-con-full e-flex e-con e-child\" data-id=\"954244e\" data-element_type=\"container\" data-e-type=\"container\">\n\t\t\t\t<div class=\"elementor-element elementor-element-72c8ae0 elementor-widget elementor-widget-heading\" data-id=\"72c8ae0\" data-element_type=\"widget\" data-e-type=\"widget\" data-widget_type=\"heading.default\">\n\t\t\t\t<div class=\"elementor-widget-container\">\n\t\t\t\t\t<h2 class=\"elementor-heading-title elementor-size-default\">Biografia:<\/h2>\t\t\t\t<\/div>\n\t\t\t\t<\/div>\n\t\t\t\t<div class=\"elementor-element elementor-element-2e27978 elementor-widget elementor-widget-text-editor\" data-id=\"2e27978\" data-element_type=\"widget\" data-e-type=\"widget\" data-widget_type=\"text-editor.default\">\n\t\t\t\t<div class=\"elementor-widget-container\">\n\t\t\t\t\t\t\t\t\t<p><strong>Inf\u00e2ncia e Juventude:<\/strong>\u00a0Paco de Luc\u00eda cresceu em uma fam\u00edlia de m\u00fasicos. Seu pai, Antonio S\u00e1nchez, e seu irm\u00e3o mais velho, Ram\u00f3n de Algeciras, ambos guitarristas, foram seus primeiros professores. Ele come\u00e7ou a tocar viol\u00e3o muito jovem e rapidamente demonstrou um talento excepcional.<\/p>\n<p>\u00a0<\/p>\n<p><strong>In\u00edcio de carreira:<\/strong>\u00a0Aos 12 anos, Paco ganhou seu primeiro pr\u00eamio em uma competi\u00e7\u00e3o de flamenco e, pouco depois, come\u00e7ou a se apresentar em locais importantes.\u00a0<strong><a href=\"https:\/\/tablaoflamencoalma.com\/pt\/uma-noite-magica-em-palma-flamenco-no-tablao-flamenco-alma-jantar-e-passeio\/\">espet\u00e1culos de flamenco<\/a><\/strong>. Em 1961, com apenas 14 anos, fez sua primeira turn\u00ea internacional com a companhia de Jos\u00e9 Greco, dan\u00e7arino e core\u00f3grafo de flamenco.<\/p>\n<p>\u00a0<\/p>\n<p><strong>Colabora\u00e7\u00f5es e Agradecimentos:<\/strong>\u00a0Durante as d\u00e9cadas de 60 e 70, Paco de Luc\u00eda come\u00e7ou a colaborar com alguns dos\u00a0<strong>artistas flamencos mais proeminentes<\/strong>, onde se destaca a cantora de flamenco\u00a0<strong>Camar\u00e3o da Ilha<\/strong>. Juntos, eles produziram uma s\u00e9rie de \u00e1lbuns que revolucionaram o flamenco, destacando-se pela sua frescura e criatividade.<\/p>\n<p>\u00a0<\/p>\n<p><strong>Explora\u00e7\u00e3o Musical:<\/strong>\u00a0Nas d\u00e9cadas de 1970 e 80, Paco de Luc\u00eda come\u00e7ou a incorporar elementos de jazz e outros estilos musicais ao seu flamenco, algo considerado revolucion\u00e1rio na \u00e9poca. Seu \u00e1lbum &quot;Almoraima&quot; (1976) \u00e9 um exemplo dessa fus\u00e3o, que inclui influ\u00eancias da m\u00fasica \u00e1rabe e cl\u00e1ssica.<\/p>\n<p>\u00a0<\/p>\n<p><strong>Sucesso internacional:<\/strong>\u00a0Paco de Luc\u00eda alcan\u00e7ou reconhecimento internacional. Ele colaborou com m\u00fasicos de renome mundial, como Al Di Meola e John McLaughlin, com quem formou o famoso trio de guitarras.<\/p>\n<p>\u00a0<\/p>\n<p><strong>Anos recentes:<\/strong>\u00a0At\u00e9 sua morte, Paco de Luc\u00eda continuou a se apresentar e a compor, consolidando seu status como uma lenda viva do flamenco. Seu trabalho foi reconhecido com in\u00fameros pr\u00eamios, incluindo o Pr\u00eamio Pr\u00edncipe das Ast\u00farias para as Artes em 2004.<\/p>\t\t\t\t\t\t\t\t<\/div>\n\t\t\t\t<\/div>\n\t\t\t\t<\/div>\n\t\t<div class=\"elementor-element elementor-element-bc29ab0 e-con-full e-flex e-con e-child\" data-id=\"bc29ab0\" data-element_type=\"container\" data-e-type=\"container\">\n\t\t\t\t<div class=\"elementor-element elementor-element-e9cbbb5 elementor-widget elementor-widget-heading\" data-id=\"e9cbbb5\" data-element_type=\"widget\" data-e-type=\"widget\" data-widget_type=\"heading.default\">\n\t\t\t\t<div class=\"elementor-widget-container\">\n\t\t\t\t\t<h2 class=\"elementor-heading-title elementor-size-default\">An\u00e1lise da influ\u00eancia de Paco de Luc\u00eda no Flamenco:<\/h2>\t\t\t\t<\/div>\n\t\t\t\t<\/div>\n\t\t\t\t<div class=\"elementor-element elementor-element-10d6368 elementor-widget elementor-widget-text-editor\" data-id=\"10d6368\" data-element_type=\"widget\" data-e-type=\"widget\" data-widget_type=\"text-editor.default\">\n\t\t\t\t<div class=\"elementor-widget-container\">\n\t\t\t\t\t\t\t\t\t<p><strong>Revolu\u00e7\u00e3o do Toque:<\/strong>&nbsp;Paco de Luc\u00eda transformou o papel de&nbsp;<strong>a guitarra no flamenco<\/strong>. Tradicionalmente, o viol\u00e3o era visto principalmente como um acompanhamento para o canto e a dan\u00e7a. No entanto, Paco de Luc\u00eda elevou o viol\u00e3o a um n\u00edvel de destaque sem precedentes, explorando suas possibilidades t\u00e9cnicas e expressivas. Sua t\u00e9cnica era inovadora, incorporando padr\u00f5es staccato r\u00e1pidos, dedilhados complexos e o uso do polegar de uma maneira que poucos haviam alcan\u00e7ado antes.<\/p>\n<p><br><\/p>\n<p><strong>Inova\u00e7\u00e3o e Fus\u00e3o:<\/strong>&nbsp;Paco de Luc\u00eda \u00e9 conhecido por expandir os limites do flamenco ao incorporar influ\u00eancias de outros g\u00eaneros musicais, especialmente jazz, m\u00fasica cl\u00e1ssica e m\u00fasica brasileira. Essa fus\u00e3o ajudou o flamenco a conquistar um p\u00fablico mais amplo e abriu novos caminhos para os guitarristas de flamenco que o seguiram.<\/p>\n<p>Ele tamb\u00e9m foi respons\u00e1vel por introduzir o caj\u00f3n peruano como o instrumento de percuss\u00e3o mais caracter\u00edstico do flamenco.<\/p>\n<p><br><\/p>\n<p><strong>Legado:<\/strong>&nbsp;O legado de Paco de Luc\u00eda \u00e9 imenso. Ele inspirou toda uma gera\u00e7\u00e3o de&nbsp;<strong>guitarristas flamencos<\/strong>&nbsp;Sua influ\u00eancia pode ser vista em muitos dos principais guitarristas de flamenco da atualidade. Seu estilo e t\u00e9cnica continuam sendo estudados e imitados no mundo todo. Al\u00e9m disso, ele ajudou o flamenco a ser reconhecido como uma forma de arte global, preservando sua ess\u00eancia e, ao mesmo tempo, evoluindo-a.<\/p><p><br><\/p>\n<p>Em resumo, Paco de Luc\u00eda n\u00e3o foi apenas um virtuoso do viol\u00e3o, mas tamb\u00e9m um inovador que mudou para sempre a hist\u00f3ria do flamenco. Seu legado permanece vivo e sua influ\u00eancia \u00e9 evidente na m\u00fasica flamenca contempor\u00e2nea.<\/p>\t\t\t\t\t\t\t\t<\/div>\n\t\t\t\t<\/div>\n\t\t\t\t<\/div>\n\t\t\t\t\t<\/div>\n\t\t\t\t<\/div>\n\t\t\t\t<\/div>","protected":false},"excerpt":{"rendered":"<p>Paco de Luc\u00eda, Francisco S\u00e1nchez G\u00f3mez (1947-2014), es ampliamente reconocido como uno de los guitarristas flamencos m\u00e1s influyentes de todos los tiempos y una figura central en la evoluci\u00f3n del flamenco moderno. Biograf\u00eda: Infancia y Juventud:\u00a0Paco de Luc\u00eda creci\u00f3 en una familia de m\u00fasicos. Su padre, Antonio S\u00e1nchez, y su hermano mayor, Ram\u00f3n de Algeciras, [&hellip;]<\/p>\n","protected":false},"author":3,"featured_media":4413,"comment_status":"open","ping_status":"open","sticky":false,"template":"","format":"standard","meta":{"site-sidebar-layout":"default","site-content-layout":"","ast-site-content-layout":"default","site-content-style":"default","site-sidebar-style":"default","ast-global-header-display":"","ast-banner-title-visibility":"","ast-main-header-display":"","ast-hfb-above-header-display":"","ast-hfb-below-header-display":"","ast-hfb-mobile-header-display":"","site-post-title":"","ast-breadcrumbs-content":"","ast-featured-img":"","footer-sml-layout":"","theme-transparent-header-meta":"","adv-header-id-meta":"","stick-header-meta":"","header-above-stick-meta":"","header-main-stick-meta":"","header-below-stick-meta":"","astra-migrate-meta-layouts":"set","ast-page-background-enabled":"default","ast-page-background-meta":{"desktop":{"background-color":"var(--ast-global-color-4)","background-image":"","background-repeat":"repeat","background-position":"center center","background-size":"auto","background-attachment":"scroll","background-type":"","background-media":"","overlay-type":"","overlay-color":"","overlay-opacity":"","overlay-gradient":""},"tablet":{"background-color":"","background-image":"","background-repeat":"repeat","background-position":"center center","background-size":"auto","background-attachment":"scroll","background-type":"","background-media":"","overlay-type":"","overlay-color":"","overlay-opacity":"","overlay-gradient":""},"mobile":{"background-color":"","background-image":"","background-repeat":"repeat","background-position":"center center","background-size":"auto","background-attachment":"scroll","background-type":"","background-media":"","overlay-type":"","overlay-color":"","overlay-opacity":"","overlay-gradient":""}},"ast-content-background-meta":{"desktop":{"background-color":"var(--ast-global-color-5)","background-image":"","background-repeat":"repeat","background-position":"center center","background-size":"auto","background-attachment":"scroll","background-type":"","background-media":"","overlay-type":"","overlay-color":"","overlay-opacity":"","overlay-gradient":""},"tablet":{"background-color":"var(--ast-global-color-5)","background-image":"","background-repeat":"repeat","background-position":"center center","background-size":"auto","background-attachment":"scroll","background-type":"","background-media":"","overlay-type":"","overlay-color":"","overlay-opacity":"","overlay-gradient":""},"mobile":{"background-color":"var(--ast-global-color-5)","background-image":"","background-repeat":"repeat","background-position":"center center","background-size":"auto","background-attachment":"scroll","background-type":"","background-media":"","overlay-type":"","overlay-color":"","overlay-opacity":"","overlay-gradient":""}},"footnotes":""},"categories":[9],"tags":[],"class_list":["post-4411","post","type-post","status-publish","format-standard","has-post-thumbnail","hentry","category-artistas"],"yoast_head":"<!-- This site is optimized with the Yoast SEO plugin v28.4 - https:\/\/yoast.com\/product\/yoast-seo-wordpress\/ -->\n<title>Paco de Luc\u00eda: El genio eterno de la guitarra flamenca - Tablao Flamenco Alma<\/title>\n<meta name=\"description\" content=\"Conoce la historia de Paco de Luc\u00eda, una figura clave del flamenco moderno y uno de los guitarristas m\u00e1s influyentes de la historia.\" \/>\n<meta name=\"robots\" content=\"index, follow, max-snippet:-1, max-image-preview:large, max-video-preview:-1\" \/>\n<link rel=\"canonical\" href=\"https:\/\/tablaoflamencoalma.com\/pt\/paco-de-lucia-el-genio-de-la-guitarra-flamenca\/\" \/>\n<meta property=\"og:locale\" content=\"pt_PT\" \/>\n<meta property=\"og:type\" content=\"article\" \/>\n<meta property=\"og:title\" content=\"Paco de Luc\u00eda: El genio eterno de la guitarra flamenca - Tablao Flamenco Alma\" \/>\n<meta property=\"og:description\" content=\"Conoce la historia de Paco de Luc\u00eda, una figura clave del flamenco moderno y uno de los guitarristas m\u00e1s influyentes de la historia.\" \/>\n<meta property=\"og:url\" content=\"https:\/\/tablaoflamencoalma.com\/pt\/paco-de-lucia-el-genio-de-la-guitarra-flamenca\/\" \/>\n<meta property=\"og:site_name\" content=\"Tablao Flamenco Alma\" \/>\n<meta property=\"article:publisher\" content=\"https:\/\/www.facebook.com\/tablaoflamencoalma\" \/>\n<meta property=\"article:published_time\" content=\"2024-08-12T16:45:44+00:00\" \/>\n<meta property=\"article:modified_time\" content=\"2026-06-02T08:02:41+00:00\" \/>\n<meta property=\"og:image\" content=\"https:\/\/tablaoflamencoalma.com\/wp-content\/uploads\/2024\/08\/Paco-de-Lucia-Tablao-Alma.png\" \/>\n\t<meta property=\"og:image:width\" content=\"1080\" \/>\n\t<meta property=\"og:image:height\" content=\"800\" \/>\n\t<meta property=\"og:image:type\" content=\"image\/png\" \/>\n<meta name=\"author\" content=\"Tablao Flamenco Alma\" \/>\n<meta name=\"twitter:card\" content=\"summary_large_image\" \/>\n<meta name=\"twitter:label1\" content=\"Escrito por\" \/>\n\t<meta name=\"twitter:data1\" content=\"Tablao Flamenco Alma\" \/>\n\t<meta name=\"twitter:label2\" content=\"Tempo estimado de leitura\" \/>\n\t<meta name=\"twitter:data2\" content=\"3 minutos\" \/>\n<script type=\"application\/ld+json\" class=\"yoast-schema-graph\">{\"@context\":\"https:\\\/\\\/schema.org\",\"@graph\":[{\"@type\":\"Article\",\"@id\":\"https:\\\/\\\/tablaoflamencoalma.com\\\/paco-de-lucia-el-genio-de-la-guitarra-flamenca\\\/#article\",\"isPartOf\":{\"@id\":\"https:\\\/\\\/tablaoflamencoalma.com\\\/paco-de-lucia-el-genio-de-la-guitarra-flamenca\\\/\"},\"author\":{\"name\":\"Tablao Flamenco Alma\",\"@id\":\"https:\\\/\\\/tablaoflamencoalma.com\\\/#\\\/schema\\\/person\\\/9d0c2a9a099918689427e2a0b2dd0f5c\"},\"headline\":\"Paco de Luc\u00eda: El genio eterno de la guitarra flamenca\",\"datePublished\":\"2024-08-12T16:45:44+00:00\",\"dateModified\":\"2026-06-02T08:02:41+00:00\",\"mainEntityOfPage\":{\"@id\":\"https:\\\/\\\/tablaoflamencoalma.com\\\/paco-de-lucia-el-genio-de-la-guitarra-flamenca\\\/\"},\"wordCount\":641,\"commentCount\":0,\"publisher\":{\"@id\":\"https:\\\/\\\/tablaoflamencoalma.com\\\/#organization\"},\"image\":{\"@id\":\"https:\\\/\\\/tablaoflamencoalma.com\\\/paco-de-lucia-el-genio-de-la-guitarra-flamenca\\\/#primaryimage\"},\"thumbnailUrl\":\"https:\\\/\\\/tablaoflamencoalma.com\\\/wp-content\\\/uploads\\\/2024\\\/08\\\/Paco-de-Lucia-Tablao-Alma.png\",\"articleSection\":[\"Artistas\"],\"inLanguage\":\"pt-PT\",\"potentialAction\":[{\"@type\":\"CommentAction\",\"name\":\"Comment\",\"target\":[\"https:\\\/\\\/tablaoflamencoalma.com\\\/paco-de-lucia-el-genio-de-la-guitarra-flamenca\\\/#respond\"]}]},{\"@type\":\"WebPage\",\"@id\":\"https:\\\/\\\/tablaoflamencoalma.com\\\/paco-de-lucia-el-genio-de-la-guitarra-flamenca\\\/\",\"url\":\"https:\\\/\\\/tablaoflamencoalma.com\\\/paco-de-lucia-el-genio-de-la-guitarra-flamenca\\\/\",\"name\":\"Paco de Luc\u00eda: El genio eterno de la guitarra flamenca - Tablao Flamenco Alma\",\"isPartOf\":{\"@id\":\"https:\\\/\\\/tablaoflamencoalma.com\\\/#website\"},\"primaryImageOfPage\":{\"@id\":\"https:\\\/\\\/tablaoflamencoalma.com\\\/paco-de-lucia-el-genio-de-la-guitarra-flamenca\\\/#primaryimage\"},\"image\":{\"@id\":\"https:\\\/\\\/tablaoflamencoalma.com\\\/paco-de-lucia-el-genio-de-la-guitarra-flamenca\\\/#primaryimage\"},\"thumbnailUrl\":\"https:\\\/\\\/tablaoflamencoalma.com\\\/wp-content\\\/uploads\\\/2024\\\/08\\\/Paco-de-Lucia-Tablao-Alma.png\",\"datePublished\":\"2024-08-12T16:45:44+00:00\",\"dateModified\":\"2026-06-02T08:02:41+00:00\",\"description\":\"Conoce la historia de Paco de Luc\u00eda, una figura clave del flamenco moderno y uno de los guitarristas m\u00e1s influyentes de la historia.\",\"breadcrumb\":{\"@id\":\"https:\\\/\\\/tablaoflamencoalma.com\\\/paco-de-lucia-el-genio-de-la-guitarra-flamenca\\\/#breadcrumb\"},\"inLanguage\":\"pt-PT\",\"potentialAction\":[{\"@type\":\"ReadAction\",\"target\":[\"https:\\\/\\\/tablaoflamencoalma.com\\\/paco-de-lucia-el-genio-de-la-guitarra-flamenca\\\/\"]}]},{\"@type\":\"ImageObject\",\"inLanguage\":\"pt-PT\",\"@id\":\"https:\\\/\\\/tablaoflamencoalma.com\\\/paco-de-lucia-el-genio-de-la-guitarra-flamenca\\\/#primaryimage\",\"url\":\"https:\\\/\\\/tablaoflamencoalma.com\\\/wp-content\\\/uploads\\\/2024\\\/08\\\/Paco-de-Lucia-Tablao-Alma.png\",\"contentUrl\":\"https:\\\/\\\/tablaoflamencoalma.com\\\/wp-content\\\/uploads\\\/2024\\\/08\\\/Paco-de-Lucia-Tablao-Alma.png\",\"width\":1080,\"height\":800,\"caption\":\"Paco de Lucia Tablao Alma\"},{\"@type\":\"BreadcrumbList\",\"@id\":\"https:\\\/\\\/tablaoflamencoalma.com\\\/paco-de-lucia-el-genio-de-la-guitarra-flamenca\\\/#breadcrumb\",\"itemListElement\":[{\"@type\":\"ListItem\",\"position\":1,\"name\":\"Portada\",\"item\":\"https:\\\/\\\/tablaoflamencoalma.com\\\/\"},{\"@type\":\"ListItem\",\"position\":2,\"name\":\"Paco de Luc\u00eda: El genio eterno de la guitarra flamenca\"}]},{\"@type\":\"WebSite\",\"@id\":\"https:\\\/\\\/tablaoflamencoalma.com\\\/#website\",\"url\":\"https:\\\/\\\/tablaoflamencoalma.com\\\/\",\"name\":\"Tablao Flamenco Alma\",\"description\":\"Tablao Flamenco Alma\",\"publisher\":{\"@id\":\"https:\\\/\\\/tablaoflamencoalma.com\\\/#organization\"},\"potentialAction\":[{\"@type\":\"SearchAction\",\"target\":{\"@type\":\"EntryPoint\",\"urlTemplate\":\"https:\\\/\\\/tablaoflamencoalma.com\\\/?s={search_term_string}\"},\"query-input\":{\"@type\":\"PropertyValueSpecification\",\"valueRequired\":true,\"valueName\":\"search_term_string\"}}],\"inLanguage\":\"pt-PT\"},{\"@type\":\"Organization\",\"@id\":\"https:\\\/\\\/tablaoflamencoalma.com\\\/#organization\",\"name\":\"Tablao Flamenco Alma\",\"url\":\"https:\\\/\\\/tablaoflamencoalma.com\\\/\",\"logo\":{\"@type\":\"ImageObject\",\"inLanguage\":\"pt-PT\",\"@id\":\"https:\\\/\\\/tablaoflamencoalma.com\\\/#\\\/schema\\\/logo\\\/image\\\/\",\"url\":\"https:\\\/\\\/tablaoflamencoalma.com\\\/wp-content\\\/uploads\\\/2024\\\/01\\\/cropped-tablao-flamenco-alma-01-04.png\",\"contentUrl\":\"https:\\\/\\\/tablaoflamencoalma.com\\\/wp-content\\\/uploads\\\/2024\\\/01\\\/cropped-tablao-flamenco-alma-01-04.png\",\"width\":512,\"height\":512,\"caption\":\"Tablao Flamenco Alma\"},\"image\":{\"@id\":\"https:\\\/\\\/tablaoflamencoalma.com\\\/#\\\/schema\\\/logo\\\/image\\\/\"},\"sameAs\":[\"https:\\\/\\\/www.facebook.com\\\/tablaoflamencoalma\",\"https:\\\/\\\/www.instagram.com\\\/tablaoflamencoalma\"]},{\"@type\":\"Person\",\"@id\":\"https:\\\/\\\/tablaoflamencoalma.com\\\/#\\\/schema\\\/person\\\/9d0c2a9a099918689427e2a0b2dd0f5c\",\"name\":\"Tablao Flamenco Alma\",\"image\":{\"@type\":\"ImageObject\",\"inLanguage\":\"pt-PT\",\"@id\":\"https:\\\/\\\/tablaoflamencoalma.com\\\/wp-content\\\/litespeed\\\/avatar\\\/797b83aa1ddf30f355ead08e864f8dad.jpg?ver=1788140548\",\"url\":\"https:\\\/\\\/tablaoflamencoalma.com\\\/wp-content\\\/litespeed\\\/avatar\\\/797b83aa1ddf30f355ead08e864f8dad.jpg?ver=1788140548\",\"contentUrl\":\"https:\\\/\\\/tablaoflamencoalma.com\\\/wp-content\\\/litespeed\\\/avatar\\\/797b83aa1ddf30f355ead08e864f8dad.jpg?ver=1788140548\",\"caption\":\"Tablao Flamenco Alma\"},\"url\":\"https:\\\/\\\/tablaoflamencoalma.com\\\/pt\\\/author\\\/flamencoalma\\\/\"}]}<\/script>\n<!-- \/ Yoast SEO plugin. -->","yoast_head_json":{"title":"Paco de Luc\u00eda: O eterno g\u00eanio do viol\u00e3o flamenco - Tablao Flamenco Alma","description":"Conhe\u00e7a a hist\u00f3ria de Paco de Luc\u00eda, figura fundamental do flamenco moderno e um dos guitarristas mais influentes da hist\u00f3ria.","robots":{"index":"index","follow":"follow","max-snippet":"max-snippet:-1","max-image-preview":"max-image-preview:large","max-video-preview":"max-video-preview:-1"},"canonical":"https:\/\/tablaoflamencoalma.com\/pt\/paco-de-lucia-el-genio-de-la-guitarra-flamenca\/","og_locale":"pt_PT","og_type":"article","og_title":"Paco de Luc\u00eda: El genio eterno de la guitarra flamenca - Tablao Flamenco Alma","og_description":"Conoce la historia de Paco de Luc\u00eda, una figura clave del flamenco moderno y uno de los guitarristas m\u00e1s influyentes de la historia.","og_url":"https:\/\/tablaoflamencoalma.com\/pt\/paco-de-lucia-el-genio-de-la-guitarra-flamenca\/","og_site_name":"Tablao Flamenco Alma","article_publisher":"https:\/\/www.facebook.com\/tablaoflamencoalma","article_published_time":"2024-08-12T16:45:44+00:00","article_modified_time":"2026-06-02T08:02:41+00:00","og_image":[{"width":1080,"height":800,"url":"https:\/\/tablaoflamencoalma.com\/wp-content\/uploads\/2024\/08\/Paco-de-Lucia-Tablao-Alma.png","type":"image\/png"}],"author":"Tablao Flamenco Alma","twitter_card":"summary_large_image","twitter_misc":{"Escrito por":"Tablao Flamenco Alma","Tempo estimado de leitura":"3 minutos"},"schema":{"@context":"https:\/\/schema.org","@graph":[{"@type":"Article","@id":"https:\/\/tablaoflamencoalma.com\/paco-de-lucia-el-genio-de-la-guitarra-flamenca\/#article","isPartOf":{"@id":"https:\/\/tablaoflamencoalma.com\/paco-de-lucia-el-genio-de-la-guitarra-flamenca\/"},"author":{"name":"Tablao Flamenco Alma","@id":"https:\/\/tablaoflamencoalma.com\/#\/schema\/person\/9d0c2a9a099918689427e2a0b2dd0f5c"},"headline":"Paco de Luc\u00eda: El genio eterno de la guitarra flamenca","datePublished":"2024-08-12T16:45:44+00:00","dateModified":"2026-06-02T08:02:41+00:00","mainEntityOfPage":{"@id":"https:\/\/tablaoflamencoalma.com\/paco-de-lucia-el-genio-de-la-guitarra-flamenca\/"},"wordCount":641,"commentCount":0,"publisher":{"@id":"https:\/\/tablaoflamencoalma.com\/#organization"},"image":{"@id":"https:\/\/tablaoflamencoalma.com\/paco-de-lucia-el-genio-de-la-guitarra-flamenca\/#primaryimage"},"thumbnailUrl":"https:\/\/tablaoflamencoalma.com\/wp-content\/uploads\/2024\/08\/Paco-de-Lucia-Tablao-Alma.png","articleSection":["Artistas"],"inLanguage":"pt-PT","potentialAction":[{"@type":"CommentAction","name":"Comment","target":["https:\/\/tablaoflamencoalma.com\/paco-de-lucia-el-genio-de-la-guitarra-flamenca\/#respond"]}]},{"@type":"WebPage","@id":"https:\/\/tablaoflamencoalma.com\/paco-de-lucia-el-genio-de-la-guitarra-flamenca\/","url":"https:\/\/tablaoflamencoalma.com\/paco-de-lucia-el-genio-de-la-guitarra-flamenca\/","name":"Paco de Luc\u00eda: O eterno g\u00eanio do viol\u00e3o flamenco - Tablao Flamenco Alma","isPartOf":{"@id":"https:\/\/tablaoflamencoalma.com\/#website"},"primaryImageOfPage":{"@id":"https:\/\/tablaoflamencoalma.com\/paco-de-lucia-el-genio-de-la-guitarra-flamenca\/#primaryimage"},"image":{"@id":"https:\/\/tablaoflamencoalma.com\/paco-de-lucia-el-genio-de-la-guitarra-flamenca\/#primaryimage"},"thumbnailUrl":"https:\/\/tablaoflamencoalma.com\/wp-content\/uploads\/2024\/08\/Paco-de-Lucia-Tablao-Alma.png","datePublished":"2024-08-12T16:45:44+00:00","dateModified":"2026-06-02T08:02:41+00:00","description":"Conhe\u00e7a a hist\u00f3ria de Paco de Luc\u00eda, figura fundamental do flamenco moderno e um dos guitarristas mais influentes da hist\u00f3ria.","breadcrumb":{"@id":"https:\/\/tablaoflamencoalma.com\/paco-de-lucia-el-genio-de-la-guitarra-flamenca\/#breadcrumb"},"inLanguage":"pt-PT","potentialAction":[{"@type":"ReadAction","target":["https:\/\/tablaoflamencoalma.com\/paco-de-lucia-el-genio-de-la-guitarra-flamenca\/"]}]},{"@type":"ImageObject","inLanguage":"pt-PT","@id":"https:\/\/tablaoflamencoalma.com\/paco-de-lucia-el-genio-de-la-guitarra-flamenca\/#primaryimage","url":"https:\/\/tablaoflamencoalma.com\/wp-content\/uploads\/2024\/08\/Paco-de-Lucia-Tablao-Alma.png","contentUrl":"https:\/\/tablaoflamencoalma.com\/wp-content\/uploads\/2024\/08\/Paco-de-Lucia-Tablao-Alma.png","width":1080,"height":800,"caption":"Paco de Lucia Tablao Alma"},{"@type":"BreadcrumbList","@id":"https:\/\/tablaoflamencoalma.com\/paco-de-lucia-el-genio-de-la-guitarra-flamenca\/#breadcrumb","itemListElement":[{"@type":"ListItem","position":1,"name":"Portada","item":"https:\/\/tablaoflamencoalma.com\/"},{"@type":"ListItem","position":2,"name":"Paco de Luc\u00eda: El genio eterno de la guitarra flamenca"}]},{"@type":"WebSite","@id":"https:\/\/tablaoflamencoalma.com\/#website","url":"https:\/\/tablaoflamencoalma.com\/","name":"Tablao Flamenco Alma","description":"Tablao Flamenco Alma","publisher":{"@id":"https:\/\/tablaoflamencoalma.com\/#organization"},"potentialAction":[{"@type":"SearchAction","target":{"@type":"EntryPoint","urlTemplate":"https:\/\/tablaoflamencoalma.com\/?s={search_term_string}"},"query-input":{"@type":"PropertyValueSpecification","valueRequired":true,"valueName":"search_term_string"}}],"inLanguage":"pt-PT"},{"@type":"Organization","@id":"https:\/\/tablaoflamencoalma.com\/#organization","name":"Tablao Flamenco Alma","url":"https:\/\/tablaoflamencoalma.com\/","logo":{"@type":"ImageObject","inLanguage":"pt-PT","@id":"https:\/\/tablaoflamencoalma.com\/#\/schema\/logo\/image\/","url":"https:\/\/tablaoflamencoalma.com\/wp-content\/uploads\/2024\/01\/cropped-tablao-flamenco-alma-01-04.png","contentUrl":"https:\/\/tablaoflamencoalma.com\/wp-content\/uploads\/2024\/01\/cropped-tablao-flamenco-alma-01-04.png","width":512,"height":512,"caption":"Tablao Flamenco Alma"},"image":{"@id":"https:\/\/tablaoflamencoalma.com\/#\/schema\/logo\/image\/"},"sameAs":["https:\/\/www.facebook.com\/tablaoflamencoalma","https:\/\/www.instagram.com\/tablaoflamencoalma"]},{"@type":"Person","@id":"https:\/\/tablaoflamencoalma.com\/#\/schema\/person\/9d0c2a9a099918689427e2a0b2dd0f5c","name":"Tablao Flamenco Alma","image":{"@type":"ImageObject","inLanguage":"pt-PT","@id":"https:\/\/tablaoflamencoalma.com\/wp-content\/litespeed\/avatar\/797b83aa1ddf30f355ead08e864f8dad.jpg?ver=1788140548","url":"https:\/\/tablaoflamencoalma.com\/wp-content\/litespeed\/avatar\/797b83aa1ddf30f355ead08e864f8dad.jpg?ver=1788140548","contentUrl":"https:\/\/tablaoflamencoalma.com\/wp-content\/litespeed\/avatar\/797b83aa1ddf30f355ead08e864f8dad.jpg?ver=1788140548","caption":"Tablao Flamenco Alma"},"url":"https:\/\/tablaoflamencoalma.com\/pt\/author\/flamencoalma\/"}]}},"_links":{"self":[{"href":"https:\/\/tablaoflamencoalma.com\/pt\/wp-json\/wp\/v2\/posts\/4411","targetHints":{"allow":["GET"]}}],"collection":[{"href":"https:\/\/tablaoflamencoalma.com\/pt\/wp-json\/wp\/v2\/posts"}],"about":[{"href":"https:\/\/tablaoflamencoalma.com\/pt\/wp-json\/wp\/v2\/types\/post"}],"author":[{"embeddable":true,"href":"https:\/\/tablaoflamencoalma.com\/pt\/wp-json\/wp\/v2\/users\/3"}],"replies":[{"embeddable":true,"href":"https:\/\/tablaoflamencoalma.com\/pt\/wp-json\/wp\/v2\/comments?post=4411"}],"version-history":[{"count":12,"href":"https:\/\/tablaoflamencoalma.com\/pt\/wp-json\/wp\/v2\/posts\/4411\/revisions"}],"predecessor-version":[{"id":7512,"href":"https:\/\/tablaoflamencoalma.com\/pt\/wp-json\/wp\/v2\/posts\/4411\/revisions\/7512"}],"wp:featuredmedia":[{"embeddable":true,"href":"https:\/\/tablaoflamencoalma.com\/pt\/wp-json\/wp\/v2\/media\/4413"}],"wp:attachment":[{"href":"https:\/\/tablaoflamencoalma.com\/pt\/wp-json\/wp\/v2\/media?parent=4411"}],"wp:term":[{"taxonomy":"category","embeddable":true,"href":"https:\/\/tablaoflamencoalma.com\/pt\/wp-json\/wp\/v2\/categories?post=4411"},{"taxonomy":"post_tag","embeddable":true,"href":"https:\/\/tablaoflamencoalma.com\/pt\/wp-json\/wp\/v2\/tags?post=4411"}],"curies":[{"name":"wp","href":"https:\/\/api.w.org\/{rel}","templated":true}]}}