{"id":3128,"date":"2024-02-24T15:03:12","date_gmt":"2024-02-24T14:03:12","guid":{"rendered":"https:\/\/tablaoflamencoalma.com\/?page_id=3128"},"modified":"2026-06-02T09:38:07","modified_gmt":"2026-06-02T08:38:07","slug":"estilo-y-tecnica-del-flamenco","status":"publish","type":"post","link":"https:\/\/tablaoflamencoalma.com\/pt\/estilo-y-tecnica-del-flamenco\/","title":{"rendered":"Estilo e t\u00e9cnica flamenca"},"content":{"rendered":"<div data-elementor-type=\"wp-page\" data-elementor-id=\"3128\" class=\"elementor elementor-3128\" data-elementor-post-type=\"post\">\n\t\t\t\t<div class=\"elementor-element elementor-element-250acbb e-flex e-con-boxed e-con e-parent\" data-id=\"250acbb\" data-element_type=\"container\" data-e-type=\"container\">\n\t\t\t\t\t<div class=\"e-con-inner\">\n\t\t<div class=\"elementor-element elementor-element-5c667ad e-flex e-con-boxed e-con e-child\" data-id=\"5c667ad\" data-element_type=\"container\" data-e-type=\"container\">\n\t\t\t\t\t<div class=\"e-con-inner\">\n\t\t\t\t<div class=\"elementor-element elementor-element-1953dea elementor-widget elementor-widget-heading\" data-id=\"1953dea\" data-element_type=\"widget\" data-e-type=\"widget\" data-widget_type=\"heading.default\">\n\t\t\t\t<div class=\"elementor-widget-container\">\n\t\t\t\t\t<h2 class=\"elementor-heading-title elementor-size-default\">Palmeiras flamencas<\/h2>\t\t\t\t<\/div>\n\t\t\t\t<\/div>\n\t\t<div class=\"elementor-element elementor-element-84a82d8 e-flex e-con-boxed e-con e-child\" data-id=\"84a82d8\" data-element_type=\"container\" data-e-type=\"container\">\n\t\t\t\t\t<div class=\"e-con-inner\">\n\t\t\t\t<div class=\"elementor-element elementor-element-70e477d elementor-widget elementor-widget-text-editor\" data-id=\"70e477d\" data-element_type=\"widget\" data-e-type=\"widget\" data-widget_type=\"text-editor.default\">\n\t\t\t\t<div class=\"elementor-widget-container\">\n\t\t\t\t\t\t\t\t\t<p>A palma flamenca caracteriza-se pela marca\u00e7\u00e3o precisa do ritmo flamenco, pela variedade r\u00edtmica e pelo enriquecimento da interpreta\u00e7\u00e3o tanto da guitarra quanto do canto e da dan\u00e7a.<\/p><p>\u00a0<\/p><p>Servem de base para estilos r\u00edtmicos como buler\u00edas, tangos ou alegrias, embora tamb\u00e9m acompanhem qualquer estilo que tenha ritmo como seguiriya, sole\u00e1 por buler\u00eda, sole\u00e1, tanguillos, guajiras\u2026<\/p><p>\u00a0<\/p><p>Para executar as palmas flamencas corretamente, \u00e9 preciso conhecer o ritmo de cada estilo, a velocidade e as nuances de cada um.<\/p>\t\t\t\t\t\t\t\t<\/div>\n\t\t\t\t<\/div>\n\t\t\t\t<div class=\"elementor-element elementor-element-7e7b571 elementor-widget elementor-widget-image\" data-id=\"7e7b571\" data-element_type=\"widget\" data-e-type=\"widget\" data-widget_type=\"image.default\">\n\t\t\t\t<div class=\"elementor-widget-container\">\n\t\t\t\t\t\t\t\t\t\t\t\t\t\t\t<img decoding=\"async\" src=\"https:\/\/tablaoflamencoalma.com\/wp-content\/uploads\/elementor\/thumbs\/Palmas-flamencas-1x1-peq-qka5jkb0f4mr3103toqjwoip0le8erjoueeu9h67vc.jpg\" title=\"Palmeiras flamencas 1x1 pequenas\" alt=\"Ritmo flamenco\" loading=\"lazy\" \/>\t\t\t\t\t\t\t\t\t\t\t\t\t\t\t<\/div>\n\t\t\t\t<\/div>\n\t\t\t\t\t<\/div>\n\t\t\t\t<\/div>\n\t\t\t\t<div class=\"elementor-element elementor-element-472543c elementor-widget elementor-widget-spacer\" data-id=\"472543c\" data-element_type=\"widget\" data-e-type=\"widget\" data-widget_type=\"spacer.default\">\n\t\t\t\t<div class=\"elementor-widget-container\">\n\t\t\t\t\t\t\t<div class=\"elementor-spacer\">\n\t\t\t<div class=\"elementor-spacer-inner\"><\/div>\n\t\t<\/div>\n\t\t\t\t\t\t<\/div>\n\t\t\t\t<\/div>\n\t\t\t\t<div class=\"elementor-element elementor-element-d0ea97b elementor-widget elementor-widget-heading\" data-id=\"d0ea97b\" data-element_type=\"widget\" data-e-type=\"widget\" data-widget_type=\"heading.default\">\n\t\t\t\t<div class=\"elementor-widget-container\">\n\t\t\t\t\t<h2 class=\"elementor-heading-title elementor-size-default\">Ritmo flamenco<\/h2>\t\t\t\t<\/div>\n\t\t\t\t<\/div>\n\t\t<div class=\"elementor-element elementor-element-1b07776 e-flex e-con-boxed e-con e-child\" data-id=\"1b07776\" data-element_type=\"container\" data-e-type=\"container\">\n\t\t\t\t\t<div class=\"e-con-inner\">\n\t\t\t\t<div class=\"elementor-element elementor-element-98f772a elementor-widget elementor-widget-text-editor\" data-id=\"98f772a\" data-element_type=\"widget\" data-e-type=\"widget\" data-widget_type=\"text-editor.default\">\n\t\t\t\t<div class=\"elementor-widget-container\">\n\t\t\t\t\t\t\t\t\t<p>O ritmo do flamenco \u00e9 muito caracter\u00edstico. Al\u00e9m de utilizar compassos 3\/4 (fandangos ou sevilhanas) e 4\/4 (tientos, tangos ou colombianas), ele emprega um ritmo peculiar de 12 tempos que pode ser interpretado de diversas maneiras.<\/p><p>\u00a0<\/p><p>As notas acentuadas nesse compasso seriam os n\u00fameros 12, 3, 6, 8 e 10. Depois disso, come\u00e7ar\u00edamos novamente.<\/p><p>\u00a0<\/p><p>Os estilos que utilizam esses acentos s\u00e3o os mais importantes dentro do flamenco: principalmente a sole\u00e1, as alegr\u00edas e as buler\u00edas.<\/p>\t\t\t\t\t\t\t\t<\/div>\n\t\t\t\t<\/div>\n\t\t\t\t<div class=\"elementor-element elementor-element-5fbb39b elementor-widget elementor-widget-image\" data-id=\"5fbb39b\" data-element_type=\"widget\" data-e-type=\"widget\" data-widget_type=\"image.default\">\n\t\t\t\t<div class=\"elementor-widget-container\">\n\t\t\t\t\t\t\t\t\t\t\t\t\t\t\t<img decoding=\"async\" src=\"https:\/\/tablaoflamencoalma.com\/wp-content\/uploads\/elementor\/thumbs\/Compas-flamenco-1x1-peq-qka5izmk8rufzlu56fsrdtqjy485pf9lfk25pe0vo8.jpg\" title=\"Ritmo flamenco 1x1 pequeno\" alt=\"Ritmo flamenco\" loading=\"lazy\" \/>\t\t\t\t\t\t\t\t\t\t\t\t\t\t\t<\/div>\n\t\t\t\t<\/div>\n\t\t\t\t\t<\/div>\n\t\t\t\t<\/div>\n\t\t\t\t<div class=\"elementor-element elementor-element-fabb99d elementor-widget elementor-widget-spacer\" data-id=\"fabb99d\" data-element_type=\"widget\" data-e-type=\"widget\" data-widget_type=\"spacer.default\">\n\t\t\t\t<div class=\"elementor-widget-container\">\n\t\t\t\t\t\t\t<div class=\"elementor-spacer\">\n\t\t\t<div class=\"elementor-spacer-inner\"><\/div>\n\t\t<\/div>\n\t\t\t\t\t\t<\/div>\n\t\t\t\t<\/div>\n\t\t\t\t<div class=\"elementor-element elementor-element-f568ae6 elementor-widget elementor-widget-heading\" data-id=\"f568ae6\" data-element_type=\"widget\" data-e-type=\"widget\" data-widget_type=\"heading.default\">\n\t\t\t\t<div class=\"elementor-widget-container\">\n\t\t\t\t\t<h2 class=\"elementor-heading-title elementor-size-default\">sapateado flamenco<\/h2>\t\t\t\t<\/div>\n\t\t\t\t<\/div>\n\t\t<div class=\"elementor-element elementor-element-b476ce3 e-flex e-con-boxed e-con e-child\" data-id=\"b476ce3\" data-element_type=\"container\" data-e-type=\"container\">\n\t\t\t\t\t<div class=\"e-con-inner\">\n\t\t\t\t<div class=\"elementor-element elementor-element-8791ed8 elementor-widget elementor-widget-text-editor\" data-id=\"8791ed8\" data-element_type=\"widget\" data-e-type=\"widget\" data-widget_type=\"text-editor.default\">\n\t\t\t\t<div class=\"elementor-widget-container\">\n\t\t\t\t\t\t\t\t\t<p>O trabalho de p\u00e9s, ou zapateado, \u00e9 um elemento da dan\u00e7a flamenca executado com os p\u00e9s como percuss\u00e3o, adicionando riqueza r\u00edtmica. Originalmente, era um estilo dan\u00e7ado apenas por homens. Embora esse estilo n\u00e3o seja mais executado especificamente por homens, \u00e9 uma t\u00e9cnica usada tanto por mulheres quanto por homens em todos os tipos de dan\u00e7a flamenca.<\/p><p>\u00a0<\/p><p>Consiste em bater os p\u00e9s no ritmo da m\u00fasica com varia\u00e7\u00f5es r\u00edtmicas.<\/p><p>\u00a0<\/p><p>Zapateado tamb\u00e9m \u00e9 um estilo de solo de guitarra flamenca. Alguns artistas proeminentes do zapateado foram Paco de Luc\u00eda, Esteban de Sanl\u00facar e Vicente Amigo.<\/p>\t\t\t\t\t\t\t\t<\/div>\n\t\t\t\t<\/div>\n\t\t\t\t<div class=\"elementor-element elementor-element-7e267e9 elementor-widget elementor-widget-image\" data-id=\"7e267e9\" data-element_type=\"widget\" data-e-type=\"widget\" data-widget_type=\"image.default\">\n\t\t\t\t<div class=\"elementor-widget-container\">\n\t\t\t\t\t\t\t\t\t\t\t\t\t\t\t<img fetchpriority=\"high\" decoding=\"async\" width=\"960\" height=\"960\" src=\"https:\/\/tablaoflamencoalma.com\/wp-content\/uploads\/2024\/02\/Zapateado-flamenco-peq.jpg\" class=\"attachment-large size-large wp-image-3109\" alt=\"\" srcset=\"https:\/\/tablaoflamencoalma.com\/wp-content\/uploads\/2024\/02\/Zapateado-flamenco-peq.jpg 960w, https:\/\/tablaoflamencoalma.com\/wp-content\/uploads\/2024\/02\/Zapateado-flamenco-peq-300x300.jpg 300w, https:\/\/tablaoflamencoalma.com\/wp-content\/uploads\/2024\/02\/Zapateado-flamenco-peq-150x150.jpg 150w, https:\/\/tablaoflamencoalma.com\/wp-content\/uploads\/2024\/02\/Zapateado-flamenco-peq-768x768.jpg 768w\" sizes=\"(max-width: 960px) 100vw, 960px\" \/>\t\t\t\t\t\t\t\t\t\t\t\t\t\t\t<\/div>\n\t\t\t\t<\/div>\n\t\t\t\t\t<\/div>\n\t\t\t\t<\/div>\n\t\t\t\t<div class=\"elementor-element elementor-element-3589e1a elementor-widget elementor-widget-spacer\" data-id=\"3589e1a\" data-element_type=\"widget\" data-e-type=\"widget\" data-widget_type=\"spacer.default\">\n\t\t\t\t<div class=\"elementor-widget-container\">\n\t\t\t\t\t\t\t<div class=\"elementor-spacer\">\n\t\t\t<div class=\"elementor-spacer-inner\"><\/div>\n\t\t<\/div>\n\t\t\t\t\t\t<\/div>\n\t\t\t\t<\/div>\n\t\t\t\t<div class=\"elementor-element elementor-element-62cd3d3 elementor-widget elementor-widget-heading\" data-id=\"62cd3d3\" data-element_type=\"widget\" data-e-type=\"widget\" data-widget_type=\"heading.default\">\n\t\t\t\t<div class=\"elementor-widget-container\">\n\t\t\t\t\t<h2 class=\"elementor-heading-title elementor-size-default\">guitarra flamenca<\/h2>\t\t\t\t<\/div>\n\t\t\t\t<\/div>\n\t\t<div class=\"elementor-element elementor-element-2d394c6 e-flex e-con-boxed e-con e-child\" data-id=\"2d394c6\" data-element_type=\"container\" data-e-type=\"container\">\n\t\t\t\t\t<div class=\"e-con-inner\">\n\t\t\t\t<div class=\"elementor-element elementor-element-fea8c56 elementor-widget elementor-widget-image\" data-id=\"fea8c56\" data-element_type=\"widget\" data-e-type=\"widget\" data-widget_type=\"image.default\">\n\t\t\t\t<div class=\"elementor-widget-container\">\n\t\t\t\t\t\t\t\t\t\t\t\t\t\t\t<img decoding=\"async\" src=\"https:\/\/tablaoflamencoalma.com\/wp-content\/uploads\/elementor\/thumbs\/Guitarra-flamenca-estilo-peq-qkg0cu5lqozhef00ds285z41lkmb5m80q0txos03g0.jpg\" title=\"Viol\u00e3o flamenco, estilo pequeno\" alt=\"Viol\u00e3o flamenco, estilo pequeno\" loading=\"lazy\" \/>\t\t\t\t\t\t\t\t\t\t\t\t\t\t\t<\/div>\n\t\t\t\t<\/div>\n\t\t\t\t<div class=\"elementor-element elementor-element-04d197a elementor-widget elementor-widget-text-editor\" data-id=\"04d197a\" data-element_type=\"widget\" data-e-type=\"widget\" data-widget_type=\"text-editor.default\">\n\t\t\t\t<div class=\"elementor-widget-container\">\n\t\t\t\t\t\t\t\t\t<p>A guitarra flamenca tem duas fun\u00e7\u00f5es principais no flamenco: a de acompanhamento e a de solista, esta \u00faltima tamb\u00e9m conhecida como guitarra de concerto.<\/p><p>\u00a0<\/p><p>O acompanhamento de guitarra pode ser para cantar ou dan\u00e7ar, e sua principal fun\u00e7\u00e3o \u00e9 fornecer a base r\u00edtmica e harm\u00f4nica.<\/p><p>\u00a0<\/p><p>Tocar viol\u00e3o flamenco solo exige um alto n\u00edvel de habilidade em t\u00e9cnica, composi\u00e7\u00e3o e performance.<\/p><p>Alguns guitarristas de flamenco proeminentes incluem Paco de Luc\u00eda, Vicente Amigo, Tomatito, Sabicas, Ni\u00f1o Ricardo e Manolo Sanl\u00facar.<\/p>\t\t\t\t\t\t\t\t<\/div>\n\t\t\t\t<\/div>\n\t\t\t\t\t<\/div>\n\t\t\t\t<\/div>\n\t\t\t\t<div class=\"elementor-element elementor-element-2d0f0e9 elementor-widget elementor-widget-spacer\" data-id=\"2d0f0e9\" data-element_type=\"widget\" data-e-type=\"widget\" data-widget_type=\"spacer.default\">\n\t\t\t\t<div class=\"elementor-widget-container\">\n\t\t\t\t\t\t\t<div class=\"elementor-spacer\">\n\t\t\t<div class=\"elementor-spacer-inner\"><\/div>\n\t\t<\/div>\n\t\t\t\t\t\t<\/div>\n\t\t\t\t<\/div>\n\t\t\t\t<div class=\"elementor-element elementor-element-043385f elementor-widget elementor-widget-heading\" data-id=\"043385f\" data-element_type=\"widget\" data-e-type=\"widget\" data-widget_type=\"heading.default\">\n\t\t\t\t<div class=\"elementor-widget-container\">\n\t\t\t\t\t<h2 class=\"elementor-heading-title elementor-size-default\">Canto flamenco<\/h2>\t\t\t\t<\/div>\n\t\t\t\t<\/div>\n\t\t<div class=\"elementor-element elementor-element-a6ce774 e-flex e-con-boxed e-con e-child\" data-id=\"a6ce774\" data-element_type=\"container\" data-e-type=\"container\">\n\t\t\t\t\t<div class=\"e-con-inner\">\n\t\t\t\t<div class=\"elementor-element elementor-element-61b21b8 elementor-widget elementor-widget-text-editor\" data-id=\"61b21b8\" data-element_type=\"widget\" data-e-type=\"widget\" data-widget_type=\"text-editor.default\">\n\t\t\t\t<div class=\"elementor-widget-container\">\n\t\t\t\t\t\t\t\t\t<p>O canto flamenco distingue-se pelo seu timbre e pelo seu lamento caracter\u00edstico. \u00c9 t\u00edpico tanto de homens como de mulheres. Apresenta-se tanto como performance a solo com acompanhamento de guitarra, como tamb\u00e9m como acompanhamento de dan\u00e7a, com letras apropriadas para a ocasi\u00e3o.<\/p><p>\u00a0<\/p><p>Os temas das letras do flamenco variam de acordo com o estilo. Em estilos mais s\u00e9rios ou solenes, as can\u00e7\u00f5es se concentram na trag\u00e9dia ou no amor. Em estilos mais alegres, o objetivo \u00e9 o humor ou a narra\u00e7\u00e3o de um evento hist\u00f3rico.<\/p>\t\t\t\t\t\t\t\t<\/div>\n\t\t\t\t<\/div>\n\t\t\t\t<div class=\"elementor-element elementor-element-7806677 elementor-widget elementor-widget-image\" data-id=\"7806677\" data-element_type=\"widget\" data-e-type=\"widget\" data-widget_type=\"image.default\">\n\t\t\t\t<div class=\"elementor-widget-container\">\n\t\t\t\t\t\t\t\t\t\t\t\t\t\t\t<img decoding=\"async\" width=\"960\" height=\"960\" src=\"https:\/\/tablaoflamencoalma.com\/wp-content\/uploads\/2024\/02\/Cante-flamenco-1x1-peq.jpg\" class=\"attachment-large size-large wp-image-3103\" alt=\"\" srcset=\"https:\/\/tablaoflamencoalma.com\/wp-content\/uploads\/2024\/02\/Cante-flamenco-1x1-peq.jpg 960w, https:\/\/tablaoflamencoalma.com\/wp-content\/uploads\/2024\/02\/Cante-flamenco-1x1-peq-300x300.jpg 300w, https:\/\/tablaoflamencoalma.com\/wp-content\/uploads\/2024\/02\/Cante-flamenco-1x1-peq-150x150.jpg 150w, https:\/\/tablaoflamencoalma.com\/wp-content\/uploads\/2024\/02\/Cante-flamenco-1x1-peq-768x768.jpg 768w\" sizes=\"(max-width: 960px) 100vw, 960px\" \/>\t\t\t\t\t\t\t\t\t\t\t\t\t\t\t<\/div>\n\t\t\t\t<\/div>\n\t\t\t\t\t<\/div>\n\t\t\t\t<\/div>\n\t\t\t\t<div class=\"elementor-element elementor-element-2f80f74 elementor-widget elementor-widget-spacer\" data-id=\"2f80f74\" data-element_type=\"widget\" data-e-type=\"widget\" data-widget_type=\"spacer.default\">\n\t\t\t\t<div class=\"elementor-widget-container\">\n\t\t\t\t\t\t\t<div class=\"elementor-spacer\">\n\t\t\t<div class=\"elementor-spacer-inner\"><\/div>\n\t\t<\/div>\n\t\t\t\t\t\t<\/div>\n\t\t\t\t<\/div>\n\t\t\t\t<div class=\"elementor-element elementor-element-63b802b elementor-widget elementor-widget-heading\" data-id=\"63b802b\" data-element_type=\"widget\" data-e-type=\"widget\" data-widget_type=\"heading.default\">\n\t\t\t\t<div class=\"elementor-widget-container\">\n\t\t\t\t\t<h2 class=\"elementor-heading-title elementor-size-default\">Trajes de flamenco<\/h2>\t\t\t\t<\/div>\n\t\t\t\t<\/div>\n\t\t<div class=\"elementor-element elementor-element-75921ed e-flex e-con-boxed e-con e-child\" data-id=\"75921ed\" data-element_type=\"container\" data-e-type=\"container\">\n\t\t\t\t\t<div class=\"e-con-inner\">\n\t\t\t\t<div class=\"elementor-element elementor-element-5614d88 elementor-widget elementor-widget-text-editor\" data-id=\"5614d88\" data-element_type=\"widget\" data-e-type=\"widget\" data-widget_type=\"text-editor.default\">\n\t\t\t\t<div class=\"elementor-widget-container\">\n\t\t\t\t\t\t\t\t\t<p>As roupas usadas na dan\u00e7a flamenca s\u00e3o muito importantes e um ou outro tipo ser\u00e1 usado dependendo do estilo que estiver sendo dan\u00e7ado.<\/p><p>\u00a0<\/p><p>Cores mais vivas s\u00e3o usadas em estilos alegres como alegr\u00edas, tangos ou guajiras, e cores mais s\u00e9rias ou escuras em estilos como taranto, sole\u00e1 ou seguiriya.<\/p><p>\u00a0<\/p><p>Al\u00e9m dos trajes tradicionais para homens e mulheres, outros elementos s\u00e3o incorporados para enriquecer ainda mais a dan\u00e7a, assim como o vestu\u00e1rio. Entre eles, castanholas, chap\u00e9us, xales, vestidos de flamenco com cauda, bengalas e leques.<\/p>\t\t\t\t\t\t\t\t<\/div>\n\t\t\t\t<\/div>\n\t\t\t\t<div class=\"elementor-element elementor-element-aea5571 elementor-widget elementor-widget-image\" data-id=\"aea5571\" data-element_type=\"widget\" data-e-type=\"widget\" data-widget_type=\"image.default\">\n\t\t\t\t<div class=\"elementor-widget-container\">\n\t\t\t\t\t\t\t\t\t\t\t\t\t\t\t<img decoding=\"async\" width=\"960\" height=\"960\" src=\"https:\/\/tablaoflamencoalma.com\/wp-content\/uploads\/2024\/02\/Vestuario-flamenco.png\" class=\"attachment-large size-large wp-image-3098\" alt=\"Trajes de flamenco\" srcset=\"https:\/\/tablaoflamencoalma.com\/wp-content\/uploads\/2024\/02\/Vestuario-flamenco.png 960w, https:\/\/tablaoflamencoalma.com\/wp-content\/uploads\/2024\/02\/Vestuario-flamenco-300x300.png 300w, https:\/\/tablaoflamencoalma.com\/wp-content\/uploads\/2024\/02\/Vestuario-flamenco-150x150.png 150w, https:\/\/tablaoflamencoalma.com\/wp-content\/uploads\/2024\/02\/Vestuario-flamenco-768x768.png 768w\" sizes=\"(max-width: 960px) 100vw, 960px\" \/>\t\t\t\t\t\t\t\t\t\t\t\t\t\t\t<\/div>\n\t\t\t\t<\/div>\n\t\t\t\t\t<\/div>\n\t\t\t\t<\/div>\n\t\t\t\t\t<\/div>\n\t\t\t\t<\/div>\n\t\t\t\t<div class=\"elementor-element elementor-element-0eee039 elementor-widget elementor-widget-spacer\" data-id=\"0eee039\" data-element_type=\"widget\" data-e-type=\"widget\" data-widget_type=\"spacer.default\">\n\t\t\t\t<div class=\"elementor-widget-container\">\n\t\t\t\t\t\t\t<div class=\"elementor-spacer\">\n\t\t\t<div class=\"elementor-spacer-inner\"><\/div>\n\t\t<\/div>\n\t\t\t\t\t\t<\/div>\n\t\t\t\t<\/div>\n\t\t\t\t\t<\/div>\n\t\t\t\t<\/div>\n\t\t\t\t<\/div>","protected":false},"excerpt":{"rendered":"<p>Palmas flamencas Las palmas flamencas se caracterizan por marcar el comp\u00e1s flamenco con precisi\u00f3n, variedad r\u00edtmica y enriquecen la interpretaci\u00f3n tanto de la guitarra como del cante y el baile. \u00a0 Sirven de base para los estilos r\u00edtmicos como las buler\u00edas, los tangos o las alegr\u00edas, aunque tambi\u00e9n acompa\u00f1an cualquier estilo que lleve ritmo como [&hellip;]<\/p>\n","protected":false},"author":3,"featured_media":3114,"comment_status":"open","ping_status":"closed","sticky":false,"template":"","format":"standard","meta":{"site-sidebar-layout":"no-sidebar","site-content-layout":"page-builder","ast-site-content-layout":"full-width-container","site-content-style":"unboxed","site-sidebar-style":"unboxed","ast-global-header-display":"","ast-banner-title-visibility":"","ast-main-header-display":"","ast-hfb-above-header-display":"","ast-hfb-below-header-display":"","ast-hfb-mobile-header-display":"","site-post-title":"disabled","ast-breadcrumbs-content":"","ast-featured-img":"","footer-sml-layout":"","theme-transparent-header-meta":"enabled","adv-header-id-meta":"","stick-header-meta":"","header-above-stick-meta":"","header-main-stick-meta":"","header-below-stick-meta":"","astra-migrate-meta-layouts":"set","ast-page-background-enabled":"default","ast-page-background-meta":{"desktop":{"background-color":"var(--ast-global-color-4)","background-image":"","background-repeat":"repeat","background-position":"center center","background-size":"auto","background-attachment":"scroll","background-type":"","background-media":"","overlay-type":"","overlay-color":"","overlay-opacity":"","overlay-gradient":""},"tablet":{"background-color":"","background-image":"","background-repeat":"repeat","background-position":"center center","background-size":"auto","background-attachment":"scroll","background-type":"","background-media":"","overlay-type":"","overlay-color":"","overlay-opacity":"","overlay-gradient":""},"mobile":{"background-color":"","background-image":"","background-repeat":"repeat","background-position":"center center","background-size":"auto","background-attachment":"scroll","background-type":"","background-media":"","overlay-type":"","overlay-color":"","overlay-opacity":"","overlay-gradient":""}},"ast-content-background-meta":{"desktop":{"background-color":"var(--ast-global-color-5)","background-image":"","background-repeat":"repeat","background-position":"center center","background-size":"auto","background-attachment":"scroll","background-type":"","background-media":"","overlay-type":"","overlay-color":"","overlay-opacity":"","overlay-gradient":""},"tablet":{"background-color":"var(--ast-global-color-5)","background-image":"","background-repeat":"repeat","background-position":"center center","background-size":"auto","background-attachment":"scroll","background-type":"","background-media":"","overlay-type":"","overlay-color":"","overlay-opacity":"","overlay-gradient":""},"mobile":{"background-color":"var(--ast-global-color-5)","background-image":"","background-repeat":"repeat","background-position":"center center","background-size":"auto","background-attachment":"scroll","background-type":"","background-media":"","overlay-type":"","overlay-color":"","overlay-opacity":"","overlay-gradient":""}},"footnotes":""},"categories":[11],"tags":[],"class_list":["post-3128","post","type-post","status-publish","format-standard","has-post-thumbnail","hentry","category-el-flamenco"],"yoast_head":"<!-- This site is optimized with the Yoast SEO plugin v28.4 - https:\/\/yoast.com\/product\/yoast-seo-wordpress\/ -->\n<title>Estilo y t\u00e9cnica del flamenco - Tablao Flamenco Alma<\/title>\n<meta name=\"description\" content=\"Aprende sobre sole\u00e1, buler\u00edas y otros palos flamencos. Explora el baile, el cante, la guitarra y sus grandes maestros.\" \/>\n<meta name=\"robots\" content=\"index, follow, max-snippet:-1, max-image-preview:large, max-video-preview:-1\" \/>\n<link rel=\"canonical\" href=\"https:\/\/tablaoflamencoalma.com\/pt\/estilo-y-tecnica-del-flamenco\/\" \/>\n<meta property=\"og:locale\" content=\"pt_PT\" \/>\n<meta property=\"og:type\" content=\"article\" \/>\n<meta property=\"og:title\" content=\"Estilo y t\u00e9cnica del flamenco - Tablao Flamenco Alma\" \/>\n<meta property=\"og:description\" content=\"Aprende sobre sole\u00e1, buler\u00edas y otros palos flamencos. Explora el baile, el cante, la guitarra y sus grandes maestros.\" \/>\n<meta property=\"og:url\" content=\"https:\/\/tablaoflamencoalma.com\/pt\/estilo-y-tecnica-del-flamenco\/\" \/>\n<meta property=\"og:site_name\" content=\"Tablao Flamenco Alma\" \/>\n<meta property=\"article:publisher\" content=\"https:\/\/www.facebook.com\/tablaoflamencoalma\" \/>\n<meta property=\"article:published_time\" content=\"2024-02-24T14:03:12+00:00\" \/>\n<meta property=\"article:modified_time\" content=\"2026-06-02T08:38:07+00:00\" \/>\n<meta property=\"og:image\" content=\"https:\/\/tablaoflamencoalma.com\/wp-content\/uploads\/2024\/02\/Palmas-flamencas-1x1-peq.jpg\" \/>\n\t<meta property=\"og:image:width\" content=\"960\" \/>\n\t<meta property=\"og:image:height\" content=\"960\" \/>\n\t<meta property=\"og:image:type\" content=\"image\/jpeg\" \/>\n<meta name=\"author\" content=\"Tablao Flamenco Alma\" \/>\n<meta name=\"twitter:card\" content=\"summary_large_image\" \/>\n<meta name=\"twitter:label1\" content=\"Escrito por\" \/>\n\t<meta name=\"twitter:data1\" content=\"Tablao Flamenco Alma\" \/>\n\t<meta name=\"twitter:label2\" content=\"Tempo estimado de leitura\" \/>\n\t<meta name=\"twitter:data2\" content=\"4 minutos\" \/>\n<script type=\"application\/ld+json\" class=\"yoast-schema-graph\">{\"@context\":\"https:\\\/\\\/schema.org\",\"@graph\":[{\"@type\":\"Article\",\"@id\":\"https:\\\/\\\/tablaoflamencoalma.com\\\/estilo-y-tecnica-del-flamenco\\\/#article\",\"isPartOf\":{\"@id\":\"https:\\\/\\\/tablaoflamencoalma.com\\\/estilo-y-tecnica-del-flamenco\\\/\"},\"author\":{\"name\":\"Tablao Flamenco Alma\",\"@id\":\"https:\\\/\\\/tablaoflamencoalma.com\\\/#\\\/schema\\\/person\\\/9d0c2a9a099918689427e2a0b2dd0f5c\"},\"headline\":\"Estilo y t\u00e9cnica del flamenco\",\"datePublished\":\"2024-02-24T14:03:12+00:00\",\"dateModified\":\"2026-06-02T08:38:07+00:00\",\"mainEntityOfPage\":{\"@id\":\"https:\\\/\\\/tablaoflamencoalma.com\\\/estilo-y-tecnica-del-flamenco\\\/\"},\"wordCount\":590,\"commentCount\":0,\"publisher\":{\"@id\":\"https:\\\/\\\/tablaoflamencoalma.com\\\/#organization\"},\"image\":{\"@id\":\"https:\\\/\\\/tablaoflamencoalma.com\\\/estilo-y-tecnica-del-flamenco\\\/#primaryimage\"},\"thumbnailUrl\":\"https:\\\/\\\/tablaoflamencoalma.com\\\/wp-content\\\/uploads\\\/2024\\\/02\\\/Palmas-flamencas-1x1-peq.jpg\",\"articleSection\":[\"El Flamenco\"],\"inLanguage\":\"pt-PT\",\"potentialAction\":[{\"@type\":\"CommentAction\",\"name\":\"Comment\",\"target\":[\"https:\\\/\\\/tablaoflamencoalma.com\\\/estilo-y-tecnica-del-flamenco\\\/#respond\"]}]},{\"@type\":\"WebPage\",\"@id\":\"https:\\\/\\\/tablaoflamencoalma.com\\\/estilo-y-tecnica-del-flamenco\\\/\",\"url\":\"https:\\\/\\\/tablaoflamencoalma.com\\\/estilo-y-tecnica-del-flamenco\\\/\",\"name\":\"Estilo y t\u00e9cnica del flamenco - Tablao Flamenco Alma\",\"isPartOf\":{\"@id\":\"https:\\\/\\\/tablaoflamencoalma.com\\\/#website\"},\"primaryImageOfPage\":{\"@id\":\"https:\\\/\\\/tablaoflamencoalma.com\\\/estilo-y-tecnica-del-flamenco\\\/#primaryimage\"},\"image\":{\"@id\":\"https:\\\/\\\/tablaoflamencoalma.com\\\/estilo-y-tecnica-del-flamenco\\\/#primaryimage\"},\"thumbnailUrl\":\"https:\\\/\\\/tablaoflamencoalma.com\\\/wp-content\\\/uploads\\\/2024\\\/02\\\/Palmas-flamencas-1x1-peq.jpg\",\"datePublished\":\"2024-02-24T14:03:12+00:00\",\"dateModified\":\"2026-06-02T08:38:07+00:00\",\"description\":\"Aprende sobre sole\u00e1, buler\u00edas y otros palos flamencos. Explora el baile, el cante, la guitarra y sus grandes maestros.\",\"breadcrumb\":{\"@id\":\"https:\\\/\\\/tablaoflamencoalma.com\\\/estilo-y-tecnica-del-flamenco\\\/#breadcrumb\"},\"inLanguage\":\"pt-PT\",\"potentialAction\":[{\"@type\":\"ReadAction\",\"target\":[\"https:\\\/\\\/tablaoflamencoalma.com\\\/estilo-y-tecnica-del-flamenco\\\/\"]}]},{\"@type\":\"ImageObject\",\"inLanguage\":\"pt-PT\",\"@id\":\"https:\\\/\\\/tablaoflamencoalma.com\\\/estilo-y-tecnica-del-flamenco\\\/#primaryimage\",\"url\":\"https:\\\/\\\/tablaoflamencoalma.com\\\/wp-content\\\/uploads\\\/2024\\\/02\\\/Palmas-flamencas-1x1-peq.jpg\",\"contentUrl\":\"https:\\\/\\\/tablaoflamencoalma.com\\\/wp-content\\\/uploads\\\/2024\\\/02\\\/Palmas-flamencas-1x1-peq.jpg\",\"width\":960,\"height\":960,\"caption\":\"Comp\u00e1s flamenco\"},{\"@type\":\"BreadcrumbList\",\"@id\":\"https:\\\/\\\/tablaoflamencoalma.com\\\/estilo-y-tecnica-del-flamenco\\\/#breadcrumb\",\"itemListElement\":[{\"@type\":\"ListItem\",\"position\":1,\"name\":\"Portada\",\"item\":\"https:\\\/\\\/tablaoflamencoalma.com\\\/\"},{\"@type\":\"ListItem\",\"position\":2,\"name\":\"Estilo y t\u00e9cnica del flamenco\"}]},{\"@type\":\"WebSite\",\"@id\":\"https:\\\/\\\/tablaoflamencoalma.com\\\/#website\",\"url\":\"https:\\\/\\\/tablaoflamencoalma.com\\\/\",\"name\":\"Tablao Flamenco Alma\",\"description\":\"Tablao Flamenco Alma\",\"publisher\":{\"@id\":\"https:\\\/\\\/tablaoflamencoalma.com\\\/#organization\"},\"potentialAction\":[{\"@type\":\"SearchAction\",\"target\":{\"@type\":\"EntryPoint\",\"urlTemplate\":\"https:\\\/\\\/tablaoflamencoalma.com\\\/?s={search_term_string}\"},\"query-input\":{\"@type\":\"PropertyValueSpecification\",\"valueRequired\":true,\"valueName\":\"search_term_string\"}}],\"inLanguage\":\"pt-PT\"},{\"@type\":\"Organization\",\"@id\":\"https:\\\/\\\/tablaoflamencoalma.com\\\/#organization\",\"name\":\"Tablao Flamenco Alma\",\"url\":\"https:\\\/\\\/tablaoflamencoalma.com\\\/\",\"logo\":{\"@type\":\"ImageObject\",\"inLanguage\":\"pt-PT\",\"@id\":\"https:\\\/\\\/tablaoflamencoalma.com\\\/#\\\/schema\\\/logo\\\/image\\\/\",\"url\":\"https:\\\/\\\/tablaoflamencoalma.com\\\/wp-content\\\/uploads\\\/2024\\\/01\\\/cropped-tablao-flamenco-alma-01-04.png\",\"contentUrl\":\"https:\\\/\\\/tablaoflamencoalma.com\\\/wp-content\\\/uploads\\\/2024\\\/01\\\/cropped-tablao-flamenco-alma-01-04.png\",\"width\":512,\"height\":512,\"caption\":\"Tablao Flamenco Alma\"},\"image\":{\"@id\":\"https:\\\/\\\/tablaoflamencoalma.com\\\/#\\\/schema\\\/logo\\\/image\\\/\"},\"sameAs\":[\"https:\\\/\\\/www.facebook.com\\\/tablaoflamencoalma\",\"https:\\\/\\\/www.instagram.com\\\/tablaoflamencoalma\"]},{\"@type\":\"Person\",\"@id\":\"https:\\\/\\\/tablaoflamencoalma.com\\\/#\\\/schema\\\/person\\\/9d0c2a9a099918689427e2a0b2dd0f5c\",\"name\":\"Tablao Flamenco Alma\",\"image\":{\"@type\":\"ImageObject\",\"inLanguage\":\"pt-PT\",\"@id\":\"https:\\\/\\\/tablaoflamencoalma.com\\\/wp-content\\\/litespeed\\\/avatar\\\/797b83aa1ddf30f355ead08e864f8dad.jpg?ver=1788140548\",\"url\":\"https:\\\/\\\/tablaoflamencoalma.com\\\/wp-content\\\/litespeed\\\/avatar\\\/797b83aa1ddf30f355ead08e864f8dad.jpg?ver=1788140548\",\"contentUrl\":\"https:\\\/\\\/tablaoflamencoalma.com\\\/wp-content\\\/litespeed\\\/avatar\\\/797b83aa1ddf30f355ead08e864f8dad.jpg?ver=1788140548\",\"caption\":\"Tablao Flamenco Alma\"},\"url\":\"https:\\\/\\\/tablaoflamencoalma.com\\\/pt\\\/author\\\/flamencoalma\\\/\"}]}<\/script>\n<!-- \/ Yoast SEO plugin. -->","yoast_head_json":{"title":"Estilo e t\u00e9cnica flamenca - Tablao Flamenco Alma","description":"Aprenda sobre a sole\u00e1, as buler\u00edas e outros estilos do flamenco. Explore a dan\u00e7a, o canto, o viol\u00e3o e seus grandes mestres.","robots":{"index":"index","follow":"follow","max-snippet":"max-snippet:-1","max-image-preview":"max-image-preview:large","max-video-preview":"max-video-preview:-1"},"canonical":"https:\/\/tablaoflamencoalma.com\/pt\/estilo-y-tecnica-del-flamenco\/","og_locale":"pt_PT","og_type":"article","og_title":"Estilo y t\u00e9cnica del flamenco - Tablao Flamenco Alma","og_description":"Aprende sobre sole\u00e1, buler\u00edas y otros palos flamencos. Explora el baile, el cante, la guitarra y sus grandes maestros.","og_url":"https:\/\/tablaoflamencoalma.com\/pt\/estilo-y-tecnica-del-flamenco\/","og_site_name":"Tablao Flamenco Alma","article_publisher":"https:\/\/www.facebook.com\/tablaoflamencoalma","article_published_time":"2024-02-24T14:03:12+00:00","article_modified_time":"2026-06-02T08:38:07+00:00","og_image":[{"width":960,"height":960,"url":"https:\/\/tablaoflamencoalma.com\/wp-content\/uploads\/2024\/02\/Palmas-flamencas-1x1-peq.jpg","type":"image\/jpeg"}],"author":"Tablao Flamenco Alma","twitter_card":"summary_large_image","twitter_misc":{"Escrito por":"Tablao Flamenco Alma","Tempo estimado de leitura":"4 minutos"},"schema":{"@context":"https:\/\/schema.org","@graph":[{"@type":"Article","@id":"https:\/\/tablaoflamencoalma.com\/estilo-y-tecnica-del-flamenco\/#article","isPartOf":{"@id":"https:\/\/tablaoflamencoalma.com\/estilo-y-tecnica-del-flamenco\/"},"author":{"name":"Tablao Flamenco Alma","@id":"https:\/\/tablaoflamencoalma.com\/#\/schema\/person\/9d0c2a9a099918689427e2a0b2dd0f5c"},"headline":"Estilo y t\u00e9cnica del flamenco","datePublished":"2024-02-24T14:03:12+00:00","dateModified":"2026-06-02T08:38:07+00:00","mainEntityOfPage":{"@id":"https:\/\/tablaoflamencoalma.com\/estilo-y-tecnica-del-flamenco\/"},"wordCount":590,"commentCount":0,"publisher":{"@id":"https:\/\/tablaoflamencoalma.com\/#organization"},"image":{"@id":"https:\/\/tablaoflamencoalma.com\/estilo-y-tecnica-del-flamenco\/#primaryimage"},"thumbnailUrl":"https:\/\/tablaoflamencoalma.com\/wp-content\/uploads\/2024\/02\/Palmas-flamencas-1x1-peq.jpg","articleSection":["El Flamenco"],"inLanguage":"pt-PT","potentialAction":[{"@type":"CommentAction","name":"Comment","target":["https:\/\/tablaoflamencoalma.com\/estilo-y-tecnica-del-flamenco\/#respond"]}]},{"@type":"WebPage","@id":"https:\/\/tablaoflamencoalma.com\/estilo-y-tecnica-del-flamenco\/","url":"https:\/\/tablaoflamencoalma.com\/estilo-y-tecnica-del-flamenco\/","name":"Estilo e t\u00e9cnica flamenca - Tablao Flamenco Alma","isPartOf":{"@id":"https:\/\/tablaoflamencoalma.com\/#website"},"primaryImageOfPage":{"@id":"https:\/\/tablaoflamencoalma.com\/estilo-y-tecnica-del-flamenco\/#primaryimage"},"image":{"@id":"https:\/\/tablaoflamencoalma.com\/estilo-y-tecnica-del-flamenco\/#primaryimage"},"thumbnailUrl":"https:\/\/tablaoflamencoalma.com\/wp-content\/uploads\/2024\/02\/Palmas-flamencas-1x1-peq.jpg","datePublished":"2024-02-24T14:03:12+00:00","dateModified":"2026-06-02T08:38:07+00:00","description":"Aprenda sobre a sole\u00e1, as buler\u00edas e outros estilos do flamenco. Explore a dan\u00e7a, o canto, o viol\u00e3o e seus grandes mestres.","breadcrumb":{"@id":"https:\/\/tablaoflamencoalma.com\/estilo-y-tecnica-del-flamenco\/#breadcrumb"},"inLanguage":"pt-PT","potentialAction":[{"@type":"ReadAction","target":["https:\/\/tablaoflamencoalma.com\/estilo-y-tecnica-del-flamenco\/"]}]},{"@type":"ImageObject","inLanguage":"pt-PT","@id":"https:\/\/tablaoflamencoalma.com\/estilo-y-tecnica-del-flamenco\/#primaryimage","url":"https:\/\/tablaoflamencoalma.com\/wp-content\/uploads\/2024\/02\/Palmas-flamencas-1x1-peq.jpg","contentUrl":"https:\/\/tablaoflamencoalma.com\/wp-content\/uploads\/2024\/02\/Palmas-flamencas-1x1-peq.jpg","width":960,"height":960,"caption":"Comp\u00e1s flamenco"},{"@type":"BreadcrumbList","@id":"https:\/\/tablaoflamencoalma.com\/estilo-y-tecnica-del-flamenco\/#breadcrumb","itemListElement":[{"@type":"ListItem","position":1,"name":"Portada","item":"https:\/\/tablaoflamencoalma.com\/"},{"@type":"ListItem","position":2,"name":"Estilo y t\u00e9cnica del flamenco"}]},{"@type":"WebSite","@id":"https:\/\/tablaoflamencoalma.com\/#website","url":"https:\/\/tablaoflamencoalma.com\/","name":"Tablao Flamenco Alma","description":"Tablao Flamenco Alma","publisher":{"@id":"https:\/\/tablaoflamencoalma.com\/#organization"},"potentialAction":[{"@type":"SearchAction","target":{"@type":"EntryPoint","urlTemplate":"https:\/\/tablaoflamencoalma.com\/?s={search_term_string}"},"query-input":{"@type":"PropertyValueSpecification","valueRequired":true,"valueName":"search_term_string"}}],"inLanguage":"pt-PT"},{"@type":"Organization","@id":"https:\/\/tablaoflamencoalma.com\/#organization","name":"Tablao Flamenco Alma","url":"https:\/\/tablaoflamencoalma.com\/","logo":{"@type":"ImageObject","inLanguage":"pt-PT","@id":"https:\/\/tablaoflamencoalma.com\/#\/schema\/logo\/image\/","url":"https:\/\/tablaoflamencoalma.com\/wp-content\/uploads\/2024\/01\/cropped-tablao-flamenco-alma-01-04.png","contentUrl":"https:\/\/tablaoflamencoalma.com\/wp-content\/uploads\/2024\/01\/cropped-tablao-flamenco-alma-01-04.png","width":512,"height":512,"caption":"Tablao Flamenco Alma"},"image":{"@id":"https:\/\/tablaoflamencoalma.com\/#\/schema\/logo\/image\/"},"sameAs":["https:\/\/www.facebook.com\/tablaoflamencoalma","https:\/\/www.instagram.com\/tablaoflamencoalma"]},{"@type":"Person","@id":"https:\/\/tablaoflamencoalma.com\/#\/schema\/person\/9d0c2a9a099918689427e2a0b2dd0f5c","name":"Tablao Flamenco Alma","image":{"@type":"ImageObject","inLanguage":"pt-PT","@id":"https:\/\/tablaoflamencoalma.com\/wp-content\/litespeed\/avatar\/797b83aa1ddf30f355ead08e864f8dad.jpg?ver=1788140548","url":"https:\/\/tablaoflamencoalma.com\/wp-content\/litespeed\/avatar\/797b83aa1ddf30f355ead08e864f8dad.jpg?ver=1788140548","contentUrl":"https:\/\/tablaoflamencoalma.com\/wp-content\/litespeed\/avatar\/797b83aa1ddf30f355ead08e864f8dad.jpg?ver=1788140548","caption":"Tablao Flamenco Alma"},"url":"https:\/\/tablaoflamencoalma.com\/pt\/author\/flamencoalma\/"}]}},"_links":{"self":[{"href":"https:\/\/tablaoflamencoalma.com\/pt\/wp-json\/wp\/v2\/posts\/3128","targetHints":{"allow":["GET"]}}],"collection":[{"href":"https:\/\/tablaoflamencoalma.com\/pt\/wp-json\/wp\/v2\/posts"}],"about":[{"href":"https:\/\/tablaoflamencoalma.com\/pt\/wp-json\/wp\/v2\/types\/post"}],"author":[{"embeddable":true,"href":"https:\/\/tablaoflamencoalma.com\/pt\/wp-json\/wp\/v2\/users\/3"}],"replies":[{"embeddable":true,"href":"https:\/\/tablaoflamencoalma.com\/pt\/wp-json\/wp\/v2\/comments?post=3128"}],"version-history":[{"count":20,"href":"https:\/\/tablaoflamencoalma.com\/pt\/wp-json\/wp\/v2\/posts\/3128\/revisions"}],"predecessor-version":[{"id":5227,"href":"https:\/\/tablaoflamencoalma.com\/pt\/wp-json\/wp\/v2\/posts\/3128\/revisions\/5227"}],"wp:featuredmedia":[{"embeddable":true,"href":"https:\/\/tablaoflamencoalma.com\/pt\/wp-json\/wp\/v2\/media\/3114"}],"wp:attachment":[{"href":"https:\/\/tablaoflamencoalma.com\/pt\/wp-json\/wp\/v2\/media?parent=3128"}],"wp:term":[{"taxonomy":"category","embeddable":true,"href":"https:\/\/tablaoflamencoalma.com\/pt\/wp-json\/wp\/v2\/categories?post=3128"},{"taxonomy":"post_tag","embeddable":true,"href":"https:\/\/tablaoflamencoalma.com\/pt\/wp-json\/wp\/v2\/tags?post=3128"}],"curies":[{"name":"wp","href":"https:\/\/api.w.org\/{rel}","templated":true}]}}