{"id":8029,"date":"2026-07-02T22:48:48","date_gmt":"2026-07-02T21:48:48","guid":{"rendered":"https:\/\/tablaoflamencoalma.com\/?p=8029"},"modified":"2026-07-03T12:47:11","modified_gmt":"2026-07-03T11:47:11","slug":"que-ver-en-palma-en-un-dia-tablao-flamenco-alma","status":"publish","type":"post","link":"https:\/\/tablaoflamencoalma.com\/it\/que-ver-en-palma-en-un-dia-tablao-flamenco-alma\/","title":{"rendered":"Un viaggio nel tempo: scopri il centro storico di Palma e la magia del Tablao Flamenco Alma"},"content":{"rendered":"<p class=\"wp-block-paragraph\">Riesci a immaginarti di passeggiare per strade acciottolate ricche di secoli di storia e, appena poche ore dopo, lasciarti trasportare dal ritmo dei tacchi e dal fascino dell\u2019arte nella sua forma pi\u00f9 pura? Palma di Maiorca \u00e8 una citt\u00e0 dai contrasti magici. La sua luce mediterranea, la sua imponente architettura e la sua vivace offerta culturale la rendono una destinazione unica al mondo.<\/p>\n\n\n\n<p class=\"wp-block-paragraph\">Se stai organizzando la tua visita e ti stai chiedendo <strong>Cosa vedere a Palma in un giorno<\/strong>, abbiamo la soluzione perfetta per te. Ti proponiamo un viaggio nel tempo indimenticabile: una giornata che unisce un <strong>itinerario nel centro storico di Palma<\/strong> con la forza andalusa del nostro <a href=\"https:\/\/tablaoflamencoalma.com\/it\/\">Tablao Flamenco Alma<\/a>, il tocco finale ideale per concludere una giornata perfetta.<\/p>\n\n\n\n<div style=\"height:50px\" aria-hidden=\"true\" class=\"wp-block-spacer\"><\/div>\n\n\n\n<h2 class=\"wp-block-heading has-text-align-left\">Itinerario nel centro storico di Palma: un percorso tra i monumenti da seguire al mattino<\/h2>\n\n\n\n<p class=\"wp-block-paragraph\">Per goderti al massimo la giornata, ti consigliamo di iniziare presto nel cuore storico della citt\u00e0. Il centro di Palma \u00e8 un labirinto di bellezza dove ogni angolo racconta una storia. Questo <strong>itinerario nel centro storico di Palma<\/strong> ti condurr\u00e0 attraverso i principali <strong>monumenti di Palma di Maiorca<\/strong>.<\/p>\n\n\n\n<h3 class=\"wp-block-heading\">La maestosit\u00e0 della cattedrale gotica di Santa Mar\u00eda de Palma (La Seu)<\/h3>\n\n\n\n<p class=\"wp-block-paragraph\">Non c'\u00e8 posto migliore da cui iniziare che La Seu, la spettacolare cattedrale gotica che domina la baia. Costruita in riva al mare, il suo famoso rosone \u2014 noto come \u201cl'occhio del gotico\u201d \u2014 e la sua imponente navata centrale vi lasceranno senza fiato. \u00c8 il simbolo per eccellenza dell\u2019isola e una tappa imperdibile in qualsiasi <strong>programma culturale a Palma<\/strong>.<\/p>\n\n\n\n<h3 class=\"wp-block-heading\">Il Palazzo Reale dell'Almudaina e il peso della storia<\/h3>\n\n\n\n<p class=\"wp-block-paragraph\">Proprio di fronte alla cattedrale sorge il Palazzo Reale dell'Almudaina, una fortezza di origine romana e musulmana che i re cristiani trasformarono nella loro residenza maiorchina. I suoi cortili, gli arazzi e i giardini ti trasporteranno immediatamente nell'epoca medievale.<\/p>\n\n\n\n<h3 class=\"wp-block-heading\">Perdersi tra le vie storiche e i cortili di Maiorca<\/h3>\n\n\n\n<p class=\"wp-block-paragraph\">Dopo aver visitato i principali monumenti, il consiglio migliore \u00e8 semplicemente quello di perdersi. Il centro storico di Palma \u00e8 famoso per i suoi maestosi cortili interni (patios mallorquines), che potrai intravedere attraverso i portali in pietra. \u00c8 una passeggiata tranquilla dove la fretta non ha spazio.<\/p>\n\n\n\n<div style=\"height:50px\" aria-hidden=\"true\" class=\"wp-block-spacer\"><\/div>\n\n\n\n<h2 class=\"wp-block-heading has-text-align-left\">Cosa fare a Palma: esperienze imperdibili per la tua giornata<\/h2>\n\n\n\n<p class=\"wp-block-paragraph\">Oltre al centro storico e monumentale, la citt\u00e0 offre una miriade di opzioni per arricchire la tua giornata, ideali sia per i residenti che vogliono riscoprire la propria citt\u00e0, sia per i viaggiatori internazionali e nazionali. Se cerchi idee su <strong>Cosa fare a Palma<\/strong>, ecco cinque fantastiche proposte:<\/p>\n\n\n\n<ol start=\"1\" class=\"wp-block-list\">\n<li><strong>Rilassarsi nella Plaza Mayor:<\/strong> Concediti una pausa nella piazza principale di Palma di Maiorca, osservando la gente che passa e rilassandoti nei suoi bar con terrazza. Ti basteranno una buona bibita rinfrescante e un po\u2019 di tranquillit\u00e0 per goderti il piacevole clima maiorchino in un ambiente incantevole.<\/li>\n\n\n\n<li><strong>Lasciarsi incantare dall'acquario di Palma:<\/strong> Immergiti in un viaggio attraverso tutti gli oceani del mondo senza lasciare Maiorca. Scopri tutti, ma proprio tutti, i segreti meglio custoditi dell\u2019habitat marino in questo fantastico viaggio nelle profondit\u00e0 marine. Vivi nuove esperienze e incontri con gli abitanti dell\u2019acquario.<\/li>\n\n\n\n<li><strong>Visitare il castello di Bellver:<\/strong> Il castello di Bellver \u00e8 una singolare costruzione circolare risalente al XIV secolo. Si trova in una splendida posizione tra profumate pinete e ospita un affascinante museo dedicato alla storia di Palma di Maiorca. \u00c8 uno dei castelli medievali meglio conservati che potrai trovare e, in effetti, visitarlo \u00e8 come fare un salto indietro nel tempo, soprattutto quando passeggi per i cortili e i chiostri e lasci vagare la fantasia. Bellver \u00e8 particolarmente famoso per le splendide viste panoramiche che offre, dai livelli superiori, sulla citt\u00e0 e sul porto.<\/li>\n\n\n\n<li><strong>Apprezzare l'arte moderna:<\/strong> Es Baluard \u00e8 il museo d\u2019arte moderna e contemporanea di Palma di Maiorca. Questo spazio museale occupa un bastione del XVI secolo, ma le collezioni esposte sono moderne e incentrate su artisti del XX e XXI secolo legati alle Isole Baleari. Anche gli interni sono moderni e luminosi e sono diventati uno spazio ideale per ospitare mostre di grande impatto. Se ti trovi a Palma di Maiorca e cerchi un\u2019esperienza culturale di alto livello, questo \u00e8 il luogo che devi visitare.<\/li>\n\n\n\n<li><strong>Alla scoperta della citt\u00e0 su due ruote:<\/strong> L'autobus turistico della citt\u00e0 offre itinerari completi, dinamici e molto comodi per scoprire la citt\u00e0 e tutte le sue meraviglie. \u00c8 un modo magnifico per visitare ogni angolo e immergersi nella sua bellezza senza stancarsi.<\/li>\n<\/ol>\n\n\n\n<p class=\"wp-block-paragraph\">Scopri altre cose da fare a <a href=\"https:\/\/www.kayak.es\/Palma-de-Mallorca.12458.guide\" target=\"_blank\" rel=\"noreferrer noopener\"><strong>Palma di Maiorca<\/strong><\/a>.<\/p>\n\n\n\n<div style=\"height:48px\" aria-hidden=\"true\" class=\"wp-block-spacer\"><\/div>\n\n\n\n<h2 class=\"wp-block-heading has-text-align-left\">Il gran finale: pura emozione al Tablao Flamenco Alma<\/h2>\n\n\n\n<p class=\"wp-block-paragraph\">Dopo una giornata all\u2019insegna dei monumenti, delle passeggiate e della brezza marina, \u00e8 ora di lasciarsi alle spalle il giorno e dare il benvenuto alla notte. E il modo migliore per concludere la giornata \u00e8 immergersi nel fascino e nella passione di un autentico <strong>spettacolo di flamenco a Palma<\/strong>.<\/p>\n\n\n\n<p class=\"wp-block-paragraph\">Nel <a href=\"https:\/\/tablaoflamencoalma.com\/it\/\"><strong>Tablao Flamenco Alma<\/strong><\/a> Ti invitiamo a vivere un\u2019esperienza intima in cui chitarra, canto e danza si fondono dal vivo. Non importa se sei un grande appassionato dell\u2019arte andalusa o un principiante curioso che si avvicina per la prima volta al ritmo: l\u2019atmosfera del nostro tablao \u00e8 pensata per emozionare e coinvolgere ogni tipo di pubblico in un ambiente accogliente. La nostra proposta unisce in modo impareggiabile il <strong>flamenco e cultura a Palma<\/strong>.<\/p>\n\n\n\n<h3 class=\"wp-block-heading\">Perch\u00e9 scegliere la nostra esperienza di flamenco dal vivo?<\/h3>\n\n\n\n<p class=\"wp-block-paragraph\">Vogliamo che tu possa goderti la serata in totale comodit\u00e0 e senza alcuna preoccupazione. Per questo motivo, abbiamo preparato un\u2019esperienza di prim\u2019ordine con tutti i servizi pratici di cui hai bisogno:<\/p>\n\n\n\n<figure class=\"wp-block-table\"><table class=\"has-fixed-layout\"><tbody><tr><td><strong>Caratteristiche dello spettacolo<\/strong><\/td><td><strong>Dettagli del servizio<\/strong><\/td><\/tr><tr><td><strong>Durata dello spettacolo<\/strong><\/td><td>Un'ora di pura emozione, forza e arte sul palcoscenico.<\/td><\/tr><tr><td><strong>Orari delle proiezioni<\/strong><\/td><td>Spettacoli tutti i giorni della settimana con tre repliche al giorno: alle 17:30, alle 19:30 e alle 21:30. Scegli quella che meglio si adatta ai tuoi programmi serali!<\/td><\/tr><tr><td><strong>Lingue parlate dall'ospitante<\/strong><\/td><td>Il nostro team ti assister\u00e0 con cortesia e disponibilit\u00e0 in spagnolo, inglese e tedesco.<\/td><\/tr><tr><td><strong>Bevanda inclusa<\/strong><\/td><td>Il biglietto include 1 bevanda a scelta tra birra, vino, bibita, spumante o sangria in omaggio.<\/td><\/tr><tr><td><strong>Servizio di ristorazione<\/strong><\/td><td>Offriamo un servizio di ristorazione curato, con i piatti pi\u00f9 tipici della gastronomia spagnola, di Maiorca e delle Isole Baleari.<\/td><\/tr><tr><td><strong>Accessibilit\u00e0<\/strong><\/td><td>Le nostre strutture sono completamente accessibili alle persone in sedia a rotelle, per garantire il comfort di tutti i partecipanti.<\/td><\/tr><tr><td><strong>Flessibilit\u00e0 nella prenotazione<\/strong><\/td><td>Puoi annullare la prenotazione in modo completamente gratuito fino a 24 ore prima dell'inizio per ricevere un rimborso completo.<\/td><\/tr><tr><td><strong>Anteprima e benvenuto<\/strong><\/td><td>Ti accogliamo a braccia aperte; l'assistenza e l'accesso alla sala sono disponibili a partire da un'ora prima dell'inizio dello spettacolo.<\/td><\/tr><\/tbody><\/table><\/figure>\n\n\n\n<div style=\"height:50px\" aria-hidden=\"true\" class=\"wp-block-spacer\"><\/div>\n\n\n\n<h2 class=\"wp-block-heading has-text-align-left\">Conclusione: la tua giornata perfetta a Palma ti aspetta<\/h2>\n\n\n\n<p class=\"wp-block-paragraph\">Esplorare la storia monumentale dell'isola durante il giorno e lasciarsi trasportare dall'energia vibrante del nostro <strong>spettacolo di flamenco dal vivo<\/strong> Al calar della notte \u00e8, senza dubbio, il modo migliore per vivere Palma di Maiorca in modo autentico.<\/p>\n\n\n\n<p class=\"wp-block-paragraph\">Non aspettare che te lo raccontino. Organizza la tua giornata, fai un tuffo nella storia e prenota il tuo tavolo per vivere una serata indimenticabile all\u2019insegna della musica, della gastronomia e della passione.<\/p>\n\n\n\n<p class=\"wp-block-paragraph\"><a href=\"https:\/\/tablaoflamencoalma.com\/it\/una-notte-magica-a-palma-flamenco-al-tablao-flamenco-alma-cena-e-passeggiata\/\">Consulta il programma e prenota i tuoi biglietti al Tablao Flamenco Alma<\/a> e preparati a vivere la magia del nostro palcoscenico. Ti aspettiamo a braccia aperte e con l\u2019arte che ci scorre nelle vene!<\/p>","protected":false},"excerpt":{"rendered":"<p>\u00bfTe imaginas caminar por calles empedradas con siglos de historia y, apenas unas horas despu\u00e9s, vibrar con el taconeo y el duende del arte m\u00e1s puro? Palma de Mallorca es una ciudad de contrastes m\u00e1gicos. Su luz mediterr\u00e1nea, su imponente arquitectura y su vibrante oferta cultural la convierten en un destino \u00fanico en el mundo. [&hellip;]<\/p>\n","protected":false},"author":3,"featured_media":8030,"comment_status":"open","ping_status":"open","sticky":false,"template":"","format":"standard","meta":{"site-sidebar-layout":"default","site-content-layout":"","ast-site-content-layout":"default","site-content-style":"default","site-sidebar-style":"default","ast-global-header-display":"","ast-banner-title-visibility":"","ast-main-header-display":"","ast-hfb-above-header-display":"","ast-hfb-below-header-display":"","ast-hfb-mobile-header-display":"","site-post-title":"","ast-breadcrumbs-content":"","ast-featured-img":"","footer-sml-layout":"","theme-transparent-header-meta":"","adv-header-id-meta":"","stick-header-meta":"","header-above-stick-meta":"","header-main-stick-meta":"","header-below-stick-meta":"","astra-migrate-meta-layouts":"set","ast-page-background-enabled":"default","ast-page-background-meta":{"desktop":{"background-color":"var(--ast-global-color-4)","background-image":"","background-repeat":"repeat","background-position":"center center","background-size":"auto","background-attachment":"scroll","background-type":"","background-media":"","overlay-type":"","overlay-color":"","overlay-opacity":"","overlay-gradient":""},"tablet":{"background-color":"","background-image":"","background-repeat":"repeat","background-position":"center center","background-size":"auto","background-attachment":"scroll","background-type":"","background-media":"","overlay-type":"","overlay-color":"","overlay-opacity":"","overlay-gradient":""},"mobile":{"background-color":"","background-image":"","background-repeat":"repeat","background-position":"center center","background-size":"auto","background-attachment":"scroll","background-type":"","background-media":"","overlay-type":"","overlay-color":"","overlay-opacity":"","overlay-gradient":""}},"ast-content-background-meta":{"desktop":{"background-color":"var(--ast-global-color-5)","background-image":"","background-repeat":"repeat","background-position":"center center","background-size":"auto","background-attachment":"scroll","background-type":"","background-media":"","overlay-type":"","overlay-color":"","overlay-opacity":"","overlay-gradient":""},"tablet":{"background-color":"var(--ast-global-color-5)","background-image":"","background-repeat":"repeat","background-position":"center center","background-size":"auto","background-attachment":"scroll","background-type":"","background-media":"","overlay-type":"","overlay-color":"","overlay-opacity":"","overlay-gradient":""},"mobile":{"background-color":"var(--ast-global-color-5)","background-image":"","background-repeat":"repeat","background-position":"center center","background-size":"auto","background-attachment":"scroll","background-type":"","background-media":"","overlay-type":"","overlay-color":"","overlay-opacity":"","overlay-gradient":""}},"footnotes":""},"categories":[17],"tags":[],"class_list":["post-8029","post","type-post","status-publish","format-standard","has-post-thumbnail","hentry","category-general"],"yoast_head":"<!-- This site is optimized with the Yoast SEO plugin v28.4 - https:\/\/yoast.com\/product\/yoast-seo-wordpress\/ -->\n<title>Qu\u00e9 ver en Palma en un d\u00eda y Tablao Flamenco Alma<\/title>\n<meta name=\"description\" content=\"Descubre qu\u00e9 ver en Palma en un d\u00eda con esta ruta cultural por el casco antiguo y culmina la noche con el espect\u00e1culo del Tablao Flamenco Alma. \u00a1Reserva ya!\" \/>\n<meta name=\"robots\" content=\"index, follow, max-snippet:-1, max-image-preview:large, max-video-preview:-1\" \/>\n<link rel=\"canonical\" href=\"https:\/\/tablaoflamencoalma.com\/it\/que-ver-en-palma-en-un-dia-tablao-flamenco-alma\/\" \/>\n<meta property=\"og:locale\" content=\"it_IT\" \/>\n<meta property=\"og:type\" content=\"article\" \/>\n<meta property=\"og:title\" content=\"Qu\u00e9 ver en Palma en un d\u00eda y Tablao Flamenco Alma\" \/>\n<meta property=\"og:description\" content=\"Descubre qu\u00e9 ver en Palma en un d\u00eda con esta ruta cultural por el casco antiguo y culmina la noche con el espect\u00e1culo del Tablao Flamenco Alma. \u00a1Reserva ya!\" \/>\n<meta property=\"og:url\" content=\"https:\/\/tablaoflamencoalma.com\/it\/que-ver-en-palma-en-un-dia-tablao-flamenco-alma\/\" \/>\n<meta property=\"og:site_name\" content=\"Tablao Flamenco Alma\" \/>\n<meta property=\"article:publisher\" content=\"https:\/\/www.facebook.com\/tablaoflamencoalma\" \/>\n<meta property=\"article:published_time\" content=\"2026-07-02T21:48:48+00:00\" \/>\n<meta property=\"article:modified_time\" content=\"2026-07-03T11:47:11+00:00\" \/>\n<meta property=\"og:image\" content=\"https:\/\/tablaoflamencoalma.com\/wp-content\/uploads\/2026\/07\/Un-Viaje-en-el-Tiempo-Combina-Casco-Antiguo-portada-post-scaled.jpg\" \/>\n\t<meta property=\"og:image:width\" content=\"2560\" \/>\n\t<meta property=\"og:image:height\" content=\"1734\" \/>\n\t<meta property=\"og:image:type\" content=\"image\/jpeg\" \/>\n<meta name=\"author\" content=\"Tablao Flamenco Alma\" \/>\n<meta name=\"twitter:card\" content=\"summary_large_image\" \/>\n<meta name=\"twitter:label1\" content=\"Scritto da\" \/>\n\t<meta name=\"twitter:data1\" content=\"Tablao Flamenco Alma\" \/>\n\t<meta name=\"twitter:label2\" content=\"Tempo di lettura stimato\" \/>\n\t<meta name=\"twitter:data2\" content=\"6 minuti\" \/>\n<script type=\"application\/ld+json\" class=\"yoast-schema-graph\">{\"@context\":\"https:\\\/\\\/schema.org\",\"@graph\":[{\"@type\":\"Article\",\"@id\":\"https:\\\/\\\/tablaoflamencoalma.com\\\/que-ver-en-palma-en-un-dia-tablao-flamenco-alma\\\/#article\",\"isPartOf\":{\"@id\":\"https:\\\/\\\/tablaoflamencoalma.com\\\/que-ver-en-palma-en-un-dia-tablao-flamenco-alma\\\/\"},\"author\":{\"name\":\"Tablao Flamenco Alma\",\"@id\":\"https:\\\/\\\/tablaoflamencoalma.com\\\/#\\\/schema\\\/person\\\/9d0c2a9a099918689427e2a0b2dd0f5c\"},\"headline\":\"Un viaje en el tiempo: Combina el casco antiguo de Palma con la magia del Tablao Flamenco Alma\",\"datePublished\":\"2026-07-02T21:48:48+00:00\",\"dateModified\":\"2026-07-03T11:47:11+00:00\",\"mainEntityOfPage\":{\"@id\":\"https:\\\/\\\/tablaoflamencoalma.com\\\/que-ver-en-palma-en-un-dia-tablao-flamenco-alma\\\/\"},\"wordCount\":1318,\"commentCount\":0,\"publisher\":{\"@id\":\"https:\\\/\\\/tablaoflamencoalma.com\\\/#organization\"},\"image\":{\"@id\":\"https:\\\/\\\/tablaoflamencoalma.com\\\/que-ver-en-palma-en-un-dia-tablao-flamenco-alma\\\/#primaryimage\"},\"thumbnailUrl\":\"https:\\\/\\\/tablaoflamencoalma.com\\\/wp-content\\\/uploads\\\/2026\\\/07\\\/Un-Viaje-en-el-Tiempo-Combina-Casco-Antiguo-portada-post-scaled.jpg\",\"articleSection\":[\"General\"],\"inLanguage\":\"it-IT\",\"potentialAction\":[{\"@type\":\"CommentAction\",\"name\":\"Comment\",\"target\":[\"https:\\\/\\\/tablaoflamencoalma.com\\\/que-ver-en-palma-en-un-dia-tablao-flamenco-alma\\\/#respond\"]}]},{\"@type\":\"WebPage\",\"@id\":\"https:\\\/\\\/tablaoflamencoalma.com\\\/que-ver-en-palma-en-un-dia-tablao-flamenco-alma\\\/\",\"url\":\"https:\\\/\\\/tablaoflamencoalma.com\\\/que-ver-en-palma-en-un-dia-tablao-flamenco-alma\\\/\",\"name\":\"Qu\u00e9 ver en Palma en un d\u00eda y Tablao Flamenco Alma\",\"isPartOf\":{\"@id\":\"https:\\\/\\\/tablaoflamencoalma.com\\\/#website\"},\"primaryImageOfPage\":{\"@id\":\"https:\\\/\\\/tablaoflamencoalma.com\\\/que-ver-en-palma-en-un-dia-tablao-flamenco-alma\\\/#primaryimage\"},\"image\":{\"@id\":\"https:\\\/\\\/tablaoflamencoalma.com\\\/que-ver-en-palma-en-un-dia-tablao-flamenco-alma\\\/#primaryimage\"},\"thumbnailUrl\":\"https:\\\/\\\/tablaoflamencoalma.com\\\/wp-content\\\/uploads\\\/2026\\\/07\\\/Un-Viaje-en-el-Tiempo-Combina-Casco-Antiguo-portada-post-scaled.jpg\",\"datePublished\":\"2026-07-02T21:48:48+00:00\",\"dateModified\":\"2026-07-03T11:47:11+00:00\",\"description\":\"Descubre qu\u00e9 ver en Palma en un d\u00eda con esta ruta cultural por el casco antiguo y culmina la noche con el espect\u00e1culo del Tablao Flamenco Alma. \u00a1Reserva ya!\",\"breadcrumb\":{\"@id\":\"https:\\\/\\\/tablaoflamencoalma.com\\\/que-ver-en-palma-en-un-dia-tablao-flamenco-alma\\\/#breadcrumb\"},\"inLanguage\":\"it-IT\",\"potentialAction\":[{\"@type\":\"ReadAction\",\"target\":[\"https:\\\/\\\/tablaoflamencoalma.com\\\/que-ver-en-palma-en-un-dia-tablao-flamenco-alma\\\/\"]}]},{\"@type\":\"ImageObject\",\"inLanguage\":\"it-IT\",\"@id\":\"https:\\\/\\\/tablaoflamencoalma.com\\\/que-ver-en-palma-en-un-dia-tablao-flamenco-alma\\\/#primaryimage\",\"url\":\"https:\\\/\\\/tablaoflamencoalma.com\\\/wp-content\\\/uploads\\\/2026\\\/07\\\/Un-Viaje-en-el-Tiempo-Combina-Casco-Antiguo-portada-post-scaled.jpg\",\"contentUrl\":\"https:\\\/\\\/tablaoflamencoalma.com\\\/wp-content\\\/uploads\\\/2026\\\/07\\\/Un-Viaje-en-el-Tiempo-Combina-Casco-Antiguo-portada-post-scaled.jpg\",\"width\":2560,\"height\":1734,\"caption\":\"Un Viaje en el Tiempo Combina Casco Antiguo portada post\"},{\"@type\":\"BreadcrumbList\",\"@id\":\"https:\\\/\\\/tablaoflamencoalma.com\\\/que-ver-en-palma-en-un-dia-tablao-flamenco-alma\\\/#breadcrumb\",\"itemListElement\":[{\"@type\":\"ListItem\",\"position\":1,\"name\":\"Portada\",\"item\":\"https:\\\/\\\/tablaoflamencoalma.com\\\/\"},{\"@type\":\"ListItem\",\"position\":2,\"name\":\"Un viaje en el tiempo: Combina el casco antiguo de Palma con la magia del Tablao Flamenco Alma\"}]},{\"@type\":\"WebSite\",\"@id\":\"https:\\\/\\\/tablaoflamencoalma.com\\\/#website\",\"url\":\"https:\\\/\\\/tablaoflamencoalma.com\\\/\",\"name\":\"Tablao Flamenco Alma\",\"description\":\"Tablao Flamenco Alma\",\"publisher\":{\"@id\":\"https:\\\/\\\/tablaoflamencoalma.com\\\/#organization\"},\"potentialAction\":[{\"@type\":\"SearchAction\",\"target\":{\"@type\":\"EntryPoint\",\"urlTemplate\":\"https:\\\/\\\/tablaoflamencoalma.com\\\/?s={search_term_string}\"},\"query-input\":{\"@type\":\"PropertyValueSpecification\",\"valueRequired\":true,\"valueName\":\"search_term_string\"}}],\"inLanguage\":\"it-IT\"},{\"@type\":\"Organization\",\"@id\":\"https:\\\/\\\/tablaoflamencoalma.com\\\/#organization\",\"name\":\"Tablao Flamenco Alma\",\"url\":\"https:\\\/\\\/tablaoflamencoalma.com\\\/\",\"logo\":{\"@type\":\"ImageObject\",\"inLanguage\":\"it-IT\",\"@id\":\"https:\\\/\\\/tablaoflamencoalma.com\\\/#\\\/schema\\\/logo\\\/image\\\/\",\"url\":\"https:\\\/\\\/tablaoflamencoalma.com\\\/wp-content\\\/uploads\\\/2024\\\/01\\\/cropped-tablao-flamenco-alma-01-04.png\",\"contentUrl\":\"https:\\\/\\\/tablaoflamencoalma.com\\\/wp-content\\\/uploads\\\/2024\\\/01\\\/cropped-tablao-flamenco-alma-01-04.png\",\"width\":512,\"height\":512,\"caption\":\"Tablao Flamenco Alma\"},\"image\":{\"@id\":\"https:\\\/\\\/tablaoflamencoalma.com\\\/#\\\/schema\\\/logo\\\/image\\\/\"},\"sameAs\":[\"https:\\\/\\\/www.facebook.com\\\/tablaoflamencoalma\",\"https:\\\/\\\/www.instagram.com\\\/tablaoflamencoalma\"]},{\"@type\":\"Person\",\"@id\":\"https:\\\/\\\/tablaoflamencoalma.com\\\/#\\\/schema\\\/person\\\/9d0c2a9a099918689427e2a0b2dd0f5c\",\"name\":\"Tablao Flamenco Alma\",\"image\":{\"@type\":\"ImageObject\",\"inLanguage\":\"it-IT\",\"@id\":\"https:\\\/\\\/tablaoflamencoalma.com\\\/wp-content\\\/litespeed\\\/avatar\\\/797b83aa1ddf30f355ead08e864f8dad.jpg?ver=1788140548\",\"url\":\"https:\\\/\\\/tablaoflamencoalma.com\\\/wp-content\\\/litespeed\\\/avatar\\\/797b83aa1ddf30f355ead08e864f8dad.jpg?ver=1788140548\",\"contentUrl\":\"https:\\\/\\\/tablaoflamencoalma.com\\\/wp-content\\\/litespeed\\\/avatar\\\/797b83aa1ddf30f355ead08e864f8dad.jpg?ver=1788140548\",\"caption\":\"Tablao Flamenco Alma\"},\"url\":\"https:\\\/\\\/tablaoflamencoalma.com\\\/it\\\/author\\\/flamencoalma\\\/\"}]}<\/script>\n<!-- \/ Yoast SEO plugin. -->","yoast_head_json":{"title":"Cosa vedere a Palma in un giorno e il Tablao Flamenco Alma","description":"Scopri cosa vedere a Palma in un giorno con questo itinerario culturale nel centro storico e concludi la serata con lo spettacolo del Tablao Flamenco Alma. Prenota subito!","robots":{"index":"index","follow":"follow","max-snippet":"max-snippet:-1","max-image-preview":"max-image-preview:large","max-video-preview":"max-video-preview:-1"},"canonical":"https:\/\/tablaoflamencoalma.com\/it\/que-ver-en-palma-en-un-dia-tablao-flamenco-alma\/","og_locale":"it_IT","og_type":"article","og_title":"Qu\u00e9 ver en Palma en un d\u00eda y Tablao Flamenco Alma","og_description":"Descubre qu\u00e9 ver en Palma en un d\u00eda con esta ruta cultural por el casco antiguo y culmina la noche con el espect\u00e1culo del Tablao Flamenco Alma. \u00a1Reserva ya!","og_url":"https:\/\/tablaoflamencoalma.com\/it\/que-ver-en-palma-en-un-dia-tablao-flamenco-alma\/","og_site_name":"Tablao Flamenco Alma","article_publisher":"https:\/\/www.facebook.com\/tablaoflamencoalma","article_published_time":"2026-07-02T21:48:48+00:00","article_modified_time":"2026-07-03T11:47:11+00:00","og_image":[{"width":2560,"height":1734,"url":"https:\/\/tablaoflamencoalma.com\/wp-content\/uploads\/2026\/07\/Un-Viaje-en-el-Tiempo-Combina-Casco-Antiguo-portada-post-scaled.jpg","type":"image\/jpeg"}],"author":"Tablao Flamenco Alma","twitter_card":"summary_large_image","twitter_misc":{"Scritto da":"Tablao Flamenco Alma","Tempo di lettura stimato":"6 minuti"},"schema":{"@context":"https:\/\/schema.org","@graph":[{"@type":"Article","@id":"https:\/\/tablaoflamencoalma.com\/que-ver-en-palma-en-un-dia-tablao-flamenco-alma\/#article","isPartOf":{"@id":"https:\/\/tablaoflamencoalma.com\/que-ver-en-palma-en-un-dia-tablao-flamenco-alma\/"},"author":{"name":"Tablao Flamenco Alma","@id":"https:\/\/tablaoflamencoalma.com\/#\/schema\/person\/9d0c2a9a099918689427e2a0b2dd0f5c"},"headline":"Un viaje en el tiempo: Combina el casco antiguo de Palma con la magia del Tablao Flamenco Alma","datePublished":"2026-07-02T21:48:48+00:00","dateModified":"2026-07-03T11:47:11+00:00","mainEntityOfPage":{"@id":"https:\/\/tablaoflamencoalma.com\/que-ver-en-palma-en-un-dia-tablao-flamenco-alma\/"},"wordCount":1318,"commentCount":0,"publisher":{"@id":"https:\/\/tablaoflamencoalma.com\/#organization"},"image":{"@id":"https:\/\/tablaoflamencoalma.com\/que-ver-en-palma-en-un-dia-tablao-flamenco-alma\/#primaryimage"},"thumbnailUrl":"https:\/\/tablaoflamencoalma.com\/wp-content\/uploads\/2026\/07\/Un-Viaje-en-el-Tiempo-Combina-Casco-Antiguo-portada-post-scaled.jpg","articleSection":["General"],"inLanguage":"it-IT","potentialAction":[{"@type":"CommentAction","name":"Comment","target":["https:\/\/tablaoflamencoalma.com\/que-ver-en-palma-en-un-dia-tablao-flamenco-alma\/#respond"]}]},{"@type":"WebPage","@id":"https:\/\/tablaoflamencoalma.com\/que-ver-en-palma-en-un-dia-tablao-flamenco-alma\/","url":"https:\/\/tablaoflamencoalma.com\/que-ver-en-palma-en-un-dia-tablao-flamenco-alma\/","name":"Cosa vedere a Palma in un giorno e il Tablao Flamenco Alma","isPartOf":{"@id":"https:\/\/tablaoflamencoalma.com\/#website"},"primaryImageOfPage":{"@id":"https:\/\/tablaoflamencoalma.com\/que-ver-en-palma-en-un-dia-tablao-flamenco-alma\/#primaryimage"},"image":{"@id":"https:\/\/tablaoflamencoalma.com\/que-ver-en-palma-en-un-dia-tablao-flamenco-alma\/#primaryimage"},"thumbnailUrl":"https:\/\/tablaoflamencoalma.com\/wp-content\/uploads\/2026\/07\/Un-Viaje-en-el-Tiempo-Combina-Casco-Antiguo-portada-post-scaled.jpg","datePublished":"2026-07-02T21:48:48+00:00","dateModified":"2026-07-03T11:47:11+00:00","description":"Scopri cosa vedere a Palma in un giorno con questo itinerario culturale nel centro storico e concludi la serata con lo spettacolo del Tablao Flamenco Alma. Prenota subito!","breadcrumb":{"@id":"https:\/\/tablaoflamencoalma.com\/que-ver-en-palma-en-un-dia-tablao-flamenco-alma\/#breadcrumb"},"inLanguage":"it-IT","potentialAction":[{"@type":"ReadAction","target":["https:\/\/tablaoflamencoalma.com\/que-ver-en-palma-en-un-dia-tablao-flamenco-alma\/"]}]},{"@type":"ImageObject","inLanguage":"it-IT","@id":"https:\/\/tablaoflamencoalma.com\/que-ver-en-palma-en-un-dia-tablao-flamenco-alma\/#primaryimage","url":"https:\/\/tablaoflamencoalma.com\/wp-content\/uploads\/2026\/07\/Un-Viaje-en-el-Tiempo-Combina-Casco-Antiguo-portada-post-scaled.jpg","contentUrl":"https:\/\/tablaoflamencoalma.com\/wp-content\/uploads\/2026\/07\/Un-Viaje-en-el-Tiempo-Combina-Casco-Antiguo-portada-post-scaled.jpg","width":2560,"height":1734,"caption":"Un Viaje en el Tiempo Combina Casco Antiguo portada post"},{"@type":"BreadcrumbList","@id":"https:\/\/tablaoflamencoalma.com\/que-ver-en-palma-en-un-dia-tablao-flamenco-alma\/#breadcrumb","itemListElement":[{"@type":"ListItem","position":1,"name":"Portada","item":"https:\/\/tablaoflamencoalma.com\/"},{"@type":"ListItem","position":2,"name":"Un viaje en el tiempo: Combina el casco antiguo de Palma con la magia del Tablao Flamenco Alma"}]},{"@type":"WebSite","@id":"https:\/\/tablaoflamencoalma.com\/#website","url":"https:\/\/tablaoflamencoalma.com\/","name":"Tablao Flamenco Alma","description":"Tablao Flamenco Alma","publisher":{"@id":"https:\/\/tablaoflamencoalma.com\/#organization"},"potentialAction":[{"@type":"SearchAction","target":{"@type":"EntryPoint","urlTemplate":"https:\/\/tablaoflamencoalma.com\/?s={search_term_string}"},"query-input":{"@type":"PropertyValueSpecification","valueRequired":true,"valueName":"search_term_string"}}],"inLanguage":"it-IT"},{"@type":"Organization","@id":"https:\/\/tablaoflamencoalma.com\/#organization","name":"Tablao Flamenco Alma","url":"https:\/\/tablaoflamencoalma.com\/","logo":{"@type":"ImageObject","inLanguage":"it-IT","@id":"https:\/\/tablaoflamencoalma.com\/#\/schema\/logo\/image\/","url":"https:\/\/tablaoflamencoalma.com\/wp-content\/uploads\/2024\/01\/cropped-tablao-flamenco-alma-01-04.png","contentUrl":"https:\/\/tablaoflamencoalma.com\/wp-content\/uploads\/2024\/01\/cropped-tablao-flamenco-alma-01-04.png","width":512,"height":512,"caption":"Tablao Flamenco Alma"},"image":{"@id":"https:\/\/tablaoflamencoalma.com\/#\/schema\/logo\/image\/"},"sameAs":["https:\/\/www.facebook.com\/tablaoflamencoalma","https:\/\/www.instagram.com\/tablaoflamencoalma"]},{"@type":"Person","@id":"https:\/\/tablaoflamencoalma.com\/#\/schema\/person\/9d0c2a9a099918689427e2a0b2dd0f5c","name":"Tablao Flamenco Alma","image":{"@type":"ImageObject","inLanguage":"it-IT","@id":"https:\/\/tablaoflamencoalma.com\/wp-content\/litespeed\/avatar\/797b83aa1ddf30f355ead08e864f8dad.jpg?ver=1788140548","url":"https:\/\/tablaoflamencoalma.com\/wp-content\/litespeed\/avatar\/797b83aa1ddf30f355ead08e864f8dad.jpg?ver=1788140548","contentUrl":"https:\/\/tablaoflamencoalma.com\/wp-content\/litespeed\/avatar\/797b83aa1ddf30f355ead08e864f8dad.jpg?ver=1788140548","caption":"Tablao Flamenco Alma"},"url":"https:\/\/tablaoflamencoalma.com\/it\/author\/flamencoalma\/"}]}},"_links":{"self":[{"href":"https:\/\/tablaoflamencoalma.com\/it\/wp-json\/wp\/v2\/posts\/8029","targetHints":{"allow":["GET"]}}],"collection":[{"href":"https:\/\/tablaoflamencoalma.com\/it\/wp-json\/wp\/v2\/posts"}],"about":[{"href":"https:\/\/tablaoflamencoalma.com\/it\/wp-json\/wp\/v2\/types\/post"}],"author":[{"embeddable":true,"href":"https:\/\/tablaoflamencoalma.com\/it\/wp-json\/wp\/v2\/users\/3"}],"replies":[{"embeddable":true,"href":"https:\/\/tablaoflamencoalma.com\/it\/wp-json\/wp\/v2\/comments?post=8029"}],"version-history":[{"count":4,"href":"https:\/\/tablaoflamencoalma.com\/it\/wp-json\/wp\/v2\/posts\/8029\/revisions"}],"predecessor-version":[{"id":8035,"href":"https:\/\/tablaoflamencoalma.com\/it\/wp-json\/wp\/v2\/posts\/8029\/revisions\/8035"}],"wp:featuredmedia":[{"embeddable":true,"href":"https:\/\/tablaoflamencoalma.com\/it\/wp-json\/wp\/v2\/media\/8030"}],"wp:attachment":[{"href":"https:\/\/tablaoflamencoalma.com\/it\/wp-json\/wp\/v2\/media?parent=8029"}],"wp:term":[{"taxonomy":"category","embeddable":true,"href":"https:\/\/tablaoflamencoalma.com\/it\/wp-json\/wp\/v2\/categories?post=8029"},{"taxonomy":"post_tag","embeddable":true,"href":"https:\/\/tablaoflamencoalma.com\/it\/wp-json\/wp\/v2\/tags?post=8029"}],"curies":[{"name":"wp","href":"https:\/\/api.w.org\/{rel}","templated":true}]}}