{"id":6889,"date":"2026-03-24T19:18:50","date_gmt":"2026-03-24T18:18:50","guid":{"rendered":"https:\/\/tablaoflamencoalma.com\/?p=6889"},"modified":"2026-05-28T06:20:44","modified_gmt":"2026-05-28T05:20:44","slug":"que-es-duende-flamenco-palma-mallorca","status":"publish","type":"post","link":"https:\/\/tablaoflamencoalma.com\/it\/que-es-duende-flamenco-palma-mallorca\/","title":{"rendered":"Cos\u2019\u00e8 il \u201cduende\u201d del flamenco? Scopri la sua magia al Tablao Alma"},"content":{"rendered":"<p class=\"wp-block-paragraph\">Ti \u00e8 mai capitato di provare un brivido inspiegabile sentendo una nota di chitarra o un silenzio tombale che sembra fermare il tempo nel bel mezzo di un ballo? Quel mistero, quella connessione viscerale che non si pu\u00f2 spiegare a parole ma che si avverte nel petto, \u00e8 ci\u00f2 che gli artisti chiamano il \u201cduende\u201d.<\/p>\n\n\n\n<p class=\"wp-block-paragraph\">Se ti trovi a Maiorca e cerchi qualcosa di pi\u00f9 di un semplice spettacolo, oggi ti invitiamo a scoprire il segreto meglio custodito della nostra cultura.<\/p>\n\n\n\n<h3 class=\"wp-block-heading has-text-align-left\">Il \u201cDuende\u201d: oltre la tecnica<\/h3>\n\n\n\n<p class=\"wp-block-paragraph\">Per capire <strong>cos'\u00e8 il \"duende\" del flamenco<\/strong>, dobbiamo allontanarci dalla teoria accademica e avvicinarci al cuore. Non si tratta n\u00e9 di una coreografia perfetta n\u00e9 di una voce impeccabile. Il duende \u00e8 uno stato d\u2019animo, una \u201cfiamma\u201d di emozione che scaturisce quando l\u2019artista si dimentica del mondo e si abbandona completamente all\u2019arte.<\/p>\n\n\n\n<p class=\"wp-block-paragraph\">Federico Garc\u00eda Lorca diceva che il duende \u201cnon sta nella gola; il duende sale dall\u2019interno, partendo dalla pianta dei piedi\u201d. \u00c8 il <strong>l'emozione del flamenco<\/strong> nella sua forma pi\u00f9 selvaggia e genuina. \u00c8 quel momento in cui il cantante, il ballerino e il chitarrista si fondono in un\u2019unica anima, trasmettendo a tutti i presenti un\u2019energia elettrizzante.<\/p>\n\n\n\n<h3 class=\"wp-block-heading has-text-align-left\">Come ci si sente a ballare il flamenco in un tablao dal vivo?<\/h3>\n\n\n\n<p class=\"wp-block-paragraph\">Non si pu\u00f2 <strong>sentire la magia<\/strong> attraverso uno schermo. \u00c8 un\u2019esperienza fisica che richiede vicinanza. Nel <a href=\"https:\/\/tablaoflamencoalma.com\/it\/\"><strong>Tablao Flamenco Alma<\/strong><\/a>, abbiamo creato uno spazio in cui la distanza tra l'artista e lo spettatore svanisce.<\/p>\n\n\n\n<p class=\"wp-block-paragraph\">Trattandosi di un ambiente intimo, puoi sentire il respiro del ballerino, lo scricchiolio del legno sotto i suoi piedi e lo sfregamento delle corde della chitarra. \u00c8 proprio in questa vicinanza che avviene il miracolo: la <strong>la magia del flamenco<\/strong> ti avvolge e smetti di essere uno spettatore per diventare parte integrante del rito.<\/p>\n\n\n\n<h2 class=\"wp-block-heading\">Tablao Flamenco Alma: il rifugio del flamenco autentico a Palma<\/h2>\n\n\n\n<p class=\"wp-block-paragraph\">Trovare un <strong>spettacolo di flamenco a Palma<\/strong> Mantenere la purezza dell'arte non \u00e8 sempre facile. La nostra missione in <a href=\"https:\/\/tablaoflamencoalma.com\/it\/\"><strong>Tablao Flamenco Alma<\/strong><\/a> \u00e8 quello di offrire uno sguardo sulla tradizione pi\u00f9 autentica, lontano dagli stereotipi, in un ambiente che trasuda rispetto e passione.<\/p>\n\n\n\n<p class=\"wp-block-paragraph\">Il nostro cast artistico \u00e8 composto da figure di prim\u2019ordine che non si limitano a mettere in pratica la tecnica, ma cercano quel \u201cduende\u201d in ogni passo. Grazie alla nostra qualit\u00e0 artistica e all\u2019atmosfera intima, siamo diventati il punto di riferimento per chi cerca un <strong>teatro di flamenco a Maiorca<\/strong> con un'essenza di verit\u00e0.<\/p>\n\n\n\n<h2 class=\"wp-block-heading\">Vivi una serata magica nel cuore di Maiorca<\/h2>\n\n\n\n<p class=\"wp-block-paragraph\">Vogliamo che la tua unica preoccupazione sia quella di goderti l'esperienza. Ecco perch\u00e9, su <a href=\"https:\/\/tablaoflamencoalma.com\/it\/contatto\/\">il nostro tablao a Palma di Maiorca<\/a>, abbiamo curato ogni dettaglio affinch\u00e9 la tua serata sia perfetta:<\/p>\n\n\n\n<ul class=\"wp-block-list\">\n<li><strong>Abbonamenti giornalieri:<\/strong> Offriamo tre spettacoli tutti i giorni della settimana alle <strong>17:30, 19:30 e 21:30.<\/strong><\/li>\n\n\n\n<li><strong>Durata:<\/strong> Un'ora di pura intensit\u00e0 che ti lascer\u00e0 un ricordo indelebile.<\/li>\n\n\n\n<li><strong>Ospitalit\u00e0:<\/strong> Il biglietto d'ingresso include una bevanda (birra, vino, bibita, cava o sangria). Inoltre, potrai completare l'esperienza con la nostra selezione di piatti tipici della gastronomia spagnola e delle Isole Baleari.<\/li>\n\n\n\n<li><strong>Accessibilit\u00e0 e servizi:<\/strong> Il nostro locale \u00e8 accessibile alle persone in sedia a rotelle e il nostro personale \u00e8 in grado di assisterti sia in spagnolo che in inglese.<\/li>\n\n\n\n<li><strong>Prenota senza timori:<\/strong> Sappiamo che i piani possono cambiare, ecco perch\u00e9 offriamo <strong>cancellazione gratuita fino a 24 ore prima<\/strong> dello spettacolo con rimborso completo.<\/li>\n<\/ul>\n\n\n\n<h2 class=\"wp-block-heading has-text-align-left\">Il tuo appuntamento con l'emozione<\/h2>\n\n\n\n<p class=\"wp-block-paragraph\">Il flamenco non si capisce, si sente. Cercare il duende significa cercare una parte di s\u00e9 che si risveglia solo al suono del quej\u00edo di un canto o al temperamento di una chitarra.<\/p>\n\n\n\n<p class=\"wp-block-paragraph\">Non aspettare che te lo raccontino. Se cerchi il <strong>flamenco autentico a Palma<\/strong>, ti aspettiamo per vivere una serata all\u2019insegna del fascino, dell\u2019arte e dell\u2019anima che ricorderai per sempre.<\/p>\n\n\n\n<p class=\"wp-block-paragraph\"><strong>Sei pronto a vivere la magia?<\/strong> <a href=\"https:\/\/tablaoflamencoalma.com\/it\/una-notte-magica-a-palma-flamenco-al-tablao-flamenco-alma-cena-e-passeggiata\/\">Prenota subito il tuo biglietto al Tablao Flamenco Alma<\/a><\/p>\n\n\n\n<p class=\"wp-block-paragraph\"><\/p>","protected":false},"excerpt":{"rendered":"<p>\u00bfAlguna vez has sentido un escalofr\u00edo inexplicable al escuchar una nota de guitarra o un silencio sepulcral que detiene el tiempo en medio de un baile? Ese misterio, esa conexi\u00f3n visceral que no se puede explicar con palabras pero que se siente en el pecho, es lo que los artistas llaman el &#8220;duende&#8221;. Si est\u00e1s [&hellip;]<\/p>\n","protected":false},"author":3,"featured_media":6890,"comment_status":"open","ping_status":"open","sticky":false,"template":"","format":"standard","meta":{"site-sidebar-layout":"default","site-content-layout":"","ast-site-content-layout":"default","site-content-style":"default","site-sidebar-style":"default","ast-global-header-display":"","ast-banner-title-visibility":"","ast-main-header-display":"","ast-hfb-above-header-display":"","ast-hfb-below-header-display":"","ast-hfb-mobile-header-display":"","site-post-title":"","ast-breadcrumbs-content":"","ast-featured-img":"","footer-sml-layout":"","theme-transparent-header-meta":"","adv-header-id-meta":"","stick-header-meta":"","header-above-stick-meta":"","header-main-stick-meta":"","header-below-stick-meta":"","astra-migrate-meta-layouts":"set","ast-page-background-enabled":"default","ast-page-background-meta":{"desktop":{"background-color":"var(--ast-global-color-4)","background-image":"","background-repeat":"repeat","background-position":"center center","background-size":"auto","background-attachment":"scroll","background-type":"","background-media":"","overlay-type":"","overlay-color":"","overlay-opacity":"","overlay-gradient":""},"tablet":{"background-color":"","background-image":"","background-repeat":"repeat","background-position":"center center","background-size":"auto","background-attachment":"scroll","background-type":"","background-media":"","overlay-type":"","overlay-color":"","overlay-opacity":"","overlay-gradient":""},"mobile":{"background-color":"","background-image":"","background-repeat":"repeat","background-position":"center center","background-size":"auto","background-attachment":"scroll","background-type":"","background-media":"","overlay-type":"","overlay-color":"","overlay-opacity":"","overlay-gradient":""}},"ast-content-background-meta":{"desktop":{"background-color":"var(--ast-global-color-5)","background-image":"","background-repeat":"repeat","background-position":"center center","background-size":"auto","background-attachment":"scroll","background-type":"","background-media":"","overlay-type":"","overlay-color":"","overlay-opacity":"","overlay-gradient":""},"tablet":{"background-color":"var(--ast-global-color-5)","background-image":"","background-repeat":"repeat","background-position":"center center","background-size":"auto","background-attachment":"scroll","background-type":"","background-media":"","overlay-type":"","overlay-color":"","overlay-opacity":"","overlay-gradient":""},"mobile":{"background-color":"var(--ast-global-color-5)","background-image":"","background-repeat":"repeat","background-position":"center center","background-size":"auto","background-attachment":"scroll","background-type":"","background-media":"","overlay-type":"","overlay-color":"","overlay-opacity":"","overlay-gradient":""}},"footnotes":""},"categories":[11],"tags":[],"class_list":["post-6889","post","type-post","status-publish","format-standard","has-post-thumbnail","hentry","category-el-flamenco"],"yoast_head":"<!-- This site is optimized with the Yoast SEO plugin v28.4 - https:\/\/yoast.com\/product\/yoast-seo-wordpress\/ -->\n<title>Qu\u00e9 es el duende flamenco: Siente la magia en Tablao Flamenco Alma<\/title>\n<meta name=\"description\" content=\"Si est\u00e1s en Mallorca y buscas algo m\u00e1s que un simple show, hoy te invitamos a descubrir el secreto mejor guardado de nuestra cultura.\" \/>\n<meta name=\"robots\" content=\"index, follow, max-snippet:-1, max-image-preview:large, max-video-preview:-1\" \/>\n<link rel=\"canonical\" href=\"https:\/\/tablaoflamencoalma.com\/it\/que-es-duende-flamenco-palma-mallorca\/\" \/>\n<meta property=\"og:locale\" content=\"it_IT\" \/>\n<meta property=\"og:type\" content=\"article\" \/>\n<meta property=\"og:title\" content=\"Qu\u00e9 es el duende flamenco: Siente la magia en Tablao Flamenco Alma\" \/>\n<meta property=\"og:description\" content=\"Si est\u00e1s en Mallorca y buscas algo m\u00e1s que un simple show, hoy te invitamos a descubrir el secreto mejor guardado de nuestra cultura.\" \/>\n<meta property=\"og:url\" content=\"https:\/\/tablaoflamencoalma.com\/it\/que-es-duende-flamenco-palma-mallorca\/\" \/>\n<meta property=\"og:site_name\" content=\"Tablao Flamenco Alma\" \/>\n<meta property=\"article:publisher\" content=\"https:\/\/www.facebook.com\/tablaoflamencoalma\" \/>\n<meta property=\"article:published_time\" content=\"2026-03-24T18:18:50+00:00\" \/>\n<meta property=\"article:modified_time\" content=\"2026-05-28T05:20:44+00:00\" \/>\n<meta property=\"og:image\" content=\"https:\/\/tablaoflamencoalma.com\/wp-content\/uploads\/2026\/03\/Que-es-el-duende-flamenco-Portada-post.jpg\" \/>\n\t<meta property=\"og:image:width\" content=\"1080\" \/>\n\t<meta property=\"og:image:height\" content=\"1920\" \/>\n\t<meta property=\"og:image:type\" content=\"image\/jpeg\" \/>\n<meta name=\"author\" content=\"Tablao Flamenco Alma\" \/>\n<meta name=\"twitter:card\" content=\"summary_large_image\" \/>\n<meta name=\"twitter:label1\" content=\"Scritto da\" \/>\n\t<meta name=\"twitter:data1\" content=\"Tablao Flamenco Alma\" \/>\n\t<meta name=\"twitter:label2\" content=\"Tempo di lettura stimato\" \/>\n\t<meta name=\"twitter:data2\" content=\"4 minuti\" \/>\n<script type=\"application\/ld+json\" class=\"yoast-schema-graph\">{\"@context\":\"https:\\\/\\\/schema.org\",\"@graph\":[{\"@type\":\"Article\",\"@id\":\"https:\\\/\\\/tablaoflamencoalma.com\\\/que-es-duende-flamenco-palma-mallorca\\\/#article\",\"isPartOf\":{\"@id\":\"https:\\\/\\\/tablaoflamencoalma.com\\\/que-es-duende-flamenco-palma-mallorca\\\/\"},\"author\":{\"name\":\"Tablao Flamenco Alma\",\"@id\":\"https:\\\/\\\/tablaoflamencoalma.com\\\/#\\\/schema\\\/person\\\/9d0c2a9a099918689427e2a0b2dd0f5c\"},\"headline\":\"\u00bfQu\u00e9 es el duende flamenco? Vive su magia en Tablao Alma\",\"datePublished\":\"2026-03-24T18:18:50+00:00\",\"dateModified\":\"2026-05-28T05:20:44+00:00\",\"mainEntityOfPage\":{\"@id\":\"https:\\\/\\\/tablaoflamencoalma.com\\\/que-es-duende-flamenco-palma-mallorca\\\/\"},\"wordCount\":695,\"commentCount\":0,\"publisher\":{\"@id\":\"https:\\\/\\\/tablaoflamencoalma.com\\\/#organization\"},\"image\":{\"@id\":\"https:\\\/\\\/tablaoflamencoalma.com\\\/que-es-duende-flamenco-palma-mallorca\\\/#primaryimage\"},\"thumbnailUrl\":\"https:\\\/\\\/tablaoflamencoalma.com\\\/wp-content\\\/uploads\\\/2026\\\/03\\\/Que-es-el-duende-flamenco-Portada-post.jpg\",\"articleSection\":[\"El Flamenco\"],\"inLanguage\":\"it-IT\",\"potentialAction\":[{\"@type\":\"CommentAction\",\"name\":\"Comment\",\"target\":[\"https:\\\/\\\/tablaoflamencoalma.com\\\/que-es-duende-flamenco-palma-mallorca\\\/#respond\"]}]},{\"@type\":\"WebPage\",\"@id\":\"https:\\\/\\\/tablaoflamencoalma.com\\\/que-es-duende-flamenco-palma-mallorca\\\/\",\"url\":\"https:\\\/\\\/tablaoflamencoalma.com\\\/que-es-duende-flamenco-palma-mallorca\\\/\",\"name\":\"Qu\u00e9 es el duende flamenco: Siente la magia en Tablao Flamenco Alma\",\"isPartOf\":{\"@id\":\"https:\\\/\\\/tablaoflamencoalma.com\\\/#website\"},\"primaryImageOfPage\":{\"@id\":\"https:\\\/\\\/tablaoflamencoalma.com\\\/que-es-duende-flamenco-palma-mallorca\\\/#primaryimage\"},\"image\":{\"@id\":\"https:\\\/\\\/tablaoflamencoalma.com\\\/que-es-duende-flamenco-palma-mallorca\\\/#primaryimage\"},\"thumbnailUrl\":\"https:\\\/\\\/tablaoflamencoalma.com\\\/wp-content\\\/uploads\\\/2026\\\/03\\\/Que-es-el-duende-flamenco-Portada-post.jpg\",\"datePublished\":\"2026-03-24T18:18:50+00:00\",\"dateModified\":\"2026-05-28T05:20:44+00:00\",\"description\":\"Si est\u00e1s en Mallorca y buscas algo m\u00e1s que un simple show, hoy te invitamos a descubrir el secreto mejor guardado de nuestra cultura.\",\"breadcrumb\":{\"@id\":\"https:\\\/\\\/tablaoflamencoalma.com\\\/que-es-duende-flamenco-palma-mallorca\\\/#breadcrumb\"},\"inLanguage\":\"it-IT\",\"potentialAction\":[{\"@type\":\"ReadAction\",\"target\":[\"https:\\\/\\\/tablaoflamencoalma.com\\\/que-es-duende-flamenco-palma-mallorca\\\/\"]}]},{\"@type\":\"ImageObject\",\"inLanguage\":\"it-IT\",\"@id\":\"https:\\\/\\\/tablaoflamencoalma.com\\\/que-es-duende-flamenco-palma-mallorca\\\/#primaryimage\",\"url\":\"https:\\\/\\\/tablaoflamencoalma.com\\\/wp-content\\\/uploads\\\/2026\\\/03\\\/Que-es-el-duende-flamenco-Portada-post.jpg\",\"contentUrl\":\"https:\\\/\\\/tablaoflamencoalma.com\\\/wp-content\\\/uploads\\\/2026\\\/03\\\/Que-es-el-duende-flamenco-Portada-post.jpg\",\"width\":1080,\"height\":1920,\"caption\":\"Qu\u00e9 es el duende flamenco Portada post\"},{\"@type\":\"BreadcrumbList\",\"@id\":\"https:\\\/\\\/tablaoflamencoalma.com\\\/que-es-duende-flamenco-palma-mallorca\\\/#breadcrumb\",\"itemListElement\":[{\"@type\":\"ListItem\",\"position\":1,\"name\":\"Portada\",\"item\":\"https:\\\/\\\/tablaoflamencoalma.com\\\/\"},{\"@type\":\"ListItem\",\"position\":2,\"name\":\"\u00bfQu\u00e9 es el duende flamenco? Vive su magia en Tablao Alma\"}]},{\"@type\":\"WebSite\",\"@id\":\"https:\\\/\\\/tablaoflamencoalma.com\\\/#website\",\"url\":\"https:\\\/\\\/tablaoflamencoalma.com\\\/\",\"name\":\"Tablao Flamenco Alma\",\"description\":\"Tablao Flamenco Alma\",\"publisher\":{\"@id\":\"https:\\\/\\\/tablaoflamencoalma.com\\\/#organization\"},\"potentialAction\":[{\"@type\":\"SearchAction\",\"target\":{\"@type\":\"EntryPoint\",\"urlTemplate\":\"https:\\\/\\\/tablaoflamencoalma.com\\\/?s={search_term_string}\"},\"query-input\":{\"@type\":\"PropertyValueSpecification\",\"valueRequired\":true,\"valueName\":\"search_term_string\"}}],\"inLanguage\":\"it-IT\"},{\"@type\":\"Organization\",\"@id\":\"https:\\\/\\\/tablaoflamencoalma.com\\\/#organization\",\"name\":\"Tablao Flamenco Alma\",\"url\":\"https:\\\/\\\/tablaoflamencoalma.com\\\/\",\"logo\":{\"@type\":\"ImageObject\",\"inLanguage\":\"it-IT\",\"@id\":\"https:\\\/\\\/tablaoflamencoalma.com\\\/#\\\/schema\\\/logo\\\/image\\\/\",\"url\":\"https:\\\/\\\/tablaoflamencoalma.com\\\/wp-content\\\/uploads\\\/2024\\\/01\\\/cropped-tablao-flamenco-alma-01-04.png\",\"contentUrl\":\"https:\\\/\\\/tablaoflamencoalma.com\\\/wp-content\\\/uploads\\\/2024\\\/01\\\/cropped-tablao-flamenco-alma-01-04.png\",\"width\":512,\"height\":512,\"caption\":\"Tablao Flamenco Alma\"},\"image\":{\"@id\":\"https:\\\/\\\/tablaoflamencoalma.com\\\/#\\\/schema\\\/logo\\\/image\\\/\"},\"sameAs\":[\"https:\\\/\\\/www.facebook.com\\\/tablaoflamencoalma\",\"https:\\\/\\\/www.instagram.com\\\/tablaoflamencoalma\"]},{\"@type\":\"Person\",\"@id\":\"https:\\\/\\\/tablaoflamencoalma.com\\\/#\\\/schema\\\/person\\\/9d0c2a9a099918689427e2a0b2dd0f5c\",\"name\":\"Tablao Flamenco Alma\",\"image\":{\"@type\":\"ImageObject\",\"inLanguage\":\"it-IT\",\"@id\":\"https:\\\/\\\/tablaoflamencoalma.com\\\/wp-content\\\/litespeed\\\/avatar\\\/797b83aa1ddf30f355ead08e864f8dad.jpg?ver=1788140548\",\"url\":\"https:\\\/\\\/tablaoflamencoalma.com\\\/wp-content\\\/litespeed\\\/avatar\\\/797b83aa1ddf30f355ead08e864f8dad.jpg?ver=1788140548\",\"contentUrl\":\"https:\\\/\\\/tablaoflamencoalma.com\\\/wp-content\\\/litespeed\\\/avatar\\\/797b83aa1ddf30f355ead08e864f8dad.jpg?ver=1788140548\",\"caption\":\"Tablao Flamenco Alma\"},\"url\":\"https:\\\/\\\/tablaoflamencoalma.com\\\/it\\\/author\\\/flamencoalma\\\/\"}]}<\/script>\n<!-- \/ Yoast SEO plugin. -->","yoast_head_json":{"title":"Cos\u2019\u00e8 il \u201cduende\u201d del flamenco: vivi la magia al Tablao Flamenco Alma","description":"Se ti trovi a Maiorca e cerchi qualcosa di pi\u00f9 di un semplice spettacolo, oggi ti invitiamo a scoprire il segreto meglio custodito della nostra cultura.","robots":{"index":"index","follow":"follow","max-snippet":"max-snippet:-1","max-image-preview":"max-image-preview:large","max-video-preview":"max-video-preview:-1"},"canonical":"https:\/\/tablaoflamencoalma.com\/it\/que-es-duende-flamenco-palma-mallorca\/","og_locale":"it_IT","og_type":"article","og_title":"Qu\u00e9 es el duende flamenco: Siente la magia en Tablao Flamenco Alma","og_description":"Si est\u00e1s en Mallorca y buscas algo m\u00e1s que un simple show, hoy te invitamos a descubrir el secreto mejor guardado de nuestra cultura.","og_url":"https:\/\/tablaoflamencoalma.com\/it\/que-es-duende-flamenco-palma-mallorca\/","og_site_name":"Tablao Flamenco Alma","article_publisher":"https:\/\/www.facebook.com\/tablaoflamencoalma","article_published_time":"2026-03-24T18:18:50+00:00","article_modified_time":"2026-05-28T05:20:44+00:00","og_image":[{"width":1080,"height":1920,"url":"https:\/\/tablaoflamencoalma.com\/wp-content\/uploads\/2026\/03\/Que-es-el-duende-flamenco-Portada-post.jpg","type":"image\/jpeg"}],"author":"Tablao Flamenco Alma","twitter_card":"summary_large_image","twitter_misc":{"Scritto da":"Tablao Flamenco Alma","Tempo di lettura stimato":"4 minuti"},"schema":{"@context":"https:\/\/schema.org","@graph":[{"@type":"Article","@id":"https:\/\/tablaoflamencoalma.com\/que-es-duende-flamenco-palma-mallorca\/#article","isPartOf":{"@id":"https:\/\/tablaoflamencoalma.com\/que-es-duende-flamenco-palma-mallorca\/"},"author":{"name":"Tablao Flamenco Alma","@id":"https:\/\/tablaoflamencoalma.com\/#\/schema\/person\/9d0c2a9a099918689427e2a0b2dd0f5c"},"headline":"\u00bfQu\u00e9 es el duende flamenco? Vive su magia en Tablao Alma","datePublished":"2026-03-24T18:18:50+00:00","dateModified":"2026-05-28T05:20:44+00:00","mainEntityOfPage":{"@id":"https:\/\/tablaoflamencoalma.com\/que-es-duende-flamenco-palma-mallorca\/"},"wordCount":695,"commentCount":0,"publisher":{"@id":"https:\/\/tablaoflamencoalma.com\/#organization"},"image":{"@id":"https:\/\/tablaoflamencoalma.com\/que-es-duende-flamenco-palma-mallorca\/#primaryimage"},"thumbnailUrl":"https:\/\/tablaoflamencoalma.com\/wp-content\/uploads\/2026\/03\/Que-es-el-duende-flamenco-Portada-post.jpg","articleSection":["El Flamenco"],"inLanguage":"it-IT","potentialAction":[{"@type":"CommentAction","name":"Comment","target":["https:\/\/tablaoflamencoalma.com\/que-es-duende-flamenco-palma-mallorca\/#respond"]}]},{"@type":"WebPage","@id":"https:\/\/tablaoflamencoalma.com\/que-es-duende-flamenco-palma-mallorca\/","url":"https:\/\/tablaoflamencoalma.com\/que-es-duende-flamenco-palma-mallorca\/","name":"Cos\u2019\u00e8 il \u201cduende\u201d del flamenco: vivi la magia al Tablao Flamenco Alma","isPartOf":{"@id":"https:\/\/tablaoflamencoalma.com\/#website"},"primaryImageOfPage":{"@id":"https:\/\/tablaoflamencoalma.com\/que-es-duende-flamenco-palma-mallorca\/#primaryimage"},"image":{"@id":"https:\/\/tablaoflamencoalma.com\/que-es-duende-flamenco-palma-mallorca\/#primaryimage"},"thumbnailUrl":"https:\/\/tablaoflamencoalma.com\/wp-content\/uploads\/2026\/03\/Que-es-el-duende-flamenco-Portada-post.jpg","datePublished":"2026-03-24T18:18:50+00:00","dateModified":"2026-05-28T05:20:44+00:00","description":"Se ti trovi a Maiorca e cerchi qualcosa di pi\u00f9 di un semplice spettacolo, oggi ti invitiamo a scoprire il segreto meglio custodito della nostra cultura.","breadcrumb":{"@id":"https:\/\/tablaoflamencoalma.com\/que-es-duende-flamenco-palma-mallorca\/#breadcrumb"},"inLanguage":"it-IT","potentialAction":[{"@type":"ReadAction","target":["https:\/\/tablaoflamencoalma.com\/que-es-duende-flamenco-palma-mallorca\/"]}]},{"@type":"ImageObject","inLanguage":"it-IT","@id":"https:\/\/tablaoflamencoalma.com\/que-es-duende-flamenco-palma-mallorca\/#primaryimage","url":"https:\/\/tablaoflamencoalma.com\/wp-content\/uploads\/2026\/03\/Que-es-el-duende-flamenco-Portada-post.jpg","contentUrl":"https:\/\/tablaoflamencoalma.com\/wp-content\/uploads\/2026\/03\/Que-es-el-duende-flamenco-Portada-post.jpg","width":1080,"height":1920,"caption":"Qu\u00e9 es el duende flamenco Portada post"},{"@type":"BreadcrumbList","@id":"https:\/\/tablaoflamencoalma.com\/que-es-duende-flamenco-palma-mallorca\/#breadcrumb","itemListElement":[{"@type":"ListItem","position":1,"name":"Portada","item":"https:\/\/tablaoflamencoalma.com\/"},{"@type":"ListItem","position":2,"name":"\u00bfQu\u00e9 es el duende flamenco? Vive su magia en Tablao Alma"}]},{"@type":"WebSite","@id":"https:\/\/tablaoflamencoalma.com\/#website","url":"https:\/\/tablaoflamencoalma.com\/","name":"Tablao Flamenco Alma","description":"Tablao Flamenco Alma","publisher":{"@id":"https:\/\/tablaoflamencoalma.com\/#organization"},"potentialAction":[{"@type":"SearchAction","target":{"@type":"EntryPoint","urlTemplate":"https:\/\/tablaoflamencoalma.com\/?s={search_term_string}"},"query-input":{"@type":"PropertyValueSpecification","valueRequired":true,"valueName":"search_term_string"}}],"inLanguage":"it-IT"},{"@type":"Organization","@id":"https:\/\/tablaoflamencoalma.com\/#organization","name":"Tablao Flamenco Alma","url":"https:\/\/tablaoflamencoalma.com\/","logo":{"@type":"ImageObject","inLanguage":"it-IT","@id":"https:\/\/tablaoflamencoalma.com\/#\/schema\/logo\/image\/","url":"https:\/\/tablaoflamencoalma.com\/wp-content\/uploads\/2024\/01\/cropped-tablao-flamenco-alma-01-04.png","contentUrl":"https:\/\/tablaoflamencoalma.com\/wp-content\/uploads\/2024\/01\/cropped-tablao-flamenco-alma-01-04.png","width":512,"height":512,"caption":"Tablao Flamenco Alma"},"image":{"@id":"https:\/\/tablaoflamencoalma.com\/#\/schema\/logo\/image\/"},"sameAs":["https:\/\/www.facebook.com\/tablaoflamencoalma","https:\/\/www.instagram.com\/tablaoflamencoalma"]},{"@type":"Person","@id":"https:\/\/tablaoflamencoalma.com\/#\/schema\/person\/9d0c2a9a099918689427e2a0b2dd0f5c","name":"Tablao Flamenco Alma","image":{"@type":"ImageObject","inLanguage":"it-IT","@id":"https:\/\/tablaoflamencoalma.com\/wp-content\/litespeed\/avatar\/797b83aa1ddf30f355ead08e864f8dad.jpg?ver=1788140548","url":"https:\/\/tablaoflamencoalma.com\/wp-content\/litespeed\/avatar\/797b83aa1ddf30f355ead08e864f8dad.jpg?ver=1788140548","contentUrl":"https:\/\/tablaoflamencoalma.com\/wp-content\/litespeed\/avatar\/797b83aa1ddf30f355ead08e864f8dad.jpg?ver=1788140548","caption":"Tablao Flamenco Alma"},"url":"https:\/\/tablaoflamencoalma.com\/it\/author\/flamencoalma\/"}]}},"_links":{"self":[{"href":"https:\/\/tablaoflamencoalma.com\/it\/wp-json\/wp\/v2\/posts\/6889","targetHints":{"allow":["GET"]}}],"collection":[{"href":"https:\/\/tablaoflamencoalma.com\/it\/wp-json\/wp\/v2\/posts"}],"about":[{"href":"https:\/\/tablaoflamencoalma.com\/it\/wp-json\/wp\/v2\/types\/post"}],"author":[{"embeddable":true,"href":"https:\/\/tablaoflamencoalma.com\/it\/wp-json\/wp\/v2\/users\/3"}],"replies":[{"embeddable":true,"href":"https:\/\/tablaoflamencoalma.com\/it\/wp-json\/wp\/v2\/comments?post=6889"}],"version-history":[{"count":3,"href":"https:\/\/tablaoflamencoalma.com\/it\/wp-json\/wp\/v2\/posts\/6889\/revisions"}],"predecessor-version":[{"id":7530,"href":"https:\/\/tablaoflamencoalma.com\/it\/wp-json\/wp\/v2\/posts\/6889\/revisions\/7530"}],"wp:featuredmedia":[{"embeddable":true,"href":"https:\/\/tablaoflamencoalma.com\/it\/wp-json\/wp\/v2\/media\/6890"}],"wp:attachment":[{"href":"https:\/\/tablaoflamencoalma.com\/it\/wp-json\/wp\/v2\/media?parent=6889"}],"wp:term":[{"taxonomy":"category","embeddable":true,"href":"https:\/\/tablaoflamencoalma.com\/it\/wp-json\/wp\/v2\/categories?post=6889"},{"taxonomy":"post_tag","embeddable":true,"href":"https:\/\/tablaoflamencoalma.com\/it\/wp-json\/wp\/v2\/tags?post=6889"}],"curies":[{"name":"wp","href":"https:\/\/api.w.org\/{rel}","templated":true}]}}