{"id":6814,"date":"2025-12-26T13:15:34","date_gmt":"2025-12-26T12:15:34","guid":{"rendered":"https:\/\/tablaoflamencoalma.com\/?p=6814"},"modified":"2026-06-16T08:33:53","modified_gmt":"2026-06-16T07:33:53","slug":"guia-definitiva-para-visitar-tablao-flamenco-alma-en-palma","status":"publish","type":"post","link":"https:\/\/tablaoflamencoalma.com\/it\/guia-definitiva-para-visitar-tablao-flamenco-alma-en-palma\/","title":{"rendered":"Guida alla visita del Tablao Alma: orari e consigli utili."},"content":{"rendered":"<p class=\"wp-block-paragraph\">Stai programmando la tua visita a <a href=\"https:\/\/tablaoflamencoalma.com\/it\/\"><strong>Tablao Flamenco Alma<\/strong><\/a>, il cuore del <strong>spettacolo di flamenco a Palma<\/strong>, e ti assillano i dubbi pratici? Vogliamo che la tua unica preoccupazione sia quella di goderti il fascino e la passione del nostro <strong>spettacolo di flamenco dal vivo<\/strong> a Maiorca.<\/p>\n\n\n\n<p class=\"wp-block-paragraph\">Abbiamo preparato questa <strong>Guida pratica al Tablao Flamenco Alma<\/strong> per rispondere a tutte quelle domande fondamentali che sorgono prima di un evento culturale. Se ti stai chiedendo <strong>Come vestirsi per andare a un tablao di flamenco<\/strong>, a che ora arrivare per trovare il posto migliore o quali servizi offriamo, sei nel posto giusto.<\/p>\n\n\n\n<p class=\"wp-block-paragraph\">Continua a leggere per scoprire tutte le <strong>Informazioni pratiche sul Tablao Flamenco Alma<\/strong> su orari, abbigliamento, accessibilit\u00e0 e gastronomia. Il nostro obiettivo \u00e8 quello di eliminare ogni intoppo e permetterti di concentrarti esclusivamente sul vivere una serata indimenticabile con la migliore assistenza possibile.<\/p>\n\n\n\n<h2 class=\"wp-block-heading\">Rispondere ai dubbi pratici<\/h2>\n\n\n\n<h3 class=\"wp-block-heading\">La domanda da un milione: qual \u00e8 il codice di abbigliamento per il tablao?<\/h3>\n\n\n\n<p class=\"wp-block-paragraph\">Una delle domande pi\u00f9 frequenti riguarda <strong>Come vestirsi per andare a un tablao di flamenco<\/strong>. La risposta \u00e8 semplice e flessibile:<\/p>\n\n\n\n<p class=\"wp-block-paragraph\"><strong>Non esiste un codice di abbigliamento rigido, ma consigliamo uno stile smart casual.<\/strong><\/p>\n\n\n\n<p class=\"wp-block-paragraph\"><a href=\"https:\/\/tablaoflamencoalma.com\/it\/\"><strong>Tablao Flamenco Alma<\/strong><\/a> \u00c8 un teatro di flamenco situato in un ambiente elegante. Ti invitiamo a vestirti in modo adeguato all\u2019occasione:<\/p>\n\n\n\n<ul class=\"wp-block-list\">\n<li><strong>Raccomandazione:<\/strong> Scegli un abbigliamento comodo ma curato. Un paio di pantaloni eleganti, una camicia o una polo, un vestito o una gonna sono perfetti.<\/li>\n\n\n\n<li><strong>Da evitare:<\/strong> Abbigliamento da spiaggia, costumi da bagno, infradito o abbigliamento sportivo. \u00c8 una serata all\u2019insegna del teatro e della cultura.<\/li>\n<\/ul>\n\n\n\n<p class=\"wp-block-paragraph\">Seguendo il suggerimento <strong>Smart Casual<\/strong>, potrai essere certo di sentirti in sintonia con l'atmosfera speciale e rispettosa del nostro <em>teatro di flamenco a Maiorca<\/em>.<\/p>\n\n\n\n<h3 class=\"wp-block-heading\">Orari, inizio e durata dello spettacolo<\/h3>\n\n\n\n<p class=\"wp-block-paragraph\">Per goderti appieno l'esperienza, \u00e8 fondamentale sapere quando venire.<\/p>\n\n\n\n<p class=\"wp-block-paragraph\"><strong>Orari degli spettacoli di flamenco dal vivo<\/strong><\/p>\n\n\n\n<p class=\"wp-block-paragraph\">Offriamo tre turni giornalieri per adattarci ai tuoi impegni, sia che tu sia in vacanza o che risieda qui:<\/p>\n\n\n\n<ul class=\"wp-block-list\">\n<li><strong>Biglietto pomeridiano:<\/strong> 17:30.<\/li>\n\n\n\n<li><strong>Biglietto per la cena:<\/strong> 19:30.<\/li>\n\n\n\n<li><strong>Pass notturno:<\/strong> 21:30.<\/li>\n<\/ul>\n\n\n\n<p class=\"wp-block-paragraph\">I nostri <em>spettacoli<\/em> di <a href=\"https:\/\/tablaoflamencoalma.com\/it\/una-notte-magica-a-palma-flamenco-al-tablao-flamenco-alma-cena-e-passeggiata\/\"><strong>spettacolo di flamenco dal vivo<\/strong><\/a> vengono effettuati <strong>tutti i giorni della settimana<\/strong>.<\/p>\n\n\n\n<p class=\"wp-block-paragraph\"><strong>A che ora devo arrivare?<\/strong><\/p>\n\n\n\n<p class=\"wp-block-paragraph\">Consigliamo vivamente di arrivare con largo anticipo:<\/p>\n\n\n\n<ul class=\"wp-block-list\">\n<li><strong>Partecipanti:<\/strong> Partecipa con <strong>circa 30 minuti prima<\/strong> per quanto riguarda l'inizio dello spettacolo.<\/li>\n\n\n\n<li><strong>Vantaggi:<\/strong> Questo ti permette di gustarti in tutta tranquillit\u00e0 il tuo drink di benvenuto e di goderti il nostro servizio di ristorazione e la mostra di quadri prima dell'inizio dello spettacolo.<\/li>\n<\/ul>\n\n\n\n<p class=\"wp-block-paragraph\"><strong>Quanto dura l'esperienza?<\/strong><\/p>\n\n\n\n<p class=\"wp-block-paragraph\">La durata dello spettacolo di <strong>Tablao Flamenco Alma<\/strong> \u00e8 di <strong>un'ora<\/strong> di pura emozione e arte jondo.<\/p>\n\n\n\n<h3 class=\"wp-block-heading\">Servizi e consigli utili durante la tua visita<\/h3>\n\n\n\n<p class=\"wp-block-paragraph\">Eccone alcuni <strong>consigli per visitare il nostro Tablao Flamenco Alma<\/strong> che miglioreranno la tua esperienza:<\/p>\n\n\n\n<p class=\"wp-block-paragraph\"><strong>Bevande, gastronomia e bar<\/strong><\/p>\n\n\n\n<ul class=\"wp-block-list\">\n<li><strong>Bevanda inclusa:<\/strong> Con ogni accesso, hai <strong>una bevanda in omaggio<\/strong> A scelta: birra, vino, bibita, spumante o sangria.<\/li>\n\n\n\n<li><strong>Servizio di ristorazione:<\/strong> Arricchisci la tua serata con il nostro servizio di ristorazione. Offriamo i piatti pi\u00f9 tipici della gastronomia spagnola e, naturalmente, le specialit\u00e0 di Maiorca e delle Isole Baleari, ideali per una cena all\u2019insegna della cultura.<\/li>\n<\/ul>\n\n\n\n<h4 class=\"wp-block-heading\">Foto, video e l'arte del flamenco<\/h4>\n\n\n\n<p class=\"wp-block-paragraph\">\u00c8 consentito scattare foto e girare brevi video come ricordo. Tuttavia, ti chiediamo di:<\/p>\n\n\n\n<ul class=\"wp-block-list\">\n<li><strong>Senza flash:<\/strong> \u00c8 severamente vietato l'uso di <em>flash<\/em> o luci ausiliarie, per non disturbare gli artisti n\u00e9 il resto del pubblico.<\/li>\n\n\n\n<li><strong>Il massimo rispetto:<\/strong> Evita di registrare o scattare foto in modo da disturbare l'esperienza degli altri. La concentrazione degli artisti \u00e8 fondamentale per trasmettere il <em>folletto<\/em>.<\/li>\n<\/ul>\n\n\n\n<h4 class=\"wp-block-heading\">Lingue e flessibilit\u00e0<\/h4>\n\n\n\n<ul class=\"wp-block-list\">\n<li><strong>Assistenza multilingue:<\/strong> Il nostro cordiale personale di sala e il caposala ti assisteranno in <strong>spagnolo e inglese<\/strong>.<\/li>\n\n\n\n<li><strong>Politica di cancellazione:<\/strong> Prenotare \u00e8 sicuro e flessibile. Offriamo <strong>cancellazione gratuita fino a 24 ore prima<\/strong> dall'inizio del <em>mostra<\/em> con rimborso completo.<\/li>\n<\/ul>\n\n\n\n<h3 class=\"wp-block-heading\">Accessibilit\u00e0 e posizione<\/h3>\n\n\n\n<p class=\"wp-block-paragraph\">Garantire che tutti possano apprezzare il flamenco \u00e8 una priorit\u00e0.<\/p>\n\n\n\n<ul class=\"wp-block-list\">\n<li><strong>Accessibilit\u00e0:<\/strong> Confermiamo che <strong>Tablao Flamenco Alma<\/strong> \u00e8 <strong>accessibile con sedia a rotelle<\/strong>. Se hai bisogno di assistenza speciale, ti preghiamo di segnalarlo al momento della prenotazione.<\/li>\n<\/ul>\n\n\n\n<h2 class=\"wp-block-heading\">Conclusione e prossimi passi<\/h2>\n\n\n\n<p class=\"wp-block-paragraph\">Ci auguriamo che questa <strong>guida pratica al <\/strong><a href=\"https:\/\/tablaoflamencoalma.com\/it\/\"><strong>Tablao Flamenco Alma<\/strong><\/a> speriamo di aver chiarito tutti i tuoi dubbi. Lo sai gi\u00e0 <strong>Come vestirsi per andare a un tablao di flamenco<\/strong> (elegante <em>Smart Casual<\/em>), a che ora arrivare (30 minuti prima) e cosa aspettarsi dal nostro servizio (bevande e cucina).<\/p>\n\n\n\n<p class=\"wp-block-paragraph\">Con tutta la <strong>Informazioni pratiche sul Tablao Flamenco Alma<\/strong> A questo punto, non resta che compiere l'ultimo passo: prenotare il tuo posto. Non lasciarti sfuggire l'occasione di vivere il meglio <strong>teatro di flamenco a Maiorca<\/strong> scappi.<\/p>\n\n\n\n<p class=\"wp-block-paragraph\"><strong>Prenota subito la tua esperienza al Tablao Flamenco Alma e preparati a vivere la passione dal vivo!<\/strong><\/p>","protected":false},"excerpt":{"rendered":"<p>\u00bfEst\u00e1s planeando tu visita a Tablao Flamenco Alma, el coraz\u00f3n del espect\u00e1culo flamenco en palma, y te asaltan las dudas pr\u00e1cticas? Queremos que tu \u00fanica preocupaci\u00f3n sea disfrutar del duende y la pasi\u00f3n de nuestro tablao flamenco en vivo en Mallorca. Hemos preparado esta gu\u00eda pr\u00e1ctica del Tablao Flamenco Alma para responder a todas esas [&hellip;]<\/p>\n","protected":false},"author":3,"featured_media":6815,"comment_status":"open","ping_status":"open","sticky":false,"template":"","format":"standard","meta":{"site-sidebar-layout":"default","site-content-layout":"","ast-site-content-layout":"default","site-content-style":"default","site-sidebar-style":"default","ast-global-header-display":"","ast-banner-title-visibility":"","ast-main-header-display":"","ast-hfb-above-header-display":"","ast-hfb-below-header-display":"","ast-hfb-mobile-header-display":"","site-post-title":"","ast-breadcrumbs-content":"","ast-featured-img":"","footer-sml-layout":"","theme-transparent-header-meta":"","adv-header-id-meta":"","stick-header-meta":"","header-above-stick-meta":"","header-main-stick-meta":"","header-below-stick-meta":"","astra-migrate-meta-layouts":"set","ast-page-background-enabled":"default","ast-page-background-meta":{"desktop":{"background-color":"var(--ast-global-color-4)","background-image":"","background-repeat":"repeat","background-position":"center center","background-size":"auto","background-attachment":"scroll","background-type":"","background-media":"","overlay-type":"","overlay-color":"","overlay-opacity":"","overlay-gradient":""},"tablet":{"background-color":"","background-image":"","background-repeat":"repeat","background-position":"center center","background-size":"auto","background-attachment":"scroll","background-type":"","background-media":"","overlay-type":"","overlay-color":"","overlay-opacity":"","overlay-gradient":""},"mobile":{"background-color":"","background-image":"","background-repeat":"repeat","background-position":"center center","background-size":"auto","background-attachment":"scroll","background-type":"","background-media":"","overlay-type":"","overlay-color":"","overlay-opacity":"","overlay-gradient":""}},"ast-content-background-meta":{"desktop":{"background-color":"var(--ast-global-color-5)","background-image":"","background-repeat":"repeat","background-position":"center center","background-size":"auto","background-attachment":"scroll","background-type":"","background-media":"","overlay-type":"","overlay-color":"","overlay-opacity":"","overlay-gradient":""},"tablet":{"background-color":"var(--ast-global-color-5)","background-image":"","background-repeat":"repeat","background-position":"center center","background-size":"auto","background-attachment":"scroll","background-type":"","background-media":"","overlay-type":"","overlay-color":"","overlay-opacity":"","overlay-gradient":""},"mobile":{"background-color":"var(--ast-global-color-5)","background-image":"","background-repeat":"repeat","background-position":"center center","background-size":"auto","background-attachment":"scroll","background-type":"","background-media":"","overlay-type":"","overlay-color":"","overlay-opacity":"","overlay-gradient":""}},"footnotes":""},"categories":[17],"tags":[],"class_list":["post-6814","post","type-post","status-publish","format-standard","has-post-thumbnail","hentry","category-general"],"yoast_head":"<!-- This site is optimized with the Yoast SEO plugin v28.4 - https:\/\/yoast.com\/product\/yoast-seo-wordpress\/ -->\n<title>C\u00f3mo Vestir Tablao Flamenco Alma: Horarios y Gu\u00eda Pr\u00e1ctica- Tablao Flamenco Alma<\/title>\n<meta name=\"description\" content=\"\u00bfDudas sobre tu visita? Descubre c\u00f3mo vestir tablao flamenco (Smart Casual), los horarios de los shows (5:30, 7:30, 9:30 P.M.), gastronom\u00eda y accesibilidad. \u00a1Prep\u00e1rate para el duende!\" \/>\n<meta name=\"robots\" content=\"index, follow, max-snippet:-1, max-image-preview:large, max-video-preview:-1\" \/>\n<link rel=\"canonical\" href=\"https:\/\/tablaoflamencoalma.com\/it\/guia-definitiva-para-visitar-tablao-flamenco-alma-en-palma\/\" \/>\n<meta property=\"og:locale\" content=\"it_IT\" \/>\n<meta property=\"og:type\" content=\"article\" \/>\n<meta property=\"og:title\" content=\"C\u00f3mo Vestir Tablao Flamenco Alma: Horarios y Gu\u00eda Pr\u00e1ctica- Tablao Flamenco Alma\" \/>\n<meta property=\"og:description\" content=\"\u00bfDudas sobre tu visita? Descubre c\u00f3mo vestir tablao flamenco (Smart Casual), los horarios de los shows (5:30, 7:30, 9:30 P.M.), gastronom\u00eda y accesibilidad. \u00a1Prep\u00e1rate para el duende!\" \/>\n<meta property=\"og:url\" content=\"https:\/\/tablaoflamencoalma.com\/it\/guia-definitiva-para-visitar-tablao-flamenco-alma-en-palma\/\" \/>\n<meta property=\"og:site_name\" content=\"Tablao Flamenco Alma\" \/>\n<meta property=\"article:publisher\" content=\"https:\/\/www.facebook.com\/tablaoflamencoalma\" \/>\n<meta property=\"article:published_time\" content=\"2025-12-26T12:15:34+00:00\" \/>\n<meta property=\"article:modified_time\" content=\"2026-06-16T07:33:53+00:00\" \/>\n<meta property=\"og:image\" content=\"https:\/\/tablaoflamencoalma.com\/wp-content\/uploads\/2025\/12\/Guia-Practica-para-tu-Visita-a-Tablao-Alma-portada-post.jpg\" \/>\n\t<meta property=\"og:image:width\" content=\"960\" \/>\n\t<meta property=\"og:image:height\" content=\"640\" \/>\n\t<meta property=\"og:image:type\" content=\"image\/webp\" \/>\n<meta name=\"author\" content=\"Tablao Flamenco Alma\" \/>\n<meta name=\"twitter:card\" content=\"summary_large_image\" \/>\n<meta name=\"twitter:label1\" content=\"Scritto da\" \/>\n\t<meta name=\"twitter:data1\" content=\"Tablao Flamenco Alma\" \/>\n\t<meta name=\"twitter:label2\" content=\"Tempo di lettura stimato\" \/>\n\t<meta name=\"twitter:data2\" content=\"4 minuti\" \/>\n<script type=\"application\/ld+json\" class=\"yoast-schema-graph\">{\"@context\":\"https:\\\/\\\/schema.org\",\"@graph\":[{\"@type\":\"Article\",\"@id\":\"https:\\\/\\\/tablaoflamencoalma.com\\\/guia-definitiva-para-visitar-tablao-flamenco-alma-en-palma\\\/#article\",\"isPartOf\":{\"@id\":\"https:\\\/\\\/tablaoflamencoalma.com\\\/guia-definitiva-para-visitar-tablao-flamenco-alma-en-palma\\\/\"},\"author\":{\"name\":\"Tablao Flamenco Alma\",\"@id\":\"https:\\\/\\\/tablaoflamencoalma.com\\\/#\\\/schema\\\/person\\\/9d0c2a9a099918689427e2a0b2dd0f5c\"},\"headline\":\"Gu\u00eda para visitar Tablao Alma: horarios y consejos claves \u00fatiles.\",\"datePublished\":\"2025-12-26T12:15:34+00:00\",\"dateModified\":\"2026-06-16T07:33:53+00:00\",\"mainEntityOfPage\":{\"@id\":\"https:\\\/\\\/tablaoflamencoalma.com\\\/guia-definitiva-para-visitar-tablao-flamenco-alma-en-palma\\\/\"},\"wordCount\":807,\"commentCount\":0,\"publisher\":{\"@id\":\"https:\\\/\\\/tablaoflamencoalma.com\\\/#organization\"},\"image\":{\"@id\":\"https:\\\/\\\/tablaoflamencoalma.com\\\/guia-definitiva-para-visitar-tablao-flamenco-alma-en-palma\\\/#primaryimage\"},\"thumbnailUrl\":\"https:\\\/\\\/tablaoflamencoalma.com\\\/wp-content\\\/uploads\\\/2025\\\/12\\\/Guia-Practica-para-tu-Visita-a-Tablao-Alma-portada-post.jpg\",\"articleSection\":[\"General\"],\"inLanguage\":\"it-IT\",\"potentialAction\":[{\"@type\":\"CommentAction\",\"name\":\"Comment\",\"target\":[\"https:\\\/\\\/tablaoflamencoalma.com\\\/guia-definitiva-para-visitar-tablao-flamenco-alma-en-palma\\\/#respond\"]}]},{\"@type\":\"WebPage\",\"@id\":\"https:\\\/\\\/tablaoflamencoalma.com\\\/guia-definitiva-para-visitar-tablao-flamenco-alma-en-palma\\\/\",\"url\":\"https:\\\/\\\/tablaoflamencoalma.com\\\/guia-definitiva-para-visitar-tablao-flamenco-alma-en-palma\\\/\",\"name\":\"C\u00f3mo Vestir Tablao Flamenco Alma: Horarios y Gu\u00eda Pr\u00e1ctica- Tablao Flamenco Alma\",\"isPartOf\":{\"@id\":\"https:\\\/\\\/tablaoflamencoalma.com\\\/#website\"},\"primaryImageOfPage\":{\"@id\":\"https:\\\/\\\/tablaoflamencoalma.com\\\/guia-definitiva-para-visitar-tablao-flamenco-alma-en-palma\\\/#primaryimage\"},\"image\":{\"@id\":\"https:\\\/\\\/tablaoflamencoalma.com\\\/guia-definitiva-para-visitar-tablao-flamenco-alma-en-palma\\\/#primaryimage\"},\"thumbnailUrl\":\"https:\\\/\\\/tablaoflamencoalma.com\\\/wp-content\\\/uploads\\\/2025\\\/12\\\/Guia-Practica-para-tu-Visita-a-Tablao-Alma-portada-post.jpg\",\"datePublished\":\"2025-12-26T12:15:34+00:00\",\"dateModified\":\"2026-06-16T07:33:53+00:00\",\"description\":\"\u00bfDudas sobre tu visita? Descubre c\u00f3mo vestir tablao flamenco (Smart Casual), los horarios de los shows (5:30, 7:30, 9:30 P.M.), gastronom\u00eda y accesibilidad. \u00a1Prep\u00e1rate para el duende!\",\"breadcrumb\":{\"@id\":\"https:\\\/\\\/tablaoflamencoalma.com\\\/guia-definitiva-para-visitar-tablao-flamenco-alma-en-palma\\\/#breadcrumb\"},\"inLanguage\":\"it-IT\",\"potentialAction\":[{\"@type\":\"ReadAction\",\"target\":[\"https:\\\/\\\/tablaoflamencoalma.com\\\/guia-definitiva-para-visitar-tablao-flamenco-alma-en-palma\\\/\"]}]},{\"@type\":\"ImageObject\",\"inLanguage\":\"it-IT\",\"@id\":\"https:\\\/\\\/tablaoflamencoalma.com\\\/guia-definitiva-para-visitar-tablao-flamenco-alma-en-palma\\\/#primaryimage\",\"url\":\"https:\\\/\\\/tablaoflamencoalma.com\\\/wp-content\\\/uploads\\\/2025\\\/12\\\/Guia-Practica-para-tu-Visita-a-Tablao-Alma-portada-post.jpg\",\"contentUrl\":\"https:\\\/\\\/tablaoflamencoalma.com\\\/wp-content\\\/uploads\\\/2025\\\/12\\\/Guia-Practica-para-tu-Visita-a-Tablao-Alma-portada-post.jpg\",\"width\":960,\"height\":640,\"caption\":\"Gui\u0301a Pra\u0301ctica para tu Visita a Tablao Alma portada post\"},{\"@type\":\"BreadcrumbList\",\"@id\":\"https:\\\/\\\/tablaoflamencoalma.com\\\/guia-definitiva-para-visitar-tablao-flamenco-alma-en-palma\\\/#breadcrumb\",\"itemListElement\":[{\"@type\":\"ListItem\",\"position\":1,\"name\":\"Portada\",\"item\":\"https:\\\/\\\/tablaoflamencoalma.com\\\/\"},{\"@type\":\"ListItem\",\"position\":2,\"name\":\"Gu\u00eda para visitar Tablao Alma: horarios y consejos claves \u00fatiles.\"}]},{\"@type\":\"WebSite\",\"@id\":\"https:\\\/\\\/tablaoflamencoalma.com\\\/#website\",\"url\":\"https:\\\/\\\/tablaoflamencoalma.com\\\/\",\"name\":\"Tablao Flamenco Alma\",\"description\":\"Tablao Flamenco Alma\",\"publisher\":{\"@id\":\"https:\\\/\\\/tablaoflamencoalma.com\\\/#organization\"},\"potentialAction\":[{\"@type\":\"SearchAction\",\"target\":{\"@type\":\"EntryPoint\",\"urlTemplate\":\"https:\\\/\\\/tablaoflamencoalma.com\\\/?s={search_term_string}\"},\"query-input\":{\"@type\":\"PropertyValueSpecification\",\"valueRequired\":true,\"valueName\":\"search_term_string\"}}],\"inLanguage\":\"it-IT\"},{\"@type\":\"Organization\",\"@id\":\"https:\\\/\\\/tablaoflamencoalma.com\\\/#organization\",\"name\":\"Tablao Flamenco Alma\",\"url\":\"https:\\\/\\\/tablaoflamencoalma.com\\\/\",\"logo\":{\"@type\":\"ImageObject\",\"inLanguage\":\"it-IT\",\"@id\":\"https:\\\/\\\/tablaoflamencoalma.com\\\/#\\\/schema\\\/logo\\\/image\\\/\",\"url\":\"https:\\\/\\\/tablaoflamencoalma.com\\\/wp-content\\\/uploads\\\/2024\\\/01\\\/cropped-tablao-flamenco-alma-01-04.png\",\"contentUrl\":\"https:\\\/\\\/tablaoflamencoalma.com\\\/wp-content\\\/uploads\\\/2024\\\/01\\\/cropped-tablao-flamenco-alma-01-04.png\",\"width\":512,\"height\":512,\"caption\":\"Tablao Flamenco Alma\"},\"image\":{\"@id\":\"https:\\\/\\\/tablaoflamencoalma.com\\\/#\\\/schema\\\/logo\\\/image\\\/\"},\"sameAs\":[\"https:\\\/\\\/www.facebook.com\\\/tablaoflamencoalma\",\"https:\\\/\\\/www.instagram.com\\\/tablaoflamencoalma\"]},{\"@type\":\"Person\",\"@id\":\"https:\\\/\\\/tablaoflamencoalma.com\\\/#\\\/schema\\\/person\\\/9d0c2a9a099918689427e2a0b2dd0f5c\",\"name\":\"Tablao Flamenco Alma\",\"image\":{\"@type\":\"ImageObject\",\"inLanguage\":\"it-IT\",\"@id\":\"https:\\\/\\\/tablaoflamencoalma.com\\\/wp-content\\\/litespeed\\\/avatar\\\/797b83aa1ddf30f355ead08e864f8dad.jpg?ver=1788140548\",\"url\":\"https:\\\/\\\/tablaoflamencoalma.com\\\/wp-content\\\/litespeed\\\/avatar\\\/797b83aa1ddf30f355ead08e864f8dad.jpg?ver=1788140548\",\"contentUrl\":\"https:\\\/\\\/tablaoflamencoalma.com\\\/wp-content\\\/litespeed\\\/avatar\\\/797b83aa1ddf30f355ead08e864f8dad.jpg?ver=1788140548\",\"caption\":\"Tablao Flamenco Alma\"},\"url\":\"https:\\\/\\\/tablaoflamencoalma.com\\\/it\\\/author\\\/flamencoalma\\\/\"}]}<\/script>\n<!-- \/ Yoast SEO plugin. -->","yoast_head_json":{"title":"Come vestirsi al Tablao Flamenco Alma: Orari e guida pratica - Tablao Flamenco Alma","description":"Hai qualche dubbio sulla tua visita? Scopri come vestirti per andare al tablao flamenco (Smart Casual), gli orari degli spettacoli (17:30, 19:30, 21:30), l'offerta gastronomica e l'accessibilit\u00e0. Preparati a vivere il \"duende\"!","robots":{"index":"index","follow":"follow","max-snippet":"max-snippet:-1","max-image-preview":"max-image-preview:large","max-video-preview":"max-video-preview:-1"},"canonical":"https:\/\/tablaoflamencoalma.com\/it\/guia-definitiva-para-visitar-tablao-flamenco-alma-en-palma\/","og_locale":"it_IT","og_type":"article","og_title":"C\u00f3mo Vestir Tablao Flamenco Alma: Horarios y Gu\u00eda Pr\u00e1ctica- Tablao Flamenco Alma","og_description":"\u00bfDudas sobre tu visita? Descubre c\u00f3mo vestir tablao flamenco (Smart Casual), los horarios de los shows (5:30, 7:30, 9:30 P.M.), gastronom\u00eda y accesibilidad. \u00a1Prep\u00e1rate para el duende!","og_url":"https:\/\/tablaoflamencoalma.com\/it\/guia-definitiva-para-visitar-tablao-flamenco-alma-en-palma\/","og_site_name":"Tablao Flamenco Alma","article_publisher":"https:\/\/www.facebook.com\/tablaoflamencoalma","article_published_time":"2025-12-26T12:15:34+00:00","article_modified_time":"2026-06-16T07:33:53+00:00","og_image":[{"width":960,"height":640,"url":"https:\/\/tablaoflamencoalma.com\/wp-content\/uploads\/2025\/12\/Guia-Practica-para-tu-Visita-a-Tablao-Alma-portada-post.jpg","type":"image\/webp"}],"author":"Tablao Flamenco Alma","twitter_card":"summary_large_image","twitter_misc":{"Scritto da":"Tablao Flamenco Alma","Tempo di lettura stimato":"4 minuti"},"schema":{"@context":"https:\/\/schema.org","@graph":[{"@type":"Article","@id":"https:\/\/tablaoflamencoalma.com\/guia-definitiva-para-visitar-tablao-flamenco-alma-en-palma\/#article","isPartOf":{"@id":"https:\/\/tablaoflamencoalma.com\/guia-definitiva-para-visitar-tablao-flamenco-alma-en-palma\/"},"author":{"name":"Tablao Flamenco Alma","@id":"https:\/\/tablaoflamencoalma.com\/#\/schema\/person\/9d0c2a9a099918689427e2a0b2dd0f5c"},"headline":"Gu\u00eda para visitar Tablao Alma: horarios y consejos claves \u00fatiles.","datePublished":"2025-12-26T12:15:34+00:00","dateModified":"2026-06-16T07:33:53+00:00","mainEntityOfPage":{"@id":"https:\/\/tablaoflamencoalma.com\/guia-definitiva-para-visitar-tablao-flamenco-alma-en-palma\/"},"wordCount":807,"commentCount":0,"publisher":{"@id":"https:\/\/tablaoflamencoalma.com\/#organization"},"image":{"@id":"https:\/\/tablaoflamencoalma.com\/guia-definitiva-para-visitar-tablao-flamenco-alma-en-palma\/#primaryimage"},"thumbnailUrl":"https:\/\/tablaoflamencoalma.com\/wp-content\/uploads\/2025\/12\/Guia-Practica-para-tu-Visita-a-Tablao-Alma-portada-post.jpg","articleSection":["General"],"inLanguage":"it-IT","potentialAction":[{"@type":"CommentAction","name":"Comment","target":["https:\/\/tablaoflamencoalma.com\/guia-definitiva-para-visitar-tablao-flamenco-alma-en-palma\/#respond"]}]},{"@type":"WebPage","@id":"https:\/\/tablaoflamencoalma.com\/guia-definitiva-para-visitar-tablao-flamenco-alma-en-palma\/","url":"https:\/\/tablaoflamencoalma.com\/guia-definitiva-para-visitar-tablao-flamenco-alma-en-palma\/","name":"Come vestirsi al Tablao Flamenco Alma: Orari e guida pratica - Tablao Flamenco Alma","isPartOf":{"@id":"https:\/\/tablaoflamencoalma.com\/#website"},"primaryImageOfPage":{"@id":"https:\/\/tablaoflamencoalma.com\/guia-definitiva-para-visitar-tablao-flamenco-alma-en-palma\/#primaryimage"},"image":{"@id":"https:\/\/tablaoflamencoalma.com\/guia-definitiva-para-visitar-tablao-flamenco-alma-en-palma\/#primaryimage"},"thumbnailUrl":"https:\/\/tablaoflamencoalma.com\/wp-content\/uploads\/2025\/12\/Guia-Practica-para-tu-Visita-a-Tablao-Alma-portada-post.jpg","datePublished":"2025-12-26T12:15:34+00:00","dateModified":"2026-06-16T07:33:53+00:00","description":"Hai qualche dubbio sulla tua visita? Scopri come vestirti per andare al tablao flamenco (Smart Casual), gli orari degli spettacoli (17:30, 19:30, 21:30), l'offerta gastronomica e l'accessibilit\u00e0. Preparati a vivere il \"duende\"!","breadcrumb":{"@id":"https:\/\/tablaoflamencoalma.com\/guia-definitiva-para-visitar-tablao-flamenco-alma-en-palma\/#breadcrumb"},"inLanguage":"it-IT","potentialAction":[{"@type":"ReadAction","target":["https:\/\/tablaoflamencoalma.com\/guia-definitiva-para-visitar-tablao-flamenco-alma-en-palma\/"]}]},{"@type":"ImageObject","inLanguage":"it-IT","@id":"https:\/\/tablaoflamencoalma.com\/guia-definitiva-para-visitar-tablao-flamenco-alma-en-palma\/#primaryimage","url":"https:\/\/tablaoflamencoalma.com\/wp-content\/uploads\/2025\/12\/Guia-Practica-para-tu-Visita-a-Tablao-Alma-portada-post.jpg","contentUrl":"https:\/\/tablaoflamencoalma.com\/wp-content\/uploads\/2025\/12\/Guia-Practica-para-tu-Visita-a-Tablao-Alma-portada-post.jpg","width":960,"height":640,"caption":"Gui\u0301a Pra\u0301ctica para tu Visita a Tablao Alma portada post"},{"@type":"BreadcrumbList","@id":"https:\/\/tablaoflamencoalma.com\/guia-definitiva-para-visitar-tablao-flamenco-alma-en-palma\/#breadcrumb","itemListElement":[{"@type":"ListItem","position":1,"name":"Portada","item":"https:\/\/tablaoflamencoalma.com\/"},{"@type":"ListItem","position":2,"name":"Gu\u00eda para visitar Tablao Alma: horarios y consejos claves \u00fatiles."}]},{"@type":"WebSite","@id":"https:\/\/tablaoflamencoalma.com\/#website","url":"https:\/\/tablaoflamencoalma.com\/","name":"Tablao Flamenco Alma","description":"Tablao Flamenco Alma","publisher":{"@id":"https:\/\/tablaoflamencoalma.com\/#organization"},"potentialAction":[{"@type":"SearchAction","target":{"@type":"EntryPoint","urlTemplate":"https:\/\/tablaoflamencoalma.com\/?s={search_term_string}"},"query-input":{"@type":"PropertyValueSpecification","valueRequired":true,"valueName":"search_term_string"}}],"inLanguage":"it-IT"},{"@type":"Organization","@id":"https:\/\/tablaoflamencoalma.com\/#organization","name":"Tablao Flamenco Alma","url":"https:\/\/tablaoflamencoalma.com\/","logo":{"@type":"ImageObject","inLanguage":"it-IT","@id":"https:\/\/tablaoflamencoalma.com\/#\/schema\/logo\/image\/","url":"https:\/\/tablaoflamencoalma.com\/wp-content\/uploads\/2024\/01\/cropped-tablao-flamenco-alma-01-04.png","contentUrl":"https:\/\/tablaoflamencoalma.com\/wp-content\/uploads\/2024\/01\/cropped-tablao-flamenco-alma-01-04.png","width":512,"height":512,"caption":"Tablao Flamenco Alma"},"image":{"@id":"https:\/\/tablaoflamencoalma.com\/#\/schema\/logo\/image\/"},"sameAs":["https:\/\/www.facebook.com\/tablaoflamencoalma","https:\/\/www.instagram.com\/tablaoflamencoalma"]},{"@type":"Person","@id":"https:\/\/tablaoflamencoalma.com\/#\/schema\/person\/9d0c2a9a099918689427e2a0b2dd0f5c","name":"Tablao Flamenco Alma","image":{"@type":"ImageObject","inLanguage":"it-IT","@id":"https:\/\/tablaoflamencoalma.com\/wp-content\/litespeed\/avatar\/797b83aa1ddf30f355ead08e864f8dad.jpg?ver=1788140548","url":"https:\/\/tablaoflamencoalma.com\/wp-content\/litespeed\/avatar\/797b83aa1ddf30f355ead08e864f8dad.jpg?ver=1788140548","contentUrl":"https:\/\/tablaoflamencoalma.com\/wp-content\/litespeed\/avatar\/797b83aa1ddf30f355ead08e864f8dad.jpg?ver=1788140548","caption":"Tablao Flamenco Alma"},"url":"https:\/\/tablaoflamencoalma.com\/it\/author\/flamencoalma\/"}]}},"_links":{"self":[{"href":"https:\/\/tablaoflamencoalma.com\/it\/wp-json\/wp\/v2\/posts\/6814","targetHints":{"allow":["GET"]}}],"collection":[{"href":"https:\/\/tablaoflamencoalma.com\/it\/wp-json\/wp\/v2\/posts"}],"about":[{"href":"https:\/\/tablaoflamencoalma.com\/it\/wp-json\/wp\/v2\/types\/post"}],"author":[{"embeddable":true,"href":"https:\/\/tablaoflamencoalma.com\/it\/wp-json\/wp\/v2\/users\/3"}],"replies":[{"embeddable":true,"href":"https:\/\/tablaoflamencoalma.com\/it\/wp-json\/wp\/v2\/comments?post=6814"}],"version-history":[{"count":3,"href":"https:\/\/tablaoflamencoalma.com\/it\/wp-json\/wp\/v2\/posts\/6814\/revisions"}],"predecessor-version":[{"id":7982,"href":"https:\/\/tablaoflamencoalma.com\/it\/wp-json\/wp\/v2\/posts\/6814\/revisions\/7982"}],"wp:featuredmedia":[{"embeddable":true,"href":"https:\/\/tablaoflamencoalma.com\/it\/wp-json\/wp\/v2\/media\/6815"}],"wp:attachment":[{"href":"https:\/\/tablaoflamencoalma.com\/it\/wp-json\/wp\/v2\/media?parent=6814"}],"wp:term":[{"taxonomy":"category","embeddable":true,"href":"https:\/\/tablaoflamencoalma.com\/it\/wp-json\/wp\/v2\/categories?post=6814"},{"taxonomy":"post_tag","embeddable":true,"href":"https:\/\/tablaoflamencoalma.com\/it\/wp-json\/wp\/v2\/tags?post=6814"}],"curies":[{"name":"wp","href":"https:\/\/api.w.org\/{rel}","templated":true}]}}