{"id":5410,"date":"2025-06-24T10:48:23","date_gmt":"2025-06-24T09:48:23","guid":{"rendered":"https:\/\/tablaoflamencoalma.com\/?p=5410"},"modified":"2026-06-02T08:49:09","modified_gmt":"2026-06-02T07:49:09","slug":"la-voce-dell-anima-svelare-l-importanza-del-cante-nel-flamenco-autentico-di-palma-di-maiorca","status":"publish","type":"post","link":"https:\/\/tablaoflamencoalma.com\/it\/la-voz-del-alma-desvelando-la-importancia-del-cante-en-el-flamenco-autentico-de-palma-de-mallorca\/","title":{"rendered":"La voce dell&#039;anima: autentico canto flamenco a Palma"},"content":{"rendered":"<p class=\"wp-block-paragraph\">Ti sei mai chiesto cosa ti fa davvero venire la pelle d&#039;oca in un <strong>spettacolo di flamenco<\/strong>Qual \u00e8 l&#039;elemento dell&#039;anima che lega il ballerino al chitarrista e il pubblico all&#039;essenza di quest&#039;arte ancestrale? Nell&#039;affascinante universo del flamenco, dove la passione si danza, si suona e, soprattutto, si canta, c&#039;\u00e8 una figura che spesso diventa l&#039;epicentro di tutte le emozioni: il cantante.<\/p>\n\n\n\n<p class=\"wp-block-paragraph\"><\/p>\n\n\n\n<p class=\"wp-block-paragraph\">Il <strong>canto flamenco<\/strong> Non \u00e8 solo un&#039;altra parte di <em>prestazione<\/em>; \u00c8 la radice, il pilastro fondamentale e l&#039;espressione pi\u00f9 pura di quest&#039;arte, dichiarata Patrimonio Culturale Immateriale dell&#039;Umanit\u00e0. \u00c8 la voce dell&#039;anima, il filo che tesse la storia di ogni verso e di ogni battuta, conducendo il pubblico in un viaggio emotivo senza precedenti. Attraverso i loro lamenti e i testi profondi, i cantanti di flamenco diventano un ponte tra la tradizione e l&#039;emozione pi\u00f9 pura.<\/p>\n\n\n\n<p class=\"wp-block-paragraph\"><\/p>\n\n\n\n<p class=\"wp-block-paragraph\">In questo articolo riveleremo il motivo per cui <strong>cantare in flamenco<\/strong> \u00c8 cos\u00ec cruciale, come \u00e8 inseparabilmente intrecciato con la danza e la chitarra, e perch\u00e9 un autentico <strong>spettacolo di flamenco dal vivo<\/strong>, come quelli che offriamo in <a href=\"https:\/\/tablaoflamencoalma.com\/it\/\"><strong>Tablao Flamenco Alma a Palma di Maiorca<\/strong><\/a>, Senza di lui non sarebbe la stessa cosa. Vi invitiamo a scoprire la magia che si cela dietro ogni nota vocale e a prepararvi a vivere questa importanza dal vivo nei nostri spettacoli.<\/p>\n\n\n\n<p class=\"wp-block-paragraph\"><\/p>\n\n\n\n<h2 class=\"wp-block-heading\">Il canto: il cuore che batte in ogni ritmo di flamenco<\/h2>\n\n\n\n<p class=\"wp-block-paragraph\">Il flamenco, nella sua forma migliore, \u00e8 un dialogo. Un dialogo intimo e viscerale tra il cantante, il ballerino e il chitarrista, orchestrato dall&#039;immutabile pulsazione del ritmo. E al centro di questo dialogo, il <strong>canto flamenco<\/strong> Emerge come la voce della coscienza, il battito del cuore che segna l&#039;inizio e la fine di ogni respiro artistico.<\/p>\n\n\n\n<h2 class=\"wp-block-heading\">Oltre la voce: puro sentimento e trasmissione delle emozioni<\/h2>\n\n\n\n<p class=\"wp-block-paragraph\">Quando parliamo di <strong>canto flamenco<\/strong>, Non ci riferiamo semplicemente a una melodia o a un bel testo. Ci riferiamo a una trasmissione di sentimenti cos\u00ec cruda e autentica da poterti commuovere fino alle profondit\u00e0 del tuo essere. Il cantante di flamenco \u00e8 un cronista della vita, un narratore le cui storie sono espresse attraverso la modulazione della sua voce, le pause, il <em>lamentela<\/em> e il <em>adattamento<\/em>.<\/p>\n\n\n\n<p class=\"wp-block-paragraph\">Il <strong>lamentela<\/strong>, Quel suono, che sembra levarsi dalle profondit\u00e0 del proprio essere, \u00e8 un grido ancestrale di dolore, angoscia o gioia incontenibile. Non si impara a scuola; si sente, si eredita e si vive. \u00c8 la manifestazione pi\u00f9 diretta di... <em>folletto<\/em> Il flamenco, quella forza ineffabile che trasforma il banale in magico. Ogni cantante imprime il proprio segno, la propria anima, al grido, rendendo ogni esibizione unica e irripetibile. <em>adattamento<\/em> Non si tratta solo di avere una corretta intonazione; si tratta della capacit\u00e0 di mantenere tensione ed emozione in ogni nota, anche nei passaggi pi\u00f9 melismatici e ornati.<\/p>\n\n\n\n<p class=\"wp-block-paragraph\">La <strong>voce flamenco<\/strong> Possiede una qualit\u00e0 unica, una durezza e una dolcezza che si alternano a dipingere complessi paesaggi emotivi. Pu\u00f2 essere gutturale e profondo, evocando la terra e la sofferenza, oppure chiaro e vibrante, celebrando la vita e la festa. Questa dualit\u00e0 \u00e8 ci\u00f2 che gli conferisce la sua ricchezza e la sua capacit\u00e0 di connettersi con l&#039;ascoltatore, indipendentemente dalla sua origine o lingua. \u00c8 un <strong>emozione flamenco<\/strong> che trascende le barriere culturali e linguistiche. \u00c8 una forma di narrazione pura, dove ogni nota, ogni silenzio e ogni eco vocale racconta una storia di generazioni, di resistenza, di amore e di perdita.<\/p>\n\n\n\n<h2 class=\"wp-block-heading\">Il dialogo invisibile: canto, danza e chitarra in perfetta sincronia<\/h2>\n\n\n\n<p class=\"wp-block-paragraph\">Il flamenco \u00e8 un ecosistema in cui ogni elemento nutre gli altri. E in questo intricato balletto dei sensi, il canto assume il ruolo di un regista invisibile, un timoniere che guida la nave dell&#039;espressione artistica. Non si tratta semplicemente di una successione di performance individuali, ma di una conversazione improvvisata e spontanea in cui ogni artista si alimenta dell&#039;altro.<\/p>\n\n\n\n<p class=\"wp-block-paragraph\">Il cantante, con la sua voce, detta il ritmo, la cadenza e l&#039;intensit\u00e0 dell&#039;esibizione. Il ballerino, con i suoi passi e i movimenti delle braccia, risponde a questa chiamata, traducendo le emozioni vocali in movimento. I suoi passi possono essere un&#039;esplosione di rabbia o un sussurro di gioia, sempre in perfetta risonanza con la voce che lo ispira. Il chitarrista, dal canto suo, tesse un accompagnamento magistrale, riempiendo gli spazi, creando atmosfere e talvolta anticipando o seguendo l&#039;improvvisazione del cantante, in una dimostrazione di complicit\u00e0 e maestria.<\/p>\n\n\n\n<p class=\"wp-block-paragraph\">Questa sincronia non \u00e8 il risultato di prove meticolose e prestabilite, ma di anni di ascolto, esperienza e una profonda connessione con l&#039;arte del flamenco. \u00c8 una danza d&#039;intuizione, dove uno sguardo, un gesto o un cambiamento nel tono del cantante possono trasformare il corso dell&#039;esibizione in pochi secondi. \u00c8 questa interazione costante, questa mutua dipendenza, che rende ogni <strong>Spettacolo di flamenco a Palma di Maiorca<\/strong> in un <strong>teatro di flamenco a Maiorca<\/strong> sar\u00e0 un&#039;esperienza vivida ed emozionante. <strong>cantare in flamenco<\/strong> \u00c8 il filo invisibile che unisce tutti, creando un&#039;unit\u00e0 artistica che \u00e8 molto pi\u00f9 della somma delle sue parti.<\/p>\n\n\n\n<h2 class=\"wp-block-heading\">La variet\u00e0 del canto flamenco: gli stili del flamenco e le loro sfumature<\/h2>\n\n\n\n<p class=\"wp-block-paragraph\">La ricchezza di <strong>canto flamenco<\/strong> Ci\u00f2 si manifesta nella sua incredibile diversit\u00e0 di &quot;palos&quot; o stili. Ogni palo \u00e8 un universo in s\u00e9, con la propria struttura metrica, temi, armonia e carica emotiva. Dalla solennit\u00e0 e dal profondo lamento del <strong>Seguiriya<\/strong> o la <strong>Sole\u00e1<\/strong>, che approfondiscono il dolore e la tragedia dell&#039;esistenza, fino alla gioia traboccante e alla vivacit\u00e0 dell&#039; <strong>Gioie<\/strong> o il <strong>Buler\u00edas<\/strong>, che invitano alla festa e all&#039;allegria.<\/p>\n\n\n\n<p class=\"wp-block-paragraph\">Un vero cantante di flamenco non solo padroneggia la tecnica vocale, ma comprende anche l&#039;essenza di ogni stile, sapendo quando e come applicarla per evocare l&#039;emozione desiderata. La scelta dello stile non \u00e8 casuale; \u00e8 una decisione artistica che risponde al momento, all&#039;ispirazione e al dialogo con il ballerino e il chitarrista. Questa padronanza delle variazioni e la capacit\u00e0 di passare da un&#039;emozione all&#039;altra e da un ritmo all&#039;altro \u00e8 ci\u00f2 che conferisce una ricchezza e una profondit\u00e0 ineguagliabili a ogni esibizione. <strong>cantare in flamenco<\/strong>. \u00c8 proprio attraverso questa variet\u00e0 che il flamenco si rivela come un&#039;arte viva, adattabile e in continua evoluzione, sempre radicata nelle sue tradizioni, ma aperta a nuove interpretazioni.<\/p>\n\n\n\n<h2 class=\"wp-block-heading\">La magia del duende: quando il canto abbatte le barriere<\/h2>\n\n\n\n<p class=\"wp-block-paragraph\">Nel lessico del flamenco c&#039;\u00e8 una parola che racchiude l&#039;essenza ineffabile di quest&#039;arte: il <strong>\u201c&quot;elfo&quot;\u201d<\/strong>. Federico Garc\u00eda Lorca la descrisse come \u201cuna forza misteriosa che tutti sentono e che nessun filosofo sa spiegare\u201d. Non \u00e8 tecnica, non \u00e8 stile, non \u00e8 ispirazione, sebbene tutte queste siano necessarie. Il Duende \u00e8 qualcosa di pi\u00f9, qualcosa che emerge dalla parte pi\u00f9 profonda dell&#039;artista e che, quando si manifesta, \u00e8 capace di trascinare il pubblico in un&#039;esperienza trascendentale, quasi spirituale.<\/p>\n\n\n\n<p class=\"wp-block-paragraph\">E in questa manifestazione del duende, il <strong>canto flamenco<\/strong> \u00c8, senza dubbio, il veicolo principale. \u00c8 nella voce del cantante, nel suo grido straziante, nel suo lamento profondo o nella sua esplosione di gioia, che il duende (lo spirito) si manifesta solitamente in modo pi\u00f9 tangibile. Quando un cantante &quot;ha il duende&quot;, la sua voce trascende la pura musicalit\u00e0; diventa un&#039;eco dell&#039;esperienza umana, connettendosi direttamente con le emozioni pi\u00f9 primordiali dell&#039;ascoltatore.<\/p>\n\n\n\n<p class=\"wp-block-paragraph\">\u00c8 quella scintilla inspiegabile che rende una performance, per quanto tecnicamente imperfetta, infinitamente pi\u00f9 commovente di una impeccabile ma senz&#039;anima. Quella magia \u00e8 ci\u00f2 che rende ogni performance unica e irripetibile, un momento di magia condivisa tra l&#039;artista e il pubblico, dove il tempo sembra fermarsi e la realt\u00e0 si dissolve nell&#039;intensit\u00e0 dell&#039;arte. \u00c8 un fenomeno che pu\u00f2 essere compreso solo vivendolo dal vivo, sentendo la vibrazione nell&#039;aria e <strong>emozione flamenco<\/strong> in ogni poro della pelle.<\/p>\n\n\n\n<h2 class=\"wp-block-heading\">Vivi l&#039;intensit\u00e0 del canto flamenco al Tablao Flamenco Alma di Palma di Maiorca.<\/h2>\n\n\n\n<p class=\"wp-block-paragraph\">Comprendere la teoria e la storia di <strong>cantare in flamenco<\/strong> \u00c8 un primo passo, ma per comprenderlo veramente, bisogna sperimentarlo. E non c&#039;\u00e8 posto migliore per farlo che in un autentico <strong>spettacolo di flamenco dal vivo<\/strong> COME <a href=\"https:\/\/tablaoflamencoalma.com\/it\/\"><strong>Tablao Flamenco Alma<\/strong><\/a>, Situato nel cuore di Palma di Maiorca, qui il canto flamenco non \u00e8 solo parte dello spettacolo; \u00e8 l&#039;anima che pulsa in ogni esibizione, il battito del cuore che connette gli artisti al pubblico e la tradizione all&#039;emozione del presente.<\/p>\n\n\n\n<p class=\"wp-block-paragraph\">In <a href=\"https:\/\/tablaoflamencoalma.com\/it\/\"><strong>Tablao Flamenco Alma<\/strong><\/a>, Il canto \u00e8 trattato con la riverenza che merita. Abbiamo un cast di cantanti di qualit\u00e0 eccezionale, artisti che non solo possiedono una tecnica impeccabile, ma anche la capacit\u00e0 di trasmettere l&#039;essenza pi\u00f9 profonda del flamenco. La loro esperienza e passione si riflettono in ogni nota, in ogni <em>lamentela<\/em>, ad ogni respiro, rendendo il <strong>voce flamenco<\/strong> riempire ogni angolo del nostro spazio.<\/p>\n\n\n\n<p class=\"wp-block-paragraph\">Vivi l&#039;esperienza <strong>canto flamenco<\/strong> in diretta sul nostro <a href=\"https:\/\/tablaoflamencoalma.com\/it\/una-notte-magica-a-palma-flamenco-al-tablao-flamenco-alma-cena-e-passeggiata\/\"><strong>teatro di flamenco a Maiorca<\/strong><\/a> Offre un&#039;intimit\u00e0 e un&#039;autenticit\u00e0 che nessuna registrazione pu\u00f2 replicare. La vicinanza agli artisti permette di apprezzare ogni sfumatura delle loro voci, ogni gesto, ogni espressione del viso. Si percepisce la vibrazione dell&#039;aria, l&#039;energia che emana dal palco e la connessione che si instaura con gli artisti. \u00c8 un&#039;esperienza immersiva che ti avvolge e ti trasporta.<\/p>\n\n\n\n<p class=\"wp-block-paragraph\">Vi invitiamo a immergervi in questa atmosfera unica e ad assistere alla magia di <strong>canto flamenco<\/strong> In <a href=\"https:\/\/tablaoflamencoalma.com\/it\/una-notte-magica-a-palma-flamenco-al-tablao-flamenco-alma-cena-e-passeggiata\/\"><strong>Tablao Flamenco Alma<\/strong><\/a>. Per rendere la tua esperienza perfetta, ti offriamo:<\/p>\n\n\n\n<ul class=\"wp-block-list\">\n<li><strong>Cancellazione gratuita fino a 24 ore prima:<\/strong> Poich\u00e9 sappiamo che i piani possono cambiare, ti offriamo <strong>rimborso completo<\/strong> se hai bisogno di cancellare in anticipo.<\/li>\n\n\n\n<li><strong>Assistenza disponibile a partire da un&#039;ora prima dell&#039;inizio dello spettacolo:<\/strong> Arrivate in anticipo per scegliere il vostro posto, immergervi nell&#039;atmosfera e prepararvi a una serata indimenticabile.<\/li>\n\n\n\n<li><strong>Durata dello spettacolo: 1 ora<\/strong> Un&#039;ora di pura passione e arte che voler\u00e0 via.<\/li>\n\n\n\n<li><strong>Lingue host:<\/strong> Il nostro personale vi assister\u00e0 in spagnolo o in inglese, garantendo un&#039;accoglienza calorosa e accessibile a tutti i nostri visitatori internazionali.<\/li>\n\n\n\n<li><strong>Accessibile alle sedie a rotelle:<\/strong> Siamo orgogliosi di essere uno spazio inclusivo e accessibile a tutti.<\/li>\n\n\n\n<li><strong>1 bevanda inclusa nel biglietto:<\/strong> Per celebrare l&#039;arte, il tuo biglietto include una birra, un vino, una bibita analcolica, uno spumante o una sangria.<\/li>\n\n\n\n<li><strong>Servizio di ristorazione:<\/strong> Inoltre, offriamo un delizioso servizio di ristorazione per completare la vostra esperienza gastronomica e culturale.<\/li>\n<\/ul>\n\n\n\n<p class=\"wp-block-paragraph\">Il <strong>canto flamenco<\/strong> \u00c8, senza dubbio, la spina dorsale del flamenco, il battito cardiaco che d\u00e0 vita a ogni danza e a ogni accordo di chitarra. \u00c8 la manifestazione pi\u00f9 pura dell&#039;emozione, della storia e della tradizione di un&#039;arte che trascende i confini. Comprenderne l&#039;importanza \u00e8 il primo passo per apprezzare la profondit\u00e0 e la complessit\u00e0 di quest&#039;arte universale.<\/p>\n\n\n\n<p class=\"wp-block-paragraph\">Non limitarti a sentirne parlare, vivilo in prima persona. <a href=\"https:\/\/tablaoflamencoalma.com\/it\/\"><strong>Tablao Flamenco Alma<\/strong><\/a>, Vi invitiamo a immergervi nelle profondit\u00e0 <strong>emozione flamenco<\/strong> del canto flamenco nel cuore di Palma di Maiorca. Lasciati trasportare dal <strong>voce flamenco<\/strong> che ti toccher\u00e0 l&#039;anima e scoprirai da te stesso perch\u00e9 <strong>cantare in flamenco<\/strong> \u00c8 la chiave della sua grandezza.<\/p>\n\n\n\n<p class=\"wp-block-paragraph\">Pronti a sentire la magia? Vi invitiamo a <strong>Scopri di pi\u00f9 sul nostro Alma Flamenco Tablao<\/strong> Gi\u00e0 <a href=\"https:\/\/tablaoflamencoalma.com\/it\/una-notte-magica-a-palma-flamenco-al-tablao-flamenco-alma-cena-e-passeggiata\/\"><strong>Prenota i tuoi biglietti<\/strong><\/a> Consulta il nostro programma degli spettacoli. Intraprendi un viaggio indimenticabile nell&#039;anima del flamenco.<\/p>\n\n\n\n<p class=\"wp-block-paragraph\">Vi aspettiamo per farvi vivere la magia!<\/p>","protected":false},"excerpt":{"rendered":"<p>\u00bfAlguna vez te has preguntado qu\u00e9 es lo que realmente te eriza la piel en un espect\u00e1culo de flamenco? \u00bfQu\u00e9 elemento es el alma que conecta al bailaor con el guitarrista y al p\u00fablico con la esencia de este arte ancestral? En el fascinante universo del flamenco, donde la pasi\u00f3n se baila, se toca y, [&hellip;]<\/p>\n","protected":false},"author":3,"featured_media":5411,"comment_status":"open","ping_status":"open","sticky":false,"template":"","format":"standard","meta":{"site-sidebar-layout":"default","site-content-layout":"","ast-site-content-layout":"default","site-content-style":"default","site-sidebar-style":"default","ast-global-header-display":"","ast-banner-title-visibility":"","ast-main-header-display":"","ast-hfb-above-header-display":"","ast-hfb-below-header-display":"","ast-hfb-mobile-header-display":"","site-post-title":"","ast-breadcrumbs-content":"","ast-featured-img":"","footer-sml-layout":"","theme-transparent-header-meta":"","adv-header-id-meta":"","stick-header-meta":"","header-above-stick-meta":"","header-main-stick-meta":"","header-below-stick-meta":"","astra-migrate-meta-layouts":"set","ast-page-background-enabled":"default","ast-page-background-meta":{"desktop":{"background-color":"var(--ast-global-color-4)","background-image":"","background-repeat":"repeat","background-position":"center center","background-size":"auto","background-attachment":"scroll","background-type":"","background-media":"","overlay-type":"","overlay-color":"","overlay-opacity":"","overlay-gradient":""},"tablet":{"background-color":"","background-image":"","background-repeat":"repeat","background-position":"center center","background-size":"auto","background-attachment":"scroll","background-type":"","background-media":"","overlay-type":"","overlay-color":"","overlay-opacity":"","overlay-gradient":""},"mobile":{"background-color":"","background-image":"","background-repeat":"repeat","background-position":"center center","background-size":"auto","background-attachment":"scroll","background-type":"","background-media":"","overlay-type":"","overlay-color":"","overlay-opacity":"","overlay-gradient":""}},"ast-content-background-meta":{"desktop":{"background-color":"var(--ast-global-color-5)","background-image":"","background-repeat":"repeat","background-position":"center center","background-size":"auto","background-attachment":"scroll","background-type":"","background-media":"","overlay-type":"","overlay-color":"","overlay-opacity":"","overlay-gradient":""},"tablet":{"background-color":"var(--ast-global-color-5)","background-image":"","background-repeat":"repeat","background-position":"center center","background-size":"auto","background-attachment":"scroll","background-type":"","background-media":"","overlay-type":"","overlay-color":"","overlay-opacity":"","overlay-gradient":""},"mobile":{"background-color":"var(--ast-global-color-5)","background-image":"","background-repeat":"repeat","background-position":"center center","background-size":"auto","background-attachment":"scroll","background-type":"","background-media":"","overlay-type":"","overlay-color":"","overlay-opacity":"","overlay-gradient":""}},"footnotes":""},"categories":[11],"tags":[],"class_list":["post-5410","post","type-post","status-publish","format-standard","has-post-thumbnail","hentry","category-el-flamenco"],"yoast_head":"<!-- This site is optimized with the Yoast SEO plugin v28.4 - https:\/\/yoast.com\/product\/yoast-seo-wordpress\/ -->\n<title>La voz del alma: el cante flamenco aut\u00e9ntico en Palma - Tablao Flamenco Alma<\/title>\n<meta name=\"description\" content=\"El cante es el alma del flamenco. Descubre su fuerza y emoci\u00f3n en cada espect\u00e1culo en vivo de Tablao Flamenco Alma, en Palma.\" \/>\n<meta name=\"robots\" content=\"index, follow, max-snippet:-1, max-image-preview:large, max-video-preview:-1\" \/>\n<link rel=\"canonical\" href=\"https:\/\/tablaoflamencoalma.com\/it\/la-voce-dell-anima-svelare-l-importanza-del-cante-nel-flamenco-autentico-di-palma-di-maiorca\/\" \/>\n<meta property=\"og:locale\" content=\"it_IT\" \/>\n<meta property=\"og:type\" content=\"article\" \/>\n<meta property=\"og:title\" content=\"La voz del alma: el cante flamenco aut\u00e9ntico en Palma - Tablao Flamenco Alma\" \/>\n<meta property=\"og:description\" content=\"El cante es el alma del flamenco. Descubre su fuerza y emoci\u00f3n en cada espect\u00e1culo en vivo de Tablao Flamenco Alma, en Palma.\" \/>\n<meta property=\"og:url\" content=\"https:\/\/tablaoflamencoalma.com\/it\/la-voce-dell-anima-svelare-l-importanza-del-cante-nel-flamenco-autentico-di-palma-di-maiorca\/\" \/>\n<meta property=\"og:site_name\" content=\"Tablao Flamenco Alma\" \/>\n<meta property=\"article:publisher\" content=\"https:\/\/www.facebook.com\/tablaoflamencoalma\" \/>\n<meta property=\"article:published_time\" content=\"2025-06-24T09:48:23+00:00\" \/>\n<meta property=\"article:modified_time\" content=\"2026-06-02T07:49:09+00:00\" \/>\n<meta property=\"og:image\" content=\"https:\/\/tablaoflamencoalma.com\/wp-content\/uploads\/2025\/06\/La-voz-del-alma-el-cante-flamenco-post-scaled.jpg\" \/>\n\t<meta property=\"og:image:width\" content=\"2560\" \/>\n\t<meta property=\"og:image:height\" content=\"1707\" \/>\n\t<meta property=\"og:image:type\" content=\"image\/jpeg\" \/>\n<meta name=\"author\" content=\"Tablao Flamenco Alma\" \/>\n<meta name=\"twitter:card\" content=\"summary_large_image\" \/>\n<meta name=\"twitter:label1\" content=\"Scritto da\" \/>\n\t<meta name=\"twitter:data1\" content=\"Tablao Flamenco Alma\" \/>\n\t<meta name=\"twitter:label2\" content=\"Tempo di lettura stimato\" \/>\n\t<meta name=\"twitter:data2\" content=\"9 minuti\" \/>\n<script type=\"application\/ld+json\" class=\"yoast-schema-graph\">{\"@context\":\"https:\\\/\\\/schema.org\",\"@graph\":[{\"@type\":\"Article\",\"@id\":\"https:\\\/\\\/tablaoflamencoalma.com\\\/la-voz-del-alma-desvelando-la-importancia-del-cante-en-el-flamenco-autentico-de-palma-de-mallorca\\\/#article\",\"isPartOf\":{\"@id\":\"https:\\\/\\\/tablaoflamencoalma.com\\\/la-voz-del-alma-desvelando-la-importancia-del-cante-en-el-flamenco-autentico-de-palma-de-mallorca\\\/\"},\"author\":{\"name\":\"Tablao Flamenco Alma\",\"@id\":\"https:\\\/\\\/tablaoflamencoalma.com\\\/#\\\/schema\\\/person\\\/9d0c2a9a099918689427e2a0b2dd0f5c\"},\"headline\":\"La voz del alma: el cante flamenco aut\u00e9ntico en Palma\",\"datePublished\":\"2025-06-24T09:48:23+00:00\",\"dateModified\":\"2026-06-02T07:49:09+00:00\",\"mainEntityOfPage\":{\"@id\":\"https:\\\/\\\/tablaoflamencoalma.com\\\/la-voz-del-alma-desvelando-la-importancia-del-cante-en-el-flamenco-autentico-de-palma-de-mallorca\\\/\"},\"wordCount\":2074,\"commentCount\":0,\"publisher\":{\"@id\":\"https:\\\/\\\/tablaoflamencoalma.com\\\/#organization\"},\"image\":{\"@id\":\"https:\\\/\\\/tablaoflamencoalma.com\\\/la-voz-del-alma-desvelando-la-importancia-del-cante-en-el-flamenco-autentico-de-palma-de-mallorca\\\/#primaryimage\"},\"thumbnailUrl\":\"https:\\\/\\\/tablaoflamencoalma.com\\\/wp-content\\\/uploads\\\/2025\\\/06\\\/La-voz-del-alma-el-cante-flamenco-post.jpg\",\"articleSection\":[\"El Flamenco\"],\"inLanguage\":\"it-IT\",\"potentialAction\":[{\"@type\":\"CommentAction\",\"name\":\"Comment\",\"target\":[\"https:\\\/\\\/tablaoflamencoalma.com\\\/la-voz-del-alma-desvelando-la-importancia-del-cante-en-el-flamenco-autentico-de-palma-de-mallorca\\\/#respond\"]}]},{\"@type\":\"WebPage\",\"@id\":\"https:\\\/\\\/tablaoflamencoalma.com\\\/la-voz-del-alma-desvelando-la-importancia-del-cante-en-el-flamenco-autentico-de-palma-de-mallorca\\\/\",\"url\":\"https:\\\/\\\/tablaoflamencoalma.com\\\/la-voz-del-alma-desvelando-la-importancia-del-cante-en-el-flamenco-autentico-de-palma-de-mallorca\\\/\",\"name\":\"La voz del alma: el cante flamenco aut\u00e9ntico en Palma - Tablao Flamenco Alma\",\"isPartOf\":{\"@id\":\"https:\\\/\\\/tablaoflamencoalma.com\\\/#website\"},\"primaryImageOfPage\":{\"@id\":\"https:\\\/\\\/tablaoflamencoalma.com\\\/la-voz-del-alma-desvelando-la-importancia-del-cante-en-el-flamenco-autentico-de-palma-de-mallorca\\\/#primaryimage\"},\"image\":{\"@id\":\"https:\\\/\\\/tablaoflamencoalma.com\\\/la-voz-del-alma-desvelando-la-importancia-del-cante-en-el-flamenco-autentico-de-palma-de-mallorca\\\/#primaryimage\"},\"thumbnailUrl\":\"https:\\\/\\\/tablaoflamencoalma.com\\\/wp-content\\\/uploads\\\/2025\\\/06\\\/La-voz-del-alma-el-cante-flamenco-post.jpg\",\"datePublished\":\"2025-06-24T09:48:23+00:00\",\"dateModified\":\"2026-06-02T07:49:09+00:00\",\"description\":\"El cante es el alma del flamenco. Descubre su fuerza y emoci\u00f3n en cada espect\u00e1culo en vivo de Tablao Flamenco Alma, en Palma.\",\"breadcrumb\":{\"@id\":\"https:\\\/\\\/tablaoflamencoalma.com\\\/la-voz-del-alma-desvelando-la-importancia-del-cante-en-el-flamenco-autentico-de-palma-de-mallorca\\\/#breadcrumb\"},\"inLanguage\":\"it-IT\",\"potentialAction\":[{\"@type\":\"ReadAction\",\"target\":[\"https:\\\/\\\/tablaoflamencoalma.com\\\/la-voz-del-alma-desvelando-la-importancia-del-cante-en-el-flamenco-autentico-de-palma-de-mallorca\\\/\"]}]},{\"@type\":\"ImageObject\",\"inLanguage\":\"it-IT\",\"@id\":\"https:\\\/\\\/tablaoflamencoalma.com\\\/la-voz-del-alma-desvelando-la-importancia-del-cante-en-el-flamenco-autentico-de-palma-de-mallorca\\\/#primaryimage\",\"url\":\"https:\\\/\\\/tablaoflamencoalma.com\\\/wp-content\\\/uploads\\\/2025\\\/06\\\/La-voz-del-alma-el-cante-flamenco-post.jpg\",\"contentUrl\":\"https:\\\/\\\/tablaoflamencoalma.com\\\/wp-content\\\/uploads\\\/2025\\\/06\\\/La-voz-del-alma-el-cante-flamenco-post.jpg\",\"width\":2560,\"height\":1707,\"caption\":\"La voz del alma el cante flamenco post\"},{\"@type\":\"BreadcrumbList\",\"@id\":\"https:\\\/\\\/tablaoflamencoalma.com\\\/la-voz-del-alma-desvelando-la-importancia-del-cante-en-el-flamenco-autentico-de-palma-de-mallorca\\\/#breadcrumb\",\"itemListElement\":[{\"@type\":\"ListItem\",\"position\":1,\"name\":\"Portada\",\"item\":\"https:\\\/\\\/tablaoflamencoalma.com\\\/\"},{\"@type\":\"ListItem\",\"position\":2,\"name\":\"La voz del alma: el cante flamenco aut\u00e9ntico en Palma\"}]},{\"@type\":\"WebSite\",\"@id\":\"https:\\\/\\\/tablaoflamencoalma.com\\\/#website\",\"url\":\"https:\\\/\\\/tablaoflamencoalma.com\\\/\",\"name\":\"Tablao Flamenco Alma\",\"description\":\"Tablao Flamenco Alma\",\"publisher\":{\"@id\":\"https:\\\/\\\/tablaoflamencoalma.com\\\/#organization\"},\"potentialAction\":[{\"@type\":\"SearchAction\",\"target\":{\"@type\":\"EntryPoint\",\"urlTemplate\":\"https:\\\/\\\/tablaoflamencoalma.com\\\/?s={search_term_string}\"},\"query-input\":{\"@type\":\"PropertyValueSpecification\",\"valueRequired\":true,\"valueName\":\"search_term_string\"}}],\"inLanguage\":\"it-IT\"},{\"@type\":\"Organization\",\"@id\":\"https:\\\/\\\/tablaoflamencoalma.com\\\/#organization\",\"name\":\"Tablao Flamenco Alma\",\"url\":\"https:\\\/\\\/tablaoflamencoalma.com\\\/\",\"logo\":{\"@type\":\"ImageObject\",\"inLanguage\":\"it-IT\",\"@id\":\"https:\\\/\\\/tablaoflamencoalma.com\\\/#\\\/schema\\\/logo\\\/image\\\/\",\"url\":\"https:\\\/\\\/tablaoflamencoalma.com\\\/wp-content\\\/uploads\\\/2024\\\/01\\\/cropped-tablao-flamenco-alma-01-04.png\",\"contentUrl\":\"https:\\\/\\\/tablaoflamencoalma.com\\\/wp-content\\\/uploads\\\/2024\\\/01\\\/cropped-tablao-flamenco-alma-01-04.png\",\"width\":512,\"height\":512,\"caption\":\"Tablao Flamenco Alma\"},\"image\":{\"@id\":\"https:\\\/\\\/tablaoflamencoalma.com\\\/#\\\/schema\\\/logo\\\/image\\\/\"},\"sameAs\":[\"https:\\\/\\\/www.facebook.com\\\/tablaoflamencoalma\",\"https:\\\/\\\/www.instagram.com\\\/tablaoflamencoalma\"]},{\"@type\":\"Person\",\"@id\":\"https:\\\/\\\/tablaoflamencoalma.com\\\/#\\\/schema\\\/person\\\/9d0c2a9a099918689427e2a0b2dd0f5c\",\"name\":\"Tablao Flamenco Alma\",\"image\":{\"@type\":\"ImageObject\",\"inLanguage\":\"it-IT\",\"@id\":\"https:\\\/\\\/tablaoflamencoalma.com\\\/wp-content\\\/litespeed\\\/avatar\\\/797b83aa1ddf30f355ead08e864f8dad.jpg?ver=1788140548\",\"url\":\"https:\\\/\\\/tablaoflamencoalma.com\\\/wp-content\\\/litespeed\\\/avatar\\\/797b83aa1ddf30f355ead08e864f8dad.jpg?ver=1788140548\",\"contentUrl\":\"https:\\\/\\\/tablaoflamencoalma.com\\\/wp-content\\\/litespeed\\\/avatar\\\/797b83aa1ddf30f355ead08e864f8dad.jpg?ver=1788140548\",\"caption\":\"Tablao Flamenco Alma\"},\"url\":\"https:\\\/\\\/tablaoflamencoalma.com\\\/it\\\/author\\\/flamencoalma\\\/\"}]}<\/script>\n<!-- \/ Yoast SEO plugin. -->","yoast_head_json":{"title":"La voce dell&#039;anima: autentico canto flamenco a Palma - Tablao Flamenco Alma","description":"Il canto flamenco \u00e8 l&#039;anima del flamenco. Scoprite la sua potenza e la sua emozione in ogni spettacolo dal vivo al Tablao Flamenco Alma di Palma.","robots":{"index":"index","follow":"follow","max-snippet":"max-snippet:-1","max-image-preview":"max-image-preview:large","max-video-preview":"max-video-preview:-1"},"canonical":"https:\/\/tablaoflamencoalma.com\/it\/la-voce-dell-anima-svelare-l-importanza-del-cante-nel-flamenco-autentico-di-palma-di-maiorca\/","og_locale":"it_IT","og_type":"article","og_title":"La voz del alma: el cante flamenco aut\u00e9ntico en Palma - Tablao Flamenco Alma","og_description":"El cante es el alma del flamenco. Descubre su fuerza y emoci\u00f3n en cada espect\u00e1culo en vivo de Tablao Flamenco Alma, en Palma.","og_url":"https:\/\/tablaoflamencoalma.com\/it\/la-voce-dell-anima-svelare-l-importanza-del-cante-nel-flamenco-autentico-di-palma-di-maiorca\/","og_site_name":"Tablao Flamenco Alma","article_publisher":"https:\/\/www.facebook.com\/tablaoflamencoalma","article_published_time":"2025-06-24T09:48:23+00:00","article_modified_time":"2026-06-02T07:49:09+00:00","og_image":[{"width":2560,"height":1707,"url":"https:\/\/tablaoflamencoalma.com\/wp-content\/uploads\/2025\/06\/La-voz-del-alma-el-cante-flamenco-post-scaled.jpg","type":"image\/jpeg"}],"author":"Tablao Flamenco Alma","twitter_card":"summary_large_image","twitter_misc":{"Scritto da":"Tablao Flamenco Alma","Tempo di lettura stimato":"9 minuti"},"schema":{"@context":"https:\/\/schema.org","@graph":[{"@type":"Article","@id":"https:\/\/tablaoflamencoalma.com\/la-voz-del-alma-desvelando-la-importancia-del-cante-en-el-flamenco-autentico-de-palma-de-mallorca\/#article","isPartOf":{"@id":"https:\/\/tablaoflamencoalma.com\/la-voz-del-alma-desvelando-la-importancia-del-cante-en-el-flamenco-autentico-de-palma-de-mallorca\/"},"author":{"name":"Tablao Flamenco Alma","@id":"https:\/\/tablaoflamencoalma.com\/#\/schema\/person\/9d0c2a9a099918689427e2a0b2dd0f5c"},"headline":"La voz del alma: el cante flamenco aut\u00e9ntico en Palma","datePublished":"2025-06-24T09:48:23+00:00","dateModified":"2026-06-02T07:49:09+00:00","mainEntityOfPage":{"@id":"https:\/\/tablaoflamencoalma.com\/la-voz-del-alma-desvelando-la-importancia-del-cante-en-el-flamenco-autentico-de-palma-de-mallorca\/"},"wordCount":2074,"commentCount":0,"publisher":{"@id":"https:\/\/tablaoflamencoalma.com\/#organization"},"image":{"@id":"https:\/\/tablaoflamencoalma.com\/la-voz-del-alma-desvelando-la-importancia-del-cante-en-el-flamenco-autentico-de-palma-de-mallorca\/#primaryimage"},"thumbnailUrl":"https:\/\/tablaoflamencoalma.com\/wp-content\/uploads\/2025\/06\/La-voz-del-alma-el-cante-flamenco-post.jpg","articleSection":["El Flamenco"],"inLanguage":"it-IT","potentialAction":[{"@type":"CommentAction","name":"Comment","target":["https:\/\/tablaoflamencoalma.com\/la-voz-del-alma-desvelando-la-importancia-del-cante-en-el-flamenco-autentico-de-palma-de-mallorca\/#respond"]}]},{"@type":"WebPage","@id":"https:\/\/tablaoflamencoalma.com\/la-voz-del-alma-desvelando-la-importancia-del-cante-en-el-flamenco-autentico-de-palma-de-mallorca\/","url":"https:\/\/tablaoflamencoalma.com\/la-voz-del-alma-desvelando-la-importancia-del-cante-en-el-flamenco-autentico-de-palma-de-mallorca\/","name":"La voce dell&#039;anima: autentico canto flamenco a Palma - Tablao Flamenco Alma","isPartOf":{"@id":"https:\/\/tablaoflamencoalma.com\/#website"},"primaryImageOfPage":{"@id":"https:\/\/tablaoflamencoalma.com\/la-voz-del-alma-desvelando-la-importancia-del-cante-en-el-flamenco-autentico-de-palma-de-mallorca\/#primaryimage"},"image":{"@id":"https:\/\/tablaoflamencoalma.com\/la-voz-del-alma-desvelando-la-importancia-del-cante-en-el-flamenco-autentico-de-palma-de-mallorca\/#primaryimage"},"thumbnailUrl":"https:\/\/tablaoflamencoalma.com\/wp-content\/uploads\/2025\/06\/La-voz-del-alma-el-cante-flamenco-post.jpg","datePublished":"2025-06-24T09:48:23+00:00","dateModified":"2026-06-02T07:49:09+00:00","description":"Il canto flamenco \u00e8 l&#039;anima del flamenco. Scoprite la sua potenza e la sua emozione in ogni spettacolo dal vivo al Tablao Flamenco Alma di Palma.","breadcrumb":{"@id":"https:\/\/tablaoflamencoalma.com\/la-voz-del-alma-desvelando-la-importancia-del-cante-en-el-flamenco-autentico-de-palma-de-mallorca\/#breadcrumb"},"inLanguage":"it-IT","potentialAction":[{"@type":"ReadAction","target":["https:\/\/tablaoflamencoalma.com\/la-voz-del-alma-desvelando-la-importancia-del-cante-en-el-flamenco-autentico-de-palma-de-mallorca\/"]}]},{"@type":"ImageObject","inLanguage":"it-IT","@id":"https:\/\/tablaoflamencoalma.com\/la-voz-del-alma-desvelando-la-importancia-del-cante-en-el-flamenco-autentico-de-palma-de-mallorca\/#primaryimage","url":"https:\/\/tablaoflamencoalma.com\/wp-content\/uploads\/2025\/06\/La-voz-del-alma-el-cante-flamenco-post.jpg","contentUrl":"https:\/\/tablaoflamencoalma.com\/wp-content\/uploads\/2025\/06\/La-voz-del-alma-el-cante-flamenco-post.jpg","width":2560,"height":1707,"caption":"La voz del alma el cante flamenco post"},{"@type":"BreadcrumbList","@id":"https:\/\/tablaoflamencoalma.com\/la-voz-del-alma-desvelando-la-importancia-del-cante-en-el-flamenco-autentico-de-palma-de-mallorca\/#breadcrumb","itemListElement":[{"@type":"ListItem","position":1,"name":"Portada","item":"https:\/\/tablaoflamencoalma.com\/"},{"@type":"ListItem","position":2,"name":"La voz del alma: el cante flamenco aut\u00e9ntico en Palma"}]},{"@type":"WebSite","@id":"https:\/\/tablaoflamencoalma.com\/#website","url":"https:\/\/tablaoflamencoalma.com\/","name":"Tablao Flamenco Alma","description":"Tablao Flamenco Alma","publisher":{"@id":"https:\/\/tablaoflamencoalma.com\/#organization"},"potentialAction":[{"@type":"SearchAction","target":{"@type":"EntryPoint","urlTemplate":"https:\/\/tablaoflamencoalma.com\/?s={search_term_string}"},"query-input":{"@type":"PropertyValueSpecification","valueRequired":true,"valueName":"search_term_string"}}],"inLanguage":"it-IT"},{"@type":"Organization","@id":"https:\/\/tablaoflamencoalma.com\/#organization","name":"Tablao Flamenco Alma","url":"https:\/\/tablaoflamencoalma.com\/","logo":{"@type":"ImageObject","inLanguage":"it-IT","@id":"https:\/\/tablaoflamencoalma.com\/#\/schema\/logo\/image\/","url":"https:\/\/tablaoflamencoalma.com\/wp-content\/uploads\/2024\/01\/cropped-tablao-flamenco-alma-01-04.png","contentUrl":"https:\/\/tablaoflamencoalma.com\/wp-content\/uploads\/2024\/01\/cropped-tablao-flamenco-alma-01-04.png","width":512,"height":512,"caption":"Tablao Flamenco Alma"},"image":{"@id":"https:\/\/tablaoflamencoalma.com\/#\/schema\/logo\/image\/"},"sameAs":["https:\/\/www.facebook.com\/tablaoflamencoalma","https:\/\/www.instagram.com\/tablaoflamencoalma"]},{"@type":"Person","@id":"https:\/\/tablaoflamencoalma.com\/#\/schema\/person\/9d0c2a9a099918689427e2a0b2dd0f5c","name":"Tablao Flamenco Alma","image":{"@type":"ImageObject","inLanguage":"it-IT","@id":"https:\/\/tablaoflamencoalma.com\/wp-content\/litespeed\/avatar\/797b83aa1ddf30f355ead08e864f8dad.jpg?ver=1788140548","url":"https:\/\/tablaoflamencoalma.com\/wp-content\/litespeed\/avatar\/797b83aa1ddf30f355ead08e864f8dad.jpg?ver=1788140548","contentUrl":"https:\/\/tablaoflamencoalma.com\/wp-content\/litespeed\/avatar\/797b83aa1ddf30f355ead08e864f8dad.jpg?ver=1788140548","caption":"Tablao Flamenco Alma"},"url":"https:\/\/tablaoflamencoalma.com\/it\/author\/flamencoalma\/"}]}},"_links":{"self":[{"href":"https:\/\/tablaoflamencoalma.com\/it\/wp-json\/wp\/v2\/posts\/5410","targetHints":{"allow":["GET"]}}],"collection":[{"href":"https:\/\/tablaoflamencoalma.com\/it\/wp-json\/wp\/v2\/posts"}],"about":[{"href":"https:\/\/tablaoflamencoalma.com\/it\/wp-json\/wp\/v2\/types\/post"}],"author":[{"embeddable":true,"href":"https:\/\/tablaoflamencoalma.com\/it\/wp-json\/wp\/v2\/users\/3"}],"replies":[{"embeddable":true,"href":"https:\/\/tablaoflamencoalma.com\/it\/wp-json\/wp\/v2\/comments?post=5410"}],"version-history":[{"count":3,"href":"https:\/\/tablaoflamencoalma.com\/it\/wp-json\/wp\/v2\/posts\/5410\/revisions"}],"predecessor-version":[{"id":7521,"href":"https:\/\/tablaoflamencoalma.com\/it\/wp-json\/wp\/v2\/posts\/5410\/revisions\/7521"}],"wp:featuredmedia":[{"embeddable":true,"href":"https:\/\/tablaoflamencoalma.com\/it\/wp-json\/wp\/v2\/media\/5411"}],"wp:attachment":[{"href":"https:\/\/tablaoflamencoalma.com\/it\/wp-json\/wp\/v2\/media?parent=5410"}],"wp:term":[{"taxonomy":"category","embeddable":true,"href":"https:\/\/tablaoflamencoalma.com\/it\/wp-json\/wp\/v2\/categories?post=5410"},{"taxonomy":"post_tag","embeddable":true,"href":"https:\/\/tablaoflamencoalma.com\/it\/wp-json\/wp\/v2\/tags?post=5410"}],"curies":[{"name":"wp","href":"https:\/\/api.w.org\/{rel}","templated":true}]}}