{"id":4411,"date":"2024-08-12T17:45:44","date_gmt":"2024-08-12T16:45:44","guid":{"rendered":"https:\/\/tablaoflamencoalma.com\/?p=4411"},"modified":"2026-06-02T09:02:41","modified_gmt":"2026-06-02T08:02:41","slug":"paco-de-lucia-el-genio-de-la-guitarra-flamenca","status":"publish","type":"post","link":"https:\/\/tablaoflamencoalma.com\/it\/paco-de-lucia-el-genio-de-la-guitarra-flamenca\/","title":{"rendered":"Paco de Luc\u00eda: L&#039;eterno genio della chitarra flamenca"},"content":{"rendered":"<div data-elementor-type=\"wp-post\" data-elementor-id=\"4411\" class=\"elementor elementor-4411\" data-elementor-post-type=\"post\">\n\t\t\t\t<div class=\"elementor-element elementor-element-d74d33e e-flex e-con-boxed e-con e-parent\" data-id=\"d74d33e\" data-element_type=\"container\" data-e-type=\"container\">\n\t\t\t\t\t<div class=\"e-con-inner\">\n\t\t<div class=\"elementor-element elementor-element-06e17bb e-con-full e-flex e-con e-child\" data-id=\"06e17bb\" data-element_type=\"container\" data-e-type=\"container\">\n\t\t\t\t<div class=\"elementor-element elementor-element-21d293e elementor-widget elementor-widget-text-editor\" data-id=\"21d293e\" data-element_type=\"widget\" data-e-type=\"widget\" data-widget_type=\"text-editor.default\">\n\t\t\t\t<div class=\"elementor-widget-container\">\n\t\t\t\t\t\t\t\t\t<p>Paco de Luc\u00eda, Francisco S\u00e1nchez G\u00f3mez (1947-2014), \u00e8 ampiamente riconosciuto come uno dei <strong><a href=\"https:\/\/tablaoflamencoalma.com\/it\/\">chitarristi di flamenco<\/a><\/strong> Il pi\u00f9 influente di tutti i tempi e una figura centrale nell&#039;evoluzione del flamenco moderno.<\/p>\t\t\t\t\t\t\t\t<\/div>\n\t\t\t\t<\/div>\n\t\t\t\t<\/div>\n\t\t\t\t\t<\/div>\n\t\t\t\t<\/div>\n\t\t<div class=\"elementor-element elementor-element-132125d e-flex e-con-boxed e-con e-parent\" data-id=\"132125d\" data-element_type=\"container\" data-e-type=\"container\">\n\t\t\t\t\t<div class=\"e-con-inner\">\n\t\t<div class=\"elementor-element elementor-element-954244e e-con-full e-flex e-con e-child\" data-id=\"954244e\" data-element_type=\"container\" data-e-type=\"container\">\n\t\t\t\t<div class=\"elementor-element elementor-element-72c8ae0 elementor-widget elementor-widget-heading\" data-id=\"72c8ae0\" data-element_type=\"widget\" data-e-type=\"widget\" data-widget_type=\"heading.default\">\n\t\t\t\t<div class=\"elementor-widget-container\">\n\t\t\t\t\t<h2 class=\"elementor-heading-title elementor-size-default\">Biografia:<\/h2>\t\t\t\t<\/div>\n\t\t\t\t<\/div>\n\t\t\t\t<div class=\"elementor-element elementor-element-2e27978 elementor-widget elementor-widget-text-editor\" data-id=\"2e27978\" data-element_type=\"widget\" data-e-type=\"widget\" data-widget_type=\"text-editor.default\">\n\t\t\t\t<div class=\"elementor-widget-container\">\n\t\t\t\t\t\t\t\t\t<p><strong>Infanzia e giovinezza:<\/strong>\u00a0Paco de Luc\u00eda \u00e8 cresciuto in una famiglia di musicisti. Suo padre, Antonio S\u00e1nchez, e suo fratello maggiore, Ram\u00f3n de Algeciras, entrambi chitarristi, furono i suoi primi insegnanti. Inizi\u00f2 a suonare la chitarra in tenera et\u00e0 e dimostr\u00f2 ben presto un talento eccezionale.<\/p>\n<p>\u00a0<\/p>\n<p><strong>Inizio carriera:<\/strong>\u00a0All&#039;et\u00e0 di 12 anni, Paco vinse il suo primo premio in una gara di flamenco e, poco dopo, inizi\u00f2 a esibirsi in importanti locali.\u00a0<strong><a href=\"https:\/\/tablaoflamencoalma.com\/it\/una-notte-magica-a-palma-flamenco-al-tablao-flamenco-alma-cena-e-passeggiata\/\">spettacoli di flamenco<\/a><\/strong>. Nel 1961, a soli 14 anni, intraprese la sua prima tourn\u00e9e internazionale con la compagnia di Jos\u00e9 Greco, ballerino e coreografo di flamenco.<\/p>\n<p>\u00a0<\/p>\n<p><strong>Collaborazioni e ringraziamenti:<\/strong>\u00a0Durante gli anni &#039;60 e &#039;70, Paco de Luc\u00eda inizi\u00f2 a collaborare con alcuni dei\u00a0<strong>artisti di flamenco di spicco<\/strong>, dove la cantante di flamenco si distingue\u00a0<strong>Gamberetti dell&#039;isola<\/strong>. Insieme, hanno realizzato una serie di album che hanno rivoluzionato il flamenco, distinguendosi per freschezza e creativit\u00e0.<\/p>\n<p>\u00a0<\/p>\n<p><strong>Esplorazione musicale:<\/strong>\u00a0Negli anni &#039;70 e &#039;80, Paco de Luc\u00eda inizi\u00f2 a incorporare elementi di jazz e di altri stili musicali nel suo flamenco, un fatto considerato rivoluzionario all&#039;epoca. Il suo album &quot;Almoraima&quot; (1976) \u00e8 un esempio di questa fusione, che include influenze dalla musica araba e classica.<\/p>\n<p>\u00a0<\/p>\n<p><strong>Successo internazionale:<\/strong>\u00a0Paco de Luc\u00eda ha raggiunto la fama internazionale. Ha collaborato con musicisti di fama mondiale come Al Di Meola e John McLaughlin, con i quali ha formato il celebre trio di chitarre.<\/p>\n<p>\u00a0<\/p>\n<p><strong>Anni recenti:<\/strong>\u00a0Fino alla sua morte, Paco de Luc\u00eda ha continuato a esibirsi e a comporre, consolidando il suo status di leggenda vivente del flamenco. Il suo lavoro \u00e8 stato riconosciuto con numerosi premi, tra cui il Premio Principe delle Asturie per le Arti nel 2004.<\/p>\t\t\t\t\t\t\t\t<\/div>\n\t\t\t\t<\/div>\n\t\t\t\t<\/div>\n\t\t<div class=\"elementor-element elementor-element-bc29ab0 e-con-full e-flex e-con e-child\" data-id=\"bc29ab0\" data-element_type=\"container\" data-e-type=\"container\">\n\t\t\t\t<div class=\"elementor-element elementor-element-e9cbbb5 elementor-widget elementor-widget-heading\" data-id=\"e9cbbb5\" data-element_type=\"widget\" data-e-type=\"widget\" data-widget_type=\"heading.default\">\n\t\t\t\t<div class=\"elementor-widget-container\">\n\t\t\t\t\t<h2 class=\"elementor-heading-title elementor-size-default\">Analisi dell&#039;influenza di Paco de Luc\u00eda sul flamenco:<\/h2>\t\t\t\t<\/div>\n\t\t\t\t<\/div>\n\t\t\t\t<div class=\"elementor-element elementor-element-10d6368 elementor-widget elementor-widget-text-editor\" data-id=\"10d6368\" data-element_type=\"widget\" data-e-type=\"widget\" data-widget_type=\"text-editor.default\">\n\t\t\t\t<div class=\"elementor-widget-container\">\n\t\t\t\t\t\t\t\t\t<p><strong>Rivoluzione del tocco:<\/strong>&nbsp;Paco de Luc\u00eda ha trasformato il ruolo di&nbsp;<strong>la chitarra nel flamenco<\/strong>. Tradizionalmente, la chitarra era considerata principalmente un accompagnamento per il canto e la danza. Tuttavia, Paco de Luc\u00eda la elev\u00f2 a un livello di importanza senza precedenti, esplorandone le possibilit\u00e0 tecniche ed espressive. La sua tecnica era innovativa, incorporando rapidi pattern staccati, complesse pennate e l&#039;uso del pollice in un modo che pochi avevano raggiunto prima.<\/p>\n<p><br><\/p>\n<p><strong>Innovazione e fusione:<\/strong>&nbsp;Paco de Luc\u00eda \u00e8 noto per aver ampliato i confini del flamenco incorporando influenze provenienti da altri generi musicali, in particolare jazz, musica classica e musica brasiliana. Questa fusione ha contribuito a far conoscere il flamenco a un pubblico pi\u00f9 vasto e ha aperto nuove strade per i chitarristi flamenci che lo hanno seguito.<\/p>\n<p>A lui si deve anche l&#039;introduzione del caj\u00f3n peruviano come strumento a percussione pi\u00f9 caratteristico del flamenco.<\/p>\n<p><br><\/p>\n<p><strong>Eredit\u00e0:<\/strong>&nbsp;L&#039;eredit\u00e0 di Paco de Luc\u00eda \u00e8 immensa. Ha ispirato un&#039;intera generazione di&nbsp;<strong>chitarristi di flamenco<\/strong>&nbsp;La sua influenza \u00e8 riscontrabile in molti dei pi\u00f9 importanti chitarristi di flamenco contemporanei. Il suo stile e la sua tecnica continuano a essere studiati e imitati in tutto il mondo. Inoltre, ha contribuito a far s\u00ec che il flamenco ottenesse riconoscimento come forma d&#039;arte globale, preservandone l&#039;essenza e al contempo facendola evolvere.<\/p><p><br><\/p>\n<p>In sintesi, Paco de Luc\u00eda non fu solo un virtuoso della chitarra, ma anche un innovatore che cambi\u00f2 per sempre la storia del flamenco. La sua eredit\u00e0 vive ancora e la sua influenza \u00e8 evidente nella musica flamenco contemporanea.<\/p>\t\t\t\t\t\t\t\t<\/div>\n\t\t\t\t<\/div>\n\t\t\t\t<\/div>\n\t\t\t\t\t<\/div>\n\t\t\t\t<\/div>\n\t\t\t\t<\/div>","protected":false},"excerpt":{"rendered":"<p>Paco de Luc\u00eda, Francisco S\u00e1nchez G\u00f3mez (1947-2014), es ampliamente reconocido como uno de los guitarristas flamencos m\u00e1s influyentes de todos los tiempos y una figura central en la evoluci\u00f3n del flamenco moderno. Biograf\u00eda: Infancia y Juventud:\u00a0Paco de Luc\u00eda creci\u00f3 en una familia de m\u00fasicos. Su padre, Antonio S\u00e1nchez, y su hermano mayor, Ram\u00f3n de Algeciras, [&hellip;]<\/p>\n","protected":false},"author":3,"featured_media":4413,"comment_status":"open","ping_status":"open","sticky":false,"template":"","format":"standard","meta":{"site-sidebar-layout":"default","site-content-layout":"","ast-site-content-layout":"default","site-content-style":"default","site-sidebar-style":"default","ast-global-header-display":"","ast-banner-title-visibility":"","ast-main-header-display":"","ast-hfb-above-header-display":"","ast-hfb-below-header-display":"","ast-hfb-mobile-header-display":"","site-post-title":"","ast-breadcrumbs-content":"","ast-featured-img":"","footer-sml-layout":"","theme-transparent-header-meta":"","adv-header-id-meta":"","stick-header-meta":"","header-above-stick-meta":"","header-main-stick-meta":"","header-below-stick-meta":"","astra-migrate-meta-layouts":"set","ast-page-background-enabled":"default","ast-page-background-meta":{"desktop":{"background-color":"var(--ast-global-color-4)","background-image":"","background-repeat":"repeat","background-position":"center center","background-size":"auto","background-attachment":"scroll","background-type":"","background-media":"","overlay-type":"","overlay-color":"","overlay-opacity":"","overlay-gradient":""},"tablet":{"background-color":"","background-image":"","background-repeat":"repeat","background-position":"center center","background-size":"auto","background-attachment":"scroll","background-type":"","background-media":"","overlay-type":"","overlay-color":"","overlay-opacity":"","overlay-gradient":""},"mobile":{"background-color":"","background-image":"","background-repeat":"repeat","background-position":"center center","background-size":"auto","background-attachment":"scroll","background-type":"","background-media":"","overlay-type":"","overlay-color":"","overlay-opacity":"","overlay-gradient":""}},"ast-content-background-meta":{"desktop":{"background-color":"var(--ast-global-color-5)","background-image":"","background-repeat":"repeat","background-position":"center center","background-size":"auto","background-attachment":"scroll","background-type":"","background-media":"","overlay-type":"","overlay-color":"","overlay-opacity":"","overlay-gradient":""},"tablet":{"background-color":"var(--ast-global-color-5)","background-image":"","background-repeat":"repeat","background-position":"center center","background-size":"auto","background-attachment":"scroll","background-type":"","background-media":"","overlay-type":"","overlay-color":"","overlay-opacity":"","overlay-gradient":""},"mobile":{"background-color":"var(--ast-global-color-5)","background-image":"","background-repeat":"repeat","background-position":"center center","background-size":"auto","background-attachment":"scroll","background-type":"","background-media":"","overlay-type":"","overlay-color":"","overlay-opacity":"","overlay-gradient":""}},"footnotes":""},"categories":[9],"tags":[],"class_list":["post-4411","post","type-post","status-publish","format-standard","has-post-thumbnail","hentry","category-artistas"],"yoast_head":"<!-- This site is optimized with the Yoast SEO plugin v28.4 - https:\/\/yoast.com\/product\/yoast-seo-wordpress\/ -->\n<title>Paco de Luc\u00eda: El genio eterno de la guitarra flamenca - Tablao Flamenco Alma<\/title>\n<meta name=\"description\" content=\"Conoce la historia de Paco de Luc\u00eda, una figura clave del flamenco moderno y uno de los guitarristas m\u00e1s influyentes de la historia.\" \/>\n<meta name=\"robots\" content=\"index, follow, max-snippet:-1, max-image-preview:large, max-video-preview:-1\" \/>\n<link rel=\"canonical\" href=\"https:\/\/tablaoflamencoalma.com\/it\/paco-de-lucia-el-genio-de-la-guitarra-flamenca\/\" \/>\n<meta property=\"og:locale\" content=\"it_IT\" \/>\n<meta property=\"og:type\" content=\"article\" \/>\n<meta property=\"og:title\" content=\"Paco de Luc\u00eda: El genio eterno de la guitarra flamenca - Tablao Flamenco Alma\" \/>\n<meta property=\"og:description\" content=\"Conoce la historia de Paco de Luc\u00eda, una figura clave del flamenco moderno y uno de los guitarristas m\u00e1s influyentes de la historia.\" \/>\n<meta property=\"og:url\" content=\"https:\/\/tablaoflamencoalma.com\/it\/paco-de-lucia-el-genio-de-la-guitarra-flamenca\/\" \/>\n<meta property=\"og:site_name\" content=\"Tablao Flamenco Alma\" \/>\n<meta property=\"article:publisher\" content=\"https:\/\/www.facebook.com\/tablaoflamencoalma\" \/>\n<meta property=\"article:published_time\" content=\"2024-08-12T16:45:44+00:00\" \/>\n<meta property=\"article:modified_time\" content=\"2026-06-02T08:02:41+00:00\" \/>\n<meta property=\"og:image\" content=\"https:\/\/tablaoflamencoalma.com\/wp-content\/uploads\/2024\/08\/Paco-de-Lucia-Tablao-Alma.png\" \/>\n\t<meta property=\"og:image:width\" content=\"1080\" \/>\n\t<meta property=\"og:image:height\" content=\"800\" \/>\n\t<meta property=\"og:image:type\" content=\"image\/png\" \/>\n<meta name=\"author\" content=\"Tablao Flamenco Alma\" \/>\n<meta name=\"twitter:card\" content=\"summary_large_image\" \/>\n<meta name=\"twitter:label1\" content=\"Scritto da\" \/>\n\t<meta name=\"twitter:data1\" content=\"Tablao Flamenco Alma\" \/>\n\t<meta name=\"twitter:label2\" content=\"Tempo di lettura stimato\" \/>\n\t<meta name=\"twitter:data2\" content=\"3 minuti\" \/>\n<script type=\"application\/ld+json\" class=\"yoast-schema-graph\">{\"@context\":\"https:\\\/\\\/schema.org\",\"@graph\":[{\"@type\":\"Article\",\"@id\":\"https:\\\/\\\/tablaoflamencoalma.com\\\/paco-de-lucia-el-genio-de-la-guitarra-flamenca\\\/#article\",\"isPartOf\":{\"@id\":\"https:\\\/\\\/tablaoflamencoalma.com\\\/paco-de-lucia-el-genio-de-la-guitarra-flamenca\\\/\"},\"author\":{\"name\":\"Tablao Flamenco Alma\",\"@id\":\"https:\\\/\\\/tablaoflamencoalma.com\\\/#\\\/schema\\\/person\\\/9d0c2a9a099918689427e2a0b2dd0f5c\"},\"headline\":\"Paco de Luc\u00eda: El genio eterno de la guitarra flamenca\",\"datePublished\":\"2024-08-12T16:45:44+00:00\",\"dateModified\":\"2026-06-02T08:02:41+00:00\",\"mainEntityOfPage\":{\"@id\":\"https:\\\/\\\/tablaoflamencoalma.com\\\/paco-de-lucia-el-genio-de-la-guitarra-flamenca\\\/\"},\"wordCount\":641,\"commentCount\":0,\"publisher\":{\"@id\":\"https:\\\/\\\/tablaoflamencoalma.com\\\/#organization\"},\"image\":{\"@id\":\"https:\\\/\\\/tablaoflamencoalma.com\\\/paco-de-lucia-el-genio-de-la-guitarra-flamenca\\\/#primaryimage\"},\"thumbnailUrl\":\"https:\\\/\\\/tablaoflamencoalma.com\\\/wp-content\\\/uploads\\\/2024\\\/08\\\/Paco-de-Lucia-Tablao-Alma.png\",\"articleSection\":[\"Artistas\"],\"inLanguage\":\"it-IT\",\"potentialAction\":[{\"@type\":\"CommentAction\",\"name\":\"Comment\",\"target\":[\"https:\\\/\\\/tablaoflamencoalma.com\\\/paco-de-lucia-el-genio-de-la-guitarra-flamenca\\\/#respond\"]}]},{\"@type\":\"WebPage\",\"@id\":\"https:\\\/\\\/tablaoflamencoalma.com\\\/paco-de-lucia-el-genio-de-la-guitarra-flamenca\\\/\",\"url\":\"https:\\\/\\\/tablaoflamencoalma.com\\\/paco-de-lucia-el-genio-de-la-guitarra-flamenca\\\/\",\"name\":\"Paco de Luc\u00eda: El genio eterno de la guitarra flamenca - Tablao Flamenco Alma\",\"isPartOf\":{\"@id\":\"https:\\\/\\\/tablaoflamencoalma.com\\\/#website\"},\"primaryImageOfPage\":{\"@id\":\"https:\\\/\\\/tablaoflamencoalma.com\\\/paco-de-lucia-el-genio-de-la-guitarra-flamenca\\\/#primaryimage\"},\"image\":{\"@id\":\"https:\\\/\\\/tablaoflamencoalma.com\\\/paco-de-lucia-el-genio-de-la-guitarra-flamenca\\\/#primaryimage\"},\"thumbnailUrl\":\"https:\\\/\\\/tablaoflamencoalma.com\\\/wp-content\\\/uploads\\\/2024\\\/08\\\/Paco-de-Lucia-Tablao-Alma.png\",\"datePublished\":\"2024-08-12T16:45:44+00:00\",\"dateModified\":\"2026-06-02T08:02:41+00:00\",\"description\":\"Conoce la historia de Paco de Luc\u00eda, una figura clave del flamenco moderno y uno de los guitarristas m\u00e1s influyentes de la historia.\",\"breadcrumb\":{\"@id\":\"https:\\\/\\\/tablaoflamencoalma.com\\\/paco-de-lucia-el-genio-de-la-guitarra-flamenca\\\/#breadcrumb\"},\"inLanguage\":\"it-IT\",\"potentialAction\":[{\"@type\":\"ReadAction\",\"target\":[\"https:\\\/\\\/tablaoflamencoalma.com\\\/paco-de-lucia-el-genio-de-la-guitarra-flamenca\\\/\"]}]},{\"@type\":\"ImageObject\",\"inLanguage\":\"it-IT\",\"@id\":\"https:\\\/\\\/tablaoflamencoalma.com\\\/paco-de-lucia-el-genio-de-la-guitarra-flamenca\\\/#primaryimage\",\"url\":\"https:\\\/\\\/tablaoflamencoalma.com\\\/wp-content\\\/uploads\\\/2024\\\/08\\\/Paco-de-Lucia-Tablao-Alma.png\",\"contentUrl\":\"https:\\\/\\\/tablaoflamencoalma.com\\\/wp-content\\\/uploads\\\/2024\\\/08\\\/Paco-de-Lucia-Tablao-Alma.png\",\"width\":1080,\"height\":800,\"caption\":\"Paco de Lucia Tablao Alma\"},{\"@type\":\"BreadcrumbList\",\"@id\":\"https:\\\/\\\/tablaoflamencoalma.com\\\/paco-de-lucia-el-genio-de-la-guitarra-flamenca\\\/#breadcrumb\",\"itemListElement\":[{\"@type\":\"ListItem\",\"position\":1,\"name\":\"Portada\",\"item\":\"https:\\\/\\\/tablaoflamencoalma.com\\\/\"},{\"@type\":\"ListItem\",\"position\":2,\"name\":\"Paco de Luc\u00eda: El genio eterno de la guitarra flamenca\"}]},{\"@type\":\"WebSite\",\"@id\":\"https:\\\/\\\/tablaoflamencoalma.com\\\/#website\",\"url\":\"https:\\\/\\\/tablaoflamencoalma.com\\\/\",\"name\":\"Tablao Flamenco Alma\",\"description\":\"Tablao Flamenco Alma\",\"publisher\":{\"@id\":\"https:\\\/\\\/tablaoflamencoalma.com\\\/#organization\"},\"potentialAction\":[{\"@type\":\"SearchAction\",\"target\":{\"@type\":\"EntryPoint\",\"urlTemplate\":\"https:\\\/\\\/tablaoflamencoalma.com\\\/?s={search_term_string}\"},\"query-input\":{\"@type\":\"PropertyValueSpecification\",\"valueRequired\":true,\"valueName\":\"search_term_string\"}}],\"inLanguage\":\"it-IT\"},{\"@type\":\"Organization\",\"@id\":\"https:\\\/\\\/tablaoflamencoalma.com\\\/#organization\",\"name\":\"Tablao Flamenco Alma\",\"url\":\"https:\\\/\\\/tablaoflamencoalma.com\\\/\",\"logo\":{\"@type\":\"ImageObject\",\"inLanguage\":\"it-IT\",\"@id\":\"https:\\\/\\\/tablaoflamencoalma.com\\\/#\\\/schema\\\/logo\\\/image\\\/\",\"url\":\"https:\\\/\\\/tablaoflamencoalma.com\\\/wp-content\\\/uploads\\\/2024\\\/01\\\/cropped-tablao-flamenco-alma-01-04.png\",\"contentUrl\":\"https:\\\/\\\/tablaoflamencoalma.com\\\/wp-content\\\/uploads\\\/2024\\\/01\\\/cropped-tablao-flamenco-alma-01-04.png\",\"width\":512,\"height\":512,\"caption\":\"Tablao Flamenco Alma\"},\"image\":{\"@id\":\"https:\\\/\\\/tablaoflamencoalma.com\\\/#\\\/schema\\\/logo\\\/image\\\/\"},\"sameAs\":[\"https:\\\/\\\/www.facebook.com\\\/tablaoflamencoalma\",\"https:\\\/\\\/www.instagram.com\\\/tablaoflamencoalma\"]},{\"@type\":\"Person\",\"@id\":\"https:\\\/\\\/tablaoflamencoalma.com\\\/#\\\/schema\\\/person\\\/9d0c2a9a099918689427e2a0b2dd0f5c\",\"name\":\"Tablao Flamenco Alma\",\"image\":{\"@type\":\"ImageObject\",\"inLanguage\":\"it-IT\",\"@id\":\"https:\\\/\\\/tablaoflamencoalma.com\\\/wp-content\\\/litespeed\\\/avatar\\\/797b83aa1ddf30f355ead08e864f8dad.jpg?ver=1788140548\",\"url\":\"https:\\\/\\\/tablaoflamencoalma.com\\\/wp-content\\\/litespeed\\\/avatar\\\/797b83aa1ddf30f355ead08e864f8dad.jpg?ver=1788140548\",\"contentUrl\":\"https:\\\/\\\/tablaoflamencoalma.com\\\/wp-content\\\/litespeed\\\/avatar\\\/797b83aa1ddf30f355ead08e864f8dad.jpg?ver=1788140548\",\"caption\":\"Tablao Flamenco Alma\"},\"url\":\"https:\\\/\\\/tablaoflamencoalma.com\\\/it\\\/author\\\/flamencoalma\\\/\"}]}<\/script>\n<!-- \/ Yoast SEO plugin. -->","yoast_head_json":{"title":"Paco de Luc\u00eda: L&#039;eterno genio della chitarra flamenca - Tablao Flamenco Alma","description":"Scopri la storia di Paco de Luc\u00eda, figura chiave del flamenco moderno e uno dei chitarristi pi\u00f9 influenti della storia.","robots":{"index":"index","follow":"follow","max-snippet":"max-snippet:-1","max-image-preview":"max-image-preview:large","max-video-preview":"max-video-preview:-1"},"canonical":"https:\/\/tablaoflamencoalma.com\/it\/paco-de-lucia-el-genio-de-la-guitarra-flamenca\/","og_locale":"it_IT","og_type":"article","og_title":"Paco de Luc\u00eda: El genio eterno de la guitarra flamenca - Tablao Flamenco Alma","og_description":"Conoce la historia de Paco de Luc\u00eda, una figura clave del flamenco moderno y uno de los guitarristas m\u00e1s influyentes de la historia.","og_url":"https:\/\/tablaoflamencoalma.com\/it\/paco-de-lucia-el-genio-de-la-guitarra-flamenca\/","og_site_name":"Tablao Flamenco Alma","article_publisher":"https:\/\/www.facebook.com\/tablaoflamencoalma","article_published_time":"2024-08-12T16:45:44+00:00","article_modified_time":"2026-06-02T08:02:41+00:00","og_image":[{"width":1080,"height":800,"url":"https:\/\/tablaoflamencoalma.com\/wp-content\/uploads\/2024\/08\/Paco-de-Lucia-Tablao-Alma.png","type":"image\/png"}],"author":"Tablao Flamenco Alma","twitter_card":"summary_large_image","twitter_misc":{"Scritto da":"Tablao Flamenco Alma","Tempo di lettura stimato":"3 minuti"},"schema":{"@context":"https:\/\/schema.org","@graph":[{"@type":"Article","@id":"https:\/\/tablaoflamencoalma.com\/paco-de-lucia-el-genio-de-la-guitarra-flamenca\/#article","isPartOf":{"@id":"https:\/\/tablaoflamencoalma.com\/paco-de-lucia-el-genio-de-la-guitarra-flamenca\/"},"author":{"name":"Tablao Flamenco Alma","@id":"https:\/\/tablaoflamencoalma.com\/#\/schema\/person\/9d0c2a9a099918689427e2a0b2dd0f5c"},"headline":"Paco de Luc\u00eda: El genio eterno de la guitarra flamenca","datePublished":"2024-08-12T16:45:44+00:00","dateModified":"2026-06-02T08:02:41+00:00","mainEntityOfPage":{"@id":"https:\/\/tablaoflamencoalma.com\/paco-de-lucia-el-genio-de-la-guitarra-flamenca\/"},"wordCount":641,"commentCount":0,"publisher":{"@id":"https:\/\/tablaoflamencoalma.com\/#organization"},"image":{"@id":"https:\/\/tablaoflamencoalma.com\/paco-de-lucia-el-genio-de-la-guitarra-flamenca\/#primaryimage"},"thumbnailUrl":"https:\/\/tablaoflamencoalma.com\/wp-content\/uploads\/2024\/08\/Paco-de-Lucia-Tablao-Alma.png","articleSection":["Artistas"],"inLanguage":"it-IT","potentialAction":[{"@type":"CommentAction","name":"Comment","target":["https:\/\/tablaoflamencoalma.com\/paco-de-lucia-el-genio-de-la-guitarra-flamenca\/#respond"]}]},{"@type":"WebPage","@id":"https:\/\/tablaoflamencoalma.com\/paco-de-lucia-el-genio-de-la-guitarra-flamenca\/","url":"https:\/\/tablaoflamencoalma.com\/paco-de-lucia-el-genio-de-la-guitarra-flamenca\/","name":"Paco de Luc\u00eda: L&#039;eterno genio della chitarra flamenca - Tablao Flamenco Alma","isPartOf":{"@id":"https:\/\/tablaoflamencoalma.com\/#website"},"primaryImageOfPage":{"@id":"https:\/\/tablaoflamencoalma.com\/paco-de-lucia-el-genio-de-la-guitarra-flamenca\/#primaryimage"},"image":{"@id":"https:\/\/tablaoflamencoalma.com\/paco-de-lucia-el-genio-de-la-guitarra-flamenca\/#primaryimage"},"thumbnailUrl":"https:\/\/tablaoflamencoalma.com\/wp-content\/uploads\/2024\/08\/Paco-de-Lucia-Tablao-Alma.png","datePublished":"2024-08-12T16:45:44+00:00","dateModified":"2026-06-02T08:02:41+00:00","description":"Scopri la storia di Paco de Luc\u00eda, figura chiave del flamenco moderno e uno dei chitarristi pi\u00f9 influenti della storia.","breadcrumb":{"@id":"https:\/\/tablaoflamencoalma.com\/paco-de-lucia-el-genio-de-la-guitarra-flamenca\/#breadcrumb"},"inLanguage":"it-IT","potentialAction":[{"@type":"ReadAction","target":["https:\/\/tablaoflamencoalma.com\/paco-de-lucia-el-genio-de-la-guitarra-flamenca\/"]}]},{"@type":"ImageObject","inLanguage":"it-IT","@id":"https:\/\/tablaoflamencoalma.com\/paco-de-lucia-el-genio-de-la-guitarra-flamenca\/#primaryimage","url":"https:\/\/tablaoflamencoalma.com\/wp-content\/uploads\/2024\/08\/Paco-de-Lucia-Tablao-Alma.png","contentUrl":"https:\/\/tablaoflamencoalma.com\/wp-content\/uploads\/2024\/08\/Paco-de-Lucia-Tablao-Alma.png","width":1080,"height":800,"caption":"Paco de Lucia Tablao Alma"},{"@type":"BreadcrumbList","@id":"https:\/\/tablaoflamencoalma.com\/paco-de-lucia-el-genio-de-la-guitarra-flamenca\/#breadcrumb","itemListElement":[{"@type":"ListItem","position":1,"name":"Portada","item":"https:\/\/tablaoflamencoalma.com\/"},{"@type":"ListItem","position":2,"name":"Paco de Luc\u00eda: El genio eterno de la guitarra flamenca"}]},{"@type":"WebSite","@id":"https:\/\/tablaoflamencoalma.com\/#website","url":"https:\/\/tablaoflamencoalma.com\/","name":"Tablao Flamenco Alma","description":"Tablao Flamenco Alma","publisher":{"@id":"https:\/\/tablaoflamencoalma.com\/#organization"},"potentialAction":[{"@type":"SearchAction","target":{"@type":"EntryPoint","urlTemplate":"https:\/\/tablaoflamencoalma.com\/?s={search_term_string}"},"query-input":{"@type":"PropertyValueSpecification","valueRequired":true,"valueName":"search_term_string"}}],"inLanguage":"it-IT"},{"@type":"Organization","@id":"https:\/\/tablaoflamencoalma.com\/#organization","name":"Tablao Flamenco Alma","url":"https:\/\/tablaoflamencoalma.com\/","logo":{"@type":"ImageObject","inLanguage":"it-IT","@id":"https:\/\/tablaoflamencoalma.com\/#\/schema\/logo\/image\/","url":"https:\/\/tablaoflamencoalma.com\/wp-content\/uploads\/2024\/01\/cropped-tablao-flamenco-alma-01-04.png","contentUrl":"https:\/\/tablaoflamencoalma.com\/wp-content\/uploads\/2024\/01\/cropped-tablao-flamenco-alma-01-04.png","width":512,"height":512,"caption":"Tablao Flamenco Alma"},"image":{"@id":"https:\/\/tablaoflamencoalma.com\/#\/schema\/logo\/image\/"},"sameAs":["https:\/\/www.facebook.com\/tablaoflamencoalma","https:\/\/www.instagram.com\/tablaoflamencoalma"]},{"@type":"Person","@id":"https:\/\/tablaoflamencoalma.com\/#\/schema\/person\/9d0c2a9a099918689427e2a0b2dd0f5c","name":"Tablao Flamenco Alma","image":{"@type":"ImageObject","inLanguage":"it-IT","@id":"https:\/\/tablaoflamencoalma.com\/wp-content\/litespeed\/avatar\/797b83aa1ddf30f355ead08e864f8dad.jpg?ver=1788140548","url":"https:\/\/tablaoflamencoalma.com\/wp-content\/litespeed\/avatar\/797b83aa1ddf30f355ead08e864f8dad.jpg?ver=1788140548","contentUrl":"https:\/\/tablaoflamencoalma.com\/wp-content\/litespeed\/avatar\/797b83aa1ddf30f355ead08e864f8dad.jpg?ver=1788140548","caption":"Tablao Flamenco Alma"},"url":"https:\/\/tablaoflamencoalma.com\/it\/author\/flamencoalma\/"}]}},"_links":{"self":[{"href":"https:\/\/tablaoflamencoalma.com\/it\/wp-json\/wp\/v2\/posts\/4411","targetHints":{"allow":["GET"]}}],"collection":[{"href":"https:\/\/tablaoflamencoalma.com\/it\/wp-json\/wp\/v2\/posts"}],"about":[{"href":"https:\/\/tablaoflamencoalma.com\/it\/wp-json\/wp\/v2\/types\/post"}],"author":[{"embeddable":true,"href":"https:\/\/tablaoflamencoalma.com\/it\/wp-json\/wp\/v2\/users\/3"}],"replies":[{"embeddable":true,"href":"https:\/\/tablaoflamencoalma.com\/it\/wp-json\/wp\/v2\/comments?post=4411"}],"version-history":[{"count":12,"href":"https:\/\/tablaoflamencoalma.com\/it\/wp-json\/wp\/v2\/posts\/4411\/revisions"}],"predecessor-version":[{"id":7512,"href":"https:\/\/tablaoflamencoalma.com\/it\/wp-json\/wp\/v2\/posts\/4411\/revisions\/7512"}],"wp:featuredmedia":[{"embeddable":true,"href":"https:\/\/tablaoflamencoalma.com\/it\/wp-json\/wp\/v2\/media\/4413"}],"wp:attachment":[{"href":"https:\/\/tablaoflamencoalma.com\/it\/wp-json\/wp\/v2\/media?parent=4411"}],"wp:term":[{"taxonomy":"category","embeddable":true,"href":"https:\/\/tablaoflamencoalma.com\/it\/wp-json\/wp\/v2\/categories?post=4411"},{"taxonomy":"post_tag","embeddable":true,"href":"https:\/\/tablaoflamencoalma.com\/it\/wp-json\/wp\/v2\/tags?post=4411"}],"curies":[{"name":"wp","href":"https:\/\/api.w.org\/{rel}","templated":true}]}}