{"id":8029,"date":"2026-07-02T22:48:48","date_gmt":"2026-07-02T21:48:48","guid":{"rendered":"https:\/\/tablaoflamencoalma.com\/?p=8029"},"modified":"2026-07-03T12:47:11","modified_gmt":"2026-07-03T11:47:11","slug":"que-ver-en-palma-en-un-dia-tablao-flamenco-alma","status":"publish","type":"post","link":"https:\/\/tablaoflamencoalma.com\/fr\/que-ver-en-palma-en-un-dia-tablao-flamenco-alma\/","title":{"rendered":"Un voyage dans le temps : d\u00e9couvrez la vieille ville de Palma et la magie du Tablao Flamenco Alma"},"content":{"rendered":"<p class=\"wp-block-paragraph\">Pouvez-vous imaginer vous promener dans des rues pav\u00e9es charg\u00e9es de plusieurs si\u00e8cles d'histoire et, \u00e0 peine quelques heures plus tard, vibrer au rythme des talons et du charme de l'art dans sa forme la plus pure ? Palma de Majorque est une ville aux contrastes magiques. Sa lumi\u00e8re m\u00e9diterran\u00e9enne, son architecture imposante et son offre culturelle dynamique en font une destination unique au monde.<\/p>\n\n\n\n<p class=\"wp-block-paragraph\">Si vous pr\u00e9parez votre visite et que vous vous demandez <strong>Que voir \u00e0 Palma en une journ\u00e9e ?<\/strong>, nous avons la solution id\u00e9ale pour toi. Nous te proposons un voyage inoubliable dans le temps : une journ\u00e9e alliant une <strong>circuit dans la vieille ville de Palma<\/strong> avec la force andalouse de notre <a href=\"https:\/\/tablaoflamencoalma.com\/fr\/\">Tablao flamenco Alma<\/a>, la touche finale id\u00e9ale pour conclure une journ\u00e9e parfaite.<\/p>\n\n\n\n<div style=\"height:50px\" aria-hidden=\"true\" class=\"wp-block-spacer\"><\/div>\n\n\n\n<h2 class=\"wp-block-heading has-text-align-left\">Visite de la vieille ville de Palma : un parcours monumental pour la matin\u00e9e<\/h2>\n\n\n\n<p class=\"wp-block-paragraph\">Pour profiter au maximum de votre journ\u00e9e, nous vous recommandons de commencer t\u00f4t par le c\u0153ur historique de la ville. Le centre de Palma est un v\u00e9ritable labyrinthe de beaut\u00e9 o\u00f9 chaque recoin raconte une histoire. Ce <strong>circuit dans la vieille ville de Palma<\/strong> vous fera d\u00e9couvrir les principaux <strong>monuments de Palma de Majorque<\/strong>.<\/p>\n\n\n\n<h3 class=\"wp-block-heading\">La majest\u00e9 de la cath\u00e9drale gothique Sainte-Marie de Palma (La Seu)<\/h3>\n\n\n\n<p class=\"wp-block-paragraph\">Il n\u2019y a pas de meilleur endroit pour commencer que La Seu, la spectaculaire cath\u00e9drale gothique qui domine la baie. Construite au bord de la mer, sa c\u00e9l\u00e8bre rosace \u2014 surnomm\u00e9e \u201c l\u2019\u0153il du gothique \u201d \u2014 et son imposante nef centrale vous couperont le souffle. C\u2019est le symbole par excellence de l\u2019\u00eele et une \u00e9tape incontournable de tout <strong>programme culturel \u00e0 Palma<\/strong>.<\/p>\n\n\n\n<h3 class=\"wp-block-heading\">Le palais royal de l'Almudaina et le poids de l'histoire<\/h3>\n\n\n\n<p class=\"wp-block-paragraph\">Juste en face de la cath\u00e9drale se dresse le palais royal de l'Almudaina, une fortification d'origine romaine et musulmane que les rois chr\u00e9tiens ont transform\u00e9e en leur r\u00e9sidence majorquine. Ses cours, ses tapisseries et ses jardins vous transporteront imm\u00e9diatement \u00e0 l'\u00e9poque m\u00e9di\u00e9vale.<\/p>\n\n\n\n<h3 class=\"wp-block-heading\">Se promener dans les rues historiques et les cours int\u00e9rieures de Majorque<\/h3>\n\n\n\n<p class=\"wp-block-paragraph\">Apr\u00e8s avoir visit\u00e9 les grands monuments, le mieux est tout simplement de se laisser aller \u00e0 la fl\u00e2nerie. La vieille ville de Palma est c\u00e9l\u00e8bre pour ses majestueuses cours int\u00e9rieures (patios majorquins), que vous apercevrez \u00e0 travers ses portails en pierre. C'est une promenade paisible o\u00f9 la pr\u00e9cipitation n'a pas sa place.<\/p>\n\n\n\n<div style=\"height:50px\" aria-hidden=\"true\" class=\"wp-block-spacer\"><\/div>\n\n\n\n<h2 class=\"wp-block-heading has-text-align-left\">Que faire \u00e0 Palma : les exp\u00e9riences incontournables pour votre journ\u00e9e<\/h2>\n\n\n\n<p class=\"wp-block-paragraph\">Outre son centre historique et monumental, la ville offre une multitude d'activit\u00e9s pour agr\u00e9menter votre journ\u00e9e, id\u00e9ales aussi bien pour les habitants qui red\u00e9couvrent leur ville que pour les voyageurs internationaux et nationaux. Si vous cherchez des id\u00e9es sur <strong>Que faire \u00e0 Palma ?<\/strong>, voici cinq id\u00e9es g\u00e9niales :<\/p>\n\n\n\n<ol start=\"1\" class=\"wp-block-list\">\n<li><strong>Se reposer sur la Plaza Mayor :<\/strong> Faites une pause sur la place principale de Palma de Majorque, tout en regardant les passants d\u00e9filer et en vous d\u00e9tendant dans l'un de ses bars avec terrasse. Il ne vous faudra qu'une bonne boisson rafra\u00eechissante et un peu de calme pour profiter de l'agr\u00e9able climat majorquin dans un cadre enchanteur.<\/li>\n\n\n\n<li><strong>S'\u00e9merveiller devant l'aquarium de Palma :<\/strong> Embarquez pour un voyage \u00e0 travers tous les oc\u00e9ans du monde sans quitter Majorque. D\u00e9couvrez tous les secrets les mieux gard\u00e9s du milieu marin au cours de ce fantastique voyage dans les profondeurs de la mer. Vivez de nouvelles exp\u00e9riences et faites la connaissance des habitants de l'aquarium.<\/li>\n\n\n\n<li><strong>Visiter le ch\u00e2teau de Bellver :<\/strong> Le ch\u00e2teau de Bellver est un \u00e9difice circulaire unique datant du XIVe si\u00e8cle. Il se dresse sur un magnifique site au milieu de pin\u00e8des parfum\u00e9es et abrite un mus\u00e9e fascinant consacr\u00e9 \u00e0 l'histoire de Palma de Majorque. C'est l'un des ch\u00e2teaux m\u00e9di\u00e9vaux les mieux conserv\u00e9s que vous puissiez d\u00e9couvrir et, en r\u00e9alit\u00e9, le visiter revient \u00e0 remonter le temps, surtout lorsque vous vous promenez dans les cours et les clo\u00eetres et que vous laissez libre cours \u00e0 votre imagination. Bellver est particuli\u00e8rement appr\u00e9ci\u00e9 pour les magnifiques vues panoramiques qu\u2019il offre, depuis ses \u00e9tages sup\u00e9rieurs, sur la ville et le port.<\/li>\n\n\n\n<li><strong>Appr\u00e9cier l'art moderne :<\/strong> Es Baluard est le mus\u00e9e d'art moderne et contemporain de Palma de Majorque. Cet espace mus\u00e9al occupe un bastion du XVIe si\u00e8cle, mais les collections qu'il pr\u00e9sente sont modernes et mettent \u00e0 l'honneur des artistes des XXe et XXIe si\u00e8cles ayant un lien avec les \u00eeles Bal\u00e9ares. L'int\u00e9rieur est lui aussi moderne et lumineux, et s'est transform\u00e9 en un lieu id\u00e9al pour accueillir des expositions impressionnantes. Si vous \u00eates \u00e0 Palma de Majorque et que vous recherchez une exp\u00e9rience culturelle de haut niveau, c'est l'endroit \u00e0 ne pas manquer.<\/li>\n\n\n\n<li><strong>D\u00e9couvrir la ville \u00e0 v\u00e9lo :<\/strong> Le bus touristique de la ville propose des circuits complets, dynamiques et tr\u00e8s confortables pour d\u00e9couvrir la ville et tous ses charmes. C'est un excellent moyen de tout visiter et de s'impr\u00e9gner de sa beaut\u00e9 sans se fatiguer.<\/li>\n<\/ol>\n\n\n\n<p class=\"wp-block-paragraph\">D\u00e9couvrez d'autres activit\u00e9s \u00e0 faire \u00e0 <a href=\"https:\/\/www.kayak.es\/Palma-de-Mallorca.12458.guide\" target=\"_blank\" rel=\"noreferrer noopener\"><strong>Palma de Majorque<\/strong><\/a>.<\/p>\n\n\n\n<div style=\"height:48px\" aria-hidden=\"true\" class=\"wp-block-spacer\"><\/div>\n\n\n\n<h2 class=\"wp-block-heading has-text-align-left\">Le point d'orgue : l'\u00e9motion \u00e0 l'\u00e9tat pur au Tablao Flamenco Alma<\/h2>\n\n\n\n<p class=\"wp-block-paragraph\">Apr\u00e8s une journ\u00e9e riche en monuments, en balades et en brise marine, place \u00e0 la nuit. Et quoi de mieux pour terminer votre journ\u00e9e que de vous plonger dans la magie et la passion d\u2019un authentique <strong>spectacle de flamenco \u00e0 Palma<\/strong>.<\/p>\n\n\n\n<p class=\"wp-block-paragraph\">Dans le <a href=\"https:\/\/tablaoflamencoalma.com\/fr\/\"><strong>Tablao flamenco Alma<\/strong><\/a> Nous vous invitons \u00e0 vivre une exp\u00e9rience intime o\u00f9 la guitare, le chant et la danse ne font qu'un sur sc\u00e8ne. Que vous soyez un grand amateur d\u2019art andalou ou un d\u00e9butant curieux qui d\u00e9couvre le comp\u00e1s pour la premi\u00e8re fois, l\u2019ambiance de notre tablao est con\u00e7ue pour \u00e9mouvoir et envo\u00fbter tous les publics dans une atmosph\u00e8re chaleureuse. Notre spectacle allie de mani\u00e8re unique le <strong>flamenco et culture \u00e0 Palma<\/strong>.<\/p>\n\n\n\n<h3 class=\"wp-block-heading\">Pourquoi choisir notre spectacle de flamenco en direct ?<\/h3>\n\n\n\n<p class=\"wp-block-paragraph\">Nous souhaitons que vous profitiez pleinement de votre soir\u00e9e, en tout confort et sans aucun souci. C'est pourquoi nous vous avons concoct\u00e9 une exp\u00e9rience exceptionnelle, avec tous les services pratiques dont vous avez besoin :<\/p>\n\n\n\n<figure class=\"wp-block-table\"><table class=\"has-fixed-layout\"><tbody><tr><td><strong>Caract\u00e9ristiques du spectacle<\/strong><\/td><td><strong>D\u00e9tails du service<\/strong><\/td><\/tr><tr><td><strong>Dur\u00e9e du spectacle<\/strong><\/td><td>Une heure d'\u00e9motions pures, de force et d'art sur sc\u00e8ne.<\/td><\/tr><tr><td><strong>Horaires des s\u00e9ances<\/strong><\/td><td>Des spectacles tous les jours de la semaine, avec trois repr\u00e9sentations par jour : 17 h 30, 19 h 30 et 21 h 30. Choisis celle qui correspond le mieux \u00e0 ton programme de soir\u00e9e !<\/td><\/tr><tr><td><strong>Langues parl\u00e9es par l'h\u00f4te<\/strong><\/td><td>Notre \u00e9quipe vous accueillera avec chaleur et convivialit\u00e9 en espagnol, en anglais et en allemand.<\/td><\/tr><tr><td><strong>Boisson comprise<\/strong><\/td><td>Votre billet comprend une boisson au choix parmi la bi\u00e8re, le vin, les boissons non alcoolis\u00e9es, le cava ou la sangria, offerte gracieusement.<\/td><\/tr><tr><td><strong>Service de restauration<\/strong><\/td><td>Nous proposons un service de restauration soign\u00e9, avec les plats les plus embl\u00e9matiques de la gastronomie espagnole, de Majorque et des \u00eeles Bal\u00e9ares.<\/td><\/tr><tr><td><strong>Accessibilit\u00e9<\/strong><\/td><td>Nos locaux sont enti\u00e8rement accessibles en fauteuil roulant afin de garantir le confort de tous les participants.<\/td><\/tr><tr><td><strong>Flexibilit\u00e9 de r\u00e9servation<\/strong><\/td><td>Vous pouvez annuler gratuitement jusqu'\u00e0 24 heures avant le d\u00e9but de l'activit\u00e9 pour obtenir un remboursement int\u00e9gral.<\/td><\/tr><tr><td><strong>Pr\u00e9sentation et mot de bienvenue<\/strong><\/td><td>Nous vous accueillons \u00e0 bras ouverts ; l'accueil et l'acc\u00e8s \u00e0 la salle sont ouverts d\u00e8s une heure avant le d\u00e9but du spectacle.<\/td><\/tr><\/tbody><\/table><\/figure>\n\n\n\n<div style=\"height:50px\" aria-hidden=\"true\" class=\"wp-block-spacer\"><\/div>\n\n\n\n<h2 class=\"wp-block-heading has-text-align-left\">Conclusion : votre journ\u00e9e id\u00e9ale \u00e0 Palma vous attend<\/h2>\n\n\n\n<p class=\"wp-block-paragraph\">D\u00e9couvrez l'histoire et les monuments de l'\u00eele pendant la journ\u00e9e et laissez-vous emporter par l'\u00e9nergie vibrante de notre <strong>spectacle de flamenco en direct<\/strong> \u00c0 la tomb\u00e9e de la nuit, c'est sans aucun doute la meilleure fa\u00e7on de d\u00e9couvrir Palma de Majorque de mani\u00e8re authentique.<\/p>\n\n\n\n<p class=\"wp-block-paragraph\">N'attendez pas qu'on vous en parle. Organisez votre journ\u00e9e, plongez dans l'histoire et r\u00e9servez votre table pour vivre une soir\u00e9e inoubliable plac\u00e9e sous le signe de la musique, de la gastronomie et de la passion.<\/p>\n\n\n\n<p class=\"wp-block-paragraph\"><a href=\"https:\/\/tablaoflamencoalma.com\/fr\/une-nuit-magique-a-palma-flamenco-au-tablao-flamenco-alma-diner-et-promenade\/\">Consultez la programmation et r\u00e9servez vos billets au Tablao Flamenco Alma<\/a> et pr\u00e9pare-toi \u00e0 ressentir la magie de notre sc\u00e8ne. Nous t'attendons \u00e0 bras ouverts, avec l'art au bout des doigts !<\/p>","protected":false},"excerpt":{"rendered":"<p>\u00bfTe imaginas caminar por calles empedradas con siglos de historia y, apenas unas horas despu\u00e9s, vibrar con el taconeo y el duende del arte m\u00e1s puro? Palma de Mallorca es una ciudad de contrastes m\u00e1gicos. Su luz mediterr\u00e1nea, su imponente arquitectura y su vibrante oferta cultural la convierten en un destino \u00fanico en el mundo. [&hellip;]<\/p>\n","protected":false},"author":3,"featured_media":8030,"comment_status":"open","ping_status":"open","sticky":false,"template":"","format":"standard","meta":{"site-sidebar-layout":"default","site-content-layout":"","ast-site-content-layout":"default","site-content-style":"default","site-sidebar-style":"default","ast-global-header-display":"","ast-banner-title-visibility":"","ast-main-header-display":"","ast-hfb-above-header-display":"","ast-hfb-below-header-display":"","ast-hfb-mobile-header-display":"","site-post-title":"","ast-breadcrumbs-content":"","ast-featured-img":"","footer-sml-layout":"","theme-transparent-header-meta":"","adv-header-id-meta":"","stick-header-meta":"","header-above-stick-meta":"","header-main-stick-meta":"","header-below-stick-meta":"","astra-migrate-meta-layouts":"set","ast-page-background-enabled":"default","ast-page-background-meta":{"desktop":{"background-color":"var(--ast-global-color-4)","background-image":"","background-repeat":"repeat","background-position":"center center","background-size":"auto","background-attachment":"scroll","background-type":"","background-media":"","overlay-type":"","overlay-color":"","overlay-opacity":"","overlay-gradient":""},"tablet":{"background-color":"","background-image":"","background-repeat":"repeat","background-position":"center center","background-size":"auto","background-attachment":"scroll","background-type":"","background-media":"","overlay-type":"","overlay-color":"","overlay-opacity":"","overlay-gradient":""},"mobile":{"background-color":"","background-image":"","background-repeat":"repeat","background-position":"center center","background-size":"auto","background-attachment":"scroll","background-type":"","background-media":"","overlay-type":"","overlay-color":"","overlay-opacity":"","overlay-gradient":""}},"ast-content-background-meta":{"desktop":{"background-color":"var(--ast-global-color-5)","background-image":"","background-repeat":"repeat","background-position":"center center","background-size":"auto","background-attachment":"scroll","background-type":"","background-media":"","overlay-type":"","overlay-color":"","overlay-opacity":"","overlay-gradient":""},"tablet":{"background-color":"var(--ast-global-color-5)","background-image":"","background-repeat":"repeat","background-position":"center center","background-size":"auto","background-attachment":"scroll","background-type":"","background-media":"","overlay-type":"","overlay-color":"","overlay-opacity":"","overlay-gradient":""},"mobile":{"background-color":"var(--ast-global-color-5)","background-image":"","background-repeat":"repeat","background-position":"center center","background-size":"auto","background-attachment":"scroll","background-type":"","background-media":"","overlay-type":"","overlay-color":"","overlay-opacity":"","overlay-gradient":""}},"footnotes":""},"categories":[17],"tags":[],"class_list":["post-8029","post","type-post","status-publish","format-standard","has-post-thumbnail","hentry","category-general"],"yoast_head":"<!-- This site is optimized with the Yoast SEO plugin v28.4 - https:\/\/yoast.com\/product\/yoast-seo-wordpress\/ -->\n<title>Qu\u00e9 ver en Palma en un d\u00eda y Tablao Flamenco Alma<\/title>\n<meta name=\"description\" content=\"Descubre qu\u00e9 ver en Palma en un d\u00eda con esta ruta cultural por el casco antiguo y culmina la noche con el espect\u00e1culo del Tablao Flamenco Alma. \u00a1Reserva ya!\" \/>\n<meta name=\"robots\" content=\"index, follow, max-snippet:-1, max-image-preview:large, max-video-preview:-1\" \/>\n<link rel=\"canonical\" href=\"https:\/\/tablaoflamencoalma.com\/fr\/que-ver-en-palma-en-un-dia-tablao-flamenco-alma\/\" \/>\n<meta property=\"og:locale\" content=\"fr_FR\" \/>\n<meta property=\"og:type\" content=\"article\" \/>\n<meta property=\"og:title\" content=\"Qu\u00e9 ver en Palma en un d\u00eda y Tablao Flamenco Alma\" \/>\n<meta property=\"og:description\" content=\"Descubre qu\u00e9 ver en Palma en un d\u00eda con esta ruta cultural por el casco antiguo y culmina la noche con el espect\u00e1culo del Tablao Flamenco Alma. \u00a1Reserva ya!\" \/>\n<meta property=\"og:url\" content=\"https:\/\/tablaoflamencoalma.com\/fr\/que-ver-en-palma-en-un-dia-tablao-flamenco-alma\/\" \/>\n<meta property=\"og:site_name\" content=\"Tablao Flamenco Alma\" \/>\n<meta property=\"article:publisher\" content=\"https:\/\/www.facebook.com\/tablaoflamencoalma\" \/>\n<meta property=\"article:published_time\" content=\"2026-07-02T21:48:48+00:00\" \/>\n<meta property=\"article:modified_time\" content=\"2026-07-03T11:47:11+00:00\" \/>\n<meta property=\"og:image\" content=\"https:\/\/tablaoflamencoalma.com\/wp-content\/uploads\/2026\/07\/Un-Viaje-en-el-Tiempo-Combina-Casco-Antiguo-portada-post-scaled.jpg\" \/>\n\t<meta property=\"og:image:width\" content=\"2560\" \/>\n\t<meta property=\"og:image:height\" content=\"1734\" \/>\n\t<meta property=\"og:image:type\" content=\"image\/jpeg\" \/>\n<meta name=\"author\" content=\"Tablao Flamenco Alma\" \/>\n<meta name=\"twitter:card\" content=\"summary_large_image\" \/>\n<meta name=\"twitter:label1\" content=\"\u00c9crit par\" \/>\n\t<meta name=\"twitter:data1\" content=\"Tablao Flamenco Alma\" \/>\n\t<meta name=\"twitter:label2\" content=\"Dur\u00e9e de lecture estim\u00e9e\" \/>\n\t<meta name=\"twitter:data2\" content=\"6 minutes\" \/>\n<script type=\"application\/ld+json\" class=\"yoast-schema-graph\">{\"@context\":\"https:\\\/\\\/schema.org\",\"@graph\":[{\"@type\":\"Article\",\"@id\":\"https:\\\/\\\/tablaoflamencoalma.com\\\/que-ver-en-palma-en-un-dia-tablao-flamenco-alma\\\/#article\",\"isPartOf\":{\"@id\":\"https:\\\/\\\/tablaoflamencoalma.com\\\/que-ver-en-palma-en-un-dia-tablao-flamenco-alma\\\/\"},\"author\":{\"name\":\"Tablao Flamenco Alma\",\"@id\":\"https:\\\/\\\/tablaoflamencoalma.com\\\/#\\\/schema\\\/person\\\/9d0c2a9a099918689427e2a0b2dd0f5c\"},\"headline\":\"Un viaje en el tiempo: Combina el casco antiguo de Palma con la magia del Tablao Flamenco Alma\",\"datePublished\":\"2026-07-02T21:48:48+00:00\",\"dateModified\":\"2026-07-03T11:47:11+00:00\",\"mainEntityOfPage\":{\"@id\":\"https:\\\/\\\/tablaoflamencoalma.com\\\/que-ver-en-palma-en-un-dia-tablao-flamenco-alma\\\/\"},\"wordCount\":1318,\"commentCount\":0,\"publisher\":{\"@id\":\"https:\\\/\\\/tablaoflamencoalma.com\\\/#organization\"},\"image\":{\"@id\":\"https:\\\/\\\/tablaoflamencoalma.com\\\/que-ver-en-palma-en-un-dia-tablao-flamenco-alma\\\/#primaryimage\"},\"thumbnailUrl\":\"https:\\\/\\\/tablaoflamencoalma.com\\\/wp-content\\\/uploads\\\/2026\\\/07\\\/Un-Viaje-en-el-Tiempo-Combina-Casco-Antiguo-portada-post-scaled.jpg\",\"articleSection\":[\"General\"],\"inLanguage\":\"fr-FR\",\"potentialAction\":[{\"@type\":\"CommentAction\",\"name\":\"Comment\",\"target\":[\"https:\\\/\\\/tablaoflamencoalma.com\\\/que-ver-en-palma-en-un-dia-tablao-flamenco-alma\\\/#respond\"]}]},{\"@type\":\"WebPage\",\"@id\":\"https:\\\/\\\/tablaoflamencoalma.com\\\/que-ver-en-palma-en-un-dia-tablao-flamenco-alma\\\/\",\"url\":\"https:\\\/\\\/tablaoflamencoalma.com\\\/que-ver-en-palma-en-un-dia-tablao-flamenco-alma\\\/\",\"name\":\"Qu\u00e9 ver en Palma en un d\u00eda y Tablao Flamenco Alma\",\"isPartOf\":{\"@id\":\"https:\\\/\\\/tablaoflamencoalma.com\\\/#website\"},\"primaryImageOfPage\":{\"@id\":\"https:\\\/\\\/tablaoflamencoalma.com\\\/que-ver-en-palma-en-un-dia-tablao-flamenco-alma\\\/#primaryimage\"},\"image\":{\"@id\":\"https:\\\/\\\/tablaoflamencoalma.com\\\/que-ver-en-palma-en-un-dia-tablao-flamenco-alma\\\/#primaryimage\"},\"thumbnailUrl\":\"https:\\\/\\\/tablaoflamencoalma.com\\\/wp-content\\\/uploads\\\/2026\\\/07\\\/Un-Viaje-en-el-Tiempo-Combina-Casco-Antiguo-portada-post-scaled.jpg\",\"datePublished\":\"2026-07-02T21:48:48+00:00\",\"dateModified\":\"2026-07-03T11:47:11+00:00\",\"description\":\"Descubre qu\u00e9 ver en Palma en un d\u00eda con esta ruta cultural por el casco antiguo y culmina la noche con el espect\u00e1culo del Tablao Flamenco Alma. \u00a1Reserva ya!\",\"breadcrumb\":{\"@id\":\"https:\\\/\\\/tablaoflamencoalma.com\\\/que-ver-en-palma-en-un-dia-tablao-flamenco-alma\\\/#breadcrumb\"},\"inLanguage\":\"fr-FR\",\"potentialAction\":[{\"@type\":\"ReadAction\",\"target\":[\"https:\\\/\\\/tablaoflamencoalma.com\\\/que-ver-en-palma-en-un-dia-tablao-flamenco-alma\\\/\"]}]},{\"@type\":\"ImageObject\",\"inLanguage\":\"fr-FR\",\"@id\":\"https:\\\/\\\/tablaoflamencoalma.com\\\/que-ver-en-palma-en-un-dia-tablao-flamenco-alma\\\/#primaryimage\",\"url\":\"https:\\\/\\\/tablaoflamencoalma.com\\\/wp-content\\\/uploads\\\/2026\\\/07\\\/Un-Viaje-en-el-Tiempo-Combina-Casco-Antiguo-portada-post-scaled.jpg\",\"contentUrl\":\"https:\\\/\\\/tablaoflamencoalma.com\\\/wp-content\\\/uploads\\\/2026\\\/07\\\/Un-Viaje-en-el-Tiempo-Combina-Casco-Antiguo-portada-post-scaled.jpg\",\"width\":2560,\"height\":1734,\"caption\":\"Un Viaje en el Tiempo Combina Casco Antiguo portada post\"},{\"@type\":\"BreadcrumbList\",\"@id\":\"https:\\\/\\\/tablaoflamencoalma.com\\\/que-ver-en-palma-en-un-dia-tablao-flamenco-alma\\\/#breadcrumb\",\"itemListElement\":[{\"@type\":\"ListItem\",\"position\":1,\"name\":\"Portada\",\"item\":\"https:\\\/\\\/tablaoflamencoalma.com\\\/\"},{\"@type\":\"ListItem\",\"position\":2,\"name\":\"Un viaje en el tiempo: Combina el casco antiguo de Palma con la magia del Tablao Flamenco Alma\"}]},{\"@type\":\"WebSite\",\"@id\":\"https:\\\/\\\/tablaoflamencoalma.com\\\/#website\",\"url\":\"https:\\\/\\\/tablaoflamencoalma.com\\\/\",\"name\":\"Tablao Flamenco Alma\",\"description\":\"Tablao Flamenco Alma\",\"publisher\":{\"@id\":\"https:\\\/\\\/tablaoflamencoalma.com\\\/#organization\"},\"potentialAction\":[{\"@type\":\"SearchAction\",\"target\":{\"@type\":\"EntryPoint\",\"urlTemplate\":\"https:\\\/\\\/tablaoflamencoalma.com\\\/?s={search_term_string}\"},\"query-input\":{\"@type\":\"PropertyValueSpecification\",\"valueRequired\":true,\"valueName\":\"search_term_string\"}}],\"inLanguage\":\"fr-FR\"},{\"@type\":\"Organization\",\"@id\":\"https:\\\/\\\/tablaoflamencoalma.com\\\/#organization\",\"name\":\"Tablao Flamenco Alma\",\"url\":\"https:\\\/\\\/tablaoflamencoalma.com\\\/\",\"logo\":{\"@type\":\"ImageObject\",\"inLanguage\":\"fr-FR\",\"@id\":\"https:\\\/\\\/tablaoflamencoalma.com\\\/#\\\/schema\\\/logo\\\/image\\\/\",\"url\":\"https:\\\/\\\/tablaoflamencoalma.com\\\/wp-content\\\/uploads\\\/2024\\\/01\\\/cropped-tablao-flamenco-alma-01-04.png\",\"contentUrl\":\"https:\\\/\\\/tablaoflamencoalma.com\\\/wp-content\\\/uploads\\\/2024\\\/01\\\/cropped-tablao-flamenco-alma-01-04.png\",\"width\":512,\"height\":512,\"caption\":\"Tablao Flamenco Alma\"},\"image\":{\"@id\":\"https:\\\/\\\/tablaoflamencoalma.com\\\/#\\\/schema\\\/logo\\\/image\\\/\"},\"sameAs\":[\"https:\\\/\\\/www.facebook.com\\\/tablaoflamencoalma\",\"https:\\\/\\\/www.instagram.com\\\/tablaoflamencoalma\"]},{\"@type\":\"Person\",\"@id\":\"https:\\\/\\\/tablaoflamencoalma.com\\\/#\\\/schema\\\/person\\\/9d0c2a9a099918689427e2a0b2dd0f5c\",\"name\":\"Tablao Flamenco Alma\",\"image\":{\"@type\":\"ImageObject\",\"inLanguage\":\"fr-FR\",\"@id\":\"https:\\\/\\\/tablaoflamencoalma.com\\\/wp-content\\\/litespeed\\\/avatar\\\/797b83aa1ddf30f355ead08e864f8dad.jpg?ver=1788140548\",\"url\":\"https:\\\/\\\/tablaoflamencoalma.com\\\/wp-content\\\/litespeed\\\/avatar\\\/797b83aa1ddf30f355ead08e864f8dad.jpg?ver=1788140548\",\"contentUrl\":\"https:\\\/\\\/tablaoflamencoalma.com\\\/wp-content\\\/litespeed\\\/avatar\\\/797b83aa1ddf30f355ead08e864f8dad.jpg?ver=1788140548\",\"caption\":\"Tablao Flamenco Alma\"},\"url\":\"https:\\\/\\\/tablaoflamencoalma.com\\\/fr\\\/author\\\/flamencoalma\\\/\"}]}<\/script>\n<!-- \/ Yoast SEO plugin. -->","yoast_head_json":{"title":"Que voir \u00e0 Palma en une journ\u00e9e et le Tablao Flamenco Alma","description":"D\u00e9couvrez ce qu'il y a \u00e0 voir \u00e0 Palma en une journ\u00e9e gr\u00e2ce \u00e0 cet itin\u00e9raire culturel dans la vieille ville et terminez la soir\u00e9e en beaut\u00e9 avec le spectacle du Tablao Flamenco Alma. R\u00e9servez d\u00e8s maintenant !","robots":{"index":"index","follow":"follow","max-snippet":"max-snippet:-1","max-image-preview":"max-image-preview:large","max-video-preview":"max-video-preview:-1"},"canonical":"https:\/\/tablaoflamencoalma.com\/fr\/que-ver-en-palma-en-un-dia-tablao-flamenco-alma\/","og_locale":"fr_FR","og_type":"article","og_title":"Qu\u00e9 ver en Palma en un d\u00eda y Tablao Flamenco Alma","og_description":"Descubre qu\u00e9 ver en Palma en un d\u00eda con esta ruta cultural por el casco antiguo y culmina la noche con el espect\u00e1culo del Tablao Flamenco Alma. \u00a1Reserva ya!","og_url":"https:\/\/tablaoflamencoalma.com\/fr\/que-ver-en-palma-en-un-dia-tablao-flamenco-alma\/","og_site_name":"Tablao Flamenco Alma","article_publisher":"https:\/\/www.facebook.com\/tablaoflamencoalma","article_published_time":"2026-07-02T21:48:48+00:00","article_modified_time":"2026-07-03T11:47:11+00:00","og_image":[{"width":2560,"height":1734,"url":"https:\/\/tablaoflamencoalma.com\/wp-content\/uploads\/2026\/07\/Un-Viaje-en-el-Tiempo-Combina-Casco-Antiguo-portada-post-scaled.jpg","type":"image\/jpeg"}],"author":"Tablao Flamenco Alma","twitter_card":"summary_large_image","twitter_misc":{"\u00c9crit par":"Tablao Flamenco Alma","Dur\u00e9e de lecture estim\u00e9e":"6 minutes"},"schema":{"@context":"https:\/\/schema.org","@graph":[{"@type":"Article","@id":"https:\/\/tablaoflamencoalma.com\/que-ver-en-palma-en-un-dia-tablao-flamenco-alma\/#article","isPartOf":{"@id":"https:\/\/tablaoflamencoalma.com\/que-ver-en-palma-en-un-dia-tablao-flamenco-alma\/"},"author":{"name":"Tablao Flamenco Alma","@id":"https:\/\/tablaoflamencoalma.com\/#\/schema\/person\/9d0c2a9a099918689427e2a0b2dd0f5c"},"headline":"Un viaje en el tiempo: Combina el casco antiguo de Palma con la magia del Tablao Flamenco Alma","datePublished":"2026-07-02T21:48:48+00:00","dateModified":"2026-07-03T11:47:11+00:00","mainEntityOfPage":{"@id":"https:\/\/tablaoflamencoalma.com\/que-ver-en-palma-en-un-dia-tablao-flamenco-alma\/"},"wordCount":1318,"commentCount":0,"publisher":{"@id":"https:\/\/tablaoflamencoalma.com\/#organization"},"image":{"@id":"https:\/\/tablaoflamencoalma.com\/que-ver-en-palma-en-un-dia-tablao-flamenco-alma\/#primaryimage"},"thumbnailUrl":"https:\/\/tablaoflamencoalma.com\/wp-content\/uploads\/2026\/07\/Un-Viaje-en-el-Tiempo-Combina-Casco-Antiguo-portada-post-scaled.jpg","articleSection":["General"],"inLanguage":"fr-FR","potentialAction":[{"@type":"CommentAction","name":"Comment","target":["https:\/\/tablaoflamencoalma.com\/que-ver-en-palma-en-un-dia-tablao-flamenco-alma\/#respond"]}]},{"@type":"WebPage","@id":"https:\/\/tablaoflamencoalma.com\/que-ver-en-palma-en-un-dia-tablao-flamenco-alma\/","url":"https:\/\/tablaoflamencoalma.com\/que-ver-en-palma-en-un-dia-tablao-flamenco-alma\/","name":"Que voir \u00e0 Palma en une journ\u00e9e et le Tablao Flamenco Alma","isPartOf":{"@id":"https:\/\/tablaoflamencoalma.com\/#website"},"primaryImageOfPage":{"@id":"https:\/\/tablaoflamencoalma.com\/que-ver-en-palma-en-un-dia-tablao-flamenco-alma\/#primaryimage"},"image":{"@id":"https:\/\/tablaoflamencoalma.com\/que-ver-en-palma-en-un-dia-tablao-flamenco-alma\/#primaryimage"},"thumbnailUrl":"https:\/\/tablaoflamencoalma.com\/wp-content\/uploads\/2026\/07\/Un-Viaje-en-el-Tiempo-Combina-Casco-Antiguo-portada-post-scaled.jpg","datePublished":"2026-07-02T21:48:48+00:00","dateModified":"2026-07-03T11:47:11+00:00","description":"D\u00e9couvrez ce qu'il y a \u00e0 voir \u00e0 Palma en une journ\u00e9e gr\u00e2ce \u00e0 cet itin\u00e9raire culturel dans la vieille ville et terminez la soir\u00e9e en beaut\u00e9 avec le spectacle du Tablao Flamenco Alma. R\u00e9servez d\u00e8s maintenant !","breadcrumb":{"@id":"https:\/\/tablaoflamencoalma.com\/que-ver-en-palma-en-un-dia-tablao-flamenco-alma\/#breadcrumb"},"inLanguage":"fr-FR","potentialAction":[{"@type":"ReadAction","target":["https:\/\/tablaoflamencoalma.com\/que-ver-en-palma-en-un-dia-tablao-flamenco-alma\/"]}]},{"@type":"ImageObject","inLanguage":"fr-FR","@id":"https:\/\/tablaoflamencoalma.com\/que-ver-en-palma-en-un-dia-tablao-flamenco-alma\/#primaryimage","url":"https:\/\/tablaoflamencoalma.com\/wp-content\/uploads\/2026\/07\/Un-Viaje-en-el-Tiempo-Combina-Casco-Antiguo-portada-post-scaled.jpg","contentUrl":"https:\/\/tablaoflamencoalma.com\/wp-content\/uploads\/2026\/07\/Un-Viaje-en-el-Tiempo-Combina-Casco-Antiguo-portada-post-scaled.jpg","width":2560,"height":1734,"caption":"Un Viaje en el Tiempo Combina Casco Antiguo portada post"},{"@type":"BreadcrumbList","@id":"https:\/\/tablaoflamencoalma.com\/que-ver-en-palma-en-un-dia-tablao-flamenco-alma\/#breadcrumb","itemListElement":[{"@type":"ListItem","position":1,"name":"Portada","item":"https:\/\/tablaoflamencoalma.com\/"},{"@type":"ListItem","position":2,"name":"Un viaje en el tiempo: Combina el casco antiguo de Palma con la magia del Tablao Flamenco Alma"}]},{"@type":"WebSite","@id":"https:\/\/tablaoflamencoalma.com\/#website","url":"https:\/\/tablaoflamencoalma.com\/","name":"Tablao flamenco Alma","description":"Tablao flamenco Alma","publisher":{"@id":"https:\/\/tablaoflamencoalma.com\/#organization"},"potentialAction":[{"@type":"SearchAction","target":{"@type":"EntryPoint","urlTemplate":"https:\/\/tablaoflamencoalma.com\/?s={search_term_string}"},"query-input":{"@type":"PropertyValueSpecification","valueRequired":true,"valueName":"search_term_string"}}],"inLanguage":"fr-FR"},{"@type":"Organization","@id":"https:\/\/tablaoflamencoalma.com\/#organization","name":"Tablao flamenco Alma","url":"https:\/\/tablaoflamencoalma.com\/","logo":{"@type":"ImageObject","inLanguage":"fr-FR","@id":"https:\/\/tablaoflamencoalma.com\/#\/schema\/logo\/image\/","url":"https:\/\/tablaoflamencoalma.com\/wp-content\/uploads\/2024\/01\/cropped-tablao-flamenco-alma-01-04.png","contentUrl":"https:\/\/tablaoflamencoalma.com\/wp-content\/uploads\/2024\/01\/cropped-tablao-flamenco-alma-01-04.png","width":512,"height":512,"caption":"Tablao Flamenco Alma"},"image":{"@id":"https:\/\/tablaoflamencoalma.com\/#\/schema\/logo\/image\/"},"sameAs":["https:\/\/www.facebook.com\/tablaoflamencoalma","https:\/\/www.instagram.com\/tablaoflamencoalma"]},{"@type":"Person","@id":"https:\/\/tablaoflamencoalma.com\/#\/schema\/person\/9d0c2a9a099918689427e2a0b2dd0f5c","name":"Tablao flamenco Alma","image":{"@type":"ImageObject","inLanguage":"fr-FR","@id":"https:\/\/tablaoflamencoalma.com\/wp-content\/litespeed\/avatar\/797b83aa1ddf30f355ead08e864f8dad.jpg?ver=1788140548","url":"https:\/\/tablaoflamencoalma.com\/wp-content\/litespeed\/avatar\/797b83aa1ddf30f355ead08e864f8dad.jpg?ver=1788140548","contentUrl":"https:\/\/tablaoflamencoalma.com\/wp-content\/litespeed\/avatar\/797b83aa1ddf30f355ead08e864f8dad.jpg?ver=1788140548","caption":"Tablao Flamenco Alma"},"url":"https:\/\/tablaoflamencoalma.com\/fr\/author\/flamencoalma\/"}]}},"_links":{"self":[{"href":"https:\/\/tablaoflamencoalma.com\/fr\/wp-json\/wp\/v2\/posts\/8029","targetHints":{"allow":["GET"]}}],"collection":[{"href":"https:\/\/tablaoflamencoalma.com\/fr\/wp-json\/wp\/v2\/posts"}],"about":[{"href":"https:\/\/tablaoflamencoalma.com\/fr\/wp-json\/wp\/v2\/types\/post"}],"author":[{"embeddable":true,"href":"https:\/\/tablaoflamencoalma.com\/fr\/wp-json\/wp\/v2\/users\/3"}],"replies":[{"embeddable":true,"href":"https:\/\/tablaoflamencoalma.com\/fr\/wp-json\/wp\/v2\/comments?post=8029"}],"version-history":[{"count":4,"href":"https:\/\/tablaoflamencoalma.com\/fr\/wp-json\/wp\/v2\/posts\/8029\/revisions"}],"predecessor-version":[{"id":8035,"href":"https:\/\/tablaoflamencoalma.com\/fr\/wp-json\/wp\/v2\/posts\/8029\/revisions\/8035"}],"wp:featuredmedia":[{"embeddable":true,"href":"https:\/\/tablaoflamencoalma.com\/fr\/wp-json\/wp\/v2\/media\/8030"}],"wp:attachment":[{"href":"https:\/\/tablaoflamencoalma.com\/fr\/wp-json\/wp\/v2\/media?parent=8029"}],"wp:term":[{"taxonomy":"category","embeddable":true,"href":"https:\/\/tablaoflamencoalma.com\/fr\/wp-json\/wp\/v2\/categories?post=8029"},{"taxonomy":"post_tag","embeddable":true,"href":"https:\/\/tablaoflamencoalma.com\/fr\/wp-json\/wp\/v2\/tags?post=8029"}],"curies":[{"name":"wp","href":"https:\/\/api.w.org\/{rel}","templated":true}]}}