{"id":6889,"date":"2026-03-24T19:18:50","date_gmt":"2026-03-24T18:18:50","guid":{"rendered":"https:\/\/tablaoflamencoalma.com\/?p=6889"},"modified":"2026-05-28T06:20:44","modified_gmt":"2026-05-28T05:20:44","slug":"que-es-duende-flamenco-palma-mallorca","status":"publish","type":"post","link":"https:\/\/tablaoflamencoalma.com\/fr\/que-es-duende-flamenco-palma-mallorca\/","title":{"rendered":"Qu'est-ce que le \u00ab duende \u00bb du flamenco ? D\u00e9couvrez toute sa magie au Tablao Alma"},"content":{"rendered":"<p class=\"wp-block-paragraph\">T'est-il d\u00e9j\u00e0 arriv\u00e9 de ressentir un frisson inexplicable en entendant une note de guitare ou un silence de mort qui semble figer le temps au beau milieu d'une danse ? Ce myst\u00e8re, ce lien visc\u00e9ral qu'on ne peut expliquer avec des mots mais qu'on ressent au plus profond de soi, c'est ce que les artistes appellent le \u201c duende \u201d.<\/p>\n\n\n\n<p class=\"wp-block-paragraph\">Si vous \u00eates \u00e0 Majorque et que vous recherchez plus qu'un simple spectacle, nous vous invitons aujourd'hui \u00e0 d\u00e9couvrir le secret le mieux gard\u00e9 de notre culture.<\/p>\n\n\n\n<h3 class=\"wp-block-heading has-text-align-left\">Le \u201c Duende \u201d : au-del\u00e0 de la technique<\/h3>\n\n\n\n<p class=\"wp-block-paragraph\">Pour comprendre <strong>Qu'est-ce que le \u00ab duende \u00bb du flamenco ?<\/strong>, nous devons nous \u00e9loigner de la th\u00e9orie acad\u00e9mique et nous rapprocher du c\u0153ur. Ce n\u2019est ni une chor\u00e9graphie parfaite, ni une voix irr\u00e9prochable. Le \u201c duende \u201d est un \u00e9tat d\u2019esprit, une \u00ab flamme \u00bb d\u2019\u00e9motion qui jaillit lorsque l\u2019artiste oublie le monde et s\u2019abandonne enti\u00e8rement \u00e0 l\u2019art.<\/p>\n\n\n\n<p class=\"wp-block-paragraph\">Federico Garc\u00eda Lorca disait que le \u201c duende \u201d \u00ab ne se trouve pas dans la gorge ; le duende remonte de l'int\u00e9rieur, depuis la plante des pieds \u00bb. C'est la <strong>l'\u00e9motion du flamenco<\/strong> dans ce qu'il a de plus sauvage et de plus authentique. C'est ce moment o\u00f9 le chanteur, le danseur et le guitariste ne font plus qu'un, transmettant \u00e0 tous les spectateurs une \u00e9nergie \u00e9lectrique.<\/p>\n\n\n\n<h3 class=\"wp-block-heading has-text-align-left\">Quelle ambiance r\u00e8gne dans un tablao lors d'un spectacle en direct ?<\/h3>\n\n\n\n<p class=\"wp-block-paragraph\">Ce n'est pas possible <strong>ressentir la magie<\/strong> \u00e0 travers un \u00e9cran. C'est une exp\u00e9rience physique qui n\u00e9cessite une certaine proximit\u00e9. Dans le <a href=\"https:\/\/tablaoflamencoalma.com\/fr\/\"><strong>Tablao flamenco Alma<\/strong><\/a>, nous avons con\u00e7u un espace o\u00f9 la distance entre l'artiste et le spectateur s'estompe.<\/p>\n\n\n\n<p class=\"wp-block-paragraph\">Dans cette ambiance intimiste, on peut entendre la respiration du danseur, le craquement du bois sous ses pieds et le frottement des cordes de la guitare. C\u2019est dans cette proximit\u00e9 que le miracle se produit : la <strong>la magie du flamenco<\/strong> Cela t'enveloppe et tu cesses d'\u00eatre un simple spectateur pour devenir partie int\u00e9grante du rituel.<\/p>\n\n\n\n<h2 class=\"wp-block-heading\">Tablao Flamenco Alma : Le havre du flamenco authentique \u00e0 Palma<\/h2>\n\n\n\n<p class=\"wp-block-paragraph\">Trouver un <strong>spectacle de flamenco \u00e0 Palma<\/strong> Il n'est pas toujours facile de pr\u00e9server la puret\u00e9 de l'art. Notre mission chez <a href=\"https:\/\/tablaoflamencoalma.com\/fr\/\"><strong>Tablao flamenco Alma<\/strong><\/a> C'est offrir un aper\u00e7u des traditions les plus authentiques, loin des st\u00e9r\u00e9otypes, dans une ambiance empreinte de respect et de passion.<\/p>\n\n\n\n<p class=\"wp-block-paragraph\">Notre troupe artistique est compos\u00e9e de artistes de premier plan qui ne se contentent pas d'ex\u00e9cuter des figures techniques, mais qui recherchent ce \u201c duende \u201d dans chaque mouvement. Gr\u00e2ce \u00e0 notre qualit\u00e9 artistique et \u00e0 l'ambiance intimiste que nous offrons, nous sommes devenus la r\u00e9f\u00e9rence pour ceux qui recherchent un <strong>th\u00e9\u00e2tre de flamenco \u00e0 Majorque<\/strong> impr\u00e9gn\u00e9 de v\u00e9rit\u00e9.<\/p>\n\n\n\n<h2 class=\"wp-block-heading\">Vivez une soir\u00e9e magique au c\u0153ur de Majorque<\/h2>\n\n\n\n<p class=\"wp-block-paragraph\">Nous voulons que votre seule pr\u00e9occupation soit de profiter pleinement de cette exp\u00e9rience. C'est pourquoi, chez <a href=\"https:\/\/tablaoflamencoalma.com\/fr\/contact-2\/\">notre tablao \u00e0 Palma de Majorque<\/a>, nous avons soign\u00e9 chaque d\u00e9tail pour que votre soir\u00e9e soit parfaite :<\/p>\n\n\n\n<ul class=\"wp-block-list\">\n<li><strong>Forfaits journaliers :<\/strong> Nous proposons trois repr\u00e9sentations tous les jours de la semaine \u00e0 <strong>17 h 30, 19 h 30 et 21 h 30.<\/strong><\/li>\n\n\n\n<li><strong>Dur\u00e9e :<\/strong> Une heure d'intensit\u00e9 pure qui te laissera un souvenir inoubliable.<\/li>\n\n\n\n<li><strong>Accueil :<\/strong> Votre billet comprend une boisson (bi\u00e8re, vin, boisson non alcoolis\u00e9e, cava ou sangria). Vous pouvez \u00e9galement compl\u00e9ter cette exp\u00e9rience gr\u00e2ce \u00e0 notre s\u00e9lection de plats typiques de la gastronomie espagnole et des \u00eeles Bal\u00e9ares.<\/li>\n\n\n\n<li><strong>Accessibilit\u00e9 et \u00e9quipements :<\/strong> Notre \u00e9tablissement est accessible aux personnes en fauteuil roulant et notre personnel vous accueillera en espagnol et en anglais.<\/li>\n\n\n\n<li><strong>R\u00e9servez en toute confiance :<\/strong> Nous savons que les projets peuvent changer, c'est pourquoi nous proposons <strong>annulation gratuite jusqu'\u00e0 24 heures avant<\/strong> du spectacle avec remboursement int\u00e9gral.<\/li>\n<\/ul>\n\n\n\n<h2 class=\"wp-block-heading has-text-align-left\">Votre rendez-vous avec l'\u00e9motion<\/h2>\n\n\n\n<p class=\"wp-block-paragraph\">Le flamenco ne se comprend pas, il se ressent. Chercher le \u00ab duende \u00bb, c'est chercher une partie de soi-m\u00eame qui ne s'\u00e9veille qu'au son du \u00ab quej\u00edo \u00bb d'un chant ou de la puissance d'une guitare.<\/p>\n\n\n\n<p class=\"wp-block-paragraph\">N'attends pas qu'on te le raconte. Si tu cherches le <strong>du flamenco authentique \u00e0 Palma<\/strong>, nous t'attendons pour vivre une soir\u00e9e pleine de charme, d'art et d'\u00e2me dont tu te souviendras pour toujours.<\/p>\n\n\n\n<p class=\"wp-block-paragraph\"><strong>Es-tu pr\u00eat \u00e0 vivre la magie ?<\/strong> <a href=\"https:\/\/tablaoflamencoalma.com\/fr\/une-nuit-magique-a-palma-flamenco-au-tablao-flamenco-alma-diner-et-promenade\/\">R\u00e9servez votre billet d\u00e8s maintenant au Tablao Flamenco Alma<\/a><\/p>\n\n\n\n<p class=\"wp-block-paragraph\"><\/p>","protected":false},"excerpt":{"rendered":"<p>\u00bfAlguna vez has sentido un escalofr\u00edo inexplicable al escuchar una nota de guitarra o un silencio sepulcral que detiene el tiempo en medio de un baile? Ese misterio, esa conexi\u00f3n visceral que no se puede explicar con palabras pero que se siente en el pecho, es lo que los artistas llaman el &#8220;duende&#8221;. Si est\u00e1s [&hellip;]<\/p>\n","protected":false},"author":3,"featured_media":6890,"comment_status":"open","ping_status":"open","sticky":false,"template":"","format":"standard","meta":{"site-sidebar-layout":"default","site-content-layout":"","ast-site-content-layout":"default","site-content-style":"default","site-sidebar-style":"default","ast-global-header-display":"","ast-banner-title-visibility":"","ast-main-header-display":"","ast-hfb-above-header-display":"","ast-hfb-below-header-display":"","ast-hfb-mobile-header-display":"","site-post-title":"","ast-breadcrumbs-content":"","ast-featured-img":"","footer-sml-layout":"","theme-transparent-header-meta":"","adv-header-id-meta":"","stick-header-meta":"","header-above-stick-meta":"","header-main-stick-meta":"","header-below-stick-meta":"","astra-migrate-meta-layouts":"set","ast-page-background-enabled":"default","ast-page-background-meta":{"desktop":{"background-color":"var(--ast-global-color-4)","background-image":"","background-repeat":"repeat","background-position":"center center","background-size":"auto","background-attachment":"scroll","background-type":"","background-media":"","overlay-type":"","overlay-color":"","overlay-opacity":"","overlay-gradient":""},"tablet":{"background-color":"","background-image":"","background-repeat":"repeat","background-position":"center center","background-size":"auto","background-attachment":"scroll","background-type":"","background-media":"","overlay-type":"","overlay-color":"","overlay-opacity":"","overlay-gradient":""},"mobile":{"background-color":"","background-image":"","background-repeat":"repeat","background-position":"center center","background-size":"auto","background-attachment":"scroll","background-type":"","background-media":"","overlay-type":"","overlay-color":"","overlay-opacity":"","overlay-gradient":""}},"ast-content-background-meta":{"desktop":{"background-color":"var(--ast-global-color-5)","background-image":"","background-repeat":"repeat","background-position":"center center","background-size":"auto","background-attachment":"scroll","background-type":"","background-media":"","overlay-type":"","overlay-color":"","overlay-opacity":"","overlay-gradient":""},"tablet":{"background-color":"var(--ast-global-color-5)","background-image":"","background-repeat":"repeat","background-position":"center center","background-size":"auto","background-attachment":"scroll","background-type":"","background-media":"","overlay-type":"","overlay-color":"","overlay-opacity":"","overlay-gradient":""},"mobile":{"background-color":"var(--ast-global-color-5)","background-image":"","background-repeat":"repeat","background-position":"center center","background-size":"auto","background-attachment":"scroll","background-type":"","background-media":"","overlay-type":"","overlay-color":"","overlay-opacity":"","overlay-gradient":""}},"footnotes":""},"categories":[11],"tags":[],"class_list":["post-6889","post","type-post","status-publish","format-standard","has-post-thumbnail","hentry","category-el-flamenco"],"yoast_head":"<!-- This site is optimized with the Yoast SEO plugin v28.4 - https:\/\/yoast.com\/product\/yoast-seo-wordpress\/ -->\n<title>Qu\u00e9 es el duende flamenco: Siente la magia en Tablao Flamenco Alma<\/title>\n<meta name=\"description\" content=\"Si est\u00e1s en Mallorca y buscas algo m\u00e1s que un simple show, hoy te invitamos a descubrir el secreto mejor guardado de nuestra cultura.\" \/>\n<meta name=\"robots\" content=\"index, follow, max-snippet:-1, max-image-preview:large, max-video-preview:-1\" \/>\n<link rel=\"canonical\" href=\"https:\/\/tablaoflamencoalma.com\/fr\/que-es-duende-flamenco-palma-mallorca\/\" \/>\n<meta property=\"og:locale\" content=\"fr_FR\" \/>\n<meta property=\"og:type\" content=\"article\" \/>\n<meta property=\"og:title\" content=\"Qu\u00e9 es el duende flamenco: Siente la magia en Tablao Flamenco Alma\" \/>\n<meta property=\"og:description\" content=\"Si est\u00e1s en Mallorca y buscas algo m\u00e1s que un simple show, hoy te invitamos a descubrir el secreto mejor guardado de nuestra cultura.\" \/>\n<meta property=\"og:url\" content=\"https:\/\/tablaoflamencoalma.com\/fr\/que-es-duende-flamenco-palma-mallorca\/\" \/>\n<meta property=\"og:site_name\" content=\"Tablao Flamenco Alma\" \/>\n<meta property=\"article:publisher\" content=\"https:\/\/www.facebook.com\/tablaoflamencoalma\" \/>\n<meta property=\"article:published_time\" content=\"2026-03-24T18:18:50+00:00\" \/>\n<meta property=\"article:modified_time\" content=\"2026-05-28T05:20:44+00:00\" \/>\n<meta property=\"og:image\" content=\"https:\/\/tablaoflamencoalma.com\/wp-content\/uploads\/2026\/03\/Que-es-el-duende-flamenco-Portada-post.jpg\" \/>\n\t<meta property=\"og:image:width\" content=\"1080\" \/>\n\t<meta property=\"og:image:height\" content=\"1920\" \/>\n\t<meta property=\"og:image:type\" content=\"image\/jpeg\" \/>\n<meta name=\"author\" content=\"Tablao Flamenco Alma\" \/>\n<meta name=\"twitter:card\" content=\"summary_large_image\" \/>\n<meta name=\"twitter:label1\" content=\"\u00c9crit par\" \/>\n\t<meta name=\"twitter:data1\" content=\"Tablao Flamenco Alma\" \/>\n\t<meta name=\"twitter:label2\" content=\"Dur\u00e9e de lecture estim\u00e9e\" \/>\n\t<meta name=\"twitter:data2\" content=\"4 minutes\" \/>\n<script type=\"application\/ld+json\" class=\"yoast-schema-graph\">{\"@context\":\"https:\\\/\\\/schema.org\",\"@graph\":[{\"@type\":\"Article\",\"@id\":\"https:\\\/\\\/tablaoflamencoalma.com\\\/que-es-duende-flamenco-palma-mallorca\\\/#article\",\"isPartOf\":{\"@id\":\"https:\\\/\\\/tablaoflamencoalma.com\\\/que-es-duende-flamenco-palma-mallorca\\\/\"},\"author\":{\"name\":\"Tablao Flamenco Alma\",\"@id\":\"https:\\\/\\\/tablaoflamencoalma.com\\\/#\\\/schema\\\/person\\\/9d0c2a9a099918689427e2a0b2dd0f5c\"},\"headline\":\"\u00bfQu\u00e9 es el duende flamenco? Vive su magia en Tablao Alma\",\"datePublished\":\"2026-03-24T18:18:50+00:00\",\"dateModified\":\"2026-05-28T05:20:44+00:00\",\"mainEntityOfPage\":{\"@id\":\"https:\\\/\\\/tablaoflamencoalma.com\\\/que-es-duende-flamenco-palma-mallorca\\\/\"},\"wordCount\":695,\"commentCount\":0,\"publisher\":{\"@id\":\"https:\\\/\\\/tablaoflamencoalma.com\\\/#organization\"},\"image\":{\"@id\":\"https:\\\/\\\/tablaoflamencoalma.com\\\/que-es-duende-flamenco-palma-mallorca\\\/#primaryimage\"},\"thumbnailUrl\":\"https:\\\/\\\/tablaoflamencoalma.com\\\/wp-content\\\/uploads\\\/2026\\\/03\\\/Que-es-el-duende-flamenco-Portada-post.jpg\",\"articleSection\":[\"El Flamenco\"],\"inLanguage\":\"fr-FR\",\"potentialAction\":[{\"@type\":\"CommentAction\",\"name\":\"Comment\",\"target\":[\"https:\\\/\\\/tablaoflamencoalma.com\\\/que-es-duende-flamenco-palma-mallorca\\\/#respond\"]}]},{\"@type\":\"WebPage\",\"@id\":\"https:\\\/\\\/tablaoflamencoalma.com\\\/que-es-duende-flamenco-palma-mallorca\\\/\",\"url\":\"https:\\\/\\\/tablaoflamencoalma.com\\\/que-es-duende-flamenco-palma-mallorca\\\/\",\"name\":\"Qu\u00e9 es el duende flamenco: Siente la magia en Tablao Flamenco Alma\",\"isPartOf\":{\"@id\":\"https:\\\/\\\/tablaoflamencoalma.com\\\/#website\"},\"primaryImageOfPage\":{\"@id\":\"https:\\\/\\\/tablaoflamencoalma.com\\\/que-es-duende-flamenco-palma-mallorca\\\/#primaryimage\"},\"image\":{\"@id\":\"https:\\\/\\\/tablaoflamencoalma.com\\\/que-es-duende-flamenco-palma-mallorca\\\/#primaryimage\"},\"thumbnailUrl\":\"https:\\\/\\\/tablaoflamencoalma.com\\\/wp-content\\\/uploads\\\/2026\\\/03\\\/Que-es-el-duende-flamenco-Portada-post.jpg\",\"datePublished\":\"2026-03-24T18:18:50+00:00\",\"dateModified\":\"2026-05-28T05:20:44+00:00\",\"description\":\"Si est\u00e1s en Mallorca y buscas algo m\u00e1s que un simple show, hoy te invitamos a descubrir el secreto mejor guardado de nuestra cultura.\",\"breadcrumb\":{\"@id\":\"https:\\\/\\\/tablaoflamencoalma.com\\\/que-es-duende-flamenco-palma-mallorca\\\/#breadcrumb\"},\"inLanguage\":\"fr-FR\",\"potentialAction\":[{\"@type\":\"ReadAction\",\"target\":[\"https:\\\/\\\/tablaoflamencoalma.com\\\/que-es-duende-flamenco-palma-mallorca\\\/\"]}]},{\"@type\":\"ImageObject\",\"inLanguage\":\"fr-FR\",\"@id\":\"https:\\\/\\\/tablaoflamencoalma.com\\\/que-es-duende-flamenco-palma-mallorca\\\/#primaryimage\",\"url\":\"https:\\\/\\\/tablaoflamencoalma.com\\\/wp-content\\\/uploads\\\/2026\\\/03\\\/Que-es-el-duende-flamenco-Portada-post.jpg\",\"contentUrl\":\"https:\\\/\\\/tablaoflamencoalma.com\\\/wp-content\\\/uploads\\\/2026\\\/03\\\/Que-es-el-duende-flamenco-Portada-post.jpg\",\"width\":1080,\"height\":1920,\"caption\":\"Qu\u00e9 es el duende flamenco Portada post\"},{\"@type\":\"BreadcrumbList\",\"@id\":\"https:\\\/\\\/tablaoflamencoalma.com\\\/que-es-duende-flamenco-palma-mallorca\\\/#breadcrumb\",\"itemListElement\":[{\"@type\":\"ListItem\",\"position\":1,\"name\":\"Portada\",\"item\":\"https:\\\/\\\/tablaoflamencoalma.com\\\/\"},{\"@type\":\"ListItem\",\"position\":2,\"name\":\"\u00bfQu\u00e9 es el duende flamenco? Vive su magia en Tablao Alma\"}]},{\"@type\":\"WebSite\",\"@id\":\"https:\\\/\\\/tablaoflamencoalma.com\\\/#website\",\"url\":\"https:\\\/\\\/tablaoflamencoalma.com\\\/\",\"name\":\"Tablao Flamenco Alma\",\"description\":\"Tablao Flamenco Alma\",\"publisher\":{\"@id\":\"https:\\\/\\\/tablaoflamencoalma.com\\\/#organization\"},\"potentialAction\":[{\"@type\":\"SearchAction\",\"target\":{\"@type\":\"EntryPoint\",\"urlTemplate\":\"https:\\\/\\\/tablaoflamencoalma.com\\\/?s={search_term_string}\"},\"query-input\":{\"@type\":\"PropertyValueSpecification\",\"valueRequired\":true,\"valueName\":\"search_term_string\"}}],\"inLanguage\":\"fr-FR\"},{\"@type\":\"Organization\",\"@id\":\"https:\\\/\\\/tablaoflamencoalma.com\\\/#organization\",\"name\":\"Tablao Flamenco Alma\",\"url\":\"https:\\\/\\\/tablaoflamencoalma.com\\\/\",\"logo\":{\"@type\":\"ImageObject\",\"inLanguage\":\"fr-FR\",\"@id\":\"https:\\\/\\\/tablaoflamencoalma.com\\\/#\\\/schema\\\/logo\\\/image\\\/\",\"url\":\"https:\\\/\\\/tablaoflamencoalma.com\\\/wp-content\\\/uploads\\\/2024\\\/01\\\/cropped-tablao-flamenco-alma-01-04.png\",\"contentUrl\":\"https:\\\/\\\/tablaoflamencoalma.com\\\/wp-content\\\/uploads\\\/2024\\\/01\\\/cropped-tablao-flamenco-alma-01-04.png\",\"width\":512,\"height\":512,\"caption\":\"Tablao Flamenco Alma\"},\"image\":{\"@id\":\"https:\\\/\\\/tablaoflamencoalma.com\\\/#\\\/schema\\\/logo\\\/image\\\/\"},\"sameAs\":[\"https:\\\/\\\/www.facebook.com\\\/tablaoflamencoalma\",\"https:\\\/\\\/www.instagram.com\\\/tablaoflamencoalma\"]},{\"@type\":\"Person\",\"@id\":\"https:\\\/\\\/tablaoflamencoalma.com\\\/#\\\/schema\\\/person\\\/9d0c2a9a099918689427e2a0b2dd0f5c\",\"name\":\"Tablao Flamenco Alma\",\"image\":{\"@type\":\"ImageObject\",\"inLanguage\":\"fr-FR\",\"@id\":\"https:\\\/\\\/tablaoflamencoalma.com\\\/wp-content\\\/litespeed\\\/avatar\\\/797b83aa1ddf30f355ead08e864f8dad.jpg?ver=1788140548\",\"url\":\"https:\\\/\\\/tablaoflamencoalma.com\\\/wp-content\\\/litespeed\\\/avatar\\\/797b83aa1ddf30f355ead08e864f8dad.jpg?ver=1788140548\",\"contentUrl\":\"https:\\\/\\\/tablaoflamencoalma.com\\\/wp-content\\\/litespeed\\\/avatar\\\/797b83aa1ddf30f355ead08e864f8dad.jpg?ver=1788140548\",\"caption\":\"Tablao Flamenco Alma\"},\"url\":\"https:\\\/\\\/tablaoflamencoalma.com\\\/fr\\\/author\\\/flamencoalma\\\/\"}]}<\/script>\n<!-- \/ Yoast SEO plugin. -->","yoast_head_json":{"title":"Qu'est-ce que le \u00ab duende \u00bb du flamenco ? D\u00e9couvrez la magie au Tablao Flamenco Alma","description":"Si vous \u00eates \u00e0 Majorque et que vous recherchez plus qu'un simple spectacle, nous vous invitons aujourd'hui \u00e0 d\u00e9couvrir le secret le mieux gard\u00e9 de notre culture.","robots":{"index":"index","follow":"follow","max-snippet":"max-snippet:-1","max-image-preview":"max-image-preview:large","max-video-preview":"max-video-preview:-1"},"canonical":"https:\/\/tablaoflamencoalma.com\/fr\/que-es-duende-flamenco-palma-mallorca\/","og_locale":"fr_FR","og_type":"article","og_title":"Qu\u00e9 es el duende flamenco: Siente la magia en Tablao Flamenco Alma","og_description":"Si est\u00e1s en Mallorca y buscas algo m\u00e1s que un simple show, hoy te invitamos a descubrir el secreto mejor guardado de nuestra cultura.","og_url":"https:\/\/tablaoflamencoalma.com\/fr\/que-es-duende-flamenco-palma-mallorca\/","og_site_name":"Tablao Flamenco Alma","article_publisher":"https:\/\/www.facebook.com\/tablaoflamencoalma","article_published_time":"2026-03-24T18:18:50+00:00","article_modified_time":"2026-05-28T05:20:44+00:00","og_image":[{"width":1080,"height":1920,"url":"https:\/\/tablaoflamencoalma.com\/wp-content\/uploads\/2026\/03\/Que-es-el-duende-flamenco-Portada-post.jpg","type":"image\/jpeg"}],"author":"Tablao Flamenco Alma","twitter_card":"summary_large_image","twitter_misc":{"\u00c9crit par":"Tablao Flamenco Alma","Dur\u00e9e de lecture estim\u00e9e":"4 minutes"},"schema":{"@context":"https:\/\/schema.org","@graph":[{"@type":"Article","@id":"https:\/\/tablaoflamencoalma.com\/que-es-duende-flamenco-palma-mallorca\/#article","isPartOf":{"@id":"https:\/\/tablaoflamencoalma.com\/que-es-duende-flamenco-palma-mallorca\/"},"author":{"name":"Tablao Flamenco Alma","@id":"https:\/\/tablaoflamencoalma.com\/#\/schema\/person\/9d0c2a9a099918689427e2a0b2dd0f5c"},"headline":"\u00bfQu\u00e9 es el duende flamenco? Vive su magia en Tablao Alma","datePublished":"2026-03-24T18:18:50+00:00","dateModified":"2026-05-28T05:20:44+00:00","mainEntityOfPage":{"@id":"https:\/\/tablaoflamencoalma.com\/que-es-duende-flamenco-palma-mallorca\/"},"wordCount":695,"commentCount":0,"publisher":{"@id":"https:\/\/tablaoflamencoalma.com\/#organization"},"image":{"@id":"https:\/\/tablaoflamencoalma.com\/que-es-duende-flamenco-palma-mallorca\/#primaryimage"},"thumbnailUrl":"https:\/\/tablaoflamencoalma.com\/wp-content\/uploads\/2026\/03\/Que-es-el-duende-flamenco-Portada-post.jpg","articleSection":["El Flamenco"],"inLanguage":"fr-FR","potentialAction":[{"@type":"CommentAction","name":"Comment","target":["https:\/\/tablaoflamencoalma.com\/que-es-duende-flamenco-palma-mallorca\/#respond"]}]},{"@type":"WebPage","@id":"https:\/\/tablaoflamencoalma.com\/que-es-duende-flamenco-palma-mallorca\/","url":"https:\/\/tablaoflamencoalma.com\/que-es-duende-flamenco-palma-mallorca\/","name":"Qu'est-ce que le \u00ab duende \u00bb du flamenco ? D\u00e9couvrez la magie au Tablao Flamenco Alma","isPartOf":{"@id":"https:\/\/tablaoflamencoalma.com\/#website"},"primaryImageOfPage":{"@id":"https:\/\/tablaoflamencoalma.com\/que-es-duende-flamenco-palma-mallorca\/#primaryimage"},"image":{"@id":"https:\/\/tablaoflamencoalma.com\/que-es-duende-flamenco-palma-mallorca\/#primaryimage"},"thumbnailUrl":"https:\/\/tablaoflamencoalma.com\/wp-content\/uploads\/2026\/03\/Que-es-el-duende-flamenco-Portada-post.jpg","datePublished":"2026-03-24T18:18:50+00:00","dateModified":"2026-05-28T05:20:44+00:00","description":"Si vous \u00eates \u00e0 Majorque et que vous recherchez plus qu'un simple spectacle, nous vous invitons aujourd'hui \u00e0 d\u00e9couvrir le secret le mieux gard\u00e9 de notre culture.","breadcrumb":{"@id":"https:\/\/tablaoflamencoalma.com\/que-es-duende-flamenco-palma-mallorca\/#breadcrumb"},"inLanguage":"fr-FR","potentialAction":[{"@type":"ReadAction","target":["https:\/\/tablaoflamencoalma.com\/que-es-duende-flamenco-palma-mallorca\/"]}]},{"@type":"ImageObject","inLanguage":"fr-FR","@id":"https:\/\/tablaoflamencoalma.com\/que-es-duende-flamenco-palma-mallorca\/#primaryimage","url":"https:\/\/tablaoflamencoalma.com\/wp-content\/uploads\/2026\/03\/Que-es-el-duende-flamenco-Portada-post.jpg","contentUrl":"https:\/\/tablaoflamencoalma.com\/wp-content\/uploads\/2026\/03\/Que-es-el-duende-flamenco-Portada-post.jpg","width":1080,"height":1920,"caption":"Qu\u00e9 es el duende flamenco Portada post"},{"@type":"BreadcrumbList","@id":"https:\/\/tablaoflamencoalma.com\/que-es-duende-flamenco-palma-mallorca\/#breadcrumb","itemListElement":[{"@type":"ListItem","position":1,"name":"Portada","item":"https:\/\/tablaoflamencoalma.com\/"},{"@type":"ListItem","position":2,"name":"\u00bfQu\u00e9 es el duende flamenco? Vive su magia en Tablao Alma"}]},{"@type":"WebSite","@id":"https:\/\/tablaoflamencoalma.com\/#website","url":"https:\/\/tablaoflamencoalma.com\/","name":"Tablao flamenco Alma","description":"Tablao flamenco Alma","publisher":{"@id":"https:\/\/tablaoflamencoalma.com\/#organization"},"potentialAction":[{"@type":"SearchAction","target":{"@type":"EntryPoint","urlTemplate":"https:\/\/tablaoflamencoalma.com\/?s={search_term_string}"},"query-input":{"@type":"PropertyValueSpecification","valueRequired":true,"valueName":"search_term_string"}}],"inLanguage":"fr-FR"},{"@type":"Organization","@id":"https:\/\/tablaoflamencoalma.com\/#organization","name":"Tablao flamenco Alma","url":"https:\/\/tablaoflamencoalma.com\/","logo":{"@type":"ImageObject","inLanguage":"fr-FR","@id":"https:\/\/tablaoflamencoalma.com\/#\/schema\/logo\/image\/","url":"https:\/\/tablaoflamencoalma.com\/wp-content\/uploads\/2024\/01\/cropped-tablao-flamenco-alma-01-04.png","contentUrl":"https:\/\/tablaoflamencoalma.com\/wp-content\/uploads\/2024\/01\/cropped-tablao-flamenco-alma-01-04.png","width":512,"height":512,"caption":"Tablao Flamenco Alma"},"image":{"@id":"https:\/\/tablaoflamencoalma.com\/#\/schema\/logo\/image\/"},"sameAs":["https:\/\/www.facebook.com\/tablaoflamencoalma","https:\/\/www.instagram.com\/tablaoflamencoalma"]},{"@type":"Person","@id":"https:\/\/tablaoflamencoalma.com\/#\/schema\/person\/9d0c2a9a099918689427e2a0b2dd0f5c","name":"Tablao flamenco Alma","image":{"@type":"ImageObject","inLanguage":"fr-FR","@id":"https:\/\/tablaoflamencoalma.com\/wp-content\/litespeed\/avatar\/797b83aa1ddf30f355ead08e864f8dad.jpg?ver=1788140548","url":"https:\/\/tablaoflamencoalma.com\/wp-content\/litespeed\/avatar\/797b83aa1ddf30f355ead08e864f8dad.jpg?ver=1788140548","contentUrl":"https:\/\/tablaoflamencoalma.com\/wp-content\/litespeed\/avatar\/797b83aa1ddf30f355ead08e864f8dad.jpg?ver=1788140548","caption":"Tablao Flamenco Alma"},"url":"https:\/\/tablaoflamencoalma.com\/fr\/author\/flamencoalma\/"}]}},"_links":{"self":[{"href":"https:\/\/tablaoflamencoalma.com\/fr\/wp-json\/wp\/v2\/posts\/6889","targetHints":{"allow":["GET"]}}],"collection":[{"href":"https:\/\/tablaoflamencoalma.com\/fr\/wp-json\/wp\/v2\/posts"}],"about":[{"href":"https:\/\/tablaoflamencoalma.com\/fr\/wp-json\/wp\/v2\/types\/post"}],"author":[{"embeddable":true,"href":"https:\/\/tablaoflamencoalma.com\/fr\/wp-json\/wp\/v2\/users\/3"}],"replies":[{"embeddable":true,"href":"https:\/\/tablaoflamencoalma.com\/fr\/wp-json\/wp\/v2\/comments?post=6889"}],"version-history":[{"count":3,"href":"https:\/\/tablaoflamencoalma.com\/fr\/wp-json\/wp\/v2\/posts\/6889\/revisions"}],"predecessor-version":[{"id":7530,"href":"https:\/\/tablaoflamencoalma.com\/fr\/wp-json\/wp\/v2\/posts\/6889\/revisions\/7530"}],"wp:featuredmedia":[{"embeddable":true,"href":"https:\/\/tablaoflamencoalma.com\/fr\/wp-json\/wp\/v2\/media\/6890"}],"wp:attachment":[{"href":"https:\/\/tablaoflamencoalma.com\/fr\/wp-json\/wp\/v2\/media?parent=6889"}],"wp:term":[{"taxonomy":"category","embeddable":true,"href":"https:\/\/tablaoflamencoalma.com\/fr\/wp-json\/wp\/v2\/categories?post=6889"},{"taxonomy":"post_tag","embeddable":true,"href":"https:\/\/tablaoflamencoalma.com\/fr\/wp-json\/wp\/v2\/tags?post=6889"}],"curies":[{"name":"wp","href":"https:\/\/api.w.org\/{rel}","templated":true}]}}