{"id":6814,"date":"2025-12-26T13:15:34","date_gmt":"2025-12-26T12:15:34","guid":{"rendered":"https:\/\/tablaoflamencoalma.com\/?p=6814"},"modified":"2026-06-16T08:33:53","modified_gmt":"2026-06-16T07:33:53","slug":"guia-definitiva-para-visitar-tablao-flamenco-alma-en-palma","status":"publish","type":"post","link":"https:\/\/tablaoflamencoalma.com\/fr\/guia-definitiva-para-visitar-tablao-flamenco-alma-en-palma\/","title":{"rendered":"Guide pour visiter le Tablao Alma : horaires et conseils pratiques."},"content":{"rendered":"<p class=\"wp-block-paragraph\">Vous pr\u00e9voyez de visiter <a href=\"https:\/\/tablaoflamencoalma.com\/fr\/\"><strong>Tablao flamenco Alma<\/strong><\/a>, le c\u0153ur du <strong>spectacle de flamenco \u00e0 Palma<\/strong>, et tu te poses des questions d'ordre pratique ? Nous voulons que ta seule pr\u00e9occupation soit de profiter de la magie et de la passion de notre <strong>spectacle de flamenco en direct<\/strong> \u00e0 Majorque.<\/p>\n\n\n\n<p class=\"wp-block-paragraph\">Nous avons pr\u00e9par\u00e9 cette <strong>Guide pratique du Tablao Flamenco Alma<\/strong> pour r\u00e9pondre \u00e0 toutes ces questions essentielles qui se posent avant un \u00e9v\u00e9nement culturel. Si tu te demandes <strong>Comment s'habiller pour aller dans un tablao de flamenco<\/strong>, \u00e0 quelle heure arriver pour avoir la meilleure place, ou quels services nous proposons, vous \u00eates au bon endroit.<\/p>\n\n\n\n<p class=\"wp-block-paragraph\">Continuez \u00e0 lire pour d\u00e9couvrir toute la <strong>Informations pratiques sur le Tablao Flamenco Alma<\/strong> sur les horaires, la tenue vestimentaire, l'accessibilit\u00e9 et la gastronomie. Notre objectif est de vous \u00e9viter tout d\u00e9sagr\u00e9ment afin que vous puissiez vous concentrer uniquement sur le fait de passer une soir\u00e9e inoubliable en profitant d'un accueil irr\u00e9prochable.<\/p>\n\n\n\n<h2 class=\"wp-block-heading\">R\u00e9pondre aux questions pratiques<\/h2>\n\n\n\n<h3 class=\"wp-block-heading\">La question cruciale : quel est le code vestimentaire \u00e0 respecter pour aller au tablao ?<\/h3>\n\n\n\n<p class=\"wp-block-paragraph\">L'une des questions les plus fr\u00e9quentes concerne <strong>Comment s'habiller pour aller dans un tablao de flamenco<\/strong>. La r\u00e9ponse est simple et flexible :<\/p>\n\n\n\n<p class=\"wp-block-paragraph\"><strong>Il n'y a pas de code vestimentaire strict, mais nous vous recommandons une tenue \u00ab smart casual \u00bb.<\/strong><\/p>\n\n\n\n<p class=\"wp-block-paragraph\"><a href=\"https:\/\/tablaoflamencoalma.com\/fr\/\"><strong>Tablao flamenco Alma<\/strong><\/a> C'est un th\u00e9\u00e2tre de flamenco situ\u00e9 dans un cadre raffin\u00e9. Nous vous invitons \u00e0 vous habiller pour l'occasion :<\/p>\n\n\n\n<ul class=\"wp-block-list\">\n<li><strong>Recommandation :<\/strong> Optez pour des v\u00eatements confortables mais soign\u00e9s. Un pantalon \u00e9l\u00e9gant, une chemise ou un polo, une robe ou une jupe sont parfaits.<\/li>\n\n\n\n<li><strong>\u00c0 \u00e9viter :<\/strong> V\u00eatements de plage, maillots de bain, tongs ou tenues de sport. C'est une soir\u00e9e plac\u00e9e sous le signe du th\u00e9\u00e2tre et de la culture.<\/li>\n<\/ul>\n\n\n\n<p class=\"wp-block-paragraph\">En suivant cette suggestion <strong>Smart Casual<\/strong>, vous serez s\u00fbr de vous sentir en harmonie avec l'atmosph\u00e8re particuli\u00e8re et respectueuse de notre <em>th\u00e9\u00e2tre de flamenco \u00e0 Majorque<\/em>.<\/p>\n\n\n\n<h3 class=\"wp-block-heading\">Horaires, heure de d\u00e9but et dur\u00e9e du spectacle<\/h3>\n\n\n\n<p class=\"wp-block-paragraph\">Pour que vous puissiez profiter pleinement de cette exp\u00e9rience, il est essentiel de savoir quand venir.<\/p>\n\n\n\n<p class=\"wp-block-paragraph\"><strong>Horaires des spectacles de flamenco en direct<\/strong><\/p>\n\n\n\n<p class=\"wp-block-paragraph\">Nous proposons trois horaires par jour pour nous adapter \u00e0 votre emploi du temps, que vous soyez en vacances ou r\u00e9sident :<\/p>\n\n\n\n<ul class=\"wp-block-list\">\n<li><strong>Pass apr\u00e8s-midi :<\/strong> 17 h 30.<\/li>\n\n\n\n<li><strong>Pass d\u00eener :<\/strong> 19 h 30.<\/li>\n\n\n\n<li><strong>Pass de nuit :<\/strong> 21 h 30.<\/li>\n<\/ul>\n\n\n\n<p class=\"wp-block-paragraph\">Nos <em>spectacles<\/em> de <a href=\"https:\/\/tablaoflamencoalma.com\/fr\/une-nuit-magique-a-palma-flamenco-au-tablao-flamenco-alma-diner-et-promenade\/\"><strong>spectacle de flamenco en direct<\/strong><\/a> sont effectu\u00e9s <strong>tous les jours de la semaine<\/strong>.<\/p>\n\n\n\n<p class=\"wp-block-paragraph\"><strong>\u00c0 quelle heure dois-je arriver ?<\/strong><\/p>\n\n\n\n<p class=\"wp-block-paragraph\">Nous vous recommandons vivement d'arriver \u00e0 l'avance :<\/p>\n\n\n\n<ul class=\"wp-block-list\">\n<li><strong>Pr\u00e9sence :<\/strong> Participez avec <strong>environ 30 minutes \u00e0 l'avance<\/strong> en ce qui concerne le d\u00e9but du spectacle.<\/li>\n\n\n\n<li><strong>Avantages :<\/strong> Cela vous permet de d\u00e9guster tranquillement votre boisson de bienvenue et de profiter de notre service de restauration ainsi que de l'exposition de tableaux avant le d\u00e9but du spectacle.<\/li>\n<\/ul>\n\n\n\n<p class=\"wp-block-paragraph\"><strong>Combien de temps dure cette exp\u00e9rience ?<\/strong><\/p>\n\n\n\n<p class=\"wp-block-paragraph\">La dur\u00e9e du spectacle de <strong>Tablao flamenco Alma<\/strong> c'est de <strong>une heure<\/strong> d'\u00e9motion \u00e0 l'\u00e9tat pur et d'art jondo.<\/p>\n\n\n\n<h3 class=\"wp-block-heading\">Services et conseils utiles pendant votre s\u00e9jour<\/h3>\n\n\n\n<p class=\"wp-block-paragraph\">En voici quelques-uns <strong>Conseils pour visiter notre tablao de flamenco Alma<\/strong> qui am\u00e9lioreront votre exp\u00e9rience :<\/p>\n\n\n\n<p class=\"wp-block-paragraph\"><strong>Boissons, gastronomie et bar<\/strong><\/p>\n\n\n\n<ul class=\"wp-block-list\">\n<li><strong>Boisson comprise :<\/strong> \u00c0 chaque entr\u00e9e, vous avez <strong>une boisson offerte<\/strong> Au choix : bi\u00e8re, vin, boisson non alcoolis\u00e9e, cava ou sangria.<\/li>\n\n\n\n<li><strong>Service de restauration :<\/strong> Compl\u00e9tez votre soir\u00e9e gr\u00e2ce \u00e0 notre service de restauration. Nous vous proposons les plats les plus embl\u00e9matiques de la gastronomie espagnole et, bien s\u00fbr, des sp\u00e9cialit\u00e9s de Majorque et des \u00eeles Bal\u00e9ares, id\u00e9ales pour un d\u00eener culturel.<\/li>\n<\/ul>\n\n\n\n<h4 class=\"wp-block-heading\">Photos, vid\u00e9os et l'art du flamenco<\/h4>\n\n\n\n<p class=\"wp-block-paragraph\">Il est permis de prendre des photos et de r\u00e9aliser de courtes vid\u00e9os en souvenir. Cependant, nous te demandons :<\/p>\n\n\n\n<ul class=\"wp-block-list\">\n<li><strong>Sans flash :<\/strong> L'utilisation de <em>flash<\/em> ou des lumi\u00e8res d'appoint afin de ne pas d\u00e9ranger les artistes ni le reste du public.<\/li>\n\n\n\n<li><strong>Avec tout mon respect :<\/strong> \u00c9vitez de filmer ou de prendre des photos d'une mani\u00e8re qui puisse perturber l'exp\u00e9rience des autres. La concentration des artistes est essentielle pour transmettre le <em>lutin<\/em>.<\/li>\n<\/ul>\n\n\n\n<h4 class=\"wp-block-heading\">Langues et flexibilit\u00e9<\/h4>\n\n\n\n<ul class=\"wp-block-list\">\n<li><strong>Service client multilingue :<\/strong> Notre aimable personnel de salle et notre ma\u00eetre d'h\u00f4tel seront \u00e0 votre disposition pour <strong>espagnol et anglais<\/strong>.<\/li>\n\n\n\n<li><strong>Politique d'annulation :<\/strong> La r\u00e9servation est s\u00e9curis\u00e9e et flexible. Nous proposons <strong>annulation gratuite jusqu'\u00e0 24 heures avant<\/strong> depuis le d\u00e9but du <em>afficher<\/em> avec remboursement int\u00e9gral.<\/li>\n<\/ul>\n\n\n\n<h3 class=\"wp-block-heading\">Accessibilit\u00e9 et emplacement<\/h3>\n\n\n\n<p class=\"wp-block-paragraph\">Veiller \u00e0 ce que tout le monde puisse appr\u00e9cier le flamenco est une priorit\u00e9.<\/p>\n\n\n\n<ul class=\"wp-block-list\">\n<li><strong>Accessibilit\u00e9 :<\/strong> Nous confirmons que <strong>Tablao flamenco Alma<\/strong> c'est <strong>accessible en fauteuil roulant<\/strong>. Si vous avez besoin d'une assistance particuli\u00e8re, veuillez le pr\u00e9ciser lors de votre r\u00e9servation.<\/li>\n<\/ul>\n\n\n\n<h2 class=\"wp-block-heading\">Conclusion et prochaines \u00e9tapes<\/h2>\n\n\n\n<p class=\"wp-block-paragraph\">Nous esp\u00e9rons que ceci <strong>guide pratique du <\/strong><a href=\"https:\/\/tablaoflamencoalma.com\/fr\/\"><strong>Tablao flamenco Alma<\/strong><\/a> j'esp\u00e8re avoir r\u00e9pondu \u00e0 toutes tes questions. Tu sais bien <strong>Comment s'habiller pour aller dans un tablao de flamenco<\/strong> (\u00e9l\u00e9gant <em>Smart Casual<\/em>), \u00e0 quelle heure arriver (30 minutes avant) et ce \u00e0 quoi vous pouvez vous attendre de notre service (boissons et cuisine).<\/p>\n\n\n\n<p class=\"wp-block-paragraph\">Avec toute la <strong>Informations pratiques sur le Tablao Flamenco Alma<\/strong> C'est fait, il ne te reste plus qu'une derni\u00e8re \u00e9tape : r\u00e9server ta place. Ne laisse pas passer l'occasion de vivre la meilleure <strong>th\u00e9\u00e2tre de flamenco \u00e0 Majorque<\/strong> s'\u00e9chappe.<\/p>\n\n\n\n<p class=\"wp-block-paragraph\"><strong>R\u00e9servez d\u00e8s maintenant votre soir\u00e9e au Tablao Flamenco Alma et pr\u00e9parez-vous \u00e0 vivre la passion en direct !<\/strong><\/p>","protected":false},"excerpt":{"rendered":"<p>\u00bfEst\u00e1s planeando tu visita a Tablao Flamenco Alma, el coraz\u00f3n del espect\u00e1culo flamenco en palma, y te asaltan las dudas pr\u00e1cticas? Queremos que tu \u00fanica preocupaci\u00f3n sea disfrutar del duende y la pasi\u00f3n de nuestro tablao flamenco en vivo en Mallorca. Hemos preparado esta gu\u00eda pr\u00e1ctica del Tablao Flamenco Alma para responder a todas esas [&hellip;]<\/p>\n","protected":false},"author":3,"featured_media":6815,"comment_status":"open","ping_status":"open","sticky":false,"template":"","format":"standard","meta":{"site-sidebar-layout":"default","site-content-layout":"","ast-site-content-layout":"default","site-content-style":"default","site-sidebar-style":"default","ast-global-header-display":"","ast-banner-title-visibility":"","ast-main-header-display":"","ast-hfb-above-header-display":"","ast-hfb-below-header-display":"","ast-hfb-mobile-header-display":"","site-post-title":"","ast-breadcrumbs-content":"","ast-featured-img":"","footer-sml-layout":"","theme-transparent-header-meta":"","adv-header-id-meta":"","stick-header-meta":"","header-above-stick-meta":"","header-main-stick-meta":"","header-below-stick-meta":"","astra-migrate-meta-layouts":"set","ast-page-background-enabled":"default","ast-page-background-meta":{"desktop":{"background-color":"var(--ast-global-color-4)","background-image":"","background-repeat":"repeat","background-position":"center center","background-size":"auto","background-attachment":"scroll","background-type":"","background-media":"","overlay-type":"","overlay-color":"","overlay-opacity":"","overlay-gradient":""},"tablet":{"background-color":"","background-image":"","background-repeat":"repeat","background-position":"center center","background-size":"auto","background-attachment":"scroll","background-type":"","background-media":"","overlay-type":"","overlay-color":"","overlay-opacity":"","overlay-gradient":""},"mobile":{"background-color":"","background-image":"","background-repeat":"repeat","background-position":"center center","background-size":"auto","background-attachment":"scroll","background-type":"","background-media":"","overlay-type":"","overlay-color":"","overlay-opacity":"","overlay-gradient":""}},"ast-content-background-meta":{"desktop":{"background-color":"var(--ast-global-color-5)","background-image":"","background-repeat":"repeat","background-position":"center center","background-size":"auto","background-attachment":"scroll","background-type":"","background-media":"","overlay-type":"","overlay-color":"","overlay-opacity":"","overlay-gradient":""},"tablet":{"background-color":"var(--ast-global-color-5)","background-image":"","background-repeat":"repeat","background-position":"center center","background-size":"auto","background-attachment":"scroll","background-type":"","background-media":"","overlay-type":"","overlay-color":"","overlay-opacity":"","overlay-gradient":""},"mobile":{"background-color":"var(--ast-global-color-5)","background-image":"","background-repeat":"repeat","background-position":"center center","background-size":"auto","background-attachment":"scroll","background-type":"","background-media":"","overlay-type":"","overlay-color":"","overlay-opacity":"","overlay-gradient":""}},"footnotes":""},"categories":[17],"tags":[],"class_list":["post-6814","post","type-post","status-publish","format-standard","has-post-thumbnail","hentry","category-general"],"yoast_head":"<!-- This site is optimized with the Yoast SEO plugin v28.4 - https:\/\/yoast.com\/product\/yoast-seo-wordpress\/ -->\n<title>C\u00f3mo Vestir Tablao Flamenco Alma: Horarios y Gu\u00eda Pr\u00e1ctica- Tablao Flamenco Alma<\/title>\n<meta name=\"description\" content=\"\u00bfDudas sobre tu visita? Descubre c\u00f3mo vestir tablao flamenco (Smart Casual), los horarios de los shows (5:30, 7:30, 9:30 P.M.), gastronom\u00eda y accesibilidad. \u00a1Prep\u00e1rate para el duende!\" \/>\n<meta name=\"robots\" content=\"index, follow, max-snippet:-1, max-image-preview:large, max-video-preview:-1\" \/>\n<link rel=\"canonical\" href=\"https:\/\/tablaoflamencoalma.com\/fr\/guia-definitiva-para-visitar-tablao-flamenco-alma-en-palma\/\" \/>\n<meta property=\"og:locale\" content=\"fr_FR\" \/>\n<meta property=\"og:type\" content=\"article\" \/>\n<meta property=\"og:title\" content=\"C\u00f3mo Vestir Tablao Flamenco Alma: Horarios y Gu\u00eda Pr\u00e1ctica- Tablao Flamenco Alma\" \/>\n<meta property=\"og:description\" content=\"\u00bfDudas sobre tu visita? Descubre c\u00f3mo vestir tablao flamenco (Smart Casual), los horarios de los shows (5:30, 7:30, 9:30 P.M.), gastronom\u00eda y accesibilidad. \u00a1Prep\u00e1rate para el duende!\" \/>\n<meta property=\"og:url\" content=\"https:\/\/tablaoflamencoalma.com\/fr\/guia-definitiva-para-visitar-tablao-flamenco-alma-en-palma\/\" \/>\n<meta property=\"og:site_name\" content=\"Tablao Flamenco Alma\" \/>\n<meta property=\"article:publisher\" content=\"https:\/\/www.facebook.com\/tablaoflamencoalma\" \/>\n<meta property=\"article:published_time\" content=\"2025-12-26T12:15:34+00:00\" \/>\n<meta property=\"article:modified_time\" content=\"2026-06-16T07:33:53+00:00\" \/>\n<meta property=\"og:image\" content=\"https:\/\/tablaoflamencoalma.com\/wp-content\/uploads\/2025\/12\/Guia-Practica-para-tu-Visita-a-Tablao-Alma-portada-post.jpg\" \/>\n\t<meta property=\"og:image:width\" content=\"960\" \/>\n\t<meta property=\"og:image:height\" content=\"640\" \/>\n\t<meta property=\"og:image:type\" content=\"image\/webp\" \/>\n<meta name=\"author\" content=\"Tablao Flamenco Alma\" \/>\n<meta name=\"twitter:card\" content=\"summary_large_image\" \/>\n<meta name=\"twitter:label1\" content=\"\u00c9crit par\" \/>\n\t<meta name=\"twitter:data1\" content=\"Tablao Flamenco Alma\" \/>\n\t<meta name=\"twitter:label2\" content=\"Dur\u00e9e de lecture estim\u00e9e\" \/>\n\t<meta name=\"twitter:data2\" content=\"4 minutes\" \/>\n<script type=\"application\/ld+json\" class=\"yoast-schema-graph\">{\"@context\":\"https:\\\/\\\/schema.org\",\"@graph\":[{\"@type\":\"Article\",\"@id\":\"https:\\\/\\\/tablaoflamencoalma.com\\\/guia-definitiva-para-visitar-tablao-flamenco-alma-en-palma\\\/#article\",\"isPartOf\":{\"@id\":\"https:\\\/\\\/tablaoflamencoalma.com\\\/guia-definitiva-para-visitar-tablao-flamenco-alma-en-palma\\\/\"},\"author\":{\"name\":\"Tablao Flamenco Alma\",\"@id\":\"https:\\\/\\\/tablaoflamencoalma.com\\\/#\\\/schema\\\/person\\\/9d0c2a9a099918689427e2a0b2dd0f5c\"},\"headline\":\"Gu\u00eda para visitar Tablao Alma: horarios y consejos claves \u00fatiles.\",\"datePublished\":\"2025-12-26T12:15:34+00:00\",\"dateModified\":\"2026-06-16T07:33:53+00:00\",\"mainEntityOfPage\":{\"@id\":\"https:\\\/\\\/tablaoflamencoalma.com\\\/guia-definitiva-para-visitar-tablao-flamenco-alma-en-palma\\\/\"},\"wordCount\":807,\"commentCount\":0,\"publisher\":{\"@id\":\"https:\\\/\\\/tablaoflamencoalma.com\\\/#organization\"},\"image\":{\"@id\":\"https:\\\/\\\/tablaoflamencoalma.com\\\/guia-definitiva-para-visitar-tablao-flamenco-alma-en-palma\\\/#primaryimage\"},\"thumbnailUrl\":\"https:\\\/\\\/tablaoflamencoalma.com\\\/wp-content\\\/uploads\\\/2025\\\/12\\\/Guia-Practica-para-tu-Visita-a-Tablao-Alma-portada-post.jpg\",\"articleSection\":[\"General\"],\"inLanguage\":\"fr-FR\",\"potentialAction\":[{\"@type\":\"CommentAction\",\"name\":\"Comment\",\"target\":[\"https:\\\/\\\/tablaoflamencoalma.com\\\/guia-definitiva-para-visitar-tablao-flamenco-alma-en-palma\\\/#respond\"]}]},{\"@type\":\"WebPage\",\"@id\":\"https:\\\/\\\/tablaoflamencoalma.com\\\/guia-definitiva-para-visitar-tablao-flamenco-alma-en-palma\\\/\",\"url\":\"https:\\\/\\\/tablaoflamencoalma.com\\\/guia-definitiva-para-visitar-tablao-flamenco-alma-en-palma\\\/\",\"name\":\"C\u00f3mo Vestir Tablao Flamenco Alma: Horarios y Gu\u00eda Pr\u00e1ctica- Tablao Flamenco Alma\",\"isPartOf\":{\"@id\":\"https:\\\/\\\/tablaoflamencoalma.com\\\/#website\"},\"primaryImageOfPage\":{\"@id\":\"https:\\\/\\\/tablaoflamencoalma.com\\\/guia-definitiva-para-visitar-tablao-flamenco-alma-en-palma\\\/#primaryimage\"},\"image\":{\"@id\":\"https:\\\/\\\/tablaoflamencoalma.com\\\/guia-definitiva-para-visitar-tablao-flamenco-alma-en-palma\\\/#primaryimage\"},\"thumbnailUrl\":\"https:\\\/\\\/tablaoflamencoalma.com\\\/wp-content\\\/uploads\\\/2025\\\/12\\\/Guia-Practica-para-tu-Visita-a-Tablao-Alma-portada-post.jpg\",\"datePublished\":\"2025-12-26T12:15:34+00:00\",\"dateModified\":\"2026-06-16T07:33:53+00:00\",\"description\":\"\u00bfDudas sobre tu visita? Descubre c\u00f3mo vestir tablao flamenco (Smart Casual), los horarios de los shows (5:30, 7:30, 9:30 P.M.), gastronom\u00eda y accesibilidad. \u00a1Prep\u00e1rate para el duende!\",\"breadcrumb\":{\"@id\":\"https:\\\/\\\/tablaoflamencoalma.com\\\/guia-definitiva-para-visitar-tablao-flamenco-alma-en-palma\\\/#breadcrumb\"},\"inLanguage\":\"fr-FR\",\"potentialAction\":[{\"@type\":\"ReadAction\",\"target\":[\"https:\\\/\\\/tablaoflamencoalma.com\\\/guia-definitiva-para-visitar-tablao-flamenco-alma-en-palma\\\/\"]}]},{\"@type\":\"ImageObject\",\"inLanguage\":\"fr-FR\",\"@id\":\"https:\\\/\\\/tablaoflamencoalma.com\\\/guia-definitiva-para-visitar-tablao-flamenco-alma-en-palma\\\/#primaryimage\",\"url\":\"https:\\\/\\\/tablaoflamencoalma.com\\\/wp-content\\\/uploads\\\/2025\\\/12\\\/Guia-Practica-para-tu-Visita-a-Tablao-Alma-portada-post.jpg\",\"contentUrl\":\"https:\\\/\\\/tablaoflamencoalma.com\\\/wp-content\\\/uploads\\\/2025\\\/12\\\/Guia-Practica-para-tu-Visita-a-Tablao-Alma-portada-post.jpg\",\"width\":960,\"height\":640,\"caption\":\"Gui\u0301a Pra\u0301ctica para tu Visita a Tablao Alma portada post\"},{\"@type\":\"BreadcrumbList\",\"@id\":\"https:\\\/\\\/tablaoflamencoalma.com\\\/guia-definitiva-para-visitar-tablao-flamenco-alma-en-palma\\\/#breadcrumb\",\"itemListElement\":[{\"@type\":\"ListItem\",\"position\":1,\"name\":\"Portada\",\"item\":\"https:\\\/\\\/tablaoflamencoalma.com\\\/\"},{\"@type\":\"ListItem\",\"position\":2,\"name\":\"Gu\u00eda para visitar Tablao Alma: horarios y consejos claves \u00fatiles.\"}]},{\"@type\":\"WebSite\",\"@id\":\"https:\\\/\\\/tablaoflamencoalma.com\\\/#website\",\"url\":\"https:\\\/\\\/tablaoflamencoalma.com\\\/\",\"name\":\"Tablao Flamenco Alma\",\"description\":\"Tablao Flamenco Alma\",\"publisher\":{\"@id\":\"https:\\\/\\\/tablaoflamencoalma.com\\\/#organization\"},\"potentialAction\":[{\"@type\":\"SearchAction\",\"target\":{\"@type\":\"EntryPoint\",\"urlTemplate\":\"https:\\\/\\\/tablaoflamencoalma.com\\\/?s={search_term_string}\"},\"query-input\":{\"@type\":\"PropertyValueSpecification\",\"valueRequired\":true,\"valueName\":\"search_term_string\"}}],\"inLanguage\":\"fr-FR\"},{\"@type\":\"Organization\",\"@id\":\"https:\\\/\\\/tablaoflamencoalma.com\\\/#organization\",\"name\":\"Tablao Flamenco Alma\",\"url\":\"https:\\\/\\\/tablaoflamencoalma.com\\\/\",\"logo\":{\"@type\":\"ImageObject\",\"inLanguage\":\"fr-FR\",\"@id\":\"https:\\\/\\\/tablaoflamencoalma.com\\\/#\\\/schema\\\/logo\\\/image\\\/\",\"url\":\"https:\\\/\\\/tablaoflamencoalma.com\\\/wp-content\\\/uploads\\\/2024\\\/01\\\/cropped-tablao-flamenco-alma-01-04.png\",\"contentUrl\":\"https:\\\/\\\/tablaoflamencoalma.com\\\/wp-content\\\/uploads\\\/2024\\\/01\\\/cropped-tablao-flamenco-alma-01-04.png\",\"width\":512,\"height\":512,\"caption\":\"Tablao Flamenco Alma\"},\"image\":{\"@id\":\"https:\\\/\\\/tablaoflamencoalma.com\\\/#\\\/schema\\\/logo\\\/image\\\/\"},\"sameAs\":[\"https:\\\/\\\/www.facebook.com\\\/tablaoflamencoalma\",\"https:\\\/\\\/www.instagram.com\\\/tablaoflamencoalma\"]},{\"@type\":\"Person\",\"@id\":\"https:\\\/\\\/tablaoflamencoalma.com\\\/#\\\/schema\\\/person\\\/9d0c2a9a099918689427e2a0b2dd0f5c\",\"name\":\"Tablao Flamenco Alma\",\"image\":{\"@type\":\"ImageObject\",\"inLanguage\":\"fr-FR\",\"@id\":\"https:\\\/\\\/tablaoflamencoalma.com\\\/wp-content\\\/litespeed\\\/avatar\\\/797b83aa1ddf30f355ead08e864f8dad.jpg?ver=1788140548\",\"url\":\"https:\\\/\\\/tablaoflamencoalma.com\\\/wp-content\\\/litespeed\\\/avatar\\\/797b83aa1ddf30f355ead08e864f8dad.jpg?ver=1788140548\",\"contentUrl\":\"https:\\\/\\\/tablaoflamencoalma.com\\\/wp-content\\\/litespeed\\\/avatar\\\/797b83aa1ddf30f355ead08e864f8dad.jpg?ver=1788140548\",\"caption\":\"Tablao Flamenco Alma\"},\"url\":\"https:\\\/\\\/tablaoflamencoalma.com\\\/fr\\\/author\\\/flamencoalma\\\/\"}]}<\/script>\n<!-- \/ Yoast SEO plugin. -->","yoast_head_json":{"title":"Comment s'habiller pour le Tablao Flamenco Alma : horaires et guide pratique - Tablao Flamenco Alma","description":"Vous avez des questions concernant votre visite ? D\u00e9couvrez la tenue \u00e0 adopter pour un tablao de flamenco (Smart Casual), les horaires des spectacles (17 h 30, 19 h 30, 21 h 30), la gastronomie et l'accessibilit\u00e9. Pr\u00e9parez-vous \u00e0 vivre le \u00ab duende \u00bb !","robots":{"index":"index","follow":"follow","max-snippet":"max-snippet:-1","max-image-preview":"max-image-preview:large","max-video-preview":"max-video-preview:-1"},"canonical":"https:\/\/tablaoflamencoalma.com\/fr\/guia-definitiva-para-visitar-tablao-flamenco-alma-en-palma\/","og_locale":"fr_FR","og_type":"article","og_title":"C\u00f3mo Vestir Tablao Flamenco Alma: Horarios y Gu\u00eda Pr\u00e1ctica- Tablao Flamenco Alma","og_description":"\u00bfDudas sobre tu visita? Descubre c\u00f3mo vestir tablao flamenco (Smart Casual), los horarios de los shows (5:30, 7:30, 9:30 P.M.), gastronom\u00eda y accesibilidad. \u00a1Prep\u00e1rate para el duende!","og_url":"https:\/\/tablaoflamencoalma.com\/fr\/guia-definitiva-para-visitar-tablao-flamenco-alma-en-palma\/","og_site_name":"Tablao Flamenco Alma","article_publisher":"https:\/\/www.facebook.com\/tablaoflamencoalma","article_published_time":"2025-12-26T12:15:34+00:00","article_modified_time":"2026-06-16T07:33:53+00:00","og_image":[{"width":960,"height":640,"url":"https:\/\/tablaoflamencoalma.com\/wp-content\/uploads\/2025\/12\/Guia-Practica-para-tu-Visita-a-Tablao-Alma-portada-post.jpg","type":"image\/webp"}],"author":"Tablao Flamenco Alma","twitter_card":"summary_large_image","twitter_misc":{"\u00c9crit par":"Tablao Flamenco Alma","Dur\u00e9e de lecture estim\u00e9e":"4 minutes"},"schema":{"@context":"https:\/\/schema.org","@graph":[{"@type":"Article","@id":"https:\/\/tablaoflamencoalma.com\/guia-definitiva-para-visitar-tablao-flamenco-alma-en-palma\/#article","isPartOf":{"@id":"https:\/\/tablaoflamencoalma.com\/guia-definitiva-para-visitar-tablao-flamenco-alma-en-palma\/"},"author":{"name":"Tablao Flamenco Alma","@id":"https:\/\/tablaoflamencoalma.com\/#\/schema\/person\/9d0c2a9a099918689427e2a0b2dd0f5c"},"headline":"Gu\u00eda para visitar Tablao Alma: horarios y consejos claves \u00fatiles.","datePublished":"2025-12-26T12:15:34+00:00","dateModified":"2026-06-16T07:33:53+00:00","mainEntityOfPage":{"@id":"https:\/\/tablaoflamencoalma.com\/guia-definitiva-para-visitar-tablao-flamenco-alma-en-palma\/"},"wordCount":807,"commentCount":0,"publisher":{"@id":"https:\/\/tablaoflamencoalma.com\/#organization"},"image":{"@id":"https:\/\/tablaoflamencoalma.com\/guia-definitiva-para-visitar-tablao-flamenco-alma-en-palma\/#primaryimage"},"thumbnailUrl":"https:\/\/tablaoflamencoalma.com\/wp-content\/uploads\/2025\/12\/Guia-Practica-para-tu-Visita-a-Tablao-Alma-portada-post.jpg","articleSection":["General"],"inLanguage":"fr-FR","potentialAction":[{"@type":"CommentAction","name":"Comment","target":["https:\/\/tablaoflamencoalma.com\/guia-definitiva-para-visitar-tablao-flamenco-alma-en-palma\/#respond"]}]},{"@type":"WebPage","@id":"https:\/\/tablaoflamencoalma.com\/guia-definitiva-para-visitar-tablao-flamenco-alma-en-palma\/","url":"https:\/\/tablaoflamencoalma.com\/guia-definitiva-para-visitar-tablao-flamenco-alma-en-palma\/","name":"Comment s'habiller pour le Tablao Flamenco Alma : horaires et guide pratique - Tablao Flamenco Alma","isPartOf":{"@id":"https:\/\/tablaoflamencoalma.com\/#website"},"primaryImageOfPage":{"@id":"https:\/\/tablaoflamencoalma.com\/guia-definitiva-para-visitar-tablao-flamenco-alma-en-palma\/#primaryimage"},"image":{"@id":"https:\/\/tablaoflamencoalma.com\/guia-definitiva-para-visitar-tablao-flamenco-alma-en-palma\/#primaryimage"},"thumbnailUrl":"https:\/\/tablaoflamencoalma.com\/wp-content\/uploads\/2025\/12\/Guia-Practica-para-tu-Visita-a-Tablao-Alma-portada-post.jpg","datePublished":"2025-12-26T12:15:34+00:00","dateModified":"2026-06-16T07:33:53+00:00","description":"Vous avez des questions concernant votre visite ? D\u00e9couvrez la tenue \u00e0 adopter pour un tablao de flamenco (Smart Casual), les horaires des spectacles (17 h 30, 19 h 30, 21 h 30), la gastronomie et l'accessibilit\u00e9. Pr\u00e9parez-vous \u00e0 vivre le \u00ab duende \u00bb !","breadcrumb":{"@id":"https:\/\/tablaoflamencoalma.com\/guia-definitiva-para-visitar-tablao-flamenco-alma-en-palma\/#breadcrumb"},"inLanguage":"fr-FR","potentialAction":[{"@type":"ReadAction","target":["https:\/\/tablaoflamencoalma.com\/guia-definitiva-para-visitar-tablao-flamenco-alma-en-palma\/"]}]},{"@type":"ImageObject","inLanguage":"fr-FR","@id":"https:\/\/tablaoflamencoalma.com\/guia-definitiva-para-visitar-tablao-flamenco-alma-en-palma\/#primaryimage","url":"https:\/\/tablaoflamencoalma.com\/wp-content\/uploads\/2025\/12\/Guia-Practica-para-tu-Visita-a-Tablao-Alma-portada-post.jpg","contentUrl":"https:\/\/tablaoflamencoalma.com\/wp-content\/uploads\/2025\/12\/Guia-Practica-para-tu-Visita-a-Tablao-Alma-portada-post.jpg","width":960,"height":640,"caption":"Gui\u0301a Pra\u0301ctica para tu Visita a Tablao Alma portada post"},{"@type":"BreadcrumbList","@id":"https:\/\/tablaoflamencoalma.com\/guia-definitiva-para-visitar-tablao-flamenco-alma-en-palma\/#breadcrumb","itemListElement":[{"@type":"ListItem","position":1,"name":"Portada","item":"https:\/\/tablaoflamencoalma.com\/"},{"@type":"ListItem","position":2,"name":"Gu\u00eda para visitar Tablao Alma: horarios y consejos claves \u00fatiles."}]},{"@type":"WebSite","@id":"https:\/\/tablaoflamencoalma.com\/#website","url":"https:\/\/tablaoflamencoalma.com\/","name":"Tablao flamenco Alma","description":"Tablao flamenco Alma","publisher":{"@id":"https:\/\/tablaoflamencoalma.com\/#organization"},"potentialAction":[{"@type":"SearchAction","target":{"@type":"EntryPoint","urlTemplate":"https:\/\/tablaoflamencoalma.com\/?s={search_term_string}"},"query-input":{"@type":"PropertyValueSpecification","valueRequired":true,"valueName":"search_term_string"}}],"inLanguage":"fr-FR"},{"@type":"Organization","@id":"https:\/\/tablaoflamencoalma.com\/#organization","name":"Tablao flamenco Alma","url":"https:\/\/tablaoflamencoalma.com\/","logo":{"@type":"ImageObject","inLanguage":"fr-FR","@id":"https:\/\/tablaoflamencoalma.com\/#\/schema\/logo\/image\/","url":"https:\/\/tablaoflamencoalma.com\/wp-content\/uploads\/2024\/01\/cropped-tablao-flamenco-alma-01-04.png","contentUrl":"https:\/\/tablaoflamencoalma.com\/wp-content\/uploads\/2024\/01\/cropped-tablao-flamenco-alma-01-04.png","width":512,"height":512,"caption":"Tablao Flamenco Alma"},"image":{"@id":"https:\/\/tablaoflamencoalma.com\/#\/schema\/logo\/image\/"},"sameAs":["https:\/\/www.facebook.com\/tablaoflamencoalma","https:\/\/www.instagram.com\/tablaoflamencoalma"]},{"@type":"Person","@id":"https:\/\/tablaoflamencoalma.com\/#\/schema\/person\/9d0c2a9a099918689427e2a0b2dd0f5c","name":"Tablao flamenco Alma","image":{"@type":"ImageObject","inLanguage":"fr-FR","@id":"https:\/\/tablaoflamencoalma.com\/wp-content\/litespeed\/avatar\/797b83aa1ddf30f355ead08e864f8dad.jpg?ver=1788140548","url":"https:\/\/tablaoflamencoalma.com\/wp-content\/litespeed\/avatar\/797b83aa1ddf30f355ead08e864f8dad.jpg?ver=1788140548","contentUrl":"https:\/\/tablaoflamencoalma.com\/wp-content\/litespeed\/avatar\/797b83aa1ddf30f355ead08e864f8dad.jpg?ver=1788140548","caption":"Tablao Flamenco Alma"},"url":"https:\/\/tablaoflamencoalma.com\/fr\/author\/flamencoalma\/"}]}},"_links":{"self":[{"href":"https:\/\/tablaoflamencoalma.com\/fr\/wp-json\/wp\/v2\/posts\/6814","targetHints":{"allow":["GET"]}}],"collection":[{"href":"https:\/\/tablaoflamencoalma.com\/fr\/wp-json\/wp\/v2\/posts"}],"about":[{"href":"https:\/\/tablaoflamencoalma.com\/fr\/wp-json\/wp\/v2\/types\/post"}],"author":[{"embeddable":true,"href":"https:\/\/tablaoflamencoalma.com\/fr\/wp-json\/wp\/v2\/users\/3"}],"replies":[{"embeddable":true,"href":"https:\/\/tablaoflamencoalma.com\/fr\/wp-json\/wp\/v2\/comments?post=6814"}],"version-history":[{"count":3,"href":"https:\/\/tablaoflamencoalma.com\/fr\/wp-json\/wp\/v2\/posts\/6814\/revisions"}],"predecessor-version":[{"id":7982,"href":"https:\/\/tablaoflamencoalma.com\/fr\/wp-json\/wp\/v2\/posts\/6814\/revisions\/7982"}],"wp:featuredmedia":[{"embeddable":true,"href":"https:\/\/tablaoflamencoalma.com\/fr\/wp-json\/wp\/v2\/media\/6815"}],"wp:attachment":[{"href":"https:\/\/tablaoflamencoalma.com\/fr\/wp-json\/wp\/v2\/media?parent=6814"}],"wp:term":[{"taxonomy":"category","embeddable":true,"href":"https:\/\/tablaoflamencoalma.com\/fr\/wp-json\/wp\/v2\/categories?post=6814"},{"taxonomy":"post_tag","embeddable":true,"href":"https:\/\/tablaoflamencoalma.com\/fr\/wp-json\/wp\/v2\/tags?post=6814"}],"curies":[{"name":"wp","href":"https:\/\/api.w.org\/{rel}","templated":true}]}}