{"id":6630,"date":"2025-08-27T10:14:54","date_gmt":"2025-08-27T09:14:54","guid":{"rendered":"https:\/\/tablaoflamencoalma.com\/?p=6630"},"modified":"2026-06-02T08:57:33","modified_gmt":"2026-06-02T07:57:33","slug":"una-noche-magica-en-palma-flamenco-en-tablao-flamenco-alma-cena-y-paseo","status":"publish","type":"post","link":"https:\/\/tablaoflamencoalma.com\/fr\/una-noche-magica-en-palma-flamenco-en-tablao-flamenco-alma-cena-y-paseo\/","title":{"rendered":"Une soir\u00e9e magique \u00e0 Palma avec du flamenco, un d\u00eener et une promenade"},"content":{"rendered":"<p class=\"wp-block-paragraph\">Vous cherchez une nuit inoubliable \u00e0 <strong>Palma de Majorque<\/strong>Arr\u00eatez de chercher. Nous vous proposons le programme id\u00e9al pour une soir\u00e9e plac\u00e9e sous le signe de l&#039;art, des saveurs et du romantisme. <a href=\"https:\/\/tablaoflamencoalma.com\/fr\/\"><strong>Tablao flamenco Alma<\/strong><\/a> en tant que protagoniste. Pr\u00e9parez vos sens \u00e0 un voyage au c\u0153ur de la ville qui culmine avec la passion et l&#039;\u00e9nergie de <strong>flamenco en direct<\/strong>.<\/p>\n\n\n\n<p class=\"wp-block-paragraph\">Dans cet article, nous vous guiderons \u00e0 travers diff\u00e9rentes <strong>Itin\u00e9raires pour une nuit \u00e0 Palma<\/strong> afin que vous puissiez combiner un <a href=\"https:\/\/tablaoflamencoalma.com\/fr\/une-nuit-magique-a-palma-flamenco-au-tablao-flamenco-alma-diner-et-promenade\/\"><strong>spectacle de flamenco \u00e0 Palma<\/strong><\/a> Savourez un d\u00e9licieux d\u00eener ou une charmante promenade en soir\u00e9e. D\u00e9couvrez comment une nuit dans la capitale de Majorque peut devenir un souvenir inoubliable, avec le Tablao Flamenco Alma comme point d&#039;orgue de votre soir\u00e9e.<\/p>\n\n\n\n<h2 class=\"wp-block-heading\">Itin\u00e9raires magiques\u00a0: Choisissez votre soir\u00e9e id\u00e9ale \u00e0 Palma<\/h2>\n\n\n\n<p class=\"wp-block-paragraph\">Nous avons con\u00e7u trois options pour que vous puissiez choisir l&#039;itin\u00e9raire qui correspond le mieux \u00e0 votre style. Elles convergent toutes vers un point cl\u00e9\u00a0: <a href=\"https:\/\/tablaoflamencoalma.com\/fr\/\"><strong>Tablao flamenco Alma<\/strong><\/a>, Au c\u0153ur de la vie nocturne de Palma, chaque formule propose une exp\u00e9rience unique, mais toutes ont un point commun\u00a0: la possibilit\u00e9 de savourer un d\u00eener d\u2019exception au sein m\u00eame du th\u00e9\u00e2tre flamenco, pour une exp\u00e9rience compl\u00e8te sans avoir \u00e0 changer d\u2019\u00e9tablissement.<\/p>\n\n\n\n<div style=\"height:20px\" aria-hidden=\"true\" class=\"wp-block-spacer\"><\/div>\n\n\n\n<h3 class=\"wp-block-heading\">Option 1 : Une soir\u00e9e romantique \u00e0 deux<\/h3>\n\n\n\n<p class=\"wp-block-paragraph\">Cette option est parfaite pour les couples en qu\u00eate d&#039;une exp\u00e9rience intime et m\u00e9morable, o\u00f9 chaque d\u00e9tail compte. C&#039;est la formule id\u00e9ale pour ceux qui souhaitent cr\u00e9er une atmosph\u00e8re unique du d\u00e9but \u00e0 la fin, une exp\u00e9rience authentique et inoubliable. <strong>Nuit romantique \u00e0 Palma<\/strong>.<\/p>\n\n\n\n<ul class=\"wp-block-list\">\n<li><strong>18h00 \u2013 19h30 \u2013 Promenade charmante\u00a0:<\/strong> La soir\u00e9e commence par une promenade tranquille dans les ruelles pav\u00e9es \u00e9troites de <strong>centre historique de Palma<\/strong>. Main dans la main, admirez la majest\u00e9 du <strong>Cath\u00e9drale de Majorque<\/strong>, Laissez-vous s\u00e9duire par l&#039;atmosph\u00e8re boh\u00e8me du quartier de la Lonja et perdez-vous dans les plus beaux recoins de la ville. Cette promenade au coucher du soleil, lorsque la lumi\u00e8re dor\u00e9e caresse les immeubles, promet un avant-go\u00fbt de ce qui vous attend.<\/li>\n\n\n\n<li><strong>19h30 \u2013 20h30 \u2013 Au c\u0153ur de la nuit :<\/strong> \u00c0 19h30, rendez-vous \u00e0 <a href=\"https:\/\/tablaoflamencoalma.com\/fr\/\"><strong>Tablao flamenco Alma<\/strong><\/a>. Profitez d&#039;un spectacle d&#039;une heure qui vous transportera \u00e0 l&#039;essence m\u00eame de <strong>flamenco<\/strong>. Mais la magie ne s&#039;arr\u00eate pas l\u00e0. Au lieu de chercher un restaurant ensuite, vous pouvez vous r\u00e9galer des mets propos\u00e9s pendant le spectacle de flamenco. \u00c0 votre arriv\u00e9e, une boisson vous sera offerte (vin, cava, sangria, bi\u00e8re ou boisson sans alcool) et vous pourrez commander \u00e0 la carte. <a href=\"https:\/\/tablaoflamencoalma.com\/fr\/carta\/\"><strong>d\u00eener avec spectacle de flamenco<\/strong><\/a>.<\/li>\n\n\n\n<li><strong>\u00c0 partir de 20h30 \u2013 Toast et encore plus de magie\u00a0:<\/strong> Apr\u00e8s cette explosion d&#039;\u00e9motions et de saveurs, vous pourrez savourer un dernier verre au bar \u00e0 flamenco ou poursuivre votre promenade dans le centre-ville. L&#039;\u00e9nergie du flamenco vous accompagnera, faisant de cette soir\u00e9e un souvenir inoubliable.<\/li>\n<\/ul>\n\n\n\n<div style=\"height:20px\" aria-hidden=\"true\" class=\"wp-block-spacer\"><\/div>\n\n\n\n<h3 class=\"wp-block-heading\">Option 2 : Promenade et flamenco avec d\u00eener au tablao<\/h3>\n\n\n\n<p class=\"wp-block-paragraph\">Si vous recherchez une formule qui allie tourisme, gastronomie et culture en un seul lieu, alors celle-ci est faite pour vous. C&#039;est l&#039;une des meilleures. <strong>Que faire \u00e0 Palma de Majorque le soir ?<\/strong> Si vous souhaitez allier la beaut\u00e9 de la ville \u00e0 l&#039;art le plus vibrant.<\/p>\n\n\n\n<ul class=\"wp-block-list\">\n<li><strong>20h00 \u2013 21h30 \u2013 Promenade dans le centre de Palma\u00a0:<\/strong> Profitez d&#039;une agr\u00e9able promenade dans le centre anim\u00e9 de Palma. Vous pourrez admirer la silhouette imposante du <strong>Palais de l&#039;Almudaina<\/strong> illumin\u00e9 la nuit ou explorer les environs de <strong>Cath\u00e9drale<\/strong>, L&#039;histoire impr\u00e8gne chaque recoin. La vie nocturne de Palma est unique et vous pr\u00e9parera \u00e0 l&#039;exp\u00e9rience qui suit.<\/li>\n\n\n\n<li><strong>21h30 \u2013 22h30 \u2013 Le grand final de la soir\u00e9e\u00a0: d\u00eener-spectacle<\/strong> \u00c0 21h30, il arrive \u00e0 <strong>Tablao flamenco Alma<\/strong>. Apr\u00e8s avoir explor\u00e9 les rues de la ville, plongez-vous dans l&#039;art de <strong><a href=\"https:\/\/tablaoflamencoalma.com\/fr\/une-nuit-magique-a-palma-flamenco-au-tablao-flamenco-alma-diner-et-promenade\/\">flamenco en direct<\/a><\/strong> tout en savourant nos exquises sp\u00e9cialit\u00e9s culinaires. Profitez d&#039;un <strong><a href=\"https:\/\/tablaoflamencoalma.com\/fr\/carta\/\">d\u00eener avec spectacle de flamenco<\/a><\/strong> Au m\u00eame endroit se trouve le moyen id\u00e9al d&#039;optimiser votre soir\u00e9e, en assistant \u00e0 un spectacle d&#039;une heure qui constituera un final en apoth\u00e9ose.<\/li>\n\n\n\n<li><strong>\u00c0 partir de 22h30 \u2013 Boissons et discussions\u00a0:<\/strong> L&#039;\u00e9motion est \u00e0 son comble et l&#039;ambiance festive se poursuit dans la salle de flamenco. C&#039;est le moment id\u00e9al pour un dernier verre et pour partager les \u00e9motions et la magie transmises par les artistes.<\/li>\n<\/ul>\n\n\n\n<div style=\"height:20px\" aria-hidden=\"true\" class=\"wp-block-spacer\"><\/div>\n\n\n\n<h3 class=\"wp-block-heading\">Option 3\u00a0: Flamenco matinal en famille<\/h3>\n\n\n\n<p class=\"wp-block-paragraph\">Une excellente alternative pour ceux qui voyagent avec des enfants ou qui pr\u00e9f\u00e8rent un programme plus d\u00e9tendu se terminant plus t\u00f4t. Cette option d\u00e9montre que <strong>Flamenco \u00e0 Palma<\/strong> C&#039;est une exp\u00e9rience pour tous les \u00e2ges.<\/p>\n\n\n\n<ul class=\"wp-block-list\">\n<li><strong>17h30 \u2013 18h30 \u2013 L&#039;art pour tous\u00a0:<\/strong> Commencez votre soir\u00e9e en <strong>Tablao flamenco Alma<\/strong>. La s\u00e9ance de 17h30 est id\u00e9ale pour profiter de <strong>Flamenco en famille<\/strong>. Les plus petits seront captiv\u00e9s par la musique, les danses et l&#039;\u00e9nergie des artistes. De plus, sa dur\u00e9e d&#039;une heure s&#039;int\u00e8gre parfaitement \u00e0 l&#039;emploi du temps familial. Profitez de cette occasion pour passer un moment enchanteur. <a href=\"https:\/\/tablaoflamencoalma.com\/fr\/carta\/\"><strong>d\u00eener avec spectacle de flamenco<\/strong><\/a> Vivre une exp\u00e9rience compl\u00e8te en un seul lieu.<\/li>\n\n\n\n<li><strong>\u00c0 partir de 18h30 \u2013 Promenade en famille\u00a0:<\/strong> Apr\u00e8s le spectacle, la nuit est encore jeune. Nous vous invitons \u00e0 fl\u00e2ner en famille dans le centre-ville et \u00e0 savourer une d\u00e9licieuse glace. Le Paseo del Borne, illumin\u00e9 la nuit, est l&#039;endroit id\u00e9al pour profiter d&#039;une ambiance d\u00e9tendue et conviviale.<\/li>\n<\/ul>\n\n\n\n<h2 class=\"wp-block-heading\">Pourquoi choisir le Tablao Flamenco Alma ? Le c\u0153ur du flamenco \u00e0 Majorque<\/h2>\n\n\n\n<p class=\"wp-block-paragraph\"><a href=\"https:\/\/tablaoflamencoalma.com\/fr\/\"><strong>Tablao flamenco Alma<\/strong><\/a> C&#039;est bien plus qu&#039;une simple <strong>th\u00e9\u00e2tre de flamenco \u00e0 Majorque<\/strong>. C&#039;est un espace culturel qui incarne la passion, l&#039;histoire et l&#039;\u00e9nergie de cet art universel. Nous vous proposons une exp\u00e9rience compl\u00e8te qui va bien au-del\u00e0 d&#039;un simple spectacle.<\/p>\n\n\n\n<div style=\"height:20px\" aria-hidden=\"true\" class=\"wp-block-spacer\"><\/div>\n\n\n\n<h3 class=\"wp-block-heading\">L&#039;exp\u00e9rience gastronomique compl\u00e8te<\/h3>\n\n\n\n<p class=\"wp-block-paragraph\">Nous savons que l&#039;art et la saveur sont indissociables. C&#039;est pourquoi nous avons con\u00e7u un service de <a href=\"https:\/\/tablaoflamencoalma.com\/fr\/carta\/\"><strong>d\u00eener avec spectacle de flamenco<\/strong><\/a> Vous pourrez ainsi profiter des deux en un seul lieu. Tandis que danseurs, chanteurs et guitaristes animent la sc\u00e8ne, vous savourerez une exp\u00e9rience culinaire respectueuse de la tradition et de la qualit\u00e9. De la cave \u00e0 vin du th\u00e9\u00e2tre flamenco aux desserts, chaque plat est con\u00e7u pour sublimer l&#039;intensit\u00e9 du spectacle. Consultez notre menu complet. <a href=\"https:\/\/tablaoflamencoalma.com\/fr\/carta\/\">menu<\/a> sur notre site web.<\/p>\n\n\n\n<div style=\"height:20px\" aria-hidden=\"true\" class=\"wp-block-spacer\"><\/div>\n\n\n\n<h3 class=\"wp-block-heading\">Un spectacle de flamenco authentique en direct<\/h3>\n\n\n\n<p class=\"wp-block-paragraph\">Nos artistes sont des professionnels de haut niveau qui mettent toute leur \u00e2me et leur passion dans chaque repr\u00e9sentation. \u00c0 chaque spectacle, vous sentirez le rythme des talons vibrer sous vos pieds, la voix du chanteur percer le silence et la m\u00e9lodie de la guitare flamenco raconter des histoires. La proximit\u00e9 avec la sc\u00e8ne cr\u00e9e une atmosph\u00e8re intime et personnelle, o\u00f9 chaque geste et chaque note sont ressentis d&#039;une mani\u00e8re unique. C&#039;est une exp\u00e9rience immersive que vous ne trouverez nulle part ailleurs.<\/p>\n\n\n\n<div style=\"height:20px\" aria-hidden=\"true\" class=\"wp-block-spacer\"><\/div>\n\n\n\n<h3 class=\"wp-block-heading\">L&#039;emplacement id\u00e9al et la tranquillit\u00e9 d&#039;esprit d&#039;une r\u00e9servation s\u00e9curis\u00e9e<\/h3>\n\n\n\n<p class=\"wp-block-paragraph\">Situ\u00e9 au c\u0153ur de <strong>Palmier<\/strong>, Le lieu du flamenco est le point de d\u00e9part id\u00e9al pour tout <strong>Itin\u00e9raire nocturne \u00e0 Palma<\/strong>. De plus, nous souhaitons que votre exp\u00e9rience soit parfaite d\u00e8s votre r\u00e9servation. C&#039;est pourquoi nous proposons <strong>annulation gratuite jusqu'\u00e0 24 heures avant<\/strong> d\u00e8s le d\u00e9but du spectacle, avec un remboursement int\u00e9gral si vos plans changent.<\/p>\n\n\n\n<p class=\"wp-block-paragraph\">Nos h\u00f4tes, qui parlent espagnol, anglais et allemand, sont toujours disponibles pour vous aider. Et si vous avez besoin d&#039;informations concernant l&#039;accessibilit\u00e9, nous sommes fiers de vous annoncer que notre espace est accessible \u00e0 tous. <strong>accessible en fauteuil roulant<\/strong>, faire en sorte que chacun puisse appr\u00e9cier l&#039;art du flamenco.<\/p>\n\n\n\n<div style=\"height:20px\" aria-hidden=\"true\" class=\"wp-block-spacer\"><\/div>\n\n\n\n<h3 class=\"wp-block-heading\">Au-del\u00e0 du spectacle : le flamenco comme apog\u00e9e culturelle<\/h3>\n\n\n\n<p class=\"wp-block-paragraph\">Pour beaucoup, le flamenco est peut-\u00eatre une nouvelle forme d&#039;art. Il est l&#039;expression d&#039;un sentiment profond \u00e0 travers trois piliers fondamentaux\u00a0: le <strong>chanter<\/strong> (la voix), la <strong>toucher<\/strong> (la guitare) et la <strong>danse<\/strong> (la danse). Dans le <a href=\"https:\/\/tablaoflamencoalma.com\/fr\/\"><strong>Tablao flamenco Alma<\/strong><\/a>, Ce que vous verrez est bien plus qu&#039;un spectacle\u00a0; c&#039;est une fen\u00eatre ouverte sur l&#039;histoire, la passion et l&#039;\u00e2me d&#039;un peuple. Chaque centim\u00e8tre de notre sc\u00e8ne, chaque note de guitare et chaque pas raconte une histoire de joie, de douleur et de r\u00e9silience.<\/p>\n\n\n\n<p class=\"wp-block-paragraph\">Nos s\u00e9ances d&#039;une heure, boisson comprise (bi\u00e8re, vin, soda, cava ou sangria), sont con\u00e7ues pour permettre aux passionn\u00e9s comme aux n\u00e9ophytes de s&#039;immerger pleinement dans la culture sans se sentir submerg\u00e9s. C&#039;est l&#039;introduction id\u00e9ale \u00e0 un univers fascinant et la conclusion parfaite d&#039;une soir\u00e9e r\u00e9ussie en ville.<\/p>\n\n\n\n<div style=\"height:20px\" aria-hidden=\"true\" class=\"wp-block-spacer\"><\/div>\n\n\n\n<h2 class=\"wp-block-heading\">R\u00e9servez votre nuit magique \u00e0 Palma<\/h2>\n\n\n\n<p class=\"wp-block-paragraph\">Dans <a href=\"https:\/\/tablaoflamencoalma.com\/fr\/\"><strong>Tablao flamenco Alma<\/strong><\/a>, Vous pouvez vous attendre \u00e0 trois s\u00e9ances quotidiennes de <a href=\"https:\/\/tablaoflamencoalma.com\/fr\/une-nuit-magique-a-palma-flamenco-au-tablao-flamenco-alma-diner-et-promenade\/\"><strong>spectacles de flamenco<\/strong><\/a>17h30, 19h30 et 21h30\u00a0: choisissez l\u2019horaire qui correspond le mieux \u00e0 votre itin\u00e9raire ou parmi les options que nous vous avons sugg\u00e9r\u00e9es, et pr\u00e9parez-vous \u00e0 vivre une soir\u00e9e plac\u00e9e sous le signe de l\u2019art.<\/p>\n\n\n\n<div style=\"height:20px\" aria-hidden=\"true\" class=\"wp-block-spacer\"><\/div>\n\n\n\n<p class=\"wp-block-paragraph\">Ne vous contentez pas de fl\u00e2ner dans la ville : plongez-vous dans sa culture, savourez sa cuisine et ressentez l&#039;\u00e9nergie vibrante de son \u00e2me flamenco. <strong>Nuit romantique \u00e0 Palma<\/strong> ou vous <strong>plan familial<\/strong> Ils vous attendent \u00e0 <a href=\"https:\/\/tablaoflamencoalma.com\/fr\/\"><strong>Tablao flamenco Alma<\/strong><\/a>. <a href=\"https:\/\/tablaoflamencoalma.com\/fr\/une-nuit-magique-a-palma-flamenco-au-tablao-flamenco-alma-diner-et-promenade\/\"><strong>R\u00e9servez votre billet<\/strong><\/a> Pr\u00e9parez-vous \u00e0 passer une soir\u00e9e inoubliable.<\/p>\n\n\n\n<div style=\"height:20px\" aria-hidden=\"true\" class=\"wp-block-spacer\"><\/div>\n\n\n\n<p class=\"wp-block-paragraph\">Lequel de ces itin\u00e9raires choisirez-vous pour votre prochain voyage ? <strong>Nuit \u00e0 Palma de Majorque<\/strong>?<\/p>","protected":false},"excerpt":{"rendered":"<p>\u00bfBuscas una noche inolvidable en Palma de Mallorca? Deja de buscar. Te proponemos el plan perfecto para una velada llena de arte, sabor y romanticismo, con el Tablao Flamenco Alma como protagonista. Prepara tus sentidos para un recorrido por el coraz\u00f3n de la ciudad que culmina con la pasi\u00f3n y la energ\u00eda del flamenco en [&hellip;]<\/p>\n","protected":false},"author":3,"featured_media":6631,"comment_status":"open","ping_status":"open","sticky":false,"template":"","format":"standard","meta":{"site-sidebar-layout":"default","site-content-layout":"","ast-site-content-layout":"default","site-content-style":"default","site-sidebar-style":"default","ast-global-header-display":"","ast-banner-title-visibility":"","ast-main-header-display":"","ast-hfb-above-header-display":"","ast-hfb-below-header-display":"","ast-hfb-mobile-header-display":"","site-post-title":"","ast-breadcrumbs-content":"","ast-featured-img":"","footer-sml-layout":"","theme-transparent-header-meta":"","adv-header-id-meta":"","stick-header-meta":"","header-above-stick-meta":"","header-main-stick-meta":"","header-below-stick-meta":"","astra-migrate-meta-layouts":"set","ast-page-background-enabled":"default","ast-page-background-meta":{"desktop":{"background-color":"var(--ast-global-color-4)","background-image":"","background-repeat":"repeat","background-position":"center center","background-size":"auto","background-attachment":"scroll","background-type":"","background-media":"","overlay-type":"","overlay-color":"","overlay-opacity":"","overlay-gradient":""},"tablet":{"background-color":"","background-image":"","background-repeat":"repeat","background-position":"center center","background-size":"auto","background-attachment":"scroll","background-type":"","background-media":"","overlay-type":"","overlay-color":"","overlay-opacity":"","overlay-gradient":""},"mobile":{"background-color":"","background-image":"","background-repeat":"repeat","background-position":"center center","background-size":"auto","background-attachment":"scroll","background-type":"","background-media":"","overlay-type":"","overlay-color":"","overlay-opacity":"","overlay-gradient":""}},"ast-content-background-meta":{"desktop":{"background-color":"var(--ast-global-color-5)","background-image":"","background-repeat":"repeat","background-position":"center center","background-size":"auto","background-attachment":"scroll","background-type":"","background-media":"","overlay-type":"","overlay-color":"","overlay-opacity":"","overlay-gradient":""},"tablet":{"background-color":"var(--ast-global-color-5)","background-image":"","background-repeat":"repeat","background-position":"center center","background-size":"auto","background-attachment":"scroll","background-type":"","background-media":"","overlay-type":"","overlay-color":"","overlay-opacity":"","overlay-gradient":""},"mobile":{"background-color":"var(--ast-global-color-5)","background-image":"","background-repeat":"repeat","background-position":"center center","background-size":"auto","background-attachment":"scroll","background-type":"","background-media":"","overlay-type":"","overlay-color":"","overlay-opacity":"","overlay-gradient":""}},"footnotes":""},"categories":[17],"tags":[],"class_list":["post-6630","post","type-post","status-publish","format-standard","has-post-thumbnail","hentry","category-general"],"yoast_head":"<!-- This site is optimized with the Yoast SEO plugin v28.4 - https:\/\/yoast.com\/product\/yoast-seo-wordpress\/ -->\n<title>Plan Perfecto en Palma: Flamenco, Cena y Paseo - Tablao Flamenco Alma<\/title>\n<meta name=\"description\" content=\"Descubre el plan perfecto para una noche en Palma. Combina un show de flamenco en vivo con cena rom\u00e1ntica. \u00a1Reserva tu experiencia en Tablao Alma!\" \/>\n<meta name=\"robots\" content=\"index, follow, max-snippet:-1, max-image-preview:large, max-video-preview:-1\" \/>\n<link rel=\"canonical\" href=\"https:\/\/tablaoflamencoalma.com\/fr\/una-noche-magica-en-palma-flamenco-en-tablao-flamenco-alma-cena-y-paseo\/\" \/>\n<meta property=\"og:locale\" content=\"fr_FR\" \/>\n<meta property=\"og:type\" content=\"article\" \/>\n<meta property=\"og:title\" content=\"Plan Perfecto en Palma: Flamenco, Cena y Paseo - Tablao Flamenco Alma\" \/>\n<meta property=\"og:description\" content=\"Descubre el plan perfecto para una noche en Palma. Combina un show de flamenco en vivo con cena rom\u00e1ntica. \u00a1Reserva tu experiencia en Tablao Alma!\" \/>\n<meta property=\"og:url\" content=\"https:\/\/tablaoflamencoalma.com\/fr\/una-noche-magica-en-palma-flamenco-en-tablao-flamenco-alma-cena-y-paseo\/\" \/>\n<meta property=\"og:site_name\" content=\"Tablao Flamenco Alma\" \/>\n<meta property=\"article:publisher\" content=\"https:\/\/www.facebook.com\/tablaoflamencoalma\" \/>\n<meta property=\"article:published_time\" content=\"2025-08-27T09:14:54+00:00\" \/>\n<meta property=\"article:modified_time\" content=\"2026-06-02T07:57:33+00:00\" \/>\n<meta property=\"og:image\" content=\"https:\/\/tablaoflamencoalma.com\/wp-content\/uploads\/2025\/08\/Una-Noche-Magica-en-Palma-Flamenco-en-Tablao-Alma-portada-post-scaled.jpg\" \/>\n\t<meta property=\"og:image:width\" content=\"1707\" \/>\n\t<meta property=\"og:image:height\" content=\"2560\" \/>\n\t<meta property=\"og:image:type\" content=\"image\/jpeg\" \/>\n<meta name=\"author\" content=\"Tablao Flamenco Alma\" \/>\n<meta name=\"twitter:card\" content=\"summary_large_image\" \/>\n<meta name=\"twitter:label1\" content=\"\u00c9crit par\" \/>\n\t<meta name=\"twitter:data1\" content=\"Tablao Flamenco Alma\" \/>\n\t<meta name=\"twitter:label2\" content=\"Dur\u00e9e de lecture estim\u00e9e\" \/>\n\t<meta name=\"twitter:data2\" content=\"7 minutes\" \/>\n<script type=\"application\/ld+json\" class=\"yoast-schema-graph\">{\"@context\":\"https:\\\/\\\/schema.org\",\"@graph\":[{\"@type\":\"Article\",\"@id\":\"https:\\\/\\\/tablaoflamencoalma.com\\\/una-noche-magica-en-palma-flamenco-en-tablao-flamenco-alma-cena-y-paseo\\\/#article\",\"isPartOf\":{\"@id\":\"https:\\\/\\\/tablaoflamencoalma.com\\\/una-noche-magica-en-palma-flamenco-en-tablao-flamenco-alma-cena-y-paseo\\\/\"},\"author\":{\"name\":\"Tablao Flamenco Alma\",\"@id\":\"https:\\\/\\\/tablaoflamencoalma.com\\\/#\\\/schema\\\/person\\\/9d0c2a9a099918689427e2a0b2dd0f5c\"},\"headline\":\"Una noche m\u00e1gica en Palma con flamenco, cena y paseo\",\"datePublished\":\"2025-08-27T09:14:54+00:00\",\"dateModified\":\"2026-06-02T07:57:33+00:00\",\"mainEntityOfPage\":{\"@id\":\"https:\\\/\\\/tablaoflamencoalma.com\\\/una-noche-magica-en-palma-flamenco-en-tablao-flamenco-alma-cena-y-paseo\\\/\"},\"wordCount\":1579,\"commentCount\":0,\"publisher\":{\"@id\":\"https:\\\/\\\/tablaoflamencoalma.com\\\/#organization\"},\"image\":{\"@id\":\"https:\\\/\\\/tablaoflamencoalma.com\\\/una-noche-magica-en-palma-flamenco-en-tablao-flamenco-alma-cena-y-paseo\\\/#primaryimage\"},\"thumbnailUrl\":\"https:\\\/\\\/tablaoflamencoalma.com\\\/wp-content\\\/uploads\\\/2025\\\/08\\\/Una-Noche-Magica-en-Palma-Flamenco-en-Tablao-Alma-portada-post.jpg\",\"articleSection\":[\"General\"],\"inLanguage\":\"fr-FR\",\"potentialAction\":[{\"@type\":\"CommentAction\",\"name\":\"Comment\",\"target\":[\"https:\\\/\\\/tablaoflamencoalma.com\\\/una-noche-magica-en-palma-flamenco-en-tablao-flamenco-alma-cena-y-paseo\\\/#respond\"]}]},{\"@type\":\"WebPage\",\"@id\":\"https:\\\/\\\/tablaoflamencoalma.com\\\/una-noche-magica-en-palma-flamenco-en-tablao-flamenco-alma-cena-y-paseo\\\/\",\"url\":\"https:\\\/\\\/tablaoflamencoalma.com\\\/una-noche-magica-en-palma-flamenco-en-tablao-flamenco-alma-cena-y-paseo\\\/\",\"name\":\"Plan Perfecto en Palma: Flamenco, Cena y Paseo - Tablao Flamenco Alma\",\"isPartOf\":{\"@id\":\"https:\\\/\\\/tablaoflamencoalma.com\\\/#website\"},\"primaryImageOfPage\":{\"@id\":\"https:\\\/\\\/tablaoflamencoalma.com\\\/una-noche-magica-en-palma-flamenco-en-tablao-flamenco-alma-cena-y-paseo\\\/#primaryimage\"},\"image\":{\"@id\":\"https:\\\/\\\/tablaoflamencoalma.com\\\/una-noche-magica-en-palma-flamenco-en-tablao-flamenco-alma-cena-y-paseo\\\/#primaryimage\"},\"thumbnailUrl\":\"https:\\\/\\\/tablaoflamencoalma.com\\\/wp-content\\\/uploads\\\/2025\\\/08\\\/Una-Noche-Magica-en-Palma-Flamenco-en-Tablao-Alma-portada-post.jpg\",\"datePublished\":\"2025-08-27T09:14:54+00:00\",\"dateModified\":\"2026-06-02T07:57:33+00:00\",\"description\":\"Descubre el plan perfecto para una noche en Palma. Combina un show de flamenco en vivo con cena rom\u00e1ntica. \u00a1Reserva tu experiencia en Tablao Alma!\",\"breadcrumb\":{\"@id\":\"https:\\\/\\\/tablaoflamencoalma.com\\\/una-noche-magica-en-palma-flamenco-en-tablao-flamenco-alma-cena-y-paseo\\\/#breadcrumb\"},\"inLanguage\":\"fr-FR\",\"potentialAction\":[{\"@type\":\"ReadAction\",\"target\":[\"https:\\\/\\\/tablaoflamencoalma.com\\\/una-noche-magica-en-palma-flamenco-en-tablao-flamenco-alma-cena-y-paseo\\\/\"]}]},{\"@type\":\"ImageObject\",\"inLanguage\":\"fr-FR\",\"@id\":\"https:\\\/\\\/tablaoflamencoalma.com\\\/una-noche-magica-en-palma-flamenco-en-tablao-flamenco-alma-cena-y-paseo\\\/#primaryimage\",\"url\":\"https:\\\/\\\/tablaoflamencoalma.com\\\/wp-content\\\/uploads\\\/2025\\\/08\\\/Una-Noche-Magica-en-Palma-Flamenco-en-Tablao-Alma-portada-post.jpg\",\"contentUrl\":\"https:\\\/\\\/tablaoflamencoalma.com\\\/wp-content\\\/uploads\\\/2025\\\/08\\\/Una-Noche-Magica-en-Palma-Flamenco-en-Tablao-Alma-portada-post.jpg\",\"width\":1707,\"height\":2560,\"caption\":\"Una Noche M\u00e1gica en Palma Flamenco en Tablao Alma portada post\"},{\"@type\":\"BreadcrumbList\",\"@id\":\"https:\\\/\\\/tablaoflamencoalma.com\\\/una-noche-magica-en-palma-flamenco-en-tablao-flamenco-alma-cena-y-paseo\\\/#breadcrumb\",\"itemListElement\":[{\"@type\":\"ListItem\",\"position\":1,\"name\":\"Portada\",\"item\":\"https:\\\/\\\/tablaoflamencoalma.com\\\/\"},{\"@type\":\"ListItem\",\"position\":2,\"name\":\"Una noche m\u00e1gica en Palma con flamenco, cena y paseo\"}]},{\"@type\":\"WebSite\",\"@id\":\"https:\\\/\\\/tablaoflamencoalma.com\\\/#website\",\"url\":\"https:\\\/\\\/tablaoflamencoalma.com\\\/\",\"name\":\"Tablao Flamenco Alma\",\"description\":\"Tablao Flamenco Alma\",\"publisher\":{\"@id\":\"https:\\\/\\\/tablaoflamencoalma.com\\\/#organization\"},\"potentialAction\":[{\"@type\":\"SearchAction\",\"target\":{\"@type\":\"EntryPoint\",\"urlTemplate\":\"https:\\\/\\\/tablaoflamencoalma.com\\\/?s={search_term_string}\"},\"query-input\":{\"@type\":\"PropertyValueSpecification\",\"valueRequired\":true,\"valueName\":\"search_term_string\"}}],\"inLanguage\":\"fr-FR\"},{\"@type\":\"Organization\",\"@id\":\"https:\\\/\\\/tablaoflamencoalma.com\\\/#organization\",\"name\":\"Tablao Flamenco Alma\",\"url\":\"https:\\\/\\\/tablaoflamencoalma.com\\\/\",\"logo\":{\"@type\":\"ImageObject\",\"inLanguage\":\"fr-FR\",\"@id\":\"https:\\\/\\\/tablaoflamencoalma.com\\\/#\\\/schema\\\/logo\\\/image\\\/\",\"url\":\"https:\\\/\\\/tablaoflamencoalma.com\\\/wp-content\\\/uploads\\\/2024\\\/01\\\/cropped-tablao-flamenco-alma-01-04.png\",\"contentUrl\":\"https:\\\/\\\/tablaoflamencoalma.com\\\/wp-content\\\/uploads\\\/2024\\\/01\\\/cropped-tablao-flamenco-alma-01-04.png\",\"width\":512,\"height\":512,\"caption\":\"Tablao Flamenco Alma\"},\"image\":{\"@id\":\"https:\\\/\\\/tablaoflamencoalma.com\\\/#\\\/schema\\\/logo\\\/image\\\/\"},\"sameAs\":[\"https:\\\/\\\/www.facebook.com\\\/tablaoflamencoalma\",\"https:\\\/\\\/www.instagram.com\\\/tablaoflamencoalma\"]},{\"@type\":\"Person\",\"@id\":\"https:\\\/\\\/tablaoflamencoalma.com\\\/#\\\/schema\\\/person\\\/9d0c2a9a099918689427e2a0b2dd0f5c\",\"name\":\"Tablao Flamenco Alma\",\"image\":{\"@type\":\"ImageObject\",\"inLanguage\":\"fr-FR\",\"@id\":\"https:\\\/\\\/tablaoflamencoalma.com\\\/wp-content\\\/litespeed\\\/avatar\\\/797b83aa1ddf30f355ead08e864f8dad.jpg?ver=1788140548\",\"url\":\"https:\\\/\\\/tablaoflamencoalma.com\\\/wp-content\\\/litespeed\\\/avatar\\\/797b83aa1ddf30f355ead08e864f8dad.jpg?ver=1788140548\",\"contentUrl\":\"https:\\\/\\\/tablaoflamencoalma.com\\\/wp-content\\\/litespeed\\\/avatar\\\/797b83aa1ddf30f355ead08e864f8dad.jpg?ver=1788140548\",\"caption\":\"Tablao Flamenco Alma\"},\"url\":\"https:\\\/\\\/tablaoflamencoalma.com\\\/fr\\\/author\\\/flamencoalma\\\/\"}]}<\/script>\n<!-- \/ Yoast SEO plugin. -->","yoast_head_json":{"title":"Programme id\u00e9al \u00e0 Palma\u00a0: Flamenco, d\u00eener et promenade - Tablao Flamenco Alma","description":"D\u00e9couvrez la formule id\u00e9ale pour une soir\u00e9e inoubliable \u00e0 Palma. Combinez un spectacle de flamenco en direct avec un d\u00eener romantique. R\u00e9servez votre exp\u00e9rience au Tablao Alma\u00a0!","robots":{"index":"index","follow":"follow","max-snippet":"max-snippet:-1","max-image-preview":"max-image-preview:large","max-video-preview":"max-video-preview:-1"},"canonical":"https:\/\/tablaoflamencoalma.com\/fr\/una-noche-magica-en-palma-flamenco-en-tablao-flamenco-alma-cena-y-paseo\/","og_locale":"fr_FR","og_type":"article","og_title":"Plan Perfecto en Palma: Flamenco, Cena y Paseo - Tablao Flamenco Alma","og_description":"Descubre el plan perfecto para una noche en Palma. Combina un show de flamenco en vivo con cena rom\u00e1ntica. \u00a1Reserva tu experiencia en Tablao Alma!","og_url":"https:\/\/tablaoflamencoalma.com\/fr\/una-noche-magica-en-palma-flamenco-en-tablao-flamenco-alma-cena-y-paseo\/","og_site_name":"Tablao Flamenco Alma","article_publisher":"https:\/\/www.facebook.com\/tablaoflamencoalma","article_published_time":"2025-08-27T09:14:54+00:00","article_modified_time":"2026-06-02T07:57:33+00:00","og_image":[{"width":1707,"height":2560,"url":"https:\/\/tablaoflamencoalma.com\/wp-content\/uploads\/2025\/08\/Una-Noche-Magica-en-Palma-Flamenco-en-Tablao-Alma-portada-post-scaled.jpg","type":"image\/jpeg"}],"author":"Tablao Flamenco Alma","twitter_card":"summary_large_image","twitter_misc":{"\u00c9crit par":"Tablao Flamenco Alma","Dur\u00e9e de lecture estim\u00e9e":"7 minutes"},"schema":{"@context":"https:\/\/schema.org","@graph":[{"@type":"Article","@id":"https:\/\/tablaoflamencoalma.com\/una-noche-magica-en-palma-flamenco-en-tablao-flamenco-alma-cena-y-paseo\/#article","isPartOf":{"@id":"https:\/\/tablaoflamencoalma.com\/una-noche-magica-en-palma-flamenco-en-tablao-flamenco-alma-cena-y-paseo\/"},"author":{"name":"Tablao Flamenco Alma","@id":"https:\/\/tablaoflamencoalma.com\/#\/schema\/person\/9d0c2a9a099918689427e2a0b2dd0f5c"},"headline":"Una noche m\u00e1gica en Palma con flamenco, cena y paseo","datePublished":"2025-08-27T09:14:54+00:00","dateModified":"2026-06-02T07:57:33+00:00","mainEntityOfPage":{"@id":"https:\/\/tablaoflamencoalma.com\/una-noche-magica-en-palma-flamenco-en-tablao-flamenco-alma-cena-y-paseo\/"},"wordCount":1579,"commentCount":0,"publisher":{"@id":"https:\/\/tablaoflamencoalma.com\/#organization"},"image":{"@id":"https:\/\/tablaoflamencoalma.com\/una-noche-magica-en-palma-flamenco-en-tablao-flamenco-alma-cena-y-paseo\/#primaryimage"},"thumbnailUrl":"https:\/\/tablaoflamencoalma.com\/wp-content\/uploads\/2025\/08\/Una-Noche-Magica-en-Palma-Flamenco-en-Tablao-Alma-portada-post.jpg","articleSection":["General"],"inLanguage":"fr-FR","potentialAction":[{"@type":"CommentAction","name":"Comment","target":["https:\/\/tablaoflamencoalma.com\/una-noche-magica-en-palma-flamenco-en-tablao-flamenco-alma-cena-y-paseo\/#respond"]}]},{"@type":"WebPage","@id":"https:\/\/tablaoflamencoalma.com\/una-noche-magica-en-palma-flamenco-en-tablao-flamenco-alma-cena-y-paseo\/","url":"https:\/\/tablaoflamencoalma.com\/una-noche-magica-en-palma-flamenco-en-tablao-flamenco-alma-cena-y-paseo\/","name":"Programme id\u00e9al \u00e0 Palma\u00a0: Flamenco, d\u00eener et promenade - Tablao Flamenco Alma","isPartOf":{"@id":"https:\/\/tablaoflamencoalma.com\/#website"},"primaryImageOfPage":{"@id":"https:\/\/tablaoflamencoalma.com\/una-noche-magica-en-palma-flamenco-en-tablao-flamenco-alma-cena-y-paseo\/#primaryimage"},"image":{"@id":"https:\/\/tablaoflamencoalma.com\/una-noche-magica-en-palma-flamenco-en-tablao-flamenco-alma-cena-y-paseo\/#primaryimage"},"thumbnailUrl":"https:\/\/tablaoflamencoalma.com\/wp-content\/uploads\/2025\/08\/Una-Noche-Magica-en-Palma-Flamenco-en-Tablao-Alma-portada-post.jpg","datePublished":"2025-08-27T09:14:54+00:00","dateModified":"2026-06-02T07:57:33+00:00","description":"D\u00e9couvrez la formule id\u00e9ale pour une soir\u00e9e inoubliable \u00e0 Palma. Combinez un spectacle de flamenco en direct avec un d\u00eener romantique. R\u00e9servez votre exp\u00e9rience au Tablao Alma\u00a0!","breadcrumb":{"@id":"https:\/\/tablaoflamencoalma.com\/una-noche-magica-en-palma-flamenco-en-tablao-flamenco-alma-cena-y-paseo\/#breadcrumb"},"inLanguage":"fr-FR","potentialAction":[{"@type":"ReadAction","target":["https:\/\/tablaoflamencoalma.com\/una-noche-magica-en-palma-flamenco-en-tablao-flamenco-alma-cena-y-paseo\/"]}]},{"@type":"ImageObject","inLanguage":"fr-FR","@id":"https:\/\/tablaoflamencoalma.com\/una-noche-magica-en-palma-flamenco-en-tablao-flamenco-alma-cena-y-paseo\/#primaryimage","url":"https:\/\/tablaoflamencoalma.com\/wp-content\/uploads\/2025\/08\/Una-Noche-Magica-en-Palma-Flamenco-en-Tablao-Alma-portada-post.jpg","contentUrl":"https:\/\/tablaoflamencoalma.com\/wp-content\/uploads\/2025\/08\/Una-Noche-Magica-en-Palma-Flamenco-en-Tablao-Alma-portada-post.jpg","width":1707,"height":2560,"caption":"Una Noche M\u00e1gica en Palma Flamenco en Tablao Alma portada post"},{"@type":"BreadcrumbList","@id":"https:\/\/tablaoflamencoalma.com\/una-noche-magica-en-palma-flamenco-en-tablao-flamenco-alma-cena-y-paseo\/#breadcrumb","itemListElement":[{"@type":"ListItem","position":1,"name":"Portada","item":"https:\/\/tablaoflamencoalma.com\/"},{"@type":"ListItem","position":2,"name":"Una noche m\u00e1gica en Palma con flamenco, cena y paseo"}]},{"@type":"WebSite","@id":"https:\/\/tablaoflamencoalma.com\/#website","url":"https:\/\/tablaoflamencoalma.com\/","name":"Tablao flamenco Alma","description":"Tablao flamenco Alma","publisher":{"@id":"https:\/\/tablaoflamencoalma.com\/#organization"},"potentialAction":[{"@type":"SearchAction","target":{"@type":"EntryPoint","urlTemplate":"https:\/\/tablaoflamencoalma.com\/?s={search_term_string}"},"query-input":{"@type":"PropertyValueSpecification","valueRequired":true,"valueName":"search_term_string"}}],"inLanguage":"fr-FR"},{"@type":"Organization","@id":"https:\/\/tablaoflamencoalma.com\/#organization","name":"Tablao flamenco Alma","url":"https:\/\/tablaoflamencoalma.com\/","logo":{"@type":"ImageObject","inLanguage":"fr-FR","@id":"https:\/\/tablaoflamencoalma.com\/#\/schema\/logo\/image\/","url":"https:\/\/tablaoflamencoalma.com\/wp-content\/uploads\/2024\/01\/cropped-tablao-flamenco-alma-01-04.png","contentUrl":"https:\/\/tablaoflamencoalma.com\/wp-content\/uploads\/2024\/01\/cropped-tablao-flamenco-alma-01-04.png","width":512,"height":512,"caption":"Tablao Flamenco Alma"},"image":{"@id":"https:\/\/tablaoflamencoalma.com\/#\/schema\/logo\/image\/"},"sameAs":["https:\/\/www.facebook.com\/tablaoflamencoalma","https:\/\/www.instagram.com\/tablaoflamencoalma"]},{"@type":"Person","@id":"https:\/\/tablaoflamencoalma.com\/#\/schema\/person\/9d0c2a9a099918689427e2a0b2dd0f5c","name":"Tablao flamenco Alma","image":{"@type":"ImageObject","inLanguage":"fr-FR","@id":"https:\/\/tablaoflamencoalma.com\/wp-content\/litespeed\/avatar\/797b83aa1ddf30f355ead08e864f8dad.jpg?ver=1788140548","url":"https:\/\/tablaoflamencoalma.com\/wp-content\/litespeed\/avatar\/797b83aa1ddf30f355ead08e864f8dad.jpg?ver=1788140548","contentUrl":"https:\/\/tablaoflamencoalma.com\/wp-content\/litespeed\/avatar\/797b83aa1ddf30f355ead08e864f8dad.jpg?ver=1788140548","caption":"Tablao Flamenco Alma"},"url":"https:\/\/tablaoflamencoalma.com\/fr\/author\/flamencoalma\/"}]}},"_links":{"self":[{"href":"https:\/\/tablaoflamencoalma.com\/fr\/wp-json\/wp\/v2\/posts\/6630","targetHints":{"allow":["GET"]}}],"collection":[{"href":"https:\/\/tablaoflamencoalma.com\/fr\/wp-json\/wp\/v2\/posts"}],"about":[{"href":"https:\/\/tablaoflamencoalma.com\/fr\/wp-json\/wp\/v2\/types\/post"}],"author":[{"embeddable":true,"href":"https:\/\/tablaoflamencoalma.com\/fr\/wp-json\/wp\/v2\/users\/3"}],"replies":[{"embeddable":true,"href":"https:\/\/tablaoflamencoalma.com\/fr\/wp-json\/wp\/v2\/comments?post=6630"}],"version-history":[{"count":4,"href":"https:\/\/tablaoflamencoalma.com\/fr\/wp-json\/wp\/v2\/posts\/6630\/revisions"}],"predecessor-version":[{"id":7523,"href":"https:\/\/tablaoflamencoalma.com\/fr\/wp-json\/wp\/v2\/posts\/6630\/revisions\/7523"}],"wp:featuredmedia":[{"embeddable":true,"href":"https:\/\/tablaoflamencoalma.com\/fr\/wp-json\/wp\/v2\/media\/6631"}],"wp:attachment":[{"href":"https:\/\/tablaoflamencoalma.com\/fr\/wp-json\/wp\/v2\/media?parent=6630"}],"wp:term":[{"taxonomy":"category","embeddable":true,"href":"https:\/\/tablaoflamencoalma.com\/fr\/wp-json\/wp\/v2\/categories?post=6630"},{"taxonomy":"post_tag","embeddable":true,"href":"https:\/\/tablaoflamencoalma.com\/fr\/wp-json\/wp\/v2\/tags?post=6630"}],"curies":[{"name":"wp","href":"https:\/\/api.w.org\/{rel}","templated":true}]}}