{"id":6020,"date":"2025-07-23T13:50:08","date_gmt":"2025-07-23T12:50:08","guid":{"rendered":"https:\/\/tablaoflamencoalma.com\/?p=6020"},"modified":"2026-05-28T06:12:54","modified_gmt":"2026-05-28T05:12:54","slug":"a-quoi-s-attendre-lors-de-votre-premiere-visite-dans-un-tablao-flamenco-profitez-au-maximum-au-tablao-flamenco-alma","status":"publish","type":"post","link":"https:\/\/tablaoflamencoalma.com\/fr\/que-esperar-en-tu-primera-visita-a-un-tablao-flamenco-disfruta-al-maximo-en-tablao-flamenco-alma\/","title":{"rendered":"\u00c0 quoi s&#039;attendre lors de votre premi\u00e8re visite dans un tablao flamenco"},"content":{"rendered":"<p class=\"wp-block-paragraph\">Vous \u00eates-vous d\u00e9j\u00e0 demand\u00e9 ce que l&#039;on ressent lorsqu&#039;on est emport\u00e9 par la passion des pas de danse flamenco, la m\u00e9lancolie d&#039;un chant profond ou la virtuosit\u00e9 d&#039;une guitare flamenco\u00a0? Si vous vous appr\u00eatez \u00e0 d\u00e9couvrir pour la premi\u00e8re fois l&#039;univers captivant du flamenco en direct, il est tout \u00e0 fait normal d&#039;\u00e9prouver un m\u00e9lange d&#039;excitation et de curiosit\u00e9. Un tablao flamenco n&#039;est pas qu&#039;un simple lieu\u00a0; c&#039;est un sanctuaire o\u00f9 l&#039;art, l&#039;histoire et l&#039;\u00e9motion se conjuguent pour cr\u00e9er une exp\u00e9rience inoubliable.<\/p>\n\n\n\n<p class=\"wp-block-paragraph\">Dans <a href=\"https:\/\/tablaoflamencoalma.com\/fr\/\"><strong>Tablao flamenco Alma<\/strong><\/a>, situ\u00e9 au c\u0153ur de <strong>Palma de Majorque<\/strong>, Nous vous invitons \u00e0 vous immerger pleinement dans cette tradition espagnole profond\u00e9ment enracin\u00e9e. Cet article est votre guide ultime pour en apprendre davantage. <strong>\u00c0 quoi s&#039;attendre lors de votre premi\u00e8re visite dans un tablao flamenco<\/strong> Et surtout, comment savourer pleinement chaque instant sur sc\u00e8ne. Des rythmes entra\u00eenants aux petits d\u00e9tails qui font toute la diff\u00e9rence, pr\u00e9parez-vous \u00e0 une soir\u00e9e inoubliable.<\/p>\n\n\n\n<h2 class=\"wp-block-heading\">L&#039;exp\u00e9rience sensorielle d&#039;un spectacle de flamenco : au-del\u00e0 du visible<\/h2>\n\n\n\n<p class=\"wp-block-paragraph\">Le flamenco est un art qui se vit avec tous les sens. Il ne se limite pas \u00e0 la vue, mais englobe aussi l&#039;ou\u00efe, le toucher et l&#039;\u00e9motion qu&#039;il transmet. P\u00e9n\u00e9trer dans un tablao, c&#039;est comme entrer dans un univers parall\u00e8le o\u00f9 l&#039;expression pure r\u00e8gne en ma\u00eetre.<\/p>\n\n\n\n<h3 class=\"wp-block-heading\">Le c\u0153ur du flamenco : chant, danse et guitare<\/h3>\n\n\n\n<p class=\"wp-block-paragraph\">\u00c0 l&#039;\u00e9picentre de n&#039;importe quel <a href=\"https:\/\/tablaoflamencoalma.com\/fr\/une-nuit-magique-a-palma-flamenco-au-tablao-flamenco-alma-diner-et-promenade\/\"><strong>spectacle de flamenco en direct<\/strong><\/a> Il existe trois piliers fondamentaux\u00a0: le chant, la danse et la guitare. Chacun est une voix, un battement de c\u0153ur, une \u00e2me qui contribue \u00e0 la symphonie de la passion.<\/p>\n\n\n\n<ul class=\"wp-block-list\">\n<li><strong>La guitare flamenco :<\/strong> C&#039;est l&#039;\u00e2me m\u00e9lodique du flamenco. D\u00e8s les premiers accords, la guitare tisse une tapisserie sonore qui peut \u00eatre m\u00e9lancolique, vibrante ou festive. Les guitaristes de flamenco sont des ma\u00eetres de l&#039;improvisation et de l&#039;expression, utilisant des techniques uniques telles que\u2026 <em>gratter<\/em> (grattage rapide des cordes) et le <em>hach\u00e9<\/em> (Un jeu rapide) pour cr\u00e9er des paysages sonores qui vous transporteront. Vous entendrez l&#039;histoire de l&#039;Andalousie racont\u00e9e par ses cordes.<\/li>\n\n\n\n<li><strong>Le chant :<\/strong> Le <em>chant flamenco<\/em> Le chant flamenco profond est l&#039;expression la plus visc\u00e9rale du flamenco. C&#039;est une lamentation, une joie, un r\u00e9cit de vie. Les chanteurs de flamenco poss\u00e8dent des voix uniques, capables de transmettre des \u00e9motions brutes et authentiques qui r\u00e9sonnent profond\u00e9ment en vous. Nul besoin de comprendre chaque mot pour ressentir la tristesse, la joie ou l&#039;angoisse qui \u00e9manent de leur voix. C&#039;est une exp\u00e9rience purement \u00e9motionnelle.<\/li>\n\n\n\n<li><strong>La danse :<\/strong> La danse flamenco est une explosion d&#039;\u00e9nergie, de gr\u00e2ce et de force. Les danseurs utilisent tout leur corps pour raconter des histoires. <strong>claquettes<\/strong> Le mart\u00e8lement rythm\u00e9 des pieds sur le sol est une percussion vibrante qui dialogue avec la guitare et le chant. Vous percevrez la passion dans chaque mouvement, la technique dans chaque geste des bras et la puissance dans chaque frappe du talon. C&#039;est une danse envo\u00fbtante o\u00f9 l&#039;expression du visage et du corps est aussi importante que le rythme.<\/li>\n<\/ul>\n\n\n\n<h3 class=\"wp-block-heading\">L&#039;atmosph\u00e8re : le myst\u00e8re du duende et l&#039;intimit\u00e9 du tablao<\/h3>\n\n\n\n<p class=\"wp-block-paragraph\">Ce qui caract\u00e9rise v\u00e9ritablement un tablao, c&#039;est son atmosph\u00e8re. Ici, l&#039;art n&#039;est pas une performance distante, mais un dialogue intime entre les artistes et le public.<\/p>\n\n\n\n<ul class=\"wp-block-list\">\n<li><strong>Le gobelin :<\/strong> C&#039;est un concept presque mystique dans le flamenco. Indicible, il se ressent. C&#039;est ce moment magique o\u00f9 l&#039;\u00e9motion des artistes est si intense qu&#039;elle transcende la sc\u00e8ne et enveloppe tous les pr\u00e9sents. Un frisson, une larme, une connexion profonde \u00e0 couper le souffle. <em>lutin<\/em> Il appara\u00eet, le silence s&#039;approfondit et l&#039;exp\u00e9rience devient inoubliable. C&#039;est ce qui transforme une simple <a href=\"https:\/\/tablaoflamencoalma.com\/fr\/\"><strong>th\u00e9\u00e2tre de flamenco \u00e0 Majorque<\/strong><\/a> dans un lieu magique.<\/li>\n\n\n\n<li><strong>L&#039;intimit\u00e9 de la sc\u00e8ne flamenco :<\/strong> Contrairement aux grandes salles de spectacle, une salle de flamenco offre une intimit\u00e9 sans pareille. <a href=\"https:\/\/tablaoflamencoalma.com\/fr\/\"><strong>Tablao flamenco Alma<\/strong><\/a>, Vous \u00eates si pr\u00e8s que vous pouvez voir la sueur sur le front du guitariste, l&#039;expression dans les yeux du chanteur et la vibration de chaque muscle du corps du danseur. Cette proximit\u00e9 cr\u00e9e un lien personnel, vous faisant sentir partie int\u00e9grante du spectacle, et non simple spectateur. L&#039;\u00e9nergie vous parvient directement des artistes, cr\u00e9ant une exp\u00e9rience immersive et intime.<\/li>\n<\/ul>\n\n\n\n<h2 class=\"wp-block-heading\">Pr\u00e9sentation de la structure et des d\u00e9tails pratiques au Tablao Flamenco Alma<\/h2>\n\n\n\n<p class=\"wp-block-paragraph\">Pour que vous <strong>premi\u00e8re fois dans un tablao flamenco<\/strong> Pour que votre exp\u00e9rience soit la plus agr\u00e9able possible, il est utile de savoir comment se d\u00e9roule un spectacle et quelles sont les prestations propos\u00e9es. <a href=\"https:\/\/tablaoflamencoalma.com\/fr\/\"><strong>Tablao flamenco Alma<\/strong><\/a>.<\/p>\n\n\n\n<h3 class=\"wp-block-heading\">Comment se d\u00e9roule l&#039;\u00e9mission<\/h3>\n\n\n\n<p class=\"wp-block-paragraph\">Bien que chaque spectacle soit unique et que les artistes aient la libert\u00e9 de s&#039;exprimer, il existe une structure g\u00e9n\u00e9rale \u00e0 laquelle on peut s&#039;attendre.<\/p>\n\n\n\n<ul class=\"wp-block-list\">\n<li><strong>La pr\u00e9sentation :<\/strong> Le spectacle commence g\u00e9n\u00e9ralement par une introduction musicale qui donne le ton, souvent avec un solo de guitare qui d\u00e9montre la ma\u00eetrise de l&#039;instrumentiste.<\/li>\n\n\n\n<li><strong>Performances individuelles et de groupe :<\/strong> Tout au long de ce spectacle d&#039;une heure, vous assisterez \u00e0 une alternance constante de num\u00e9ros. \u00c0 certains moments, une danseuse de flamenco brillera en solo, d\u00e9ployant tout son art. \u00c0 d&#039;autres, la chanteuse de flamenco vous transportera dans la profondeur de sa voix. Et bien s\u00fbr, il y aura des num\u00e9ros de groupe o\u00f9 l&#039;\u00e9nergie collective des artistes vous laissera sans voix. L&#039;interaction entre la chanteuse, le guitariste et les danseurs est permanente, un dialogue silencieux qui est l&#039;essence m\u00eame du flamenco. <strong>Comment se d\u00e9roule un spectacle de flamenco ?<\/strong>.<\/li>\n\n\n\n<li><strong>La dur\u00e9e :<\/strong> Au Tablao Flamenco Alma, le spectacle a un <strong>d'une dur\u00e9e d'une heure<\/strong> L&#039;intensit\u00e9 du flamenco \u00e0 l&#039;\u00e9tat pur. Un moment concentr\u00e9, con\u00e7u pour vous offrir le meilleur de cet art sans interruptions superflues, maintenant l&#039;\u00e9nergie et l&#039;\u00e9motion \u00e0 leur apog\u00e9e.<\/li>\n\n\n\n<li><strong>La distribution :<\/strong> Notre sc\u00e8ne s&#039;anime gr\u00e2ce \u00e0 une pl\u00e9iade d&#039;artistes flamenco de renom\u00a0: des chanteuses \u00e0 la voix envo\u00fbtante, des guitaristes virtuoses qui caressent et frappent les cordes avec une ma\u00eetrise exceptionnelle, et des danseurs qui transforment l&#039;espace par leurs mouvements et leur passion. Chacun apporte son talent unique pour cr\u00e9er une exp\u00e9rience inoubliable.<\/li>\n<\/ul>\n\n\n\n<h2 class=\"wp-block-heading\">Conseils pratiques pour votre visite au Tablao Flamenco Alma<\/h2>\n\n\n\n<p class=\"wp-block-paragraph\">Nous souhaitons que votre exp\u00e9rience soit parfaite d\u00e8s votre arriv\u00e9e. Voici quelques conseils. <strong>Conseils du Tablao Flamenco Alma<\/strong> Vous pouvez donc profiter sans soucis :<\/p>\n\n\n\n<ul class=\"wp-block-list\">\n<li><strong>Horaires et arriv\u00e9e :<\/strong> Nous vous recommandons d&#039;arriver bien avant le d\u00e9but du spectacle. Les portes sont ouvertes pour vous assister. <strong>\u00e0 partir d'une heure avant le d\u00e9but du spectacle<\/strong>. Cela vous permettra de choisir votre place \u00e0 votre guise, de savourer votre boisson et de vous impr\u00e9gner de l&#039;ambiance avant que les lumi\u00e8res ne s&#039;\u00e9teignent et que la magie n&#039;op\u00e8re.<\/li>\n\n\n\n<li><strong>\u00c9quipements inclus\u00a0:<\/strong> Votre entr\u00e9e \u00e0 <strong>Tablao flamenco Alma<\/strong> comprend <strong>1 boisson au choix parmi bi\u00e8re, vin, boisson sans alcool, cava ou sangria<\/strong>. C&#039;est le moyen id\u00e9al de se rafra\u00eechir et de se d\u00e9tendre pendant que vous vous pr\u00e9parez pour le spectacle. De plus, nous offrons un service pratique <strong>service de restauration<\/strong>, Vous pourrez ainsi d\u00eener ou prendre un en-cas avant ou pendant le spectacle, sans avoir \u00e0 vous soucier de trouver un autre endroit.<\/li>\n\n\n\n<li><strong>Langues et accessibilit\u00e9 :<\/strong> Nous comprenons que nos visiteurs viennent du monde entier. C&#039;est pourquoi notre h\u00f4te accueillant parle <strong>espagnol, anglais et allemand<\/strong>, Nous veillons \u00e0 ce que vous vous sentiez \u00e0 l&#039;aise et que vous puissiez dissiper tous vos doutes. De plus, nous sommes fiers d&#039;\u00eatre un espace <strong>accessible en fauteuil roulant<\/strong>, faire en sorte que chacun puisse appr\u00e9cier la beaut\u00e9 du flamenco.<\/li>\n\n\n\n<li><strong>Flexibilit\u00e9 de r\u00e9servation\u00a0:<\/strong> Nous savons que les projets peuvent changer. C'est pourquoi nous proposons <strong>annulation gratuite jusqu'\u00e0 24 heures avant<\/strong> de l&#039;\u00e9mission, avec <strong>remboursement int\u00e9gral<\/strong>. Vous pouvez ainsi r\u00e9server en toute s\u00e9r\u00e9nit\u00e9, sachant que vous b\u00e9n\u00e9ficiez d&#039;une grande flexibilit\u00e9.<\/li>\n<\/ul>\n\n\n\n<h2 class=\"wp-block-heading\">R\u00e8gles de conduite et de participation lors de votre premi\u00e8re fois dans un tablao de flamenco<\/h2>\n\n\n\n<p class=\"wp-block-paragraph\">L&#039;un des charmes du flamenco dans un tablao r\u00e9side dans son caract\u00e8re participatif. Bien qu&#039;il ne soit pas n\u00e9cessaire de monter sur sc\u00e8ne pour danser, il existe des mani\u00e8res subtiles d&#039;interagir et de manifester son appr\u00e9ciation.<\/p>\n\n\n\n<h3 class=\"wp-block-heading\">L&#039;interaction public-artiste : <em>agitation<\/em> et les palmiers<\/h3>\n\n\n\n<p class=\"wp-block-paragraph\">Le flamenco est un art vivant et spontan\u00e9, et le public joue un r\u00f4le dans la cr\u00e9ation de cette atmosph\u00e8re.<\/p>\n\n\n\n<ul class=\"wp-block-list\">\n<li><strong>Le <em>agitation<\/em>:<\/strong> Ne soyez pas surpris si vous entendez des exclamations de la foule comme \u201c Ol\u00e9 ! \u201d, \u201c Allez ! \u201d, \u201c C&#039;est \u00e7a ! \u201d ou \u201c Magnifique ! \u201d. C&#039;est le <em>agitation<\/em>, C&#039;est une fa\u00e7on d&#039;encourager les artistes et d&#039;exprimer son admiration pour leur travail. Si vous vous sentez inspir\u00e9\u00b7e, n&#039;h\u00e9sitez pas \u00e0 participer, mais faites-le avec respect et au bon moment, g\u00e9n\u00e9ralement lorsqu&#039;un artiste a r\u00e9alis\u00e9 une action ou une remarque particuli\u00e8rement marquante. C&#039;est une mani\u00e8re de se connecter \u00e0 l&#039;\u00e9nergie du moment.<\/li>\n\n\n\n<li><strong>Les palmiers :<\/strong> Le <em>palmiers<\/em> Les claquements de mains rythmiques sont essentiels au flamenco. Souvent, les artistes eux-m\u00eames ou leurs accompagnateurs les utilisent pour marquer le temps. Bien qu&#039;il soit tentant de les rejoindre, les claquements de mains en flamenco sont complexes et requi\u00e8rent un sens du rythme tr\u00e8s particulier. \u00c0 moins que les artistes ne vous y invitent explicitement ou que vous ne soyez un expert, il est pr\u00e9f\u00e9rable de laisser les claquements de mains aux professionnels et d&#039;appr\u00e9cier la subtilit\u00e9 de ce rythme.<\/li>\n<\/ul>\n\n\n\n<h2 class=\"wp-block-heading\">Conseils de savoir-vivre pour une exp\u00e9rience respectueuse<\/h2>\n\n\n\n<p class=\"wp-block-paragraph\">Pour que chacun puisse profiter pleinement de la soir\u00e9e, il est important de garder \u00e0 l&#039;esprit quelques r\u00e8gles de savoir-vivre de base\u00a0:<\/p>\n\n\n\n<ul class=\"wp-block-list\">\n<li><strong>Respect du silence :<\/strong> Lors des performances les plus intenses, notamment pendant un <em>chant flamenco<\/em> Qu&#039;il s&#039;agisse d&#039;un solo de guitare ou d&#039;autre chose, le silence est d&#039;or. Laissez-vous impr\u00e9gner par l&#039;\u00e9motion des musiciens et laissez le son emplir l&#039;espace. \u00c9vitez de parler fort ou de faire du bruit qui pourrait distraire les artistes ou les autres spectateurs.<\/li>\n\n\n\n<li><strong>Utilisation du t\u00e9l\u00e9phone portable\u00a0:<\/strong> Nous comprenons votre envie d&#039;immortaliser l&#039;instant, mais nous vous demandons de limiter l&#039;utilisation de votre t\u00e9l\u00e9phone portable pendant le spectacle. Les photos sans flash sont g\u00e9n\u00e9ralement accept\u00e9es, mais veuillez \u00e9viter d&#039;enregistrer de longues vid\u00e9os ou de laisser votre t\u00e9l\u00e9phone allum\u00e9 en permanence. L&#039;id\u00e9al serait de vous d\u00e9connecter et de vous immerger pleinement dans l&#039;exp\u00e9rience en direct. N&#039;oubliez pas que la v\u00e9ritable magie du flamenco r\u00e9side dans l&#039;instant pr\u00e9sent, et non sur un \u00e9cran.<\/li>\n\n\n\n<li><strong>Tenue:<\/strong> Il n&#039;y a pas de code vestimentaire strict. Vous pouvez vous habiller confortablement, mais beaucoup choisissent de s&#039;habiller un peu plus \u00e9l\u00e9gamment pour l&#039;occasion, surtout s&#039;il s&#039;agit d&#039;un d\u00eener. L&#039;important est que vous vous sentiez \u00e0 l&#039;aise.<\/li>\n<\/ul>\n\n\n\n<h2 class=\"wp-block-heading\">Pr\u00e9parez-vous \u00e0 une nuit inoubliable \u00e0 Palma<\/h2>\n\n\n\n<p class=\"wp-block-paragraph\">Toi <strong>premi\u00e8re fois dans un tablao flamenco<\/strong> C&#039;est bien plus qu&#039;assister \u00e0 un spectacle\u00a0; c&#039;est une immersion au c\u0153ur de l&#039;\u00e2me espagnole. C&#039;est l&#039;occasion de se connecter \u00e0 une forme d&#039;art qui a \u00e9volu\u00e9 au fil des si\u00e8cles, n\u00e9e de la fusion des cultures et de l&#039;expression d&#039;\u00e9motions humaines universelles.<\/p>\n\n\n\n<p class=\"wp-block-paragraph\">Dans <a href=\"https:\/\/tablaoflamencoalma.com\/fr\/\"><strong>Tablao flamenco Alma<\/strong><\/a>, Nous sommes fiers de vous offrir une exp\u00e9rience authentique et m\u00e9morable \u00e0 <strong>Palma de Majorque<\/strong>. Notre engagement est de vous pr\u00e9senter le flamenco dans sa forme la plus pure, avec des artistes qui vivent et respirent cet art, dans un cadre intimiste qui vous permettra de ressentir chaque note et chaque mouvement. <strong>Spectacle de flamenco \u00e0 Palma\u00a0: \u00e0 quoi s\u2019attendre<\/strong> Dans notre salle de flamenco, c&#039;est la promesse de passion, de magie et d&#039;une soir\u00e9e inoubliable.<\/p>\n\n\n\n<p class=\"wp-block-paragraph\">N&#039;h\u00e9sitez plus ! Il est temps de vivre l&#039;exp\u00e9rience ! <a href=\"https:\/\/tablaoflamencoalma.com\/fr\/une-nuit-magique-a-palma-flamenco-au-tablao-flamenco-alma-diner-et-promenade\/\"><strong>R\u00e9servez vos billets d\u00e8s aujourd&#039;hui !<\/strong><\/a> Pr\u00e9parez-vous \u00e0 une soir\u00e9e plac\u00e9e sous le signe de l&#039;art, de l&#039;\u00e9motion et de l&#039;\u00e2me v\u00e9ritable du flamenco. N&#039;oubliez pas que, conform\u00e9ment \u00e0 notre politique de <strong>annulation gratuite jusqu'\u00e0 24 heures avant<\/strong>, Vous pouvez planifier votre visite en toute s\u00e9r\u00e9nit\u00e9.<\/p>\n\n\n\n<p class=\"wp-block-paragraph\">Nous avons h\u00e2te de vous voir \u00e0 <a href=\"https:\/\/tablaoflamencoalma.com\/fr\/\"><strong>Tablao flamenco Alma<\/strong><\/a> pour une exp\u00e9rience qui vous touchera en plein c\u0153ur !<\/p>","protected":false},"excerpt":{"rendered":"<p>\u00bfAlguna vez te has preguntado qu\u00e9 se siente al ser arrastrado por la pasi\u00f3n de un zapateado, la melancol\u00eda de un cante jondo o la maestr\u00eda de una guitarra flamenca? Si est\u00e1s planeando tu primera incursi\u00f3n en el fascinante mundo del flamenco en vivo, es natural sentir una mezcla de emoci\u00f3n y curiosidad. Un tablao [&hellip;]<\/p>\n","protected":false},"author":3,"featured_media":6021,"comment_status":"open","ping_status":"open","sticky":false,"template":"","format":"standard","meta":{"site-sidebar-layout":"default","site-content-layout":"","ast-site-content-layout":"default","site-content-style":"default","site-sidebar-style":"default","ast-global-header-display":"","ast-banner-title-visibility":"","ast-main-header-display":"","ast-hfb-above-header-display":"","ast-hfb-below-header-display":"","ast-hfb-mobile-header-display":"","site-post-title":"","ast-breadcrumbs-content":"","ast-featured-img":"","footer-sml-layout":"","theme-transparent-header-meta":"","adv-header-id-meta":"","stick-header-meta":"","header-above-stick-meta":"","header-main-stick-meta":"","header-below-stick-meta":"","astra-migrate-meta-layouts":"set","ast-page-background-enabled":"default","ast-page-background-meta":{"desktop":{"background-color":"var(--ast-global-color-4)","background-image":"","background-repeat":"repeat","background-position":"center center","background-size":"auto","background-attachment":"scroll","background-type":"","background-media":"","overlay-type":"","overlay-color":"","overlay-opacity":"","overlay-gradient":""},"tablet":{"background-color":"","background-image":"","background-repeat":"repeat","background-position":"center center","background-size":"auto","background-attachment":"scroll","background-type":"","background-media":"","overlay-type":"","overlay-color":"","overlay-opacity":"","overlay-gradient":""},"mobile":{"background-color":"","background-image":"","background-repeat":"repeat","background-position":"center center","background-size":"auto","background-attachment":"scroll","background-type":"","background-media":"","overlay-type":"","overlay-color":"","overlay-opacity":"","overlay-gradient":""}},"ast-content-background-meta":{"desktop":{"background-color":"var(--ast-global-color-5)","background-image":"","background-repeat":"repeat","background-position":"center center","background-size":"auto","background-attachment":"scroll","background-type":"","background-media":"","overlay-type":"","overlay-color":"","overlay-opacity":"","overlay-gradient":""},"tablet":{"background-color":"var(--ast-global-color-5)","background-image":"","background-repeat":"repeat","background-position":"center center","background-size":"auto","background-attachment":"scroll","background-type":"","background-media":"","overlay-type":"","overlay-color":"","overlay-opacity":"","overlay-gradient":""},"mobile":{"background-color":"var(--ast-global-color-5)","background-image":"","background-repeat":"repeat","background-position":"center center","background-size":"auto","background-attachment":"scroll","background-type":"","background-media":"","overlay-type":"","overlay-color":"","overlay-opacity":"","overlay-gradient":""}},"footnotes":""},"categories":[17],"tags":[],"class_list":["post-6020","post","type-post","status-publish","format-standard","has-post-thumbnail","hentry","category-general"],"yoast_head":"<!-- This site is optimized with the Yoast SEO plugin v28.4 - https:\/\/yoast.com\/product\/yoast-seo-wordpress\/ -->\n<title>Qu\u00e9 esperar en tu primera visita a un tablao flamenco - Tablao Flamenco Alma<\/title>\n<meta name=\"description\" content=\"Gu\u00eda definitiva para saber qu\u00e9 esperar en tu primera visita a un tablao flamenco y, lo m\u00e1s importante, c\u00f3mo disfrutar al m\u00e1ximo de cada instante en nuestro escenario\" \/>\n<meta name=\"robots\" content=\"index, follow, max-snippet:-1, max-image-preview:large, max-video-preview:-1\" \/>\n<link rel=\"canonical\" href=\"https:\/\/tablaoflamencoalma.com\/fr\/a-quoi-s-attendre-lors-de-votre-premiere-visite-dans-un-tablao-flamenco-profitez-au-maximum-au-tablao-flamenco-alma\/\" \/>\n<meta property=\"og:locale\" content=\"fr_FR\" \/>\n<meta property=\"og:type\" content=\"article\" \/>\n<meta property=\"og:title\" content=\"Qu\u00e9 esperar en tu primera visita a un tablao flamenco - Tablao Flamenco Alma\" \/>\n<meta property=\"og:description\" content=\"Gu\u00eda definitiva para saber qu\u00e9 esperar en tu primera visita a un tablao flamenco y, lo m\u00e1s importante, c\u00f3mo disfrutar al m\u00e1ximo de cada instante en nuestro escenario\" \/>\n<meta property=\"og:url\" content=\"https:\/\/tablaoflamencoalma.com\/fr\/a-quoi-s-attendre-lors-de-votre-premiere-visite-dans-un-tablao-flamenco-profitez-au-maximum-au-tablao-flamenco-alma\/\" \/>\n<meta property=\"og:site_name\" content=\"Tablao Flamenco Alma\" \/>\n<meta property=\"article:publisher\" content=\"https:\/\/www.facebook.com\/tablaoflamencoalma\" \/>\n<meta property=\"article:published_time\" content=\"2025-07-23T12:50:08+00:00\" \/>\n<meta property=\"article:modified_time\" content=\"2026-05-28T05:12:54+00:00\" \/>\n<meta property=\"og:image\" content=\"https:\/\/tablaoflamencoalma.com\/wp-content\/uploads\/2025\/07\/Que-esperar-en-tu-primera-visita-a-un-tablao-flamenco-portada-post.jpeg\" \/>\n\t<meta property=\"og:image:width\" content=\"1200\" \/>\n\t<meta property=\"og:image:height\" content=\"1600\" \/>\n\t<meta property=\"og:image:type\" content=\"image\/jpeg\" \/>\n<meta name=\"author\" content=\"Tablao Flamenco Alma\" \/>\n<meta name=\"twitter:card\" content=\"summary_large_image\" \/>\n<meta name=\"twitter:label1\" content=\"\u00c9crit par\" \/>\n\t<meta name=\"twitter:data1\" content=\"Tablao Flamenco Alma\" \/>\n\t<meta name=\"twitter:label2\" content=\"Dur\u00e9e de lecture estim\u00e9e\" \/>\n\t<meta name=\"twitter:data2\" content=\"9 minutes\" \/>\n<script type=\"application\/ld+json\" class=\"yoast-schema-graph\">{\"@context\":\"https:\\\/\\\/schema.org\",\"@graph\":[{\"@type\":\"Article\",\"@id\":\"https:\\\/\\\/tablaoflamencoalma.com\\\/que-esperar-en-tu-primera-visita-a-un-tablao-flamenco-disfruta-al-maximo-en-tablao-flamenco-alma\\\/#article\",\"isPartOf\":{\"@id\":\"https:\\\/\\\/tablaoflamencoalma.com\\\/que-esperar-en-tu-primera-visita-a-un-tablao-flamenco-disfruta-al-maximo-en-tablao-flamenco-alma\\\/\"},\"author\":{\"name\":\"Tablao Flamenco Alma\",\"@id\":\"https:\\\/\\\/tablaoflamencoalma.com\\\/#\\\/schema\\\/person\\\/9d0c2a9a099918689427e2a0b2dd0f5c\"},\"headline\":\"Qu\u00e9 esperar en tu primera visita a un tablao flamenco\",\"datePublished\":\"2025-07-23T12:50:08+00:00\",\"dateModified\":\"2026-05-28T05:12:54+00:00\",\"mainEntityOfPage\":{\"@id\":\"https:\\\/\\\/tablaoflamencoalma.com\\\/que-esperar-en-tu-primera-visita-a-un-tablao-flamenco-disfruta-al-maximo-en-tablao-flamenco-alma\\\/\"},\"wordCount\":1977,\"commentCount\":0,\"publisher\":{\"@id\":\"https:\\\/\\\/tablaoflamencoalma.com\\\/#organization\"},\"image\":{\"@id\":\"https:\\\/\\\/tablaoflamencoalma.com\\\/que-esperar-en-tu-primera-visita-a-un-tablao-flamenco-disfruta-al-maximo-en-tablao-flamenco-alma\\\/#primaryimage\"},\"thumbnailUrl\":\"https:\\\/\\\/tablaoflamencoalma.com\\\/wp-content\\\/uploads\\\/2025\\\/07\\\/Que-esperar-en-tu-primera-visita-a-un-tablao-flamenco-portada-post.jpeg\",\"articleSection\":[\"General\"],\"inLanguage\":\"fr-FR\",\"potentialAction\":[{\"@type\":\"CommentAction\",\"name\":\"Comment\",\"target\":[\"https:\\\/\\\/tablaoflamencoalma.com\\\/que-esperar-en-tu-primera-visita-a-un-tablao-flamenco-disfruta-al-maximo-en-tablao-flamenco-alma\\\/#respond\"]}]},{\"@type\":\"WebPage\",\"@id\":\"https:\\\/\\\/tablaoflamencoalma.com\\\/que-esperar-en-tu-primera-visita-a-un-tablao-flamenco-disfruta-al-maximo-en-tablao-flamenco-alma\\\/\",\"url\":\"https:\\\/\\\/tablaoflamencoalma.com\\\/que-esperar-en-tu-primera-visita-a-un-tablao-flamenco-disfruta-al-maximo-en-tablao-flamenco-alma\\\/\",\"name\":\"Qu\u00e9 esperar en tu primera visita a un tablao flamenco - Tablao Flamenco Alma\",\"isPartOf\":{\"@id\":\"https:\\\/\\\/tablaoflamencoalma.com\\\/#website\"},\"primaryImageOfPage\":{\"@id\":\"https:\\\/\\\/tablaoflamencoalma.com\\\/que-esperar-en-tu-primera-visita-a-un-tablao-flamenco-disfruta-al-maximo-en-tablao-flamenco-alma\\\/#primaryimage\"},\"image\":{\"@id\":\"https:\\\/\\\/tablaoflamencoalma.com\\\/que-esperar-en-tu-primera-visita-a-un-tablao-flamenco-disfruta-al-maximo-en-tablao-flamenco-alma\\\/#primaryimage\"},\"thumbnailUrl\":\"https:\\\/\\\/tablaoflamencoalma.com\\\/wp-content\\\/uploads\\\/2025\\\/07\\\/Que-esperar-en-tu-primera-visita-a-un-tablao-flamenco-portada-post.jpeg\",\"datePublished\":\"2025-07-23T12:50:08+00:00\",\"dateModified\":\"2026-05-28T05:12:54+00:00\",\"description\":\"Gu\u00eda definitiva para saber qu\u00e9 esperar en tu primera visita a un tablao flamenco y, lo m\u00e1s importante, c\u00f3mo disfrutar al m\u00e1ximo de cada instante en nuestro escenario\",\"breadcrumb\":{\"@id\":\"https:\\\/\\\/tablaoflamencoalma.com\\\/que-esperar-en-tu-primera-visita-a-un-tablao-flamenco-disfruta-al-maximo-en-tablao-flamenco-alma\\\/#breadcrumb\"},\"inLanguage\":\"fr-FR\",\"potentialAction\":[{\"@type\":\"ReadAction\",\"target\":[\"https:\\\/\\\/tablaoflamencoalma.com\\\/que-esperar-en-tu-primera-visita-a-un-tablao-flamenco-disfruta-al-maximo-en-tablao-flamenco-alma\\\/\"]}]},{\"@type\":\"ImageObject\",\"inLanguage\":\"fr-FR\",\"@id\":\"https:\\\/\\\/tablaoflamencoalma.com\\\/que-esperar-en-tu-primera-visita-a-un-tablao-flamenco-disfruta-al-maximo-en-tablao-flamenco-alma\\\/#primaryimage\",\"url\":\"https:\\\/\\\/tablaoflamencoalma.com\\\/wp-content\\\/uploads\\\/2025\\\/07\\\/Que-esperar-en-tu-primera-visita-a-un-tablao-flamenco-portada-post.jpeg\",\"contentUrl\":\"https:\\\/\\\/tablaoflamencoalma.com\\\/wp-content\\\/uploads\\\/2025\\\/07\\\/Que-esperar-en-tu-primera-visita-a-un-tablao-flamenco-portada-post.jpeg\",\"width\":1200,\"height\":1600,\"caption\":\"Qu\u00e9 esperar en tu primera visita a un tablao flamenco portada post\"},{\"@type\":\"BreadcrumbList\",\"@id\":\"https:\\\/\\\/tablaoflamencoalma.com\\\/que-esperar-en-tu-primera-visita-a-un-tablao-flamenco-disfruta-al-maximo-en-tablao-flamenco-alma\\\/#breadcrumb\",\"itemListElement\":[{\"@type\":\"ListItem\",\"position\":1,\"name\":\"Portada\",\"item\":\"https:\\\/\\\/tablaoflamencoalma.com\\\/\"},{\"@type\":\"ListItem\",\"position\":2,\"name\":\"Qu\u00e9 esperar en tu primera visita a un tablao flamenco\"}]},{\"@type\":\"WebSite\",\"@id\":\"https:\\\/\\\/tablaoflamencoalma.com\\\/#website\",\"url\":\"https:\\\/\\\/tablaoflamencoalma.com\\\/\",\"name\":\"Tablao Flamenco Alma\",\"description\":\"Tablao Flamenco Alma\",\"publisher\":{\"@id\":\"https:\\\/\\\/tablaoflamencoalma.com\\\/#organization\"},\"potentialAction\":[{\"@type\":\"SearchAction\",\"target\":{\"@type\":\"EntryPoint\",\"urlTemplate\":\"https:\\\/\\\/tablaoflamencoalma.com\\\/?s={search_term_string}\"},\"query-input\":{\"@type\":\"PropertyValueSpecification\",\"valueRequired\":true,\"valueName\":\"search_term_string\"}}],\"inLanguage\":\"fr-FR\"},{\"@type\":\"Organization\",\"@id\":\"https:\\\/\\\/tablaoflamencoalma.com\\\/#organization\",\"name\":\"Tablao Flamenco Alma\",\"url\":\"https:\\\/\\\/tablaoflamencoalma.com\\\/\",\"logo\":{\"@type\":\"ImageObject\",\"inLanguage\":\"fr-FR\",\"@id\":\"https:\\\/\\\/tablaoflamencoalma.com\\\/#\\\/schema\\\/logo\\\/image\\\/\",\"url\":\"https:\\\/\\\/tablaoflamencoalma.com\\\/wp-content\\\/uploads\\\/2024\\\/01\\\/cropped-tablao-flamenco-alma-01-04.png\",\"contentUrl\":\"https:\\\/\\\/tablaoflamencoalma.com\\\/wp-content\\\/uploads\\\/2024\\\/01\\\/cropped-tablao-flamenco-alma-01-04.png\",\"width\":512,\"height\":512,\"caption\":\"Tablao Flamenco Alma\"},\"image\":{\"@id\":\"https:\\\/\\\/tablaoflamencoalma.com\\\/#\\\/schema\\\/logo\\\/image\\\/\"},\"sameAs\":[\"https:\\\/\\\/www.facebook.com\\\/tablaoflamencoalma\",\"https:\\\/\\\/www.instagram.com\\\/tablaoflamencoalma\"]},{\"@type\":\"Person\",\"@id\":\"https:\\\/\\\/tablaoflamencoalma.com\\\/#\\\/schema\\\/person\\\/9d0c2a9a099918689427e2a0b2dd0f5c\",\"name\":\"Tablao Flamenco Alma\",\"image\":{\"@type\":\"ImageObject\",\"inLanguage\":\"fr-FR\",\"@id\":\"https:\\\/\\\/tablaoflamencoalma.com\\\/wp-content\\\/litespeed\\\/avatar\\\/797b83aa1ddf30f355ead08e864f8dad.jpg?ver=1788140548\",\"url\":\"https:\\\/\\\/tablaoflamencoalma.com\\\/wp-content\\\/litespeed\\\/avatar\\\/797b83aa1ddf30f355ead08e864f8dad.jpg?ver=1788140548\",\"contentUrl\":\"https:\\\/\\\/tablaoflamencoalma.com\\\/wp-content\\\/litespeed\\\/avatar\\\/797b83aa1ddf30f355ead08e864f8dad.jpg?ver=1788140548\",\"caption\":\"Tablao Flamenco Alma\"},\"url\":\"https:\\\/\\\/tablaoflamencoalma.com\\\/fr\\\/author\\\/flamencoalma\\\/\"}]}<\/script>\n<!-- \/ Yoast SEO plugin. -->","yoast_head_json":{"title":"\u00c0 quoi s&#039;attendre lors de votre premi\u00e8re visite dans un tablao flamenco - Tablao Flamenco Alma","description":"Le guide ultime de ce \u00e0 quoi vous pouvez vous attendre lors de votre premi\u00e8re visite dans un tablao flamenco et, surtout, comment profiter au maximum de chaque instant sur sc\u00e8ne.","robots":{"index":"index","follow":"follow","max-snippet":"max-snippet:-1","max-image-preview":"max-image-preview:large","max-video-preview":"max-video-preview:-1"},"canonical":"https:\/\/tablaoflamencoalma.com\/fr\/a-quoi-s-attendre-lors-de-votre-premiere-visite-dans-un-tablao-flamenco-profitez-au-maximum-au-tablao-flamenco-alma\/","og_locale":"fr_FR","og_type":"article","og_title":"Qu\u00e9 esperar en tu primera visita a un tablao flamenco - Tablao Flamenco Alma","og_description":"Gu\u00eda definitiva para saber qu\u00e9 esperar en tu primera visita a un tablao flamenco y, lo m\u00e1s importante, c\u00f3mo disfrutar al m\u00e1ximo de cada instante en nuestro escenario","og_url":"https:\/\/tablaoflamencoalma.com\/fr\/a-quoi-s-attendre-lors-de-votre-premiere-visite-dans-un-tablao-flamenco-profitez-au-maximum-au-tablao-flamenco-alma\/","og_site_name":"Tablao Flamenco Alma","article_publisher":"https:\/\/www.facebook.com\/tablaoflamencoalma","article_published_time":"2025-07-23T12:50:08+00:00","article_modified_time":"2026-05-28T05:12:54+00:00","og_image":[{"width":1200,"height":1600,"url":"https:\/\/tablaoflamencoalma.com\/wp-content\/uploads\/2025\/07\/Que-esperar-en-tu-primera-visita-a-un-tablao-flamenco-portada-post.jpeg","type":"image\/jpeg"}],"author":"Tablao Flamenco Alma","twitter_card":"summary_large_image","twitter_misc":{"\u00c9crit par":"Tablao Flamenco Alma","Dur\u00e9e de lecture estim\u00e9e":"9 minutes"},"schema":{"@context":"https:\/\/schema.org","@graph":[{"@type":"Article","@id":"https:\/\/tablaoflamencoalma.com\/que-esperar-en-tu-primera-visita-a-un-tablao-flamenco-disfruta-al-maximo-en-tablao-flamenco-alma\/#article","isPartOf":{"@id":"https:\/\/tablaoflamencoalma.com\/que-esperar-en-tu-primera-visita-a-un-tablao-flamenco-disfruta-al-maximo-en-tablao-flamenco-alma\/"},"author":{"name":"Tablao Flamenco Alma","@id":"https:\/\/tablaoflamencoalma.com\/#\/schema\/person\/9d0c2a9a099918689427e2a0b2dd0f5c"},"headline":"Qu\u00e9 esperar en tu primera visita a un tablao flamenco","datePublished":"2025-07-23T12:50:08+00:00","dateModified":"2026-05-28T05:12:54+00:00","mainEntityOfPage":{"@id":"https:\/\/tablaoflamencoalma.com\/que-esperar-en-tu-primera-visita-a-un-tablao-flamenco-disfruta-al-maximo-en-tablao-flamenco-alma\/"},"wordCount":1977,"commentCount":0,"publisher":{"@id":"https:\/\/tablaoflamencoalma.com\/#organization"},"image":{"@id":"https:\/\/tablaoflamencoalma.com\/que-esperar-en-tu-primera-visita-a-un-tablao-flamenco-disfruta-al-maximo-en-tablao-flamenco-alma\/#primaryimage"},"thumbnailUrl":"https:\/\/tablaoflamencoalma.com\/wp-content\/uploads\/2025\/07\/Que-esperar-en-tu-primera-visita-a-un-tablao-flamenco-portada-post.jpeg","articleSection":["General"],"inLanguage":"fr-FR","potentialAction":[{"@type":"CommentAction","name":"Comment","target":["https:\/\/tablaoflamencoalma.com\/que-esperar-en-tu-primera-visita-a-un-tablao-flamenco-disfruta-al-maximo-en-tablao-flamenco-alma\/#respond"]}]},{"@type":"WebPage","@id":"https:\/\/tablaoflamencoalma.com\/que-esperar-en-tu-primera-visita-a-un-tablao-flamenco-disfruta-al-maximo-en-tablao-flamenco-alma\/","url":"https:\/\/tablaoflamencoalma.com\/que-esperar-en-tu-primera-visita-a-un-tablao-flamenco-disfruta-al-maximo-en-tablao-flamenco-alma\/","name":"\u00c0 quoi s&#039;attendre lors de votre premi\u00e8re visite dans un tablao flamenco - Tablao Flamenco Alma","isPartOf":{"@id":"https:\/\/tablaoflamencoalma.com\/#website"},"primaryImageOfPage":{"@id":"https:\/\/tablaoflamencoalma.com\/que-esperar-en-tu-primera-visita-a-un-tablao-flamenco-disfruta-al-maximo-en-tablao-flamenco-alma\/#primaryimage"},"image":{"@id":"https:\/\/tablaoflamencoalma.com\/que-esperar-en-tu-primera-visita-a-un-tablao-flamenco-disfruta-al-maximo-en-tablao-flamenco-alma\/#primaryimage"},"thumbnailUrl":"https:\/\/tablaoflamencoalma.com\/wp-content\/uploads\/2025\/07\/Que-esperar-en-tu-primera-visita-a-un-tablao-flamenco-portada-post.jpeg","datePublished":"2025-07-23T12:50:08+00:00","dateModified":"2026-05-28T05:12:54+00:00","description":"Le guide ultime de ce \u00e0 quoi vous pouvez vous attendre lors de votre premi\u00e8re visite dans un tablao flamenco et, surtout, comment profiter au maximum de chaque instant sur sc\u00e8ne.","breadcrumb":{"@id":"https:\/\/tablaoflamencoalma.com\/que-esperar-en-tu-primera-visita-a-un-tablao-flamenco-disfruta-al-maximo-en-tablao-flamenco-alma\/#breadcrumb"},"inLanguage":"fr-FR","potentialAction":[{"@type":"ReadAction","target":["https:\/\/tablaoflamencoalma.com\/que-esperar-en-tu-primera-visita-a-un-tablao-flamenco-disfruta-al-maximo-en-tablao-flamenco-alma\/"]}]},{"@type":"ImageObject","inLanguage":"fr-FR","@id":"https:\/\/tablaoflamencoalma.com\/que-esperar-en-tu-primera-visita-a-un-tablao-flamenco-disfruta-al-maximo-en-tablao-flamenco-alma\/#primaryimage","url":"https:\/\/tablaoflamencoalma.com\/wp-content\/uploads\/2025\/07\/Que-esperar-en-tu-primera-visita-a-un-tablao-flamenco-portada-post.jpeg","contentUrl":"https:\/\/tablaoflamencoalma.com\/wp-content\/uploads\/2025\/07\/Que-esperar-en-tu-primera-visita-a-un-tablao-flamenco-portada-post.jpeg","width":1200,"height":1600,"caption":"Qu\u00e9 esperar en tu primera visita a un tablao flamenco portada post"},{"@type":"BreadcrumbList","@id":"https:\/\/tablaoflamencoalma.com\/que-esperar-en-tu-primera-visita-a-un-tablao-flamenco-disfruta-al-maximo-en-tablao-flamenco-alma\/#breadcrumb","itemListElement":[{"@type":"ListItem","position":1,"name":"Portada","item":"https:\/\/tablaoflamencoalma.com\/"},{"@type":"ListItem","position":2,"name":"Qu\u00e9 esperar en tu primera visita a un tablao flamenco"}]},{"@type":"WebSite","@id":"https:\/\/tablaoflamencoalma.com\/#website","url":"https:\/\/tablaoflamencoalma.com\/","name":"Tablao flamenco Alma","description":"Tablao flamenco Alma","publisher":{"@id":"https:\/\/tablaoflamencoalma.com\/#organization"},"potentialAction":[{"@type":"SearchAction","target":{"@type":"EntryPoint","urlTemplate":"https:\/\/tablaoflamencoalma.com\/?s={search_term_string}"},"query-input":{"@type":"PropertyValueSpecification","valueRequired":true,"valueName":"search_term_string"}}],"inLanguage":"fr-FR"},{"@type":"Organization","@id":"https:\/\/tablaoflamencoalma.com\/#organization","name":"Tablao flamenco Alma","url":"https:\/\/tablaoflamencoalma.com\/","logo":{"@type":"ImageObject","inLanguage":"fr-FR","@id":"https:\/\/tablaoflamencoalma.com\/#\/schema\/logo\/image\/","url":"https:\/\/tablaoflamencoalma.com\/wp-content\/uploads\/2024\/01\/cropped-tablao-flamenco-alma-01-04.png","contentUrl":"https:\/\/tablaoflamencoalma.com\/wp-content\/uploads\/2024\/01\/cropped-tablao-flamenco-alma-01-04.png","width":512,"height":512,"caption":"Tablao Flamenco Alma"},"image":{"@id":"https:\/\/tablaoflamencoalma.com\/#\/schema\/logo\/image\/"},"sameAs":["https:\/\/www.facebook.com\/tablaoflamencoalma","https:\/\/www.instagram.com\/tablaoflamencoalma"]},{"@type":"Person","@id":"https:\/\/tablaoflamencoalma.com\/#\/schema\/person\/9d0c2a9a099918689427e2a0b2dd0f5c","name":"Tablao flamenco Alma","image":{"@type":"ImageObject","inLanguage":"fr-FR","@id":"https:\/\/tablaoflamencoalma.com\/wp-content\/litespeed\/avatar\/797b83aa1ddf30f355ead08e864f8dad.jpg?ver=1788140548","url":"https:\/\/tablaoflamencoalma.com\/wp-content\/litespeed\/avatar\/797b83aa1ddf30f355ead08e864f8dad.jpg?ver=1788140548","contentUrl":"https:\/\/tablaoflamencoalma.com\/wp-content\/litespeed\/avatar\/797b83aa1ddf30f355ead08e864f8dad.jpg?ver=1788140548","caption":"Tablao Flamenco Alma"},"url":"https:\/\/tablaoflamencoalma.com\/fr\/author\/flamencoalma\/"}]}},"_links":{"self":[{"href":"https:\/\/tablaoflamencoalma.com\/fr\/wp-json\/wp\/v2\/posts\/6020","targetHints":{"allow":["GET"]}}],"collection":[{"href":"https:\/\/tablaoflamencoalma.com\/fr\/wp-json\/wp\/v2\/posts"}],"about":[{"href":"https:\/\/tablaoflamencoalma.com\/fr\/wp-json\/wp\/v2\/types\/post"}],"author":[{"embeddable":true,"href":"https:\/\/tablaoflamencoalma.com\/fr\/wp-json\/wp\/v2\/users\/3"}],"replies":[{"embeddable":true,"href":"https:\/\/tablaoflamencoalma.com\/fr\/wp-json\/wp\/v2\/comments?post=6020"}],"version-history":[{"count":2,"href":"https:\/\/tablaoflamencoalma.com\/fr\/wp-json\/wp\/v2\/posts\/6020\/revisions"}],"predecessor-version":[{"id":7522,"href":"https:\/\/tablaoflamencoalma.com\/fr\/wp-json\/wp\/v2\/posts\/6020\/revisions\/7522"}],"wp:featuredmedia":[{"embeddable":true,"href":"https:\/\/tablaoflamencoalma.com\/fr\/wp-json\/wp\/v2\/media\/6021"}],"wp:attachment":[{"href":"https:\/\/tablaoflamencoalma.com\/fr\/wp-json\/wp\/v2\/media?parent=6020"}],"wp:term":[{"taxonomy":"category","embeddable":true,"href":"https:\/\/tablaoflamencoalma.com\/fr\/wp-json\/wp\/v2\/categories?post=6020"},{"taxonomy":"post_tag","embeddable":true,"href":"https:\/\/tablaoflamencoalma.com\/fr\/wp-json\/wp\/v2\/tags?post=6020"}],"curies":[{"name":"wp","href":"https:\/\/api.w.org\/{rel}","templated":true}]}}