{"id":5410,"date":"2025-06-24T10:48:23","date_gmt":"2025-06-24T09:48:23","guid":{"rendered":"https:\/\/tablaoflamencoalma.com\/?p=5410"},"modified":"2026-06-02T08:49:09","modified_gmt":"2026-06-02T07:49:09","slug":"la-voix-de-l-ame-devoiler-l-importance-du-cante-dans-le-flamenco-authentique-de-palma-de-majorque","status":"publish","type":"post","link":"https:\/\/tablaoflamencoalma.com\/fr\/la-voz-del-alma-desvelando-la-importancia-del-cante-en-el-flamenco-autentico-de-palma-de-mallorca\/","title":{"rendered":"La voix de l&#039;\u00e2me : le chant flamenco authentique \u00e0 Palma"},"content":{"rendered":"<p class=\"wp-block-paragraph\">Vous \u00eates-vous d\u00e9j\u00e0 demand\u00e9 ce qui vous donne vraiment la chair de poule ? <strong>spectacle de flamenco<\/strong>Quel est cet \u00e9l\u00e9ment de l&#039;\u00e2me qui relie le danseur au guitariste et le public \u00e0 l&#039;essence de cet art ancestral\u00a0? Dans l&#039;univers fascinant du flamenco, o\u00f9 la passion se danse, se joue et, surtout, se chante, il existe une figure qui devient souvent l&#039;\u00e9picentre de toutes les \u00e9motions\u00a0: le chanteur.<\/p>\n\n\n\n<p class=\"wp-block-paragraph\"><\/p>\n\n\n\n<p class=\"wp-block-paragraph\">Le <strong>chant flamenco<\/strong> Ce n&#039;est pas simplement une autre partie de <em>performance<\/em>; C&#039;est la racine, le pilier fondamental et l&#039;expression la plus pure de cet art, d\u00e9clar\u00e9 patrimoine culturel immat\u00e9riel de l&#039;humanit\u00e9. C&#039;est la voix de l&#039;\u00e2me, le fil conducteur qui tisse l&#039;histoire de chaque couplet et de chaque mesure, emmenant l&#039;auditoire dans un voyage \u00e9motionnel sans pr\u00e9c\u00e9dent. \u00c0 travers leurs lamentations et leurs paroles profondes, les chanteurs de flamenco deviennent un pont entre la tradition et l&#039;\u00e9motion brute.<\/p>\n\n\n\n<p class=\"wp-block-paragraph\"><\/p>\n\n\n\n<p class=\"wp-block-paragraph\">Dans cet article, nous allons r\u00e9v\u00e9ler pourquoi le <strong>chanter en flamenco<\/strong> C&#039;est tellement crucial, \u00e0 quel point c&#039;est indissociable de la danse et de la guitare, et pourquoi une authentique <strong>spectacle de flamenco en direct<\/strong>, comme ceux que nous proposons dans <a href=\"https:\/\/tablaoflamencoalma.com\/fr\/\"><strong>Tablao Flamenco Alma \u00e0 Palma de Majorque<\/strong><\/a>, Ce ne serait pas pareil sans lui. Nous vous invitons \u00e0 d\u00e9couvrir la magie qui se cache derri\u00e8re chaque note et \u00e0 vous pr\u00e9parer \u00e0 ressentir toute son importance lors de nos spectacles.<\/p>\n\n\n\n<p class=\"wp-block-paragraph\"><\/p>\n\n\n\n<h2 class=\"wp-block-heading\">Le chant : le c\u0153ur qui bat dans chaque rythme du flamenco<\/h2>\n\n\n\n<p class=\"wp-block-paragraph\">Le flamenco, dans sa forme la plus aboutie, est un dialogue. Un dialogue intime et visc\u00e9ral entre le chanteur, le danseur et le guitariste, orchestr\u00e9 par le pouls immuable du rythme. Et au c\u0153ur de ce dialogue, le <strong>chant flamenco<\/strong> Elle se r\u00e9v\u00e8le \u00eatre la voix de la conscience, le battement de c\u0153ur qui marque le d\u00e9but et la fin de chaque souffle artistique.<\/p>\n\n\n\n<h2 class=\"wp-block-heading\">Au-del\u00e0 de la voix : le sentiment pur et la transmission des \u00e9motions<\/h2>\n\n\n\n<p class=\"wp-block-paragraph\">Quand on parle de <strong>chant flamenco<\/strong>, Nous ne parlons pas simplement d&#039;une m\u00e9lodie ou de jolies paroles. Nous parlons d&#039;une transmission d&#039;\u00e9motions si brutes et authentiques qu&#039;elles peuvent vous toucher au plus profond de votre \u00eatre. Le chanteur de flamenco est un chroniqueur de la vie, un conteur dont les histoires s&#039;expriment par la modulation de sa voix, les pauses, les\u2026 <em>g\u00e9missement<\/em> et le <em>r\u00e9glage<\/em>.<\/p>\n\n\n\n<p class=\"wp-block-paragraph\">Le <strong>g\u00e9missement<\/strong>, Ce son, semblant surgir des profondeurs de l&#039;\u00eatre, est un cri ancestral de chagrin, d&#039;angoisse ou de joie incontr\u00f4lable. Il ne s&#039;apprend pas \u00e0 l&#039;\u00e9cole\u00a0; il se ressent, s&#039;h\u00e9rite et se vit. Il est la manifestation la plus directe de\u2026 <em>lutin<\/em> Le flamenco, cette force ineffable qui m\u00e9tamorphose le quotidien en magie. Chaque chanteur y appose sa propre empreinte, son \u00e2me, rendant chaque repr\u00e9sentation unique et irrempla\u00e7able. <em>r\u00e9glage<\/em> Il ne s&#039;agit pas seulement d&#039;une intonation correcte ; il s&#039;agit de la capacit\u00e9 \u00e0 maintenir la tension et l&#039;\u00e9motion dans chaque note, m\u00eame dans les passages les plus m\u00e9lismatiques et ornement\u00e9s.<\/p>\n\n\n\n<p class=\"wp-block-paragraph\">La <strong>voix flamenco<\/strong> Elle poss\u00e8de une qualit\u00e9 unique, une rudesse et une douceur qui alternent pour peindre des paysages \u00e9motionnels complexes. Elle peut \u00eatre gutturale et profonde, \u00e9voquant la terre et la souffrance, ou claire et vibrante, c\u00e9l\u00e9brant la vie et la f\u00eate. Cette dualit\u00e9 lui conf\u00e8re sa richesse et sa capacit\u00e9 \u00e0 toucher l&#039;auditeur, quelles que soient son origine ou sa langue. <strong>l&#039;\u00e9motion du flamenco<\/strong> qui transcende les barri\u00e8res culturelles et linguistiques. C&#039;est une forme de narration pure, o\u00f9 chaque note, chaque silence et chaque \u00e9cho vocal raconte une histoire de g\u00e9n\u00e9rations, de r\u00e9sistance, d&#039;amour et de perte.<\/p>\n\n\n\n<h2 class=\"wp-block-heading\">Le dialogue invisible : chant, danse et guitare en parfaite synchronisation<\/h2>\n\n\n\n<p class=\"wp-block-paragraph\">Le flamenco est un \u00e9cosyst\u00e8me o\u00f9 chaque \u00e9l\u00e9ment nourrit les autres. Dans ce ballet sensoriel complexe, le chant endosse le r\u00f4le d&#039;un metteur en sc\u00e8ne invisible, d&#039;un timonier guidant le navire de l&#039;expression artistique. Il ne s&#039;agit pas d&#039;une simple succession de performances individuelles, mais d&#039;un dialogue improvis\u00e9 et spontan\u00e9 o\u00f9 chaque artiste s&#039;inspire de l&#039;autre.<\/p>\n\n\n\n<p class=\"wp-block-paragraph\">Le chanteur, par sa voix, donne le rythme, la pulsation et l&#039;intensit\u00e9 de la performance. Le danseur, par ses mouvements de jambes et de bras, r\u00e9pond \u00e0 cet appel, traduisant les \u00e9motions vocales en mouvements. Ses pas peuvent \u00eatre une explosion de rage ou un murmure de joie, toujours en parfaite r\u00e9sonance avec la voix qui l&#039;inspire. Le guitariste, quant \u00e0 lui, tisse un accompagnement magistral, remplissant les espaces, cr\u00e9ant des atmosph\u00e8res, et anticipant ou suivant parfois l&#039;improvisation du chanteur, dans une d\u00e9monstration de complicit\u00e9 et de ma\u00eetrise.<\/p>\n\n\n\n<p class=\"wp-block-paragraph\">Cette synchronicit\u00e9 n&#039;est pas le fruit de r\u00e9p\u00e9titions m\u00e9ticuleuses et pr\u00e9\u00e9tablies, mais d&#039;ann\u00e9es d&#039;\u00e9coute, d&#039;exp\u00e9rience et d&#039;une profonde connexion avec l&#039;art du flamenco. C&#039;est une danse intuitive, o\u00f9 un regard, un geste ou une inflexion dans la voix du chanteur peuvent transformer le cours de la repr\u00e9sentation en quelques secondes. C&#039;est cette interaction constante, cette interd\u00e9pendance, qui rend chaque repr\u00e9sentation si unique. <strong>Spectacle de flamenco \u00e0 Palma de Majorque<\/strong> dans un <strong>th\u00e9\u00e2tre de flamenco \u00e0 Majorque<\/strong> faire une exp\u00e9rience vivante et passionnante. <strong>chanter en flamenco<\/strong> C&#039;est le fil invisible qui unit tout le monde, cr\u00e9ant une unit\u00e9 artistique qui est bien plus que la somme de ses parties.<\/p>\n\n\n\n<h2 class=\"wp-block-heading\">La vari\u00e9t\u00e9 du chant flamenco : les styles de flamenco et leurs nuances<\/h2>\n\n\n\n<p class=\"wp-block-paragraph\">La richesse de <strong>chant flamenco<\/strong> Cela se manifeste par son incroyable diversit\u00e9 de \u201c\u00a0palos\u00a0\u201d ou styles. Chaque palo est un univers en soi, avec sa propre structure m\u00e9trique, ses th\u00e8mes, son harmonie et sa charge \u00e9motionnelle. De la solennit\u00e9 et de la profonde lamentation du <strong>Seguiriya<\/strong> ou la <strong>Sole\u00e1<\/strong>, qui explorent la douleur et la trag\u00e9die de l&#039;existence, jusqu&#039;\u00e0 la joie et la vivacit\u00e9 d\u00e9bordantes de <strong>Joies<\/strong> ou le <strong>Buler\u00edas<\/strong>, qui invitent \u00e0 la c\u00e9l\u00e9bration et aux r\u00e9jouissances.<\/p>\n\n\n\n<p class=\"wp-block-paragraph\">Un v\u00e9ritable chanteur de flamenco ma\u00eetrise non seulement la technique vocale, mais aussi l&#039;essence de chaque style, sachant quand et comment l&#039;appliquer pour susciter l&#039;\u00e9motion d\u00e9sir\u00e9e. Le choix du style n&#039;est pas fortuit\u00a0; c&#039;est une d\u00e9cision artistique qui r\u00e9pond \u00e0 l&#039;instant pr\u00e9sent, \u00e0 l&#039;inspiration et au dialogue avec le danseur et le guitariste. Cette ma\u00eetrise des variations et cette capacit\u00e9 \u00e0 passer d&#039;une \u00e9motion \u00e0 l&#039;autre, d&#039;un rythme \u00e0 l&#039;autre, conf\u00e8rent \u00e0 chaque interpr\u00e9tation une richesse et une profondeur incomparables. <strong>chanter en flamenco<\/strong>. C\u2019est \u00e0 travers cette vari\u00e9t\u00e9 que le flamenco se r\u00e9v\u00e8le comme un art vivant, adaptable et en constante \u00e9volution, toujours enracin\u00e9 dans ses traditions, mais ouvert \u00e0 de nouvelles interpr\u00e9tations.<\/p>\n\n\n\n<h2 class=\"wp-block-heading\">La magie du duende : quand le chant fait tomber les barri\u00e8res<\/h2>\n\n\n\n<p class=\"wp-block-paragraph\">Dans le lexique du flamenco, il existe un mot qui r\u00e9sume l&#039;essence ineffable de cet art : le <strong>\u201c&quot;elfe&quot;\u201d<\/strong>. Federico Garc\u00eda Lorca la d\u00e9crivait comme \u201c une force myst\u00e9rieuse que chacun ressent et qu\u2019aucun philosophe ne peut expliquer \u201d. Ce n\u2019est ni technique, ni style, ni inspiration, bien que tous ces \u00e9l\u00e9ments soient n\u00e9cessaires. Le duende est quelque chose de plus, quelque chose qui \u00e9merge du plus profond de l\u2019artiste et qui, lorsqu\u2019il se manifeste, est capable d\u2019entra\u00eener le spectateur dans une exp\u00e9rience transcendantale, presque spirituelle.<\/p>\n\n\n\n<p class=\"wp-block-paragraph\">Et dans cette manifestation du duende, le <strong>chant flamenco<\/strong> C&#039;est, sans aucun doute, le v\u00e9hicule principal. C&#039;est dans la voix du chanteur, dans son cri d\u00e9chirant, sa profonde lamentation ou son explosion de joie, que le duende (l&#039;esprit) se manifeste le plus intens\u00e9ment. Quand un chanteur \u201c\u00a0a le duende\u00a0\u201d, sa voix transcende le domaine purement musical\u00a0; elle devient l&#039;\u00e9cho de l&#039;exp\u00e9rience humaine, touchant directement les \u00e9motions les plus primaires de l&#039;auditeur.<\/p>\n\n\n\n<p class=\"wp-block-paragraph\">C\u2019est cette \u00e9tincelle inexplicable qui rend une performance, aussi imparfaite soit-elle techniquement, infiniment plus \u00e9mouvante qu\u2019une performance irr\u00e9prochable mais d\u00e9nu\u00e9e d\u2019\u00e2me. Cette magie conf\u00e8re \u00e0 chaque repr\u00e9sentation son caract\u00e8re unique et irrempla\u00e7able, un moment de magie partag\u00e9e entre l\u2019artiste et le public, o\u00f9 le temps semble suspendu et la r\u00e9alit\u00e9 se dissout dans l\u2019intensit\u00e9 de l\u2019art. C\u2019est un ph\u00e9nom\u00e8ne qui ne peut \u00eatre compris qu\u2019en le vivant en direct, en ressentant la vibration dans l\u2019air et\u2026 <strong>l&#039;\u00e9motion du flamenco<\/strong> dans chaque pore de la peau.<\/p>\n\n\n\n<h2 class=\"wp-block-heading\">Vivez l&#039;intensit\u00e9 du chant flamenco au Tablao Flamenco Alma \u00e0 Palma de Majorque.<\/h2>\n\n\n\n<p class=\"wp-block-paragraph\">Comprendre la th\u00e9orie et l&#039;histoire de <strong>chanter en flamenco<\/strong> C&#039;est un premier pas, mais pour vraiment le comprendre, il faut en faire l&#039;exp\u00e9rience. Et il n&#039;y a pas de meilleur endroit pour cela qu&#039;un authentique <strong>spectacle de flamenco en direct<\/strong> comme <a href=\"https:\/\/tablaoflamencoalma.com\/fr\/\"><strong>Tablao flamenco Alma<\/strong><\/a>, Situ\u00e9 au c\u0153ur de Palma de Majorque, ici, le chant flamenco n&#039;est pas seulement un \u00e9l\u00e9ment du spectacle ; il est l&#039;\u00e2me qui bat dans chaque repr\u00e9sentation, le battement de c\u0153ur qui relie les artistes au public et la tradition \u00e0 l&#039;\u00e9motion du pr\u00e9sent.<\/p>\n\n\n\n<p class=\"wp-block-paragraph\">Dans <a href=\"https:\/\/tablaoflamencoalma.com\/fr\/\"><strong>Tablao flamenco Alma<\/strong><\/a>, Le chant est trait\u00e9 avec le respect qu&#039;il m\u00e9rite. Nous avons une troupe de chanteurs d&#039;une qualit\u00e9 exceptionnelle, des artistes qui poss\u00e8dent non seulement une technique irr\u00e9prochable, mais aussi la capacit\u00e9 de transmettre l&#039;essence m\u00eame du flamenco. Leur exp\u00e9rience et leur passion se refl\u00e8tent dans chaque note, dans chaque mouvement. <em>g\u00e9missement<\/em>, \u00e0 chaque respiration, faisant le <strong>voix flamenco<\/strong> remplir chaque recoin de notre espace.<\/p>\n\n\n\n<p class=\"wp-block-paragraph\">Vivez l&#039;exp\u00e9rience <strong>chant flamenco<\/strong> en direct sur notre <a href=\"https:\/\/tablaoflamencoalma.com\/fr\/une-nuit-magique-a-palma-flamenco-au-tablao-flamenco-alma-diner-et-promenade\/\"><strong>th\u00e9\u00e2tre de flamenco \u00e0 Majorque<\/strong><\/a> Elle offre une intimit\u00e9 et une authenticit\u00e9 qu&#039;aucun enregistrement ne peut reproduire. La proximit\u00e9 avec les artistes permet d&#039;appr\u00e9cier chaque nuance de leurs voix, chaque geste, chaque expression de leur visage. On ressent les vibrations de l&#039;air, l&#039;\u00e9nergie qui \u00e9mane de la sc\u00e8ne et le lien qui se tisse avec eux. C&#039;est une exp\u00e9rience immersive qui vous enveloppe et vous transporte.<\/p>\n\n\n\n<p class=\"wp-block-paragraph\">Nous vous invitons \u00e0 vous immerger dans cette atmosph\u00e8re unique et \u00e0 \u00eatre t\u00e9moins de la magie de <strong>chant flamenco<\/strong> dans <a href=\"https:\/\/tablaoflamencoalma.com\/fr\/une-nuit-magique-a-palma-flamenco-au-tablao-flamenco-alma-diner-et-promenade\/\"><strong>Tablao flamenco Alma<\/strong><\/a>. Pour que votre exp\u00e9rience soit parfaite, nous vous proposons\u00a0:<\/p>\n\n\n\n<ul class=\"wp-block-list\">\n<li><strong>Annulation gratuite jusqu&#039;\u00e0 24 heures avant :<\/strong> Parce que nous savons que les plans peuvent changer, nous vous offrons <strong>remboursement int\u00e9gral<\/strong> si vous devez annuler \u00e0 l&#039;avance.<\/li>\n\n\n\n<li><strong>Assistance \u00e0 partir d&#039;une heure avant le d\u00e9but du spectacle\u00a0:<\/strong> Arrivez t\u00f4t pour choisir votre place, vous impr\u00e9gner de l&#039;ambiance et vous pr\u00e9parer \u00e0 une soir\u00e9e inoubliable.<\/li>\n\n\n\n<li><strong>Dur\u00e9e du spectacle : 1 heure<\/strong> Une heure de pure passion et d&#039;art qui passera en un clin d&#039;\u0153il.<\/li>\n\n\n\n<li><strong>Langues h\u00f4tes\u00a0:<\/strong> Notre personnel vous assistera en espagnol ou en anglais, assurant un accueil chaleureux et accessible \u00e0 tous nos visiteurs internationaux.<\/li>\n\n\n\n<li><strong>Accessible aux fauteuils roulants :<\/strong> Nous sommes fiers d&#039;\u00eatre un espace inclusif et accessible \u00e0 tous.<\/li>\n\n\n\n<li><strong>1 boisson incluse avec le billet\u00a0:<\/strong> Pour c\u00e9l\u00e9brer l&#039;art, votre billet comprend une bi\u00e8re, un verre de vin, une boisson sans alcool, un verre de cava ou une sangria.<\/li>\n\n\n\n<li><strong>Service de restauration :<\/strong> De plus, nous proposons un service de restauration de qualit\u00e9 pour compl\u00e9ter votre exp\u00e9rience gastronomique et culturelle.<\/li>\n<\/ul>\n\n\n\n<p class=\"wp-block-paragraph\">Le <strong>chant flamenco<\/strong> C&#039;est, sans aucun doute, l&#039;essence m\u00eame du flamenco, le pouls qui insuffle la vie \u00e0 chaque danse et \u00e0 chaque accord de guitare. C&#039;est la manifestation la plus pure de l&#039;\u00e9motion, de l&#039;histoire et de la tradition d&#039;un art qui transcende les fronti\u00e8res. Comprendre son importance est le premier pas vers l&#039;appr\u00e9ciation de la profondeur et de la complexit\u00e9 de cet art universel.<\/p>\n\n\n\n<p class=\"wp-block-paragraph\">Ne vous contentez pas d&#039;en entendre parler, vivez-le. <a href=\"https:\/\/tablaoflamencoalma.com\/fr\/\"><strong>Tablao flamenco Alma<\/strong><\/a>, Nous vous invitons \u00e0 vous immerger dans les profondeurs <strong>l&#039;\u00e9motion du flamenco<\/strong> du chant flamenco au c\u0153ur de Palma de Majorque. Laissez-vous emporter par le <strong>voix flamenco<\/strong> qui vous touchera l&#039;\u00e2me et vous permettra de d\u00e9couvrir par vous-m\u00eame pourquoi <strong>chanter en flamenco<\/strong> C&#039;est la cl\u00e9 de sa grandeur.<\/p>\n\n\n\n<p class=\"wp-block-paragraph\">Pr\u00eat \u00e0 vivre la magie ? Nous vous invitons \u00e0 <strong>D\u00e9couvrez-en plus sur notre tablao Alma Flamenco<\/strong> d\u00e9j\u00e0 <a href=\"https:\/\/tablaoflamencoalma.com\/fr\/une-nuit-magique-a-palma-flamenco-au-tablao-flamenco-alma-diner-et-promenade\/\"><strong>R\u00e9servez vos billets<\/strong><\/a> Consultez notre programme de spectacles. Embarquez pour un voyage inoubliable au c\u0153ur du flamenco.<\/p>\n\n\n\n<p class=\"wp-block-paragraph\">Nous attendons que vous ressentiez la magie !<\/p>","protected":false},"excerpt":{"rendered":"<p>\u00bfAlguna vez te has preguntado qu\u00e9 es lo que realmente te eriza la piel en un espect\u00e1culo de flamenco? \u00bfQu\u00e9 elemento es el alma que conecta al bailaor con el guitarrista y al p\u00fablico con la esencia de este arte ancestral? En el fascinante universo del flamenco, donde la pasi\u00f3n se baila, se toca y, [&hellip;]<\/p>\n","protected":false},"author":3,"featured_media":5411,"comment_status":"open","ping_status":"open","sticky":false,"template":"","format":"standard","meta":{"site-sidebar-layout":"default","site-content-layout":"","ast-site-content-layout":"default","site-content-style":"default","site-sidebar-style":"default","ast-global-header-display":"","ast-banner-title-visibility":"","ast-main-header-display":"","ast-hfb-above-header-display":"","ast-hfb-below-header-display":"","ast-hfb-mobile-header-display":"","site-post-title":"","ast-breadcrumbs-content":"","ast-featured-img":"","footer-sml-layout":"","theme-transparent-header-meta":"","adv-header-id-meta":"","stick-header-meta":"","header-above-stick-meta":"","header-main-stick-meta":"","header-below-stick-meta":"","astra-migrate-meta-layouts":"set","ast-page-background-enabled":"default","ast-page-background-meta":{"desktop":{"background-color":"var(--ast-global-color-4)","background-image":"","background-repeat":"repeat","background-position":"center center","background-size":"auto","background-attachment":"scroll","background-type":"","background-media":"","overlay-type":"","overlay-color":"","overlay-opacity":"","overlay-gradient":""},"tablet":{"background-color":"","background-image":"","background-repeat":"repeat","background-position":"center center","background-size":"auto","background-attachment":"scroll","background-type":"","background-media":"","overlay-type":"","overlay-color":"","overlay-opacity":"","overlay-gradient":""},"mobile":{"background-color":"","background-image":"","background-repeat":"repeat","background-position":"center center","background-size":"auto","background-attachment":"scroll","background-type":"","background-media":"","overlay-type":"","overlay-color":"","overlay-opacity":"","overlay-gradient":""}},"ast-content-background-meta":{"desktop":{"background-color":"var(--ast-global-color-5)","background-image":"","background-repeat":"repeat","background-position":"center center","background-size":"auto","background-attachment":"scroll","background-type":"","background-media":"","overlay-type":"","overlay-color":"","overlay-opacity":"","overlay-gradient":""},"tablet":{"background-color":"var(--ast-global-color-5)","background-image":"","background-repeat":"repeat","background-position":"center center","background-size":"auto","background-attachment":"scroll","background-type":"","background-media":"","overlay-type":"","overlay-color":"","overlay-opacity":"","overlay-gradient":""},"mobile":{"background-color":"var(--ast-global-color-5)","background-image":"","background-repeat":"repeat","background-position":"center center","background-size":"auto","background-attachment":"scroll","background-type":"","background-media":"","overlay-type":"","overlay-color":"","overlay-opacity":"","overlay-gradient":""}},"footnotes":""},"categories":[11],"tags":[],"class_list":["post-5410","post","type-post","status-publish","format-standard","has-post-thumbnail","hentry","category-el-flamenco"],"yoast_head":"<!-- This site is optimized with the Yoast SEO plugin v28.4 - https:\/\/yoast.com\/product\/yoast-seo-wordpress\/ -->\n<title>La voz del alma: el cante flamenco aut\u00e9ntico en Palma - Tablao Flamenco Alma<\/title>\n<meta name=\"description\" content=\"El cante es el alma del flamenco. Descubre su fuerza y emoci\u00f3n en cada espect\u00e1culo en vivo de Tablao Flamenco Alma, en Palma.\" \/>\n<meta name=\"robots\" content=\"index, follow, max-snippet:-1, max-image-preview:large, max-video-preview:-1\" \/>\n<link rel=\"canonical\" href=\"https:\/\/tablaoflamencoalma.com\/fr\/la-voix-de-l-ame-devoiler-l-importance-du-cante-dans-le-flamenco-authentique-de-palma-de-majorque\/\" \/>\n<meta property=\"og:locale\" content=\"fr_FR\" \/>\n<meta property=\"og:type\" content=\"article\" \/>\n<meta property=\"og:title\" content=\"La voz del alma: el cante flamenco aut\u00e9ntico en Palma - Tablao Flamenco Alma\" \/>\n<meta property=\"og:description\" content=\"El cante es el alma del flamenco. Descubre su fuerza y emoci\u00f3n en cada espect\u00e1culo en vivo de Tablao Flamenco Alma, en Palma.\" \/>\n<meta property=\"og:url\" content=\"https:\/\/tablaoflamencoalma.com\/fr\/la-voix-de-l-ame-devoiler-l-importance-du-cante-dans-le-flamenco-authentique-de-palma-de-majorque\/\" \/>\n<meta property=\"og:site_name\" content=\"Tablao Flamenco Alma\" \/>\n<meta property=\"article:publisher\" content=\"https:\/\/www.facebook.com\/tablaoflamencoalma\" \/>\n<meta property=\"article:published_time\" content=\"2025-06-24T09:48:23+00:00\" \/>\n<meta property=\"article:modified_time\" content=\"2026-06-02T07:49:09+00:00\" \/>\n<meta property=\"og:image\" content=\"https:\/\/tablaoflamencoalma.com\/wp-content\/uploads\/2025\/06\/La-voz-del-alma-el-cante-flamenco-post-scaled.jpg\" \/>\n\t<meta property=\"og:image:width\" content=\"2560\" \/>\n\t<meta property=\"og:image:height\" content=\"1707\" \/>\n\t<meta property=\"og:image:type\" content=\"image\/jpeg\" \/>\n<meta name=\"author\" content=\"Tablao Flamenco Alma\" \/>\n<meta name=\"twitter:card\" content=\"summary_large_image\" \/>\n<meta name=\"twitter:label1\" content=\"\u00c9crit par\" \/>\n\t<meta name=\"twitter:data1\" content=\"Tablao Flamenco Alma\" \/>\n\t<meta name=\"twitter:label2\" content=\"Dur\u00e9e de lecture estim\u00e9e\" \/>\n\t<meta name=\"twitter:data2\" content=\"9 minutes\" \/>\n<script type=\"application\/ld+json\" class=\"yoast-schema-graph\">{\"@context\":\"https:\\\/\\\/schema.org\",\"@graph\":[{\"@type\":\"Article\",\"@id\":\"https:\\\/\\\/tablaoflamencoalma.com\\\/la-voz-del-alma-desvelando-la-importancia-del-cante-en-el-flamenco-autentico-de-palma-de-mallorca\\\/#article\",\"isPartOf\":{\"@id\":\"https:\\\/\\\/tablaoflamencoalma.com\\\/la-voz-del-alma-desvelando-la-importancia-del-cante-en-el-flamenco-autentico-de-palma-de-mallorca\\\/\"},\"author\":{\"name\":\"Tablao Flamenco Alma\",\"@id\":\"https:\\\/\\\/tablaoflamencoalma.com\\\/#\\\/schema\\\/person\\\/9d0c2a9a099918689427e2a0b2dd0f5c\"},\"headline\":\"La voz del alma: el cante flamenco aut\u00e9ntico en Palma\",\"datePublished\":\"2025-06-24T09:48:23+00:00\",\"dateModified\":\"2026-06-02T07:49:09+00:00\",\"mainEntityOfPage\":{\"@id\":\"https:\\\/\\\/tablaoflamencoalma.com\\\/la-voz-del-alma-desvelando-la-importancia-del-cante-en-el-flamenco-autentico-de-palma-de-mallorca\\\/\"},\"wordCount\":2074,\"commentCount\":0,\"publisher\":{\"@id\":\"https:\\\/\\\/tablaoflamencoalma.com\\\/#organization\"},\"image\":{\"@id\":\"https:\\\/\\\/tablaoflamencoalma.com\\\/la-voz-del-alma-desvelando-la-importancia-del-cante-en-el-flamenco-autentico-de-palma-de-mallorca\\\/#primaryimage\"},\"thumbnailUrl\":\"https:\\\/\\\/tablaoflamencoalma.com\\\/wp-content\\\/uploads\\\/2025\\\/06\\\/La-voz-del-alma-el-cante-flamenco-post.jpg\",\"articleSection\":[\"El Flamenco\"],\"inLanguage\":\"fr-FR\",\"potentialAction\":[{\"@type\":\"CommentAction\",\"name\":\"Comment\",\"target\":[\"https:\\\/\\\/tablaoflamencoalma.com\\\/la-voz-del-alma-desvelando-la-importancia-del-cante-en-el-flamenco-autentico-de-palma-de-mallorca\\\/#respond\"]}]},{\"@type\":\"WebPage\",\"@id\":\"https:\\\/\\\/tablaoflamencoalma.com\\\/la-voz-del-alma-desvelando-la-importancia-del-cante-en-el-flamenco-autentico-de-palma-de-mallorca\\\/\",\"url\":\"https:\\\/\\\/tablaoflamencoalma.com\\\/la-voz-del-alma-desvelando-la-importancia-del-cante-en-el-flamenco-autentico-de-palma-de-mallorca\\\/\",\"name\":\"La voz del alma: el cante flamenco aut\u00e9ntico en Palma - Tablao Flamenco Alma\",\"isPartOf\":{\"@id\":\"https:\\\/\\\/tablaoflamencoalma.com\\\/#website\"},\"primaryImageOfPage\":{\"@id\":\"https:\\\/\\\/tablaoflamencoalma.com\\\/la-voz-del-alma-desvelando-la-importancia-del-cante-en-el-flamenco-autentico-de-palma-de-mallorca\\\/#primaryimage\"},\"image\":{\"@id\":\"https:\\\/\\\/tablaoflamencoalma.com\\\/la-voz-del-alma-desvelando-la-importancia-del-cante-en-el-flamenco-autentico-de-palma-de-mallorca\\\/#primaryimage\"},\"thumbnailUrl\":\"https:\\\/\\\/tablaoflamencoalma.com\\\/wp-content\\\/uploads\\\/2025\\\/06\\\/La-voz-del-alma-el-cante-flamenco-post.jpg\",\"datePublished\":\"2025-06-24T09:48:23+00:00\",\"dateModified\":\"2026-06-02T07:49:09+00:00\",\"description\":\"El cante es el alma del flamenco. Descubre su fuerza y emoci\u00f3n en cada espect\u00e1culo en vivo de Tablao Flamenco Alma, en Palma.\",\"breadcrumb\":{\"@id\":\"https:\\\/\\\/tablaoflamencoalma.com\\\/la-voz-del-alma-desvelando-la-importancia-del-cante-en-el-flamenco-autentico-de-palma-de-mallorca\\\/#breadcrumb\"},\"inLanguage\":\"fr-FR\",\"potentialAction\":[{\"@type\":\"ReadAction\",\"target\":[\"https:\\\/\\\/tablaoflamencoalma.com\\\/la-voz-del-alma-desvelando-la-importancia-del-cante-en-el-flamenco-autentico-de-palma-de-mallorca\\\/\"]}]},{\"@type\":\"ImageObject\",\"inLanguage\":\"fr-FR\",\"@id\":\"https:\\\/\\\/tablaoflamencoalma.com\\\/la-voz-del-alma-desvelando-la-importancia-del-cante-en-el-flamenco-autentico-de-palma-de-mallorca\\\/#primaryimage\",\"url\":\"https:\\\/\\\/tablaoflamencoalma.com\\\/wp-content\\\/uploads\\\/2025\\\/06\\\/La-voz-del-alma-el-cante-flamenco-post.jpg\",\"contentUrl\":\"https:\\\/\\\/tablaoflamencoalma.com\\\/wp-content\\\/uploads\\\/2025\\\/06\\\/La-voz-del-alma-el-cante-flamenco-post.jpg\",\"width\":2560,\"height\":1707,\"caption\":\"La voz del alma el cante flamenco post\"},{\"@type\":\"BreadcrumbList\",\"@id\":\"https:\\\/\\\/tablaoflamencoalma.com\\\/la-voz-del-alma-desvelando-la-importancia-del-cante-en-el-flamenco-autentico-de-palma-de-mallorca\\\/#breadcrumb\",\"itemListElement\":[{\"@type\":\"ListItem\",\"position\":1,\"name\":\"Portada\",\"item\":\"https:\\\/\\\/tablaoflamencoalma.com\\\/\"},{\"@type\":\"ListItem\",\"position\":2,\"name\":\"La voz del alma: el cante flamenco aut\u00e9ntico en Palma\"}]},{\"@type\":\"WebSite\",\"@id\":\"https:\\\/\\\/tablaoflamencoalma.com\\\/#website\",\"url\":\"https:\\\/\\\/tablaoflamencoalma.com\\\/\",\"name\":\"Tablao Flamenco Alma\",\"description\":\"Tablao Flamenco Alma\",\"publisher\":{\"@id\":\"https:\\\/\\\/tablaoflamencoalma.com\\\/#organization\"},\"potentialAction\":[{\"@type\":\"SearchAction\",\"target\":{\"@type\":\"EntryPoint\",\"urlTemplate\":\"https:\\\/\\\/tablaoflamencoalma.com\\\/?s={search_term_string}\"},\"query-input\":{\"@type\":\"PropertyValueSpecification\",\"valueRequired\":true,\"valueName\":\"search_term_string\"}}],\"inLanguage\":\"fr-FR\"},{\"@type\":\"Organization\",\"@id\":\"https:\\\/\\\/tablaoflamencoalma.com\\\/#organization\",\"name\":\"Tablao Flamenco Alma\",\"url\":\"https:\\\/\\\/tablaoflamencoalma.com\\\/\",\"logo\":{\"@type\":\"ImageObject\",\"inLanguage\":\"fr-FR\",\"@id\":\"https:\\\/\\\/tablaoflamencoalma.com\\\/#\\\/schema\\\/logo\\\/image\\\/\",\"url\":\"https:\\\/\\\/tablaoflamencoalma.com\\\/wp-content\\\/uploads\\\/2024\\\/01\\\/cropped-tablao-flamenco-alma-01-04.png\",\"contentUrl\":\"https:\\\/\\\/tablaoflamencoalma.com\\\/wp-content\\\/uploads\\\/2024\\\/01\\\/cropped-tablao-flamenco-alma-01-04.png\",\"width\":512,\"height\":512,\"caption\":\"Tablao Flamenco Alma\"},\"image\":{\"@id\":\"https:\\\/\\\/tablaoflamencoalma.com\\\/#\\\/schema\\\/logo\\\/image\\\/\"},\"sameAs\":[\"https:\\\/\\\/www.facebook.com\\\/tablaoflamencoalma\",\"https:\\\/\\\/www.instagram.com\\\/tablaoflamencoalma\"]},{\"@type\":\"Person\",\"@id\":\"https:\\\/\\\/tablaoflamencoalma.com\\\/#\\\/schema\\\/person\\\/9d0c2a9a099918689427e2a0b2dd0f5c\",\"name\":\"Tablao Flamenco Alma\",\"image\":{\"@type\":\"ImageObject\",\"inLanguage\":\"fr-FR\",\"@id\":\"https:\\\/\\\/tablaoflamencoalma.com\\\/wp-content\\\/litespeed\\\/avatar\\\/797b83aa1ddf30f355ead08e864f8dad.jpg?ver=1788140548\",\"url\":\"https:\\\/\\\/tablaoflamencoalma.com\\\/wp-content\\\/litespeed\\\/avatar\\\/797b83aa1ddf30f355ead08e864f8dad.jpg?ver=1788140548\",\"contentUrl\":\"https:\\\/\\\/tablaoflamencoalma.com\\\/wp-content\\\/litespeed\\\/avatar\\\/797b83aa1ddf30f355ead08e864f8dad.jpg?ver=1788140548\",\"caption\":\"Tablao Flamenco Alma\"},\"url\":\"https:\\\/\\\/tablaoflamencoalma.com\\\/fr\\\/author\\\/flamencoalma\\\/\"}]}<\/script>\n<!-- \/ Yoast SEO plugin. -->","yoast_head_json":{"title":"La voix de l&#039;\u00e2me : chant flamenco authentique \u00e0 Palma - Tablao Flamenco Alma","description":"Le chant flamenco est l&#039;\u00e2me du flamenco. D\u00e9couvrez sa puissance et son \u00e9motion lors de chaque spectacle au Tablao Flamenco Alma \u00e0 Palma.","robots":{"index":"index","follow":"follow","max-snippet":"max-snippet:-1","max-image-preview":"max-image-preview:large","max-video-preview":"max-video-preview:-1"},"canonical":"https:\/\/tablaoflamencoalma.com\/fr\/la-voix-de-l-ame-devoiler-l-importance-du-cante-dans-le-flamenco-authentique-de-palma-de-majorque\/","og_locale":"fr_FR","og_type":"article","og_title":"La voz del alma: el cante flamenco aut\u00e9ntico en Palma - Tablao Flamenco Alma","og_description":"El cante es el alma del flamenco. Descubre su fuerza y emoci\u00f3n en cada espect\u00e1culo en vivo de Tablao Flamenco Alma, en Palma.","og_url":"https:\/\/tablaoflamencoalma.com\/fr\/la-voix-de-l-ame-devoiler-l-importance-du-cante-dans-le-flamenco-authentique-de-palma-de-majorque\/","og_site_name":"Tablao Flamenco Alma","article_publisher":"https:\/\/www.facebook.com\/tablaoflamencoalma","article_published_time":"2025-06-24T09:48:23+00:00","article_modified_time":"2026-06-02T07:49:09+00:00","og_image":[{"width":2560,"height":1707,"url":"https:\/\/tablaoflamencoalma.com\/wp-content\/uploads\/2025\/06\/La-voz-del-alma-el-cante-flamenco-post-scaled.jpg","type":"image\/jpeg"}],"author":"Tablao Flamenco Alma","twitter_card":"summary_large_image","twitter_misc":{"\u00c9crit par":"Tablao Flamenco Alma","Dur\u00e9e de lecture estim\u00e9e":"9 minutes"},"schema":{"@context":"https:\/\/schema.org","@graph":[{"@type":"Article","@id":"https:\/\/tablaoflamencoalma.com\/la-voz-del-alma-desvelando-la-importancia-del-cante-en-el-flamenco-autentico-de-palma-de-mallorca\/#article","isPartOf":{"@id":"https:\/\/tablaoflamencoalma.com\/la-voz-del-alma-desvelando-la-importancia-del-cante-en-el-flamenco-autentico-de-palma-de-mallorca\/"},"author":{"name":"Tablao Flamenco Alma","@id":"https:\/\/tablaoflamencoalma.com\/#\/schema\/person\/9d0c2a9a099918689427e2a0b2dd0f5c"},"headline":"La voz del alma: el cante flamenco aut\u00e9ntico en Palma","datePublished":"2025-06-24T09:48:23+00:00","dateModified":"2026-06-02T07:49:09+00:00","mainEntityOfPage":{"@id":"https:\/\/tablaoflamencoalma.com\/la-voz-del-alma-desvelando-la-importancia-del-cante-en-el-flamenco-autentico-de-palma-de-mallorca\/"},"wordCount":2074,"commentCount":0,"publisher":{"@id":"https:\/\/tablaoflamencoalma.com\/#organization"},"image":{"@id":"https:\/\/tablaoflamencoalma.com\/la-voz-del-alma-desvelando-la-importancia-del-cante-en-el-flamenco-autentico-de-palma-de-mallorca\/#primaryimage"},"thumbnailUrl":"https:\/\/tablaoflamencoalma.com\/wp-content\/uploads\/2025\/06\/La-voz-del-alma-el-cante-flamenco-post.jpg","articleSection":["El Flamenco"],"inLanguage":"fr-FR","potentialAction":[{"@type":"CommentAction","name":"Comment","target":["https:\/\/tablaoflamencoalma.com\/la-voz-del-alma-desvelando-la-importancia-del-cante-en-el-flamenco-autentico-de-palma-de-mallorca\/#respond"]}]},{"@type":"WebPage","@id":"https:\/\/tablaoflamencoalma.com\/la-voz-del-alma-desvelando-la-importancia-del-cante-en-el-flamenco-autentico-de-palma-de-mallorca\/","url":"https:\/\/tablaoflamencoalma.com\/la-voz-del-alma-desvelando-la-importancia-del-cante-en-el-flamenco-autentico-de-palma-de-mallorca\/","name":"La voix de l&#039;\u00e2me : chant flamenco authentique \u00e0 Palma - Tablao Flamenco Alma","isPartOf":{"@id":"https:\/\/tablaoflamencoalma.com\/#website"},"primaryImageOfPage":{"@id":"https:\/\/tablaoflamencoalma.com\/la-voz-del-alma-desvelando-la-importancia-del-cante-en-el-flamenco-autentico-de-palma-de-mallorca\/#primaryimage"},"image":{"@id":"https:\/\/tablaoflamencoalma.com\/la-voz-del-alma-desvelando-la-importancia-del-cante-en-el-flamenco-autentico-de-palma-de-mallorca\/#primaryimage"},"thumbnailUrl":"https:\/\/tablaoflamencoalma.com\/wp-content\/uploads\/2025\/06\/La-voz-del-alma-el-cante-flamenco-post.jpg","datePublished":"2025-06-24T09:48:23+00:00","dateModified":"2026-06-02T07:49:09+00:00","description":"Le chant flamenco est l&#039;\u00e2me du flamenco. D\u00e9couvrez sa puissance et son \u00e9motion lors de chaque spectacle au Tablao Flamenco Alma \u00e0 Palma.","breadcrumb":{"@id":"https:\/\/tablaoflamencoalma.com\/la-voz-del-alma-desvelando-la-importancia-del-cante-en-el-flamenco-autentico-de-palma-de-mallorca\/#breadcrumb"},"inLanguage":"fr-FR","potentialAction":[{"@type":"ReadAction","target":["https:\/\/tablaoflamencoalma.com\/la-voz-del-alma-desvelando-la-importancia-del-cante-en-el-flamenco-autentico-de-palma-de-mallorca\/"]}]},{"@type":"ImageObject","inLanguage":"fr-FR","@id":"https:\/\/tablaoflamencoalma.com\/la-voz-del-alma-desvelando-la-importancia-del-cante-en-el-flamenco-autentico-de-palma-de-mallorca\/#primaryimage","url":"https:\/\/tablaoflamencoalma.com\/wp-content\/uploads\/2025\/06\/La-voz-del-alma-el-cante-flamenco-post.jpg","contentUrl":"https:\/\/tablaoflamencoalma.com\/wp-content\/uploads\/2025\/06\/La-voz-del-alma-el-cante-flamenco-post.jpg","width":2560,"height":1707,"caption":"La voz del alma el cante flamenco post"},{"@type":"BreadcrumbList","@id":"https:\/\/tablaoflamencoalma.com\/la-voz-del-alma-desvelando-la-importancia-del-cante-en-el-flamenco-autentico-de-palma-de-mallorca\/#breadcrumb","itemListElement":[{"@type":"ListItem","position":1,"name":"Portada","item":"https:\/\/tablaoflamencoalma.com\/"},{"@type":"ListItem","position":2,"name":"La voz del alma: el cante flamenco aut\u00e9ntico en Palma"}]},{"@type":"WebSite","@id":"https:\/\/tablaoflamencoalma.com\/#website","url":"https:\/\/tablaoflamencoalma.com\/","name":"Tablao flamenco Alma","description":"Tablao flamenco Alma","publisher":{"@id":"https:\/\/tablaoflamencoalma.com\/#organization"},"potentialAction":[{"@type":"SearchAction","target":{"@type":"EntryPoint","urlTemplate":"https:\/\/tablaoflamencoalma.com\/?s={search_term_string}"},"query-input":{"@type":"PropertyValueSpecification","valueRequired":true,"valueName":"search_term_string"}}],"inLanguage":"fr-FR"},{"@type":"Organization","@id":"https:\/\/tablaoflamencoalma.com\/#organization","name":"Tablao flamenco Alma","url":"https:\/\/tablaoflamencoalma.com\/","logo":{"@type":"ImageObject","inLanguage":"fr-FR","@id":"https:\/\/tablaoflamencoalma.com\/#\/schema\/logo\/image\/","url":"https:\/\/tablaoflamencoalma.com\/wp-content\/uploads\/2024\/01\/cropped-tablao-flamenco-alma-01-04.png","contentUrl":"https:\/\/tablaoflamencoalma.com\/wp-content\/uploads\/2024\/01\/cropped-tablao-flamenco-alma-01-04.png","width":512,"height":512,"caption":"Tablao Flamenco Alma"},"image":{"@id":"https:\/\/tablaoflamencoalma.com\/#\/schema\/logo\/image\/"},"sameAs":["https:\/\/www.facebook.com\/tablaoflamencoalma","https:\/\/www.instagram.com\/tablaoflamencoalma"]},{"@type":"Person","@id":"https:\/\/tablaoflamencoalma.com\/#\/schema\/person\/9d0c2a9a099918689427e2a0b2dd0f5c","name":"Tablao flamenco Alma","image":{"@type":"ImageObject","inLanguage":"fr-FR","@id":"https:\/\/tablaoflamencoalma.com\/wp-content\/litespeed\/avatar\/797b83aa1ddf30f355ead08e864f8dad.jpg?ver=1788140548","url":"https:\/\/tablaoflamencoalma.com\/wp-content\/litespeed\/avatar\/797b83aa1ddf30f355ead08e864f8dad.jpg?ver=1788140548","contentUrl":"https:\/\/tablaoflamencoalma.com\/wp-content\/litespeed\/avatar\/797b83aa1ddf30f355ead08e864f8dad.jpg?ver=1788140548","caption":"Tablao Flamenco Alma"},"url":"https:\/\/tablaoflamencoalma.com\/fr\/author\/flamencoalma\/"}]}},"_links":{"self":[{"href":"https:\/\/tablaoflamencoalma.com\/fr\/wp-json\/wp\/v2\/posts\/5410","targetHints":{"allow":["GET"]}}],"collection":[{"href":"https:\/\/tablaoflamencoalma.com\/fr\/wp-json\/wp\/v2\/posts"}],"about":[{"href":"https:\/\/tablaoflamencoalma.com\/fr\/wp-json\/wp\/v2\/types\/post"}],"author":[{"embeddable":true,"href":"https:\/\/tablaoflamencoalma.com\/fr\/wp-json\/wp\/v2\/users\/3"}],"replies":[{"embeddable":true,"href":"https:\/\/tablaoflamencoalma.com\/fr\/wp-json\/wp\/v2\/comments?post=5410"}],"version-history":[{"count":3,"href":"https:\/\/tablaoflamencoalma.com\/fr\/wp-json\/wp\/v2\/posts\/5410\/revisions"}],"predecessor-version":[{"id":7521,"href":"https:\/\/tablaoflamencoalma.com\/fr\/wp-json\/wp\/v2\/posts\/5410\/revisions\/7521"}],"wp:featuredmedia":[{"embeddable":true,"href":"https:\/\/tablaoflamencoalma.com\/fr\/wp-json\/wp\/v2\/media\/5411"}],"wp:attachment":[{"href":"https:\/\/tablaoflamencoalma.com\/fr\/wp-json\/wp\/v2\/media?parent=5410"}],"wp:term":[{"taxonomy":"category","embeddable":true,"href":"https:\/\/tablaoflamencoalma.com\/fr\/wp-json\/wp\/v2\/categories?post=5410"},{"taxonomy":"post_tag","embeddable":true,"href":"https:\/\/tablaoflamencoalma.com\/fr\/wp-json\/wp\/v2\/tags?post=5410"}],"curies":[{"name":"wp","href":"https:\/\/api.w.org\/{rel}","templated":true}]}}