{"id":4411,"date":"2024-08-12T17:45:44","date_gmt":"2024-08-12T16:45:44","guid":{"rendered":"https:\/\/tablaoflamencoalma.com\/?p=4411"},"modified":"2026-06-02T09:02:41","modified_gmt":"2026-06-02T08:02:41","slug":"paco-de-lucia-el-genio-de-la-guitarra-flamenca","status":"publish","type":"post","link":"https:\/\/tablaoflamencoalma.com\/fr\/paco-de-lucia-el-genio-de-la-guitarra-flamenca\/","title":{"rendered":"Paco de Luc\u00eda : L&#039;\u00e9ternel g\u00e9nie de la guitare flamenco"},"content":{"rendered":"<div data-elementor-type=\"wp-post\" data-elementor-id=\"4411\" class=\"elementor elementor-4411\" data-elementor-post-type=\"post\">\n\t\t\t\t<div class=\"elementor-element elementor-element-d74d33e e-flex e-con-boxed e-con e-parent\" data-id=\"d74d33e\" data-element_type=\"container\" data-e-type=\"container\">\n\t\t\t\t\t<div class=\"e-con-inner\">\n\t\t<div class=\"elementor-element elementor-element-06e17bb e-con-full e-flex e-con e-child\" data-id=\"06e17bb\" data-element_type=\"container\" data-e-type=\"container\">\n\t\t\t\t<div class=\"elementor-element elementor-element-21d293e elementor-widget elementor-widget-text-editor\" data-id=\"21d293e\" data-element_type=\"widget\" data-e-type=\"widget\" data-widget_type=\"text-editor.default\">\n\t\t\t\t<div class=\"elementor-widget-container\">\n\t\t\t\t\t\t\t\t\t<p>Paco de Luc\u00eda, Francisco S\u00e1nchez G\u00f3mez (1947-2014), est largement reconnu comme l&#039;un des <strong><a href=\"https:\/\/tablaoflamencoalma.com\/fr\/\">guitaristes de flamenco<\/a><\/strong> La plus influente de tous les temps et une figure centrale de l&#039;\u00e9volution du flamenco moderne.<\/p>\t\t\t\t\t\t\t\t<\/div>\n\t\t\t\t<\/div>\n\t\t\t\t<\/div>\n\t\t\t\t\t<\/div>\n\t\t\t\t<\/div>\n\t\t<div class=\"elementor-element elementor-element-132125d e-flex e-con-boxed e-con e-parent\" data-id=\"132125d\" data-element_type=\"container\" data-e-type=\"container\">\n\t\t\t\t\t<div class=\"e-con-inner\">\n\t\t<div class=\"elementor-element elementor-element-954244e e-con-full e-flex e-con e-child\" data-id=\"954244e\" data-element_type=\"container\" data-e-type=\"container\">\n\t\t\t\t<div class=\"elementor-element elementor-element-72c8ae0 elementor-widget elementor-widget-heading\" data-id=\"72c8ae0\" data-element_type=\"widget\" data-e-type=\"widget\" data-widget_type=\"heading.default\">\n\t\t\t\t<div class=\"elementor-widget-container\">\n\t\t\t\t\t<h2 class=\"elementor-heading-title elementor-size-default\">Biographie:<\/h2>\t\t\t\t<\/div>\n\t\t\t\t<\/div>\n\t\t\t\t<div class=\"elementor-element elementor-element-2e27978 elementor-widget elementor-widget-text-editor\" data-id=\"2e27978\" data-element_type=\"widget\" data-e-type=\"widget\" data-widget_type=\"text-editor.default\">\n\t\t\t\t<div class=\"elementor-widget-container\">\n\t\t\t\t\t\t\t\t\t<p><strong>Enfance et jeunesse :<\/strong>\u00a0Paco de Luc\u00eda a grandi dans une famille de musiciens. Son p\u00e8re, Antonio S\u00e1nchez, et son fr\u00e8re a\u00een\u00e9, Ram\u00f3n de Algeciras, tous deux guitaristes, furent ses premiers professeurs. Il commen\u00e7a \u00e0 jouer de la guitare tr\u00e8s jeune et fit rapidement preuve d&#039;un talent exceptionnel.<\/p>\n<p>\u00a0<\/p>\n<p><strong>D\u00e9but de carri\u00e8re :<\/strong>\u00a0\u00c0 l&#039;\u00e2ge de 12 ans, Paco remporta son premier prix dans un concours de flamenco, et peu de temps apr\u00e8s, il commen\u00e7a \u00e0 se produire dans des salles importantes.\u00a0<strong><a href=\"https:\/\/tablaoflamencoalma.com\/fr\/une-nuit-magique-a-palma-flamenco-au-tablao-flamenco-alma-diner-et-promenade\/\">spectacles de flamenco<\/a><\/strong>. En 1961, \u00e0 seulement 14 ans, il effectue sa premi\u00e8re tourn\u00e9e internationale avec la compagnie de Jos\u00e9 Greco, danseur et chor\u00e9graphe de flamenco.<\/p>\n<p>\u00a0<\/p>\n<p><strong>Collaborations et remerciements\u00a0:<\/strong>\u00a0Dans les ann\u00e9es 60 et 70, Paco de Luc\u00eda a commenc\u00e9 \u00e0 collaborer avec certains des\u00a0<strong>les artistes de flamenco les plus importants<\/strong>, o\u00f9 la chanteuse de flamenco se distingue\u00a0<strong>Crevettes insulaires<\/strong>. Ensemble, ils ont produit une s\u00e9rie d&#039;albums qui ont r\u00e9volutionn\u00e9 le flamenco, se distinguant par leur fra\u00eecheur et leur cr\u00e9ativit\u00e9.<\/p>\n<p>\u00a0<\/p>\n<p><strong>Exploration musicale :<\/strong>\u00a0Dans les ann\u00e9es 1970 et 1980, Paco de Luc\u00eda a commenc\u00e9 \u00e0 int\u00e9grer des \u00e9l\u00e9ments de jazz et d&#039;autres styles musicaux \u00e0 son flamenco, une d\u00e9marche consid\u00e9r\u00e9e comme r\u00e9volutionnaire \u00e0 l&#039;\u00e9poque. Son album \u201c\u00a0Almoraima\u00a0\u201d (1976) illustre cette fusion, qui comprend des influences de musique arabe et classique.<\/p>\n<p>\u00a0<\/p>\n<p><strong>Succ\u00e8s international :<\/strong>\u00a0Paco de Luc\u00eda a acquis une renomm\u00e9e internationale. Il a collabor\u00e9 avec des musiciens de renomm\u00e9e mondiale tels qu&#039;Al Di Meola et John McLaughlin, avec lesquels il a form\u00e9 le c\u00e9l\u00e8bre trio de guitares.<\/p>\n<p>\u00a0<\/p>\n<p><strong>Derni\u00e8res ann\u00e9es :<\/strong>\u00a0Jusqu&#039;\u00e0 sa mort, Paco de Luc\u00eda a continu\u00e9 \u00e0 se produire sur sc\u00e8ne et \u00e0 composer, confirmant ainsi son statut de l\u00e9gende vivante du flamenco. Son \u0153uvre a \u00e9t\u00e9 r\u00e9compens\u00e9e par de nombreux prix, dont le Prix Prince des Asturies des Arts en 2004.<\/p>\t\t\t\t\t\t\t\t<\/div>\n\t\t\t\t<\/div>\n\t\t\t\t<\/div>\n\t\t<div class=\"elementor-element elementor-element-bc29ab0 e-con-full e-flex e-con e-child\" data-id=\"bc29ab0\" data-element_type=\"container\" data-e-type=\"container\">\n\t\t\t\t<div class=\"elementor-element elementor-element-e9cbbb5 elementor-widget elementor-widget-heading\" data-id=\"e9cbbb5\" data-element_type=\"widget\" data-e-type=\"widget\" data-widget_type=\"heading.default\">\n\t\t\t\t<div class=\"elementor-widget-container\">\n\t\t\t\t\t<h2 class=\"elementor-heading-title elementor-size-default\">Analyse de l&#039;influence de Paco de Luc\u00eda sur le flamenco\u00a0:<\/h2>\t\t\t\t<\/div>\n\t\t\t\t<\/div>\n\t\t\t\t<div class=\"elementor-element elementor-element-10d6368 elementor-widget elementor-widget-text-editor\" data-id=\"10d6368\" data-element_type=\"widget\" data-e-type=\"widget\" data-widget_type=\"text-editor.default\">\n\t\t\t\t<div class=\"elementor-widget-container\">\n\t\t\t\t\t\t\t\t\t<p><strong>R\u00e9volution tactile :<\/strong>&nbsp;Paco de Luc\u00eda a transform\u00e9 le r\u00f4le de&nbsp;<strong>la guitare dans le flamenco<\/strong>. Traditionnellement, la guitare \u00e9tait consid\u00e9r\u00e9e comme un simple accompagnement du chant et de la danse. Cependant, Paco de Luc\u00eda l&#039;a hiss\u00e9e au rang d&#039;instrument d&#039;une importance sans pr\u00e9c\u00e9dent, explorant toutes ses possibilit\u00e9s techniques et expressives. Sa technique, novatrice, int\u00e9grait des rythmes staccato rapides, des strumming complexes et une utilisation du pouce d&#039;une mani\u00e8re in\u00e9dite.<\/p>\n<p><br><\/p>\n<p><strong>Innovation et fusion :<\/strong>&nbsp;Paco de Luc\u00eda est reconnu pour avoir repouss\u00e9 les fronti\u00e8res du flamenco en y int\u00e9grant des influences d&#039;autres genres musicaux, notamment le jazz, la musique classique et la musique br\u00e9silienne. Cette fusion a permis au flamenco de toucher un public plus large et a ouvert de nouvelles perspectives aux guitaristes de flamenco qui lui ont succ\u00e9d\u00e9.<\/p>\n<p>Il est \u00e9galement \u00e0 l&#039;origine de l&#039;introduction du caj\u00f3n p\u00e9ruvien comme instrument de percussion le plus caract\u00e9ristique du flamenco.<\/p>\n<p><br><\/p>\n<p><strong>H\u00e9ritage:<\/strong>&nbsp;L&#039;h\u00e9ritage de Paco de Luc\u00eda est immense. Il a inspir\u00e9 toute une g\u00e9n\u00e9ration de&nbsp;<strong>guitaristes de flamenco<\/strong>&nbsp;Son influence se per\u00e7oit chez nombre de guitaristes de flamenco de renom d&#039;aujourd&#039;hui. Son style et sa technique continuent d&#039;\u00eatre \u00e9tudi\u00e9s et imit\u00e9s \u00e0 travers le monde. De plus, il a contribu\u00e9 \u00e0 faire reconna\u00eetre le flamenco comme un art mondial, en pr\u00e9servant son essence tout en le faisant \u00e9voluer.<\/p><p><br><\/p>\n<p>En r\u00e9sum\u00e9, Paco de Luc\u00eda n&#039;\u00e9tait pas seulement un virtuose de la guitare, mais aussi un innovateur qui a marqu\u00e9 \u00e0 jamais l&#039;histoire du flamenco. Son h\u00e9ritage perdure et son influence est palpable dans la musique flamenco contemporaine.<\/p>\t\t\t\t\t\t\t\t<\/div>\n\t\t\t\t<\/div>\n\t\t\t\t<\/div>\n\t\t\t\t\t<\/div>\n\t\t\t\t<\/div>\n\t\t\t\t<\/div>","protected":false},"excerpt":{"rendered":"<p>Paco de Luc\u00eda, Francisco S\u00e1nchez G\u00f3mez (1947-2014), es ampliamente reconocido como uno de los guitarristas flamencos m\u00e1s influyentes de todos los tiempos y una figura central en la evoluci\u00f3n del flamenco moderno. Biograf\u00eda: Infancia y Juventud:\u00a0Paco de Luc\u00eda creci\u00f3 en una familia de m\u00fasicos. Su padre, Antonio S\u00e1nchez, y su hermano mayor, Ram\u00f3n de Algeciras, [&hellip;]<\/p>\n","protected":false},"author":3,"featured_media":4413,"comment_status":"open","ping_status":"open","sticky":false,"template":"","format":"standard","meta":{"site-sidebar-layout":"default","site-content-layout":"","ast-site-content-layout":"default","site-content-style":"default","site-sidebar-style":"default","ast-global-header-display":"","ast-banner-title-visibility":"","ast-main-header-display":"","ast-hfb-above-header-display":"","ast-hfb-below-header-display":"","ast-hfb-mobile-header-display":"","site-post-title":"","ast-breadcrumbs-content":"","ast-featured-img":"","footer-sml-layout":"","theme-transparent-header-meta":"","adv-header-id-meta":"","stick-header-meta":"","header-above-stick-meta":"","header-main-stick-meta":"","header-below-stick-meta":"","astra-migrate-meta-layouts":"set","ast-page-background-enabled":"default","ast-page-background-meta":{"desktop":{"background-color":"var(--ast-global-color-4)","background-image":"","background-repeat":"repeat","background-position":"center center","background-size":"auto","background-attachment":"scroll","background-type":"","background-media":"","overlay-type":"","overlay-color":"","overlay-opacity":"","overlay-gradient":""},"tablet":{"background-color":"","background-image":"","background-repeat":"repeat","background-position":"center center","background-size":"auto","background-attachment":"scroll","background-type":"","background-media":"","overlay-type":"","overlay-color":"","overlay-opacity":"","overlay-gradient":""},"mobile":{"background-color":"","background-image":"","background-repeat":"repeat","background-position":"center center","background-size":"auto","background-attachment":"scroll","background-type":"","background-media":"","overlay-type":"","overlay-color":"","overlay-opacity":"","overlay-gradient":""}},"ast-content-background-meta":{"desktop":{"background-color":"var(--ast-global-color-5)","background-image":"","background-repeat":"repeat","background-position":"center center","background-size":"auto","background-attachment":"scroll","background-type":"","background-media":"","overlay-type":"","overlay-color":"","overlay-opacity":"","overlay-gradient":""},"tablet":{"background-color":"var(--ast-global-color-5)","background-image":"","background-repeat":"repeat","background-position":"center center","background-size":"auto","background-attachment":"scroll","background-type":"","background-media":"","overlay-type":"","overlay-color":"","overlay-opacity":"","overlay-gradient":""},"mobile":{"background-color":"var(--ast-global-color-5)","background-image":"","background-repeat":"repeat","background-position":"center center","background-size":"auto","background-attachment":"scroll","background-type":"","background-media":"","overlay-type":"","overlay-color":"","overlay-opacity":"","overlay-gradient":""}},"footnotes":""},"categories":[9],"tags":[],"class_list":["post-4411","post","type-post","status-publish","format-standard","has-post-thumbnail","hentry","category-artistas"],"yoast_head":"<!-- This site is optimized with the Yoast SEO plugin v28.4 - https:\/\/yoast.com\/product\/yoast-seo-wordpress\/ -->\n<title>Paco de Luc\u00eda: El genio eterno de la guitarra flamenca - Tablao Flamenco Alma<\/title>\n<meta name=\"description\" content=\"Conoce la historia de Paco de Luc\u00eda, una figura clave del flamenco moderno y uno de los guitarristas m\u00e1s influyentes de la historia.\" \/>\n<meta name=\"robots\" content=\"index, follow, max-snippet:-1, max-image-preview:large, max-video-preview:-1\" \/>\n<link rel=\"canonical\" href=\"https:\/\/tablaoflamencoalma.com\/fr\/paco-de-lucia-el-genio-de-la-guitarra-flamenca\/\" \/>\n<meta property=\"og:locale\" content=\"fr_FR\" \/>\n<meta property=\"og:type\" content=\"article\" \/>\n<meta property=\"og:title\" content=\"Paco de Luc\u00eda: El genio eterno de la guitarra flamenca - Tablao Flamenco Alma\" \/>\n<meta property=\"og:description\" content=\"Conoce la historia de Paco de Luc\u00eda, una figura clave del flamenco moderno y uno de los guitarristas m\u00e1s influyentes de la historia.\" \/>\n<meta property=\"og:url\" content=\"https:\/\/tablaoflamencoalma.com\/fr\/paco-de-lucia-el-genio-de-la-guitarra-flamenca\/\" \/>\n<meta property=\"og:site_name\" content=\"Tablao Flamenco Alma\" \/>\n<meta property=\"article:publisher\" content=\"https:\/\/www.facebook.com\/tablaoflamencoalma\" \/>\n<meta property=\"article:published_time\" content=\"2024-08-12T16:45:44+00:00\" \/>\n<meta property=\"article:modified_time\" content=\"2026-06-02T08:02:41+00:00\" \/>\n<meta property=\"og:image\" content=\"https:\/\/tablaoflamencoalma.com\/wp-content\/uploads\/2024\/08\/Paco-de-Lucia-Tablao-Alma.png\" \/>\n\t<meta property=\"og:image:width\" content=\"1080\" \/>\n\t<meta property=\"og:image:height\" content=\"800\" \/>\n\t<meta property=\"og:image:type\" content=\"image\/png\" \/>\n<meta name=\"author\" content=\"Tablao Flamenco Alma\" \/>\n<meta name=\"twitter:card\" content=\"summary_large_image\" \/>\n<meta name=\"twitter:label1\" content=\"\u00c9crit par\" \/>\n\t<meta name=\"twitter:data1\" content=\"Tablao Flamenco Alma\" \/>\n\t<meta name=\"twitter:label2\" content=\"Dur\u00e9e de lecture estim\u00e9e\" \/>\n\t<meta name=\"twitter:data2\" content=\"3 minutes\" \/>\n<script type=\"application\/ld+json\" class=\"yoast-schema-graph\">{\"@context\":\"https:\\\/\\\/schema.org\",\"@graph\":[{\"@type\":\"Article\",\"@id\":\"https:\\\/\\\/tablaoflamencoalma.com\\\/paco-de-lucia-el-genio-de-la-guitarra-flamenca\\\/#article\",\"isPartOf\":{\"@id\":\"https:\\\/\\\/tablaoflamencoalma.com\\\/paco-de-lucia-el-genio-de-la-guitarra-flamenca\\\/\"},\"author\":{\"name\":\"Tablao Flamenco Alma\",\"@id\":\"https:\\\/\\\/tablaoflamencoalma.com\\\/#\\\/schema\\\/person\\\/9d0c2a9a099918689427e2a0b2dd0f5c\"},\"headline\":\"Paco de Luc\u00eda: El genio eterno de la guitarra flamenca\",\"datePublished\":\"2024-08-12T16:45:44+00:00\",\"dateModified\":\"2026-06-02T08:02:41+00:00\",\"mainEntityOfPage\":{\"@id\":\"https:\\\/\\\/tablaoflamencoalma.com\\\/paco-de-lucia-el-genio-de-la-guitarra-flamenca\\\/\"},\"wordCount\":641,\"commentCount\":0,\"publisher\":{\"@id\":\"https:\\\/\\\/tablaoflamencoalma.com\\\/#organization\"},\"image\":{\"@id\":\"https:\\\/\\\/tablaoflamencoalma.com\\\/paco-de-lucia-el-genio-de-la-guitarra-flamenca\\\/#primaryimage\"},\"thumbnailUrl\":\"https:\\\/\\\/tablaoflamencoalma.com\\\/wp-content\\\/uploads\\\/2024\\\/08\\\/Paco-de-Lucia-Tablao-Alma.png\",\"articleSection\":[\"Artistas\"],\"inLanguage\":\"fr-FR\",\"potentialAction\":[{\"@type\":\"CommentAction\",\"name\":\"Comment\",\"target\":[\"https:\\\/\\\/tablaoflamencoalma.com\\\/paco-de-lucia-el-genio-de-la-guitarra-flamenca\\\/#respond\"]}]},{\"@type\":\"WebPage\",\"@id\":\"https:\\\/\\\/tablaoflamencoalma.com\\\/paco-de-lucia-el-genio-de-la-guitarra-flamenca\\\/\",\"url\":\"https:\\\/\\\/tablaoflamencoalma.com\\\/paco-de-lucia-el-genio-de-la-guitarra-flamenca\\\/\",\"name\":\"Paco de Luc\u00eda: El genio eterno de la guitarra flamenca - Tablao Flamenco Alma\",\"isPartOf\":{\"@id\":\"https:\\\/\\\/tablaoflamencoalma.com\\\/#website\"},\"primaryImageOfPage\":{\"@id\":\"https:\\\/\\\/tablaoflamencoalma.com\\\/paco-de-lucia-el-genio-de-la-guitarra-flamenca\\\/#primaryimage\"},\"image\":{\"@id\":\"https:\\\/\\\/tablaoflamencoalma.com\\\/paco-de-lucia-el-genio-de-la-guitarra-flamenca\\\/#primaryimage\"},\"thumbnailUrl\":\"https:\\\/\\\/tablaoflamencoalma.com\\\/wp-content\\\/uploads\\\/2024\\\/08\\\/Paco-de-Lucia-Tablao-Alma.png\",\"datePublished\":\"2024-08-12T16:45:44+00:00\",\"dateModified\":\"2026-06-02T08:02:41+00:00\",\"description\":\"Conoce la historia de Paco de Luc\u00eda, una figura clave del flamenco moderno y uno de los guitarristas m\u00e1s influyentes de la historia.\",\"breadcrumb\":{\"@id\":\"https:\\\/\\\/tablaoflamencoalma.com\\\/paco-de-lucia-el-genio-de-la-guitarra-flamenca\\\/#breadcrumb\"},\"inLanguage\":\"fr-FR\",\"potentialAction\":[{\"@type\":\"ReadAction\",\"target\":[\"https:\\\/\\\/tablaoflamencoalma.com\\\/paco-de-lucia-el-genio-de-la-guitarra-flamenca\\\/\"]}]},{\"@type\":\"ImageObject\",\"inLanguage\":\"fr-FR\",\"@id\":\"https:\\\/\\\/tablaoflamencoalma.com\\\/paco-de-lucia-el-genio-de-la-guitarra-flamenca\\\/#primaryimage\",\"url\":\"https:\\\/\\\/tablaoflamencoalma.com\\\/wp-content\\\/uploads\\\/2024\\\/08\\\/Paco-de-Lucia-Tablao-Alma.png\",\"contentUrl\":\"https:\\\/\\\/tablaoflamencoalma.com\\\/wp-content\\\/uploads\\\/2024\\\/08\\\/Paco-de-Lucia-Tablao-Alma.png\",\"width\":1080,\"height\":800,\"caption\":\"Paco de Lucia Tablao Alma\"},{\"@type\":\"BreadcrumbList\",\"@id\":\"https:\\\/\\\/tablaoflamencoalma.com\\\/paco-de-lucia-el-genio-de-la-guitarra-flamenca\\\/#breadcrumb\",\"itemListElement\":[{\"@type\":\"ListItem\",\"position\":1,\"name\":\"Portada\",\"item\":\"https:\\\/\\\/tablaoflamencoalma.com\\\/\"},{\"@type\":\"ListItem\",\"position\":2,\"name\":\"Paco de Luc\u00eda: El genio eterno de la guitarra flamenca\"}]},{\"@type\":\"WebSite\",\"@id\":\"https:\\\/\\\/tablaoflamencoalma.com\\\/#website\",\"url\":\"https:\\\/\\\/tablaoflamencoalma.com\\\/\",\"name\":\"Tablao Flamenco Alma\",\"description\":\"Tablao Flamenco Alma\",\"publisher\":{\"@id\":\"https:\\\/\\\/tablaoflamencoalma.com\\\/#organization\"},\"potentialAction\":[{\"@type\":\"SearchAction\",\"target\":{\"@type\":\"EntryPoint\",\"urlTemplate\":\"https:\\\/\\\/tablaoflamencoalma.com\\\/?s={search_term_string}\"},\"query-input\":{\"@type\":\"PropertyValueSpecification\",\"valueRequired\":true,\"valueName\":\"search_term_string\"}}],\"inLanguage\":\"fr-FR\"},{\"@type\":\"Organization\",\"@id\":\"https:\\\/\\\/tablaoflamencoalma.com\\\/#organization\",\"name\":\"Tablao Flamenco Alma\",\"url\":\"https:\\\/\\\/tablaoflamencoalma.com\\\/\",\"logo\":{\"@type\":\"ImageObject\",\"inLanguage\":\"fr-FR\",\"@id\":\"https:\\\/\\\/tablaoflamencoalma.com\\\/#\\\/schema\\\/logo\\\/image\\\/\",\"url\":\"https:\\\/\\\/tablaoflamencoalma.com\\\/wp-content\\\/uploads\\\/2024\\\/01\\\/cropped-tablao-flamenco-alma-01-04.png\",\"contentUrl\":\"https:\\\/\\\/tablaoflamencoalma.com\\\/wp-content\\\/uploads\\\/2024\\\/01\\\/cropped-tablao-flamenco-alma-01-04.png\",\"width\":512,\"height\":512,\"caption\":\"Tablao Flamenco Alma\"},\"image\":{\"@id\":\"https:\\\/\\\/tablaoflamencoalma.com\\\/#\\\/schema\\\/logo\\\/image\\\/\"},\"sameAs\":[\"https:\\\/\\\/www.facebook.com\\\/tablaoflamencoalma\",\"https:\\\/\\\/www.instagram.com\\\/tablaoflamencoalma\"]},{\"@type\":\"Person\",\"@id\":\"https:\\\/\\\/tablaoflamencoalma.com\\\/#\\\/schema\\\/person\\\/9d0c2a9a099918689427e2a0b2dd0f5c\",\"name\":\"Tablao Flamenco Alma\",\"image\":{\"@type\":\"ImageObject\",\"inLanguage\":\"fr-FR\",\"@id\":\"https:\\\/\\\/tablaoflamencoalma.com\\\/wp-content\\\/litespeed\\\/avatar\\\/797b83aa1ddf30f355ead08e864f8dad.jpg?ver=1788140548\",\"url\":\"https:\\\/\\\/tablaoflamencoalma.com\\\/wp-content\\\/litespeed\\\/avatar\\\/797b83aa1ddf30f355ead08e864f8dad.jpg?ver=1788140548\",\"contentUrl\":\"https:\\\/\\\/tablaoflamencoalma.com\\\/wp-content\\\/litespeed\\\/avatar\\\/797b83aa1ddf30f355ead08e864f8dad.jpg?ver=1788140548\",\"caption\":\"Tablao Flamenco Alma\"},\"url\":\"https:\\\/\\\/tablaoflamencoalma.com\\\/fr\\\/author\\\/flamencoalma\\\/\"}]}<\/script>\n<!-- \/ Yoast SEO plugin. -->","yoast_head_json":{"title":"Paco de Luc\u00eda : L&#039;\u00e9ternel g\u00e9nie de la guitare flamenco - Tablao Flamenco Alma","description":"D\u00e9couvrez l&#039;histoire de Paco de Luc\u00eda, figure embl\u00e9matique du flamenco moderne et l&#039;un des guitaristes les plus influents de l&#039;histoire.","robots":{"index":"index","follow":"follow","max-snippet":"max-snippet:-1","max-image-preview":"max-image-preview:large","max-video-preview":"max-video-preview:-1"},"canonical":"https:\/\/tablaoflamencoalma.com\/fr\/paco-de-lucia-el-genio-de-la-guitarra-flamenca\/","og_locale":"fr_FR","og_type":"article","og_title":"Paco de Luc\u00eda: El genio eterno de la guitarra flamenca - Tablao Flamenco Alma","og_description":"Conoce la historia de Paco de Luc\u00eda, una figura clave del flamenco moderno y uno de los guitarristas m\u00e1s influyentes de la historia.","og_url":"https:\/\/tablaoflamencoalma.com\/fr\/paco-de-lucia-el-genio-de-la-guitarra-flamenca\/","og_site_name":"Tablao Flamenco Alma","article_publisher":"https:\/\/www.facebook.com\/tablaoflamencoalma","article_published_time":"2024-08-12T16:45:44+00:00","article_modified_time":"2026-06-02T08:02:41+00:00","og_image":[{"width":1080,"height":800,"url":"https:\/\/tablaoflamencoalma.com\/wp-content\/uploads\/2024\/08\/Paco-de-Lucia-Tablao-Alma.png","type":"image\/png"}],"author":"Tablao Flamenco Alma","twitter_card":"summary_large_image","twitter_misc":{"\u00c9crit par":"Tablao Flamenco Alma","Dur\u00e9e de lecture estim\u00e9e":"3 minutes"},"schema":{"@context":"https:\/\/schema.org","@graph":[{"@type":"Article","@id":"https:\/\/tablaoflamencoalma.com\/paco-de-lucia-el-genio-de-la-guitarra-flamenca\/#article","isPartOf":{"@id":"https:\/\/tablaoflamencoalma.com\/paco-de-lucia-el-genio-de-la-guitarra-flamenca\/"},"author":{"name":"Tablao Flamenco Alma","@id":"https:\/\/tablaoflamencoalma.com\/#\/schema\/person\/9d0c2a9a099918689427e2a0b2dd0f5c"},"headline":"Paco de Luc\u00eda: El genio eterno de la guitarra flamenca","datePublished":"2024-08-12T16:45:44+00:00","dateModified":"2026-06-02T08:02:41+00:00","mainEntityOfPage":{"@id":"https:\/\/tablaoflamencoalma.com\/paco-de-lucia-el-genio-de-la-guitarra-flamenca\/"},"wordCount":641,"commentCount":0,"publisher":{"@id":"https:\/\/tablaoflamencoalma.com\/#organization"},"image":{"@id":"https:\/\/tablaoflamencoalma.com\/paco-de-lucia-el-genio-de-la-guitarra-flamenca\/#primaryimage"},"thumbnailUrl":"https:\/\/tablaoflamencoalma.com\/wp-content\/uploads\/2024\/08\/Paco-de-Lucia-Tablao-Alma.png","articleSection":["Artistas"],"inLanguage":"fr-FR","potentialAction":[{"@type":"CommentAction","name":"Comment","target":["https:\/\/tablaoflamencoalma.com\/paco-de-lucia-el-genio-de-la-guitarra-flamenca\/#respond"]}]},{"@type":"WebPage","@id":"https:\/\/tablaoflamencoalma.com\/paco-de-lucia-el-genio-de-la-guitarra-flamenca\/","url":"https:\/\/tablaoflamencoalma.com\/paco-de-lucia-el-genio-de-la-guitarra-flamenca\/","name":"Paco de Luc\u00eda : L&#039;\u00e9ternel g\u00e9nie de la guitare flamenco - Tablao Flamenco Alma","isPartOf":{"@id":"https:\/\/tablaoflamencoalma.com\/#website"},"primaryImageOfPage":{"@id":"https:\/\/tablaoflamencoalma.com\/paco-de-lucia-el-genio-de-la-guitarra-flamenca\/#primaryimage"},"image":{"@id":"https:\/\/tablaoflamencoalma.com\/paco-de-lucia-el-genio-de-la-guitarra-flamenca\/#primaryimage"},"thumbnailUrl":"https:\/\/tablaoflamencoalma.com\/wp-content\/uploads\/2024\/08\/Paco-de-Lucia-Tablao-Alma.png","datePublished":"2024-08-12T16:45:44+00:00","dateModified":"2026-06-02T08:02:41+00:00","description":"D\u00e9couvrez l&#039;histoire de Paco de Luc\u00eda, figure embl\u00e9matique du flamenco moderne et l&#039;un des guitaristes les plus influents de l&#039;histoire.","breadcrumb":{"@id":"https:\/\/tablaoflamencoalma.com\/paco-de-lucia-el-genio-de-la-guitarra-flamenca\/#breadcrumb"},"inLanguage":"fr-FR","potentialAction":[{"@type":"ReadAction","target":["https:\/\/tablaoflamencoalma.com\/paco-de-lucia-el-genio-de-la-guitarra-flamenca\/"]}]},{"@type":"ImageObject","inLanguage":"fr-FR","@id":"https:\/\/tablaoflamencoalma.com\/paco-de-lucia-el-genio-de-la-guitarra-flamenca\/#primaryimage","url":"https:\/\/tablaoflamencoalma.com\/wp-content\/uploads\/2024\/08\/Paco-de-Lucia-Tablao-Alma.png","contentUrl":"https:\/\/tablaoflamencoalma.com\/wp-content\/uploads\/2024\/08\/Paco-de-Lucia-Tablao-Alma.png","width":1080,"height":800,"caption":"Paco de Lucia Tablao Alma"},{"@type":"BreadcrumbList","@id":"https:\/\/tablaoflamencoalma.com\/paco-de-lucia-el-genio-de-la-guitarra-flamenca\/#breadcrumb","itemListElement":[{"@type":"ListItem","position":1,"name":"Portada","item":"https:\/\/tablaoflamencoalma.com\/"},{"@type":"ListItem","position":2,"name":"Paco de Luc\u00eda: El genio eterno de la guitarra flamenca"}]},{"@type":"WebSite","@id":"https:\/\/tablaoflamencoalma.com\/#website","url":"https:\/\/tablaoflamencoalma.com\/","name":"Tablao flamenco Alma","description":"Tablao flamenco Alma","publisher":{"@id":"https:\/\/tablaoflamencoalma.com\/#organization"},"potentialAction":[{"@type":"SearchAction","target":{"@type":"EntryPoint","urlTemplate":"https:\/\/tablaoflamencoalma.com\/?s={search_term_string}"},"query-input":{"@type":"PropertyValueSpecification","valueRequired":true,"valueName":"search_term_string"}}],"inLanguage":"fr-FR"},{"@type":"Organization","@id":"https:\/\/tablaoflamencoalma.com\/#organization","name":"Tablao flamenco Alma","url":"https:\/\/tablaoflamencoalma.com\/","logo":{"@type":"ImageObject","inLanguage":"fr-FR","@id":"https:\/\/tablaoflamencoalma.com\/#\/schema\/logo\/image\/","url":"https:\/\/tablaoflamencoalma.com\/wp-content\/uploads\/2024\/01\/cropped-tablao-flamenco-alma-01-04.png","contentUrl":"https:\/\/tablaoflamencoalma.com\/wp-content\/uploads\/2024\/01\/cropped-tablao-flamenco-alma-01-04.png","width":512,"height":512,"caption":"Tablao Flamenco Alma"},"image":{"@id":"https:\/\/tablaoflamencoalma.com\/#\/schema\/logo\/image\/"},"sameAs":["https:\/\/www.facebook.com\/tablaoflamencoalma","https:\/\/www.instagram.com\/tablaoflamencoalma"]},{"@type":"Person","@id":"https:\/\/tablaoflamencoalma.com\/#\/schema\/person\/9d0c2a9a099918689427e2a0b2dd0f5c","name":"Tablao flamenco Alma","image":{"@type":"ImageObject","inLanguage":"fr-FR","@id":"https:\/\/tablaoflamencoalma.com\/wp-content\/litespeed\/avatar\/797b83aa1ddf30f355ead08e864f8dad.jpg?ver=1788140548","url":"https:\/\/tablaoflamencoalma.com\/wp-content\/litespeed\/avatar\/797b83aa1ddf30f355ead08e864f8dad.jpg?ver=1788140548","contentUrl":"https:\/\/tablaoflamencoalma.com\/wp-content\/litespeed\/avatar\/797b83aa1ddf30f355ead08e864f8dad.jpg?ver=1788140548","caption":"Tablao Flamenco Alma"},"url":"https:\/\/tablaoflamencoalma.com\/fr\/author\/flamencoalma\/"}]}},"_links":{"self":[{"href":"https:\/\/tablaoflamencoalma.com\/fr\/wp-json\/wp\/v2\/posts\/4411","targetHints":{"allow":["GET"]}}],"collection":[{"href":"https:\/\/tablaoflamencoalma.com\/fr\/wp-json\/wp\/v2\/posts"}],"about":[{"href":"https:\/\/tablaoflamencoalma.com\/fr\/wp-json\/wp\/v2\/types\/post"}],"author":[{"embeddable":true,"href":"https:\/\/tablaoflamencoalma.com\/fr\/wp-json\/wp\/v2\/users\/3"}],"replies":[{"embeddable":true,"href":"https:\/\/tablaoflamencoalma.com\/fr\/wp-json\/wp\/v2\/comments?post=4411"}],"version-history":[{"count":12,"href":"https:\/\/tablaoflamencoalma.com\/fr\/wp-json\/wp\/v2\/posts\/4411\/revisions"}],"predecessor-version":[{"id":7512,"href":"https:\/\/tablaoflamencoalma.com\/fr\/wp-json\/wp\/v2\/posts\/4411\/revisions\/7512"}],"wp:featuredmedia":[{"embeddable":true,"href":"https:\/\/tablaoflamencoalma.com\/fr\/wp-json\/wp\/v2\/media\/4413"}],"wp:attachment":[{"href":"https:\/\/tablaoflamencoalma.com\/fr\/wp-json\/wp\/v2\/media?parent=4411"}],"wp:term":[{"taxonomy":"category","embeddable":true,"href":"https:\/\/tablaoflamencoalma.com\/fr\/wp-json\/wp\/v2\/categories?post=4411"},{"taxonomy":"post_tag","embeddable":true,"href":"https:\/\/tablaoflamencoalma.com\/fr\/wp-json\/wp\/v2\/tags?post=4411"}],"curies":[{"name":"wp","href":"https:\/\/api.w.org\/{rel}","templated":true}]}}