{"id":3128,"date":"2024-02-24T15:03:12","date_gmt":"2024-02-24T14:03:12","guid":{"rendered":"https:\/\/tablaoflamencoalma.com\/?page_id=3128"},"modified":"2026-06-02T09:38:07","modified_gmt":"2026-06-02T08:38:07","slug":"estilo-y-tecnica-del-flamenco","status":"publish","type":"post","link":"https:\/\/tablaoflamencoalma.com\/fr\/estilo-y-tecnica-del-flamenco\/","title":{"rendered":"Style et technique du flamenco"},"content":{"rendered":"<div data-elementor-type=\"wp-page\" data-elementor-id=\"3128\" class=\"elementor elementor-3128\" data-elementor-post-type=\"post\">\n\t\t\t\t<div class=\"elementor-element elementor-element-250acbb e-flex e-con-boxed e-con e-parent\" data-id=\"250acbb\" data-element_type=\"container\" data-e-type=\"container\">\n\t\t\t\t\t<div class=\"e-con-inner\">\n\t\t<div class=\"elementor-element elementor-element-5c667ad e-flex e-con-boxed e-con e-child\" data-id=\"5c667ad\" data-element_type=\"container\" data-e-type=\"container\">\n\t\t\t\t\t<div class=\"e-con-inner\">\n\t\t\t\t<div class=\"elementor-element elementor-element-1953dea elementor-widget elementor-widget-heading\" data-id=\"1953dea\" data-element_type=\"widget\" data-e-type=\"widget\" data-widget_type=\"heading.default\">\n\t\t\t\t<div class=\"elementor-widget-container\">\n\t\t\t\t\t<h2 class=\"elementor-heading-title elementor-size-default\">palmiers flamenco<\/h2>\t\t\t\t<\/div>\n\t\t\t\t<\/div>\n\t\t<div class=\"elementor-element elementor-element-84a82d8 e-flex e-con-boxed e-con e-child\" data-id=\"84a82d8\" data-element_type=\"container\" data-e-type=\"container\">\n\t\t\t\t\t<div class=\"e-con-inner\">\n\t\t\t\t<div class=\"elementor-element elementor-element-70e477d elementor-widget elementor-widget-text-editor\" data-id=\"70e477d\" data-element_type=\"widget\" data-e-type=\"widget\" data-widget_type=\"text-editor.default\">\n\t\t\t\t<div class=\"elementor-widget-container\">\n\t\t\t\t\t\t\t\t\t<p>Les claquements de mains dans le flamenco se caract\u00e9risent par un marquage pr\u00e9cis du rythme, une vari\u00e9t\u00e9 rythmique et un enrichissement de l&#039;interpr\u00e9tation de la guitare, du chant et de la danse.<\/p><p>\u00a0<\/p><p>Ils servent de base \u00e0 des styles rythmiques comme les buler\u00edas, les tangos ou les alegr\u00edas, bien qu&#039;ils accompagnent \u00e9galement tout style rythm\u00e9 comme le seguiriya, la sole\u00e1 por buler\u00eda, la sole\u00e1, les tanguillos, les guajiras\u2026<\/p><p>\u00a0<\/p><p>Pour ex\u00e9cuter correctement les claquements de mains en flamenco, il faut conna\u00eetre le rythme, la vitesse et les nuances de chaque style.<\/p>\t\t\t\t\t\t\t\t<\/div>\n\t\t\t\t<\/div>\n\t\t\t\t<div class=\"elementor-element elementor-element-7e7b571 elementor-widget elementor-widget-image\" data-id=\"7e7b571\" data-element_type=\"widget\" data-e-type=\"widget\" data-widget_type=\"image.default\">\n\t\t\t\t<div class=\"elementor-widget-container\">\n\t\t\t\t\t\t\t\t\t\t\t\t\t\t\t<img decoding=\"async\" src=\"https:\/\/tablaoflamencoalma.com\/wp-content\/uploads\/elementor\/thumbs\/Palmas-flamencas-1x1-peq-qka5jkb0f4mr3103toqjwoip0le8erjoueeu9h67vc.jpg\" title=\"Palmiers Flamenco 1x1 petit\" alt=\"rythme flamenco\" loading=\"lazy\" \/>\t\t\t\t\t\t\t\t\t\t\t\t\t\t\t<\/div>\n\t\t\t\t<\/div>\n\t\t\t\t\t<\/div>\n\t\t\t\t<\/div>\n\t\t\t\t<div class=\"elementor-element elementor-element-472543c elementor-widget elementor-widget-spacer\" data-id=\"472543c\" data-element_type=\"widget\" data-e-type=\"widget\" data-widget_type=\"spacer.default\">\n\t\t\t\t<div class=\"elementor-widget-container\">\n\t\t\t\t\t\t\t<div class=\"elementor-spacer\">\n\t\t\t<div class=\"elementor-spacer-inner\"><\/div>\n\t\t<\/div>\n\t\t\t\t\t\t<\/div>\n\t\t\t\t<\/div>\n\t\t\t\t<div class=\"elementor-element elementor-element-d0ea97b elementor-widget elementor-widget-heading\" data-id=\"d0ea97b\" data-element_type=\"widget\" data-e-type=\"widget\" data-widget_type=\"heading.default\">\n\t\t\t\t<div class=\"elementor-widget-container\">\n\t\t\t\t\t<h2 class=\"elementor-heading-title elementor-size-default\">rythme flamenco<\/h2>\t\t\t\t<\/div>\n\t\t\t\t<\/div>\n\t\t<div class=\"elementor-element elementor-element-1b07776 e-flex e-con-boxed e-con e-child\" data-id=\"1b07776\" data-element_type=\"container\" data-e-type=\"container\">\n\t\t\t\t\t<div class=\"e-con-inner\">\n\t\t\t\t<div class=\"elementor-element elementor-element-98f772a elementor-widget elementor-widget-text-editor\" data-id=\"98f772a\" data-element_type=\"widget\" data-e-type=\"widget\" data-widget_type=\"text-editor.default\">\n\t\t\t\t<div class=\"elementor-widget-container\">\n\t\t\t\t\t\t\t\t\t<p>Le rythme du flamenco est tr\u00e8s particulier. Outre l&#039;utilisation de mesures \u00e0 3\/4 (fandangos ou sevillanas) et \u00e0 4\/4 (tientos, tangos ou colombianas), il emploie un rythme \u00e0 12 temps tr\u00e8s sp\u00e9cifique qui peut \u00eatre interpr\u00e9t\u00e9 de multiples fa\u00e7ons.<\/p><p>\u00a0<\/p><p>Les accents de cette mesure porteraient sur les chiffres 12, 3, 6, 8 et 10. Apr\u00e8s cela, on recommencerait.<\/p><p>\u00a0<\/p><p>Les styles qui utilisent ces accents sont les plus importants au sein du flamenco : principalement la sole\u00e1, l&#039;alegr\u00edas et la buler\u00edas.<\/p>\t\t\t\t\t\t\t\t<\/div>\n\t\t\t\t<\/div>\n\t\t\t\t<div class=\"elementor-element elementor-element-5fbb39b elementor-widget elementor-widget-image\" data-id=\"5fbb39b\" data-element_type=\"widget\" data-e-type=\"widget\" data-widget_type=\"image.default\">\n\t\t\t\t<div class=\"elementor-widget-container\">\n\t\t\t\t\t\t\t\t\t\t\t\t\t\t\t<img decoding=\"async\" src=\"https:\/\/tablaoflamencoalma.com\/wp-content\/uploads\/elementor\/thumbs\/Compas-flamenco-1x1-peq-qka5izmk8rufzlu56fsrdtqjy485pf9lfk25pe0vo8.jpg\" title=\"Rythme flamenco 1x1 petit\" alt=\"rythme flamenco\" loading=\"lazy\" \/>\t\t\t\t\t\t\t\t\t\t\t\t\t\t\t<\/div>\n\t\t\t\t<\/div>\n\t\t\t\t\t<\/div>\n\t\t\t\t<\/div>\n\t\t\t\t<div class=\"elementor-element elementor-element-fabb99d elementor-widget elementor-widget-spacer\" data-id=\"fabb99d\" data-element_type=\"widget\" data-e-type=\"widget\" data-widget_type=\"spacer.default\">\n\t\t\t\t<div class=\"elementor-widget-container\">\n\t\t\t\t\t\t\t<div class=\"elementor-spacer\">\n\t\t\t<div class=\"elementor-spacer-inner\"><\/div>\n\t\t<\/div>\n\t\t\t\t\t\t<\/div>\n\t\t\t\t<\/div>\n\t\t\t\t<div class=\"elementor-element elementor-element-f568ae6 elementor-widget elementor-widget-heading\" data-id=\"f568ae6\" data-element_type=\"widget\" data-e-type=\"widget\" data-widget_type=\"heading.default\">\n\t\t\t\t<div class=\"elementor-widget-container\">\n\t\t\t\t\t<h2 class=\"elementor-heading-title elementor-size-default\">claquettes flamenco<\/h2>\t\t\t\t<\/div>\n\t\t\t\t<\/div>\n\t\t<div class=\"elementor-element elementor-element-b476ce3 e-flex e-con-boxed e-con e-child\" data-id=\"b476ce3\" data-element_type=\"container\" data-e-type=\"container\">\n\t\t\t\t\t<div class=\"e-con-inner\">\n\t\t\t\t<div class=\"elementor-element elementor-element-8791ed8 elementor-widget elementor-widget-text-editor\" data-id=\"8791ed8\" data-element_type=\"widget\" data-e-type=\"widget\" data-widget_type=\"text-editor.default\">\n\t\t\t\t<div class=\"elementor-widget-container\">\n\t\t\t\t\t\t\t\t\t<p>Le jeu de jambes, ou zapateado, est un \u00e9l\u00e9ment de la danse flamenco ex\u00e9cut\u00e9 avec les pieds comme percussion, enrichissant ainsi le rythme. \u00c0 l&#039;origine, ce style \u00e9tait exclusivement masculin. Bien qu&#039;il ne soit plus pratiqu\u00e9 uniquement par les hommes, il reste une technique utilis\u00e9e aussi bien par les femmes que par les hommes dans tous les types de flamenco.<\/p><p>\u00a0<\/p><p>Cela consiste \u00e0 taper du pied en rythme avec des variations rythmiques.<\/p><p>\u00a0<\/p><p>Zapateado est aussi un style de solo de guitare flamenco. Certains interpr\u00e8tes \u00e9minents du zapateado sont Paco de Luc\u00eda, Esteban de Sanl\u00facar et Vicente Amigo.<\/p>\t\t\t\t\t\t\t\t<\/div>\n\t\t\t\t<\/div>\n\t\t\t\t<div class=\"elementor-element elementor-element-7e267e9 elementor-widget elementor-widget-image\" data-id=\"7e267e9\" data-element_type=\"widget\" data-e-type=\"widget\" data-widget_type=\"image.default\">\n\t\t\t\t<div class=\"elementor-widget-container\">\n\t\t\t\t\t\t\t\t\t\t\t\t\t\t\t<img fetchpriority=\"high\" decoding=\"async\" width=\"960\" height=\"960\" src=\"https:\/\/tablaoflamencoalma.com\/wp-content\/uploads\/2024\/02\/Zapateado-flamenco-peq.jpg\" class=\"attachment-large size-large wp-image-3109\" alt=\"\" srcset=\"https:\/\/tablaoflamencoalma.com\/wp-content\/uploads\/2024\/02\/Zapateado-flamenco-peq.jpg 960w, https:\/\/tablaoflamencoalma.com\/wp-content\/uploads\/2024\/02\/Zapateado-flamenco-peq-300x300.jpg 300w, https:\/\/tablaoflamencoalma.com\/wp-content\/uploads\/2024\/02\/Zapateado-flamenco-peq-150x150.jpg 150w, https:\/\/tablaoflamencoalma.com\/wp-content\/uploads\/2024\/02\/Zapateado-flamenco-peq-768x768.jpg 768w\" sizes=\"(max-width: 960px) 100vw, 960px\" \/>\t\t\t\t\t\t\t\t\t\t\t\t\t\t\t<\/div>\n\t\t\t\t<\/div>\n\t\t\t\t\t<\/div>\n\t\t\t\t<\/div>\n\t\t\t\t<div class=\"elementor-element elementor-element-3589e1a elementor-widget elementor-widget-spacer\" data-id=\"3589e1a\" data-element_type=\"widget\" data-e-type=\"widget\" data-widget_type=\"spacer.default\">\n\t\t\t\t<div class=\"elementor-widget-container\">\n\t\t\t\t\t\t\t<div class=\"elementor-spacer\">\n\t\t\t<div class=\"elementor-spacer-inner\"><\/div>\n\t\t<\/div>\n\t\t\t\t\t\t<\/div>\n\t\t\t\t<\/div>\n\t\t\t\t<div class=\"elementor-element elementor-element-62cd3d3 elementor-widget elementor-widget-heading\" data-id=\"62cd3d3\" data-element_type=\"widget\" data-e-type=\"widget\" data-widget_type=\"heading.default\">\n\t\t\t\t<div class=\"elementor-widget-container\">\n\t\t\t\t\t<h2 class=\"elementor-heading-title elementor-size-default\">guitare flamenco<\/h2>\t\t\t\t<\/div>\n\t\t\t\t<\/div>\n\t\t<div class=\"elementor-element elementor-element-2d394c6 e-flex e-con-boxed e-con e-child\" data-id=\"2d394c6\" data-element_type=\"container\" data-e-type=\"container\">\n\t\t\t\t\t<div class=\"e-con-inner\">\n\t\t\t\t<div class=\"elementor-element elementor-element-fea8c56 elementor-widget elementor-widget-image\" data-id=\"fea8c56\" data-element_type=\"widget\" data-e-type=\"widget\" data-widget_type=\"image.default\">\n\t\t\t\t<div class=\"elementor-widget-container\">\n\t\t\t\t\t\t\t\t\t\t\t\t\t\t\t<img decoding=\"async\" src=\"https:\/\/tablaoflamencoalma.com\/wp-content\/uploads\/elementor\/thumbs\/Guitarra-flamenca-estilo-peq-qkg0cu5lqozhef00ds285z41lkmb5m80q0txos03g0.jpg\" title=\"Guitare flamenco, petit mod\u00e8le\" alt=\"Guitare flamenco, petit mod\u00e8le\" loading=\"lazy\" \/>\t\t\t\t\t\t\t\t\t\t\t\t\t\t\t<\/div>\n\t\t\t\t<\/div>\n\t\t\t\t<div class=\"elementor-element elementor-element-04d197a elementor-widget elementor-widget-text-editor\" data-id=\"04d197a\" data-element_type=\"widget\" data-e-type=\"widget\" data-widget_type=\"text-editor.default\">\n\t\t\t\t<div class=\"elementor-widget-container\">\n\t\t\t\t\t\t\t\t\t<p>La guitare flamenca a deux fonctions principales au sein du flamenco : celle d&#039;accompagnement et celle de soliste, cette derni\u00e8re \u00e9tant \u00e9galement connue sous le nom de guitare de concert.<\/p><p>\u00a0<\/p><p>La guitare d&#039;accompagnement peut servir au chant ou \u00e0 la danse et sa fonction principale est de fournir la base rythmique et harmonique.<\/p><p>\u00a0<\/p><p>Jouer de la guitare flamenco en solo exige un haut niveau de comp\u00e9tence en mati\u00e8re de technique, de composition et d&#039;interpr\u00e9tation.<\/p><p>Certains guitaristes de flamenco \u00e9minents incluent Paco de Luc\u00eda, Vicente Amigo, Tomatito, Sabicas, Ni\u00f1o Ricardo et Manolo Sanl\u00facar.<\/p>\t\t\t\t\t\t\t\t<\/div>\n\t\t\t\t<\/div>\n\t\t\t\t\t<\/div>\n\t\t\t\t<\/div>\n\t\t\t\t<div class=\"elementor-element elementor-element-2d0f0e9 elementor-widget elementor-widget-spacer\" data-id=\"2d0f0e9\" data-element_type=\"widget\" data-e-type=\"widget\" data-widget_type=\"spacer.default\">\n\t\t\t\t<div class=\"elementor-widget-container\">\n\t\t\t\t\t\t\t<div class=\"elementor-spacer\">\n\t\t\t<div class=\"elementor-spacer-inner\"><\/div>\n\t\t<\/div>\n\t\t\t\t\t\t<\/div>\n\t\t\t\t<\/div>\n\t\t\t\t<div class=\"elementor-element elementor-element-043385f elementor-widget elementor-widget-heading\" data-id=\"043385f\" data-element_type=\"widget\" data-e-type=\"widget\" data-widget_type=\"heading.default\">\n\t\t\t\t<div class=\"elementor-widget-container\">\n\t\t\t\t\t<h2 class=\"elementor-heading-title elementor-size-default\">chant flamenco<\/h2>\t\t\t\t<\/div>\n\t\t\t\t<\/div>\n\t\t<div class=\"elementor-element elementor-element-a6ce774 e-flex e-con-boxed e-con e-child\" data-id=\"a6ce774\" data-element_type=\"container\" data-e-type=\"container\">\n\t\t\t\t\t<div class=\"e-con-inner\">\n\t\t\t\t<div class=\"elementor-element elementor-element-61b21b8 elementor-widget elementor-widget-text-editor\" data-id=\"61b21b8\" data-element_type=\"widget\" data-e-type=\"widget\" data-widget_type=\"text-editor.default\">\n\t\t\t\t<div class=\"elementor-widget-container\">\n\t\t\t\t\t\t\t\t\t<p>Le chant flamenco se distingue par son timbre et son cri caract\u00e9ristique. Il est interpr\u00e9t\u00e9 aussi bien par les hommes que par les femmes. On le retrouve aussi bien en solo avec accompagnement de guitare qu&#039;en accompagnement de la danse, avec des paroles adapt\u00e9es \u00e0 l&#039;occasion.<\/p><p>\u00a0<\/p><p>Les th\u00e8mes des paroles de flamenco varient selon le style. Dans les styles plus s\u00e9rieux ou solennels, les chansons abordent la trag\u00e9die ou l&#039;amour. Dans les styles plus joyeux, l&#039;objectif est l&#039;humour ou le r\u00e9cit d&#039;un \u00e9v\u00e9nement historique.<\/p>\t\t\t\t\t\t\t\t<\/div>\n\t\t\t\t<\/div>\n\t\t\t\t<div class=\"elementor-element elementor-element-7806677 elementor-widget elementor-widget-image\" data-id=\"7806677\" data-element_type=\"widget\" data-e-type=\"widget\" data-widget_type=\"image.default\">\n\t\t\t\t<div class=\"elementor-widget-container\">\n\t\t\t\t\t\t\t\t\t\t\t\t\t\t\t<img decoding=\"async\" width=\"960\" height=\"960\" src=\"https:\/\/tablaoflamencoalma.com\/wp-content\/uploads\/2024\/02\/Cante-flamenco-1x1-peq.jpg\" class=\"attachment-large size-large wp-image-3103\" alt=\"\" srcset=\"https:\/\/tablaoflamencoalma.com\/wp-content\/uploads\/2024\/02\/Cante-flamenco-1x1-peq.jpg 960w, https:\/\/tablaoflamencoalma.com\/wp-content\/uploads\/2024\/02\/Cante-flamenco-1x1-peq-300x300.jpg 300w, https:\/\/tablaoflamencoalma.com\/wp-content\/uploads\/2024\/02\/Cante-flamenco-1x1-peq-150x150.jpg 150w, https:\/\/tablaoflamencoalma.com\/wp-content\/uploads\/2024\/02\/Cante-flamenco-1x1-peq-768x768.jpg 768w\" sizes=\"(max-width: 960px) 100vw, 960px\" \/>\t\t\t\t\t\t\t\t\t\t\t\t\t\t\t<\/div>\n\t\t\t\t<\/div>\n\t\t\t\t\t<\/div>\n\t\t\t\t<\/div>\n\t\t\t\t<div class=\"elementor-element elementor-element-2f80f74 elementor-widget elementor-widget-spacer\" data-id=\"2f80f74\" data-element_type=\"widget\" data-e-type=\"widget\" data-widget_type=\"spacer.default\">\n\t\t\t\t<div class=\"elementor-widget-container\">\n\t\t\t\t\t\t\t<div class=\"elementor-spacer\">\n\t\t\t<div class=\"elementor-spacer-inner\"><\/div>\n\t\t<\/div>\n\t\t\t\t\t\t<\/div>\n\t\t\t\t<\/div>\n\t\t\t\t<div class=\"elementor-element elementor-element-63b802b elementor-widget elementor-widget-heading\" data-id=\"63b802b\" data-element_type=\"widget\" data-e-type=\"widget\" data-widget_type=\"heading.default\">\n\t\t\t\t<div class=\"elementor-widget-container\">\n\t\t\t\t\t<h2 class=\"elementor-heading-title elementor-size-default\">costumes de flamenco<\/h2>\t\t\t\t<\/div>\n\t\t\t\t<\/div>\n\t\t<div class=\"elementor-element elementor-element-75921ed e-flex e-con-boxed e-con e-child\" data-id=\"75921ed\" data-element_type=\"container\" data-e-type=\"container\">\n\t\t\t\t\t<div class=\"e-con-inner\">\n\t\t\t\t<div class=\"elementor-element elementor-element-5614d88 elementor-widget elementor-widget-text-editor\" data-id=\"5614d88\" data-element_type=\"widget\" data-e-type=\"widget\" data-widget_type=\"text-editor.default\">\n\t\t\t\t<div class=\"elementor-widget-container\">\n\t\t\t\t\t\t\t\t\t<p>Les v\u00eatements utilis\u00e9s en danse flamenco sont tr\u00e8s importants et on en choisira un plut\u00f4t qu&#039;un autre en fonction du style dans\u00e9.<\/p><p>\u00a0<\/p><p>Les couleurs plus vives sont utilis\u00e9es dans des styles joyeux tels que les alegr\u00edas, les tangos ou les guajiras, et les couleurs plus s\u00e9rieuses ou sombres dans des styles tels que le taranto, le sole\u00e1 ou le seguiriya.<\/p><p>\u00a0<\/p><p>Outre les costumes traditionnels masculins et f\u00e9minins, d&#039;autres \u00e9l\u00e9ments viennent enrichir la danse et la tenue. Il s&#039;agit notamment des castagnettes, des chapeaux, des ch\u00e2les, des robes de flamenco \u00e0 tra\u00eene, des cannes et des \u00e9ventails.<\/p>\t\t\t\t\t\t\t\t<\/div>\n\t\t\t\t<\/div>\n\t\t\t\t<div class=\"elementor-element elementor-element-aea5571 elementor-widget elementor-widget-image\" data-id=\"aea5571\" data-element_type=\"widget\" data-e-type=\"widget\" data-widget_type=\"image.default\">\n\t\t\t\t<div class=\"elementor-widget-container\">\n\t\t\t\t\t\t\t\t\t\t\t\t\t\t\t<img decoding=\"async\" width=\"960\" height=\"960\" src=\"https:\/\/tablaoflamencoalma.com\/wp-content\/uploads\/2024\/02\/Vestuario-flamenco.png\" class=\"attachment-large size-large wp-image-3098\" alt=\"costumes de flamenco\" srcset=\"https:\/\/tablaoflamencoalma.com\/wp-content\/uploads\/2024\/02\/Vestuario-flamenco.png 960w, https:\/\/tablaoflamencoalma.com\/wp-content\/uploads\/2024\/02\/Vestuario-flamenco-300x300.png 300w, https:\/\/tablaoflamencoalma.com\/wp-content\/uploads\/2024\/02\/Vestuario-flamenco-150x150.png 150w, https:\/\/tablaoflamencoalma.com\/wp-content\/uploads\/2024\/02\/Vestuario-flamenco-768x768.png 768w\" sizes=\"(max-width: 960px) 100vw, 960px\" \/>\t\t\t\t\t\t\t\t\t\t\t\t\t\t\t<\/div>\n\t\t\t\t<\/div>\n\t\t\t\t\t<\/div>\n\t\t\t\t<\/div>\n\t\t\t\t\t<\/div>\n\t\t\t\t<\/div>\n\t\t\t\t<div class=\"elementor-element elementor-element-0eee039 elementor-widget elementor-widget-spacer\" data-id=\"0eee039\" data-element_type=\"widget\" data-e-type=\"widget\" data-widget_type=\"spacer.default\">\n\t\t\t\t<div class=\"elementor-widget-container\">\n\t\t\t\t\t\t\t<div class=\"elementor-spacer\">\n\t\t\t<div class=\"elementor-spacer-inner\"><\/div>\n\t\t<\/div>\n\t\t\t\t\t\t<\/div>\n\t\t\t\t<\/div>\n\t\t\t\t\t<\/div>\n\t\t\t\t<\/div>\n\t\t\t\t<\/div>","protected":false},"excerpt":{"rendered":"<p>Palmas flamencas Las palmas flamencas se caracterizan por marcar el comp\u00e1s flamenco con precisi\u00f3n, variedad r\u00edtmica y enriquecen la interpretaci\u00f3n tanto de la guitarra como del cante y el baile. \u00a0 Sirven de base para los estilos r\u00edtmicos como las buler\u00edas, los tangos o las alegr\u00edas, aunque tambi\u00e9n acompa\u00f1an cualquier estilo que lleve ritmo como [&hellip;]<\/p>\n","protected":false},"author":3,"featured_media":3114,"comment_status":"open","ping_status":"closed","sticky":false,"template":"","format":"standard","meta":{"site-sidebar-layout":"no-sidebar","site-content-layout":"page-builder","ast-site-content-layout":"full-width-container","site-content-style":"unboxed","site-sidebar-style":"unboxed","ast-global-header-display":"","ast-banner-title-visibility":"","ast-main-header-display":"","ast-hfb-above-header-display":"","ast-hfb-below-header-display":"","ast-hfb-mobile-header-display":"","site-post-title":"disabled","ast-breadcrumbs-content":"","ast-featured-img":"","footer-sml-layout":"","theme-transparent-header-meta":"enabled","adv-header-id-meta":"","stick-header-meta":"","header-above-stick-meta":"","header-main-stick-meta":"","header-below-stick-meta":"","astra-migrate-meta-layouts":"set","ast-page-background-enabled":"default","ast-page-background-meta":{"desktop":{"background-color":"var(--ast-global-color-4)","background-image":"","background-repeat":"repeat","background-position":"center center","background-size":"auto","background-attachment":"scroll","background-type":"","background-media":"","overlay-type":"","overlay-color":"","overlay-opacity":"","overlay-gradient":""},"tablet":{"background-color":"","background-image":"","background-repeat":"repeat","background-position":"center center","background-size":"auto","background-attachment":"scroll","background-type":"","background-media":"","overlay-type":"","overlay-color":"","overlay-opacity":"","overlay-gradient":""},"mobile":{"background-color":"","background-image":"","background-repeat":"repeat","background-position":"center center","background-size":"auto","background-attachment":"scroll","background-type":"","background-media":"","overlay-type":"","overlay-color":"","overlay-opacity":"","overlay-gradient":""}},"ast-content-background-meta":{"desktop":{"background-color":"var(--ast-global-color-5)","background-image":"","background-repeat":"repeat","background-position":"center center","background-size":"auto","background-attachment":"scroll","background-type":"","background-media":"","overlay-type":"","overlay-color":"","overlay-opacity":"","overlay-gradient":""},"tablet":{"background-color":"var(--ast-global-color-5)","background-image":"","background-repeat":"repeat","background-position":"center center","background-size":"auto","background-attachment":"scroll","background-type":"","background-media":"","overlay-type":"","overlay-color":"","overlay-opacity":"","overlay-gradient":""},"mobile":{"background-color":"var(--ast-global-color-5)","background-image":"","background-repeat":"repeat","background-position":"center center","background-size":"auto","background-attachment":"scroll","background-type":"","background-media":"","overlay-type":"","overlay-color":"","overlay-opacity":"","overlay-gradient":""}},"footnotes":""},"categories":[11],"tags":[],"class_list":["post-3128","post","type-post","status-publish","format-standard","has-post-thumbnail","hentry","category-el-flamenco"],"yoast_head":"<!-- This site is optimized with the Yoast SEO plugin v28.4 - https:\/\/yoast.com\/product\/yoast-seo-wordpress\/ -->\n<title>Estilo y t\u00e9cnica del flamenco - Tablao Flamenco Alma<\/title>\n<meta name=\"description\" content=\"Aprende sobre sole\u00e1, buler\u00edas y otros palos flamencos. Explora el baile, el cante, la guitarra y sus grandes maestros.\" \/>\n<meta name=\"robots\" content=\"index, follow, max-snippet:-1, max-image-preview:large, max-video-preview:-1\" \/>\n<link rel=\"canonical\" href=\"https:\/\/tablaoflamencoalma.com\/fr\/estilo-y-tecnica-del-flamenco\/\" \/>\n<meta property=\"og:locale\" content=\"fr_FR\" \/>\n<meta property=\"og:type\" content=\"article\" \/>\n<meta property=\"og:title\" content=\"Estilo y t\u00e9cnica del flamenco - Tablao Flamenco Alma\" \/>\n<meta property=\"og:description\" content=\"Aprende sobre sole\u00e1, buler\u00edas y otros palos flamencos. Explora el baile, el cante, la guitarra y sus grandes maestros.\" \/>\n<meta property=\"og:url\" content=\"https:\/\/tablaoflamencoalma.com\/fr\/estilo-y-tecnica-del-flamenco\/\" \/>\n<meta property=\"og:site_name\" content=\"Tablao Flamenco Alma\" \/>\n<meta property=\"article:publisher\" content=\"https:\/\/www.facebook.com\/tablaoflamencoalma\" \/>\n<meta property=\"article:published_time\" content=\"2024-02-24T14:03:12+00:00\" \/>\n<meta property=\"article:modified_time\" content=\"2026-06-02T08:38:07+00:00\" \/>\n<meta property=\"og:image\" content=\"https:\/\/tablaoflamencoalma.com\/wp-content\/uploads\/2024\/02\/Palmas-flamencas-1x1-peq.jpg\" \/>\n\t<meta property=\"og:image:width\" content=\"960\" \/>\n\t<meta property=\"og:image:height\" content=\"960\" \/>\n\t<meta property=\"og:image:type\" content=\"image\/jpeg\" \/>\n<meta name=\"author\" content=\"Tablao Flamenco Alma\" \/>\n<meta name=\"twitter:card\" content=\"summary_large_image\" \/>\n<meta name=\"twitter:label1\" content=\"\u00c9crit par\" \/>\n\t<meta name=\"twitter:data1\" content=\"Tablao Flamenco Alma\" \/>\n\t<meta name=\"twitter:label2\" content=\"Dur\u00e9e de lecture estim\u00e9e\" \/>\n\t<meta name=\"twitter:data2\" content=\"4 minutes\" \/>\n<script type=\"application\/ld+json\" class=\"yoast-schema-graph\">{\"@context\":\"https:\\\/\\\/schema.org\",\"@graph\":[{\"@type\":\"Article\",\"@id\":\"https:\\\/\\\/tablaoflamencoalma.com\\\/estilo-y-tecnica-del-flamenco\\\/#article\",\"isPartOf\":{\"@id\":\"https:\\\/\\\/tablaoflamencoalma.com\\\/estilo-y-tecnica-del-flamenco\\\/\"},\"author\":{\"name\":\"Tablao Flamenco Alma\",\"@id\":\"https:\\\/\\\/tablaoflamencoalma.com\\\/#\\\/schema\\\/person\\\/9d0c2a9a099918689427e2a0b2dd0f5c\"},\"headline\":\"Estilo y t\u00e9cnica del flamenco\",\"datePublished\":\"2024-02-24T14:03:12+00:00\",\"dateModified\":\"2026-06-02T08:38:07+00:00\",\"mainEntityOfPage\":{\"@id\":\"https:\\\/\\\/tablaoflamencoalma.com\\\/estilo-y-tecnica-del-flamenco\\\/\"},\"wordCount\":590,\"commentCount\":0,\"publisher\":{\"@id\":\"https:\\\/\\\/tablaoflamencoalma.com\\\/#organization\"},\"image\":{\"@id\":\"https:\\\/\\\/tablaoflamencoalma.com\\\/estilo-y-tecnica-del-flamenco\\\/#primaryimage\"},\"thumbnailUrl\":\"https:\\\/\\\/tablaoflamencoalma.com\\\/wp-content\\\/uploads\\\/2024\\\/02\\\/Palmas-flamencas-1x1-peq.jpg\",\"articleSection\":[\"El Flamenco\"],\"inLanguage\":\"fr-FR\",\"potentialAction\":[{\"@type\":\"CommentAction\",\"name\":\"Comment\",\"target\":[\"https:\\\/\\\/tablaoflamencoalma.com\\\/estilo-y-tecnica-del-flamenco\\\/#respond\"]}]},{\"@type\":\"WebPage\",\"@id\":\"https:\\\/\\\/tablaoflamencoalma.com\\\/estilo-y-tecnica-del-flamenco\\\/\",\"url\":\"https:\\\/\\\/tablaoflamencoalma.com\\\/estilo-y-tecnica-del-flamenco\\\/\",\"name\":\"Estilo y t\u00e9cnica del flamenco - Tablao Flamenco Alma\",\"isPartOf\":{\"@id\":\"https:\\\/\\\/tablaoflamencoalma.com\\\/#website\"},\"primaryImageOfPage\":{\"@id\":\"https:\\\/\\\/tablaoflamencoalma.com\\\/estilo-y-tecnica-del-flamenco\\\/#primaryimage\"},\"image\":{\"@id\":\"https:\\\/\\\/tablaoflamencoalma.com\\\/estilo-y-tecnica-del-flamenco\\\/#primaryimage\"},\"thumbnailUrl\":\"https:\\\/\\\/tablaoflamencoalma.com\\\/wp-content\\\/uploads\\\/2024\\\/02\\\/Palmas-flamencas-1x1-peq.jpg\",\"datePublished\":\"2024-02-24T14:03:12+00:00\",\"dateModified\":\"2026-06-02T08:38:07+00:00\",\"description\":\"Aprende sobre sole\u00e1, buler\u00edas y otros palos flamencos. Explora el baile, el cante, la guitarra y sus grandes maestros.\",\"breadcrumb\":{\"@id\":\"https:\\\/\\\/tablaoflamencoalma.com\\\/estilo-y-tecnica-del-flamenco\\\/#breadcrumb\"},\"inLanguage\":\"fr-FR\",\"potentialAction\":[{\"@type\":\"ReadAction\",\"target\":[\"https:\\\/\\\/tablaoflamencoalma.com\\\/estilo-y-tecnica-del-flamenco\\\/\"]}]},{\"@type\":\"ImageObject\",\"inLanguage\":\"fr-FR\",\"@id\":\"https:\\\/\\\/tablaoflamencoalma.com\\\/estilo-y-tecnica-del-flamenco\\\/#primaryimage\",\"url\":\"https:\\\/\\\/tablaoflamencoalma.com\\\/wp-content\\\/uploads\\\/2024\\\/02\\\/Palmas-flamencas-1x1-peq.jpg\",\"contentUrl\":\"https:\\\/\\\/tablaoflamencoalma.com\\\/wp-content\\\/uploads\\\/2024\\\/02\\\/Palmas-flamencas-1x1-peq.jpg\",\"width\":960,\"height\":960,\"caption\":\"Comp\u00e1s flamenco\"},{\"@type\":\"BreadcrumbList\",\"@id\":\"https:\\\/\\\/tablaoflamencoalma.com\\\/estilo-y-tecnica-del-flamenco\\\/#breadcrumb\",\"itemListElement\":[{\"@type\":\"ListItem\",\"position\":1,\"name\":\"Portada\",\"item\":\"https:\\\/\\\/tablaoflamencoalma.com\\\/\"},{\"@type\":\"ListItem\",\"position\":2,\"name\":\"Estilo y t\u00e9cnica del flamenco\"}]},{\"@type\":\"WebSite\",\"@id\":\"https:\\\/\\\/tablaoflamencoalma.com\\\/#website\",\"url\":\"https:\\\/\\\/tablaoflamencoalma.com\\\/\",\"name\":\"Tablao Flamenco Alma\",\"description\":\"Tablao Flamenco Alma\",\"publisher\":{\"@id\":\"https:\\\/\\\/tablaoflamencoalma.com\\\/#organization\"},\"potentialAction\":[{\"@type\":\"SearchAction\",\"target\":{\"@type\":\"EntryPoint\",\"urlTemplate\":\"https:\\\/\\\/tablaoflamencoalma.com\\\/?s={search_term_string}\"},\"query-input\":{\"@type\":\"PropertyValueSpecification\",\"valueRequired\":true,\"valueName\":\"search_term_string\"}}],\"inLanguage\":\"fr-FR\"},{\"@type\":\"Organization\",\"@id\":\"https:\\\/\\\/tablaoflamencoalma.com\\\/#organization\",\"name\":\"Tablao Flamenco Alma\",\"url\":\"https:\\\/\\\/tablaoflamencoalma.com\\\/\",\"logo\":{\"@type\":\"ImageObject\",\"inLanguage\":\"fr-FR\",\"@id\":\"https:\\\/\\\/tablaoflamencoalma.com\\\/#\\\/schema\\\/logo\\\/image\\\/\",\"url\":\"https:\\\/\\\/tablaoflamencoalma.com\\\/wp-content\\\/uploads\\\/2024\\\/01\\\/cropped-tablao-flamenco-alma-01-04.png\",\"contentUrl\":\"https:\\\/\\\/tablaoflamencoalma.com\\\/wp-content\\\/uploads\\\/2024\\\/01\\\/cropped-tablao-flamenco-alma-01-04.png\",\"width\":512,\"height\":512,\"caption\":\"Tablao Flamenco Alma\"},\"image\":{\"@id\":\"https:\\\/\\\/tablaoflamencoalma.com\\\/#\\\/schema\\\/logo\\\/image\\\/\"},\"sameAs\":[\"https:\\\/\\\/www.facebook.com\\\/tablaoflamencoalma\",\"https:\\\/\\\/www.instagram.com\\\/tablaoflamencoalma\"]},{\"@type\":\"Person\",\"@id\":\"https:\\\/\\\/tablaoflamencoalma.com\\\/#\\\/schema\\\/person\\\/9d0c2a9a099918689427e2a0b2dd0f5c\",\"name\":\"Tablao Flamenco Alma\",\"image\":{\"@type\":\"ImageObject\",\"inLanguage\":\"fr-FR\",\"@id\":\"https:\\\/\\\/tablaoflamencoalma.com\\\/wp-content\\\/litespeed\\\/avatar\\\/797b83aa1ddf30f355ead08e864f8dad.jpg?ver=1788140548\",\"url\":\"https:\\\/\\\/tablaoflamencoalma.com\\\/wp-content\\\/litespeed\\\/avatar\\\/797b83aa1ddf30f355ead08e864f8dad.jpg?ver=1788140548\",\"contentUrl\":\"https:\\\/\\\/tablaoflamencoalma.com\\\/wp-content\\\/litespeed\\\/avatar\\\/797b83aa1ddf30f355ead08e864f8dad.jpg?ver=1788140548\",\"caption\":\"Tablao Flamenco Alma\"},\"url\":\"https:\\\/\\\/tablaoflamencoalma.com\\\/fr\\\/author\\\/flamencoalma\\\/\"}]}<\/script>\n<!-- \/ Yoast SEO plugin. -->","yoast_head_json":{"title":"Style et technique du flamenco - Tablao Flamenco Alma","description":"D\u00e9couvrez la sole\u00e1, les buler\u00edas et d&#039;autres styles de flamenco. Explorez la danse, le chant, la guitare et ses grands ma\u00eetres.","robots":{"index":"index","follow":"follow","max-snippet":"max-snippet:-1","max-image-preview":"max-image-preview:large","max-video-preview":"max-video-preview:-1"},"canonical":"https:\/\/tablaoflamencoalma.com\/fr\/estilo-y-tecnica-del-flamenco\/","og_locale":"fr_FR","og_type":"article","og_title":"Estilo y t\u00e9cnica del flamenco - Tablao Flamenco Alma","og_description":"Aprende sobre sole\u00e1, buler\u00edas y otros palos flamencos. Explora el baile, el cante, la guitarra y sus grandes maestros.","og_url":"https:\/\/tablaoflamencoalma.com\/fr\/estilo-y-tecnica-del-flamenco\/","og_site_name":"Tablao Flamenco Alma","article_publisher":"https:\/\/www.facebook.com\/tablaoflamencoalma","article_published_time":"2024-02-24T14:03:12+00:00","article_modified_time":"2026-06-02T08:38:07+00:00","og_image":[{"width":960,"height":960,"url":"https:\/\/tablaoflamencoalma.com\/wp-content\/uploads\/2024\/02\/Palmas-flamencas-1x1-peq.jpg","type":"image\/jpeg"}],"author":"Tablao Flamenco Alma","twitter_card":"summary_large_image","twitter_misc":{"\u00c9crit par":"Tablao Flamenco Alma","Dur\u00e9e de lecture estim\u00e9e":"4 minutes"},"schema":{"@context":"https:\/\/schema.org","@graph":[{"@type":"Article","@id":"https:\/\/tablaoflamencoalma.com\/estilo-y-tecnica-del-flamenco\/#article","isPartOf":{"@id":"https:\/\/tablaoflamencoalma.com\/estilo-y-tecnica-del-flamenco\/"},"author":{"name":"Tablao Flamenco Alma","@id":"https:\/\/tablaoflamencoalma.com\/#\/schema\/person\/9d0c2a9a099918689427e2a0b2dd0f5c"},"headline":"Estilo y t\u00e9cnica del flamenco","datePublished":"2024-02-24T14:03:12+00:00","dateModified":"2026-06-02T08:38:07+00:00","mainEntityOfPage":{"@id":"https:\/\/tablaoflamencoalma.com\/estilo-y-tecnica-del-flamenco\/"},"wordCount":590,"commentCount":0,"publisher":{"@id":"https:\/\/tablaoflamencoalma.com\/#organization"},"image":{"@id":"https:\/\/tablaoflamencoalma.com\/estilo-y-tecnica-del-flamenco\/#primaryimage"},"thumbnailUrl":"https:\/\/tablaoflamencoalma.com\/wp-content\/uploads\/2024\/02\/Palmas-flamencas-1x1-peq.jpg","articleSection":["El Flamenco"],"inLanguage":"fr-FR","potentialAction":[{"@type":"CommentAction","name":"Comment","target":["https:\/\/tablaoflamencoalma.com\/estilo-y-tecnica-del-flamenco\/#respond"]}]},{"@type":"WebPage","@id":"https:\/\/tablaoflamencoalma.com\/estilo-y-tecnica-del-flamenco\/","url":"https:\/\/tablaoflamencoalma.com\/estilo-y-tecnica-del-flamenco\/","name":"Style et technique du flamenco - Tablao Flamenco Alma","isPartOf":{"@id":"https:\/\/tablaoflamencoalma.com\/#website"},"primaryImageOfPage":{"@id":"https:\/\/tablaoflamencoalma.com\/estilo-y-tecnica-del-flamenco\/#primaryimage"},"image":{"@id":"https:\/\/tablaoflamencoalma.com\/estilo-y-tecnica-del-flamenco\/#primaryimage"},"thumbnailUrl":"https:\/\/tablaoflamencoalma.com\/wp-content\/uploads\/2024\/02\/Palmas-flamencas-1x1-peq.jpg","datePublished":"2024-02-24T14:03:12+00:00","dateModified":"2026-06-02T08:38:07+00:00","description":"D\u00e9couvrez la sole\u00e1, les buler\u00edas et d&#039;autres styles de flamenco. Explorez la danse, le chant, la guitare et ses grands ma\u00eetres.","breadcrumb":{"@id":"https:\/\/tablaoflamencoalma.com\/estilo-y-tecnica-del-flamenco\/#breadcrumb"},"inLanguage":"fr-FR","potentialAction":[{"@type":"ReadAction","target":["https:\/\/tablaoflamencoalma.com\/estilo-y-tecnica-del-flamenco\/"]}]},{"@type":"ImageObject","inLanguage":"fr-FR","@id":"https:\/\/tablaoflamencoalma.com\/estilo-y-tecnica-del-flamenco\/#primaryimage","url":"https:\/\/tablaoflamencoalma.com\/wp-content\/uploads\/2024\/02\/Palmas-flamencas-1x1-peq.jpg","contentUrl":"https:\/\/tablaoflamencoalma.com\/wp-content\/uploads\/2024\/02\/Palmas-flamencas-1x1-peq.jpg","width":960,"height":960,"caption":"Comp\u00e1s flamenco"},{"@type":"BreadcrumbList","@id":"https:\/\/tablaoflamencoalma.com\/estilo-y-tecnica-del-flamenco\/#breadcrumb","itemListElement":[{"@type":"ListItem","position":1,"name":"Portada","item":"https:\/\/tablaoflamencoalma.com\/"},{"@type":"ListItem","position":2,"name":"Estilo y t\u00e9cnica del flamenco"}]},{"@type":"WebSite","@id":"https:\/\/tablaoflamencoalma.com\/#website","url":"https:\/\/tablaoflamencoalma.com\/","name":"Tablao flamenco Alma","description":"Tablao flamenco Alma","publisher":{"@id":"https:\/\/tablaoflamencoalma.com\/#organization"},"potentialAction":[{"@type":"SearchAction","target":{"@type":"EntryPoint","urlTemplate":"https:\/\/tablaoflamencoalma.com\/?s={search_term_string}"},"query-input":{"@type":"PropertyValueSpecification","valueRequired":true,"valueName":"search_term_string"}}],"inLanguage":"fr-FR"},{"@type":"Organization","@id":"https:\/\/tablaoflamencoalma.com\/#organization","name":"Tablao flamenco Alma","url":"https:\/\/tablaoflamencoalma.com\/","logo":{"@type":"ImageObject","inLanguage":"fr-FR","@id":"https:\/\/tablaoflamencoalma.com\/#\/schema\/logo\/image\/","url":"https:\/\/tablaoflamencoalma.com\/wp-content\/uploads\/2024\/01\/cropped-tablao-flamenco-alma-01-04.png","contentUrl":"https:\/\/tablaoflamencoalma.com\/wp-content\/uploads\/2024\/01\/cropped-tablao-flamenco-alma-01-04.png","width":512,"height":512,"caption":"Tablao Flamenco Alma"},"image":{"@id":"https:\/\/tablaoflamencoalma.com\/#\/schema\/logo\/image\/"},"sameAs":["https:\/\/www.facebook.com\/tablaoflamencoalma","https:\/\/www.instagram.com\/tablaoflamencoalma"]},{"@type":"Person","@id":"https:\/\/tablaoflamencoalma.com\/#\/schema\/person\/9d0c2a9a099918689427e2a0b2dd0f5c","name":"Tablao flamenco Alma","image":{"@type":"ImageObject","inLanguage":"fr-FR","@id":"https:\/\/tablaoflamencoalma.com\/wp-content\/litespeed\/avatar\/797b83aa1ddf30f355ead08e864f8dad.jpg?ver=1788140548","url":"https:\/\/tablaoflamencoalma.com\/wp-content\/litespeed\/avatar\/797b83aa1ddf30f355ead08e864f8dad.jpg?ver=1788140548","contentUrl":"https:\/\/tablaoflamencoalma.com\/wp-content\/litespeed\/avatar\/797b83aa1ddf30f355ead08e864f8dad.jpg?ver=1788140548","caption":"Tablao Flamenco Alma"},"url":"https:\/\/tablaoflamencoalma.com\/fr\/author\/flamencoalma\/"}]}},"_links":{"self":[{"href":"https:\/\/tablaoflamencoalma.com\/fr\/wp-json\/wp\/v2\/posts\/3128","targetHints":{"allow":["GET"]}}],"collection":[{"href":"https:\/\/tablaoflamencoalma.com\/fr\/wp-json\/wp\/v2\/posts"}],"about":[{"href":"https:\/\/tablaoflamencoalma.com\/fr\/wp-json\/wp\/v2\/types\/post"}],"author":[{"embeddable":true,"href":"https:\/\/tablaoflamencoalma.com\/fr\/wp-json\/wp\/v2\/users\/3"}],"replies":[{"embeddable":true,"href":"https:\/\/tablaoflamencoalma.com\/fr\/wp-json\/wp\/v2\/comments?post=3128"}],"version-history":[{"count":20,"href":"https:\/\/tablaoflamencoalma.com\/fr\/wp-json\/wp\/v2\/posts\/3128\/revisions"}],"predecessor-version":[{"id":5227,"href":"https:\/\/tablaoflamencoalma.com\/fr\/wp-json\/wp\/v2\/posts\/3128\/revisions\/5227"}],"wp:featuredmedia":[{"embeddable":true,"href":"https:\/\/tablaoflamencoalma.com\/fr\/wp-json\/wp\/v2\/media\/3114"}],"wp:attachment":[{"href":"https:\/\/tablaoflamencoalma.com\/fr\/wp-json\/wp\/v2\/media?parent=3128"}],"wp:term":[{"taxonomy":"category","embeddable":true,"href":"https:\/\/tablaoflamencoalma.com\/fr\/wp-json\/wp\/v2\/categories?post=3128"},{"taxonomy":"post_tag","embeddable":true,"href":"https:\/\/tablaoflamencoalma.com\/fr\/wp-json\/wp\/v2\/tags?post=3128"}],"curies":[{"name":"wp","href":"https:\/\/api.w.org\/{rel}","templated":true}]}}