{"id":8029,"date":"2026-07-02T22:48:48","date_gmt":"2026-07-02T21:48:48","guid":{"rendered":"https:\/\/tablaoflamencoalma.com\/?p=8029"},"modified":"2026-07-03T12:47:11","modified_gmt":"2026-07-03T11:47:11","slug":"que-ver-en-palma-en-un-dia-tablao-flamenco-alma","status":"publish","type":"post","link":"https:\/\/tablaoflamencoalma.com\/en\/que-ver-en-palma-en-un-dia-tablao-flamenco-alma\/","title":{"rendered":"A journey through time: Combine Palma\u2019s old town with the magic of the Tablao Flamenco Alma"},"content":{"rendered":"<p class=\"wp-block-paragraph\">Can you imagine strolling along cobbled streets steeped in centuries of history and, just a few hours later, being swept away by the click-clack of heels and the magic of art in its purest form? Palma de Mallorca is a city of magical contrasts. Its Mediterranean light, its imposing architecture and its vibrant cultural scene make it a destination unlike any other in the world.<\/p>\n\n\n\n<p class=\"wp-block-paragraph\">If you\u2019re planning your visit and wondering <strong>What to see in Palma in a day<\/strong>, we have the perfect solution for you. We\u2019d like to offer you an unforgettable journey through time: a day combining a <strong>a tour of Palma\u2019s old town<\/strong> with the Andalusian spirit of our <a href=\"https:\/\/tablaoflamencoalma.com\/en\/\">Alma Flamenco Tablao<\/a>, the perfect finishing touch to round off a perfect day.<\/p>\n\n\n\n<div style=\"height:50px\" aria-hidden=\"true\" class=\"wp-block-spacer\"><\/div>\n\n\n\n<h2 class=\"wp-block-heading has-text-align-left\">A tour of Palma\u2019s old town: A morning tour of the city\u2019s landmarks<\/h2>\n\n\n\n<p class=\"wp-block-paragraph\">To make the most of your day, we recommend starting early in the historic heart of the city. The centre of Palma is a labyrinth of beauty where every corner tells a story. This <strong>a tour of Palma\u2019s old town<\/strong> will take you round the main ones <strong>monuments in Palma de Mallorca<\/strong>.<\/p>\n\n\n\n<h3 class=\"wp-block-heading\">The grandeur of the Gothic Cathedral of Santa Mar\u00eda de Palma (La Seu)<\/h3>\n\n\n\n<p class=\"wp-block-paragraph\">There\u2019s no better place to start than La Seu, the spectacular Gothic cathedral that overlooks the bay. Built right by the sea, its famous rose window \u2014 known as \u201cthe eye of the Gothic\u201d \u2014 and its imposing central nave will take your breath away. It is the island\u2019s greatest icon and a must-see on any <strong>cultural programme in Palma<\/strong>.<\/p>\n\n\n\n<h3 class=\"wp-block-heading\">The Almudaina Royal Palace and the weight of history<\/h3>\n\n\n\n<p class=\"wp-block-paragraph\">Right opposite the cathedral stands the Royal Palace of La Almudaina, a fortification of Roman and Muslim origin which the Christian kings transformed into their Mallorcan residence. Its courtyards, tapestries and gardens will instantly transport you back to medieval times.<\/p>\n\n\n\n<h3 class=\"wp-block-heading\">Lose yourself in the historic streets and courtyards of Mallorca<\/h3>\n\n\n\n<p class=\"wp-block-paragraph\">After visiting the major monuments, the best thing to do is simply to wander off. Palma\u2019s old town is famous for its stately inner courtyards (Mallorcan patios), which you\u2019ll catch a glimpse of through their stone archways. It\u2019s a peaceful stroll where there\u2019s no need to rush.<\/p>\n\n\n\n<div style=\"height:50px\" aria-hidden=\"true\" class=\"wp-block-spacer\"><\/div>\n\n\n\n<h2 class=\"wp-block-heading has-text-align-left\">Things to do in Palma: Must-do experiences for your day out<\/h2>\n\n\n\n<p class=\"wp-block-paragraph\">As well as its historic and architectural centre, the city offers a wealth of options to round off your day, ideal both for locals rediscovering their city and for international and domestic travellers. If you\u2019re looking for ideas on <strong>Things to do in Palma<\/strong>, here are five fantastic suggestions:<\/p>\n\n\n\n<ol start=\"1\" class=\"wp-block-list\">\n<li><strong>Taking a break in the Plaza Mayor:<\/strong> Take a break in Palma de Mallorca\u2019s main square, whilst watching the world go by and relaxing in one of its terrace bars. All you\u2019ll need is a nice cold drink and a bit of peace and quiet to enjoy the lovely Mallorcan climate in a delightful setting.<\/li>\n\n\n\n<li><strong>Marvel at the Palma Aquarium:<\/strong> Embark on a journey across all the world\u2019s oceans without leaving Mallorca. Discover each and every one of the marine habitat\u2019s best-kept secrets on this fantastic journey through the depths of the sea. Enjoy new experiences and encounters with the aquarium\u2019s inhabitants.<\/li>\n\n\n\n<li><strong>Visiting Bellver Castle:<\/strong> Bellver Castle is a unique circular structure dating from the 14th century. It is set in beautiful grounds amongst fragrant pine forests and houses a fascinating museum dedicated to the history of Palma de Mallorca. It is one of the best-preserved medieval castles you\u2019ll find, and visiting it really is like stepping back in time, especially when you wander through the courtyards and cloisters and let your imagination run wild. Bellver is particularly popular for the stunning panoramic views it offers of the city and the harbour from its upper levels.<\/li>\n\n\n\n<li><strong>Enjoying modern art:<\/strong> Es Baluard is the museum of modern and contemporary art in Palma de Mallorca. This museum is housed in a 16th-century bastion, but the collections on display are modern and focus on 20th- and 21st-century artists with links to the Balearic Islands. The interior is also modern and light-filled, and has become an ideal venue for hosting some stunning exhibitions. If you\u2019re in Palma de Mallorca and looking for a top-class cultural experience, this is the place to visit.<\/li>\n\n\n\n<li><strong>Exploring the city on wheels:<\/strong> The city\u2019s tourist bus offers comprehensive, lively and very comfortable tours to help you discover the city and all its charms. It\u2019s a brilliant way to see everything and soak up its beauty without getting tired.<\/li>\n<\/ol>\n\n\n\n<p class=\"wp-block-paragraph\">Discover more things to do in <a href=\"https:\/\/www.kayak.es\/Palma-de-Mallorca.12458.guide\" target=\"_blank\" rel=\"noreferrer noopener\"><strong>Palma de Mallorca<\/strong><\/a>.<\/p>\n\n\n\n<div style=\"height:48px\" aria-hidden=\"true\" class=\"wp-block-spacer\"><\/div>\n\n\n\n<h2 class=\"wp-block-heading has-text-align-left\">The grand finale: Pure excitement at the Tablao Flamenco Alma<\/h2>\n\n\n\n<p class=\"wp-block-paragraph\">After a day filled with sights, strolls and the sea breeze, it\u2019s time to let the evening take over. And the best way to round off your day is to immerse yourself in the magic and passion of an authentic <strong>flamenco show in Palma<\/strong>.<\/p>\n\n\n\n<p class=\"wp-block-paragraph\">In the <a href=\"https:\/\/tablaoflamencoalma.com\/en\/\"><strong>Alma Flamenco Tablao<\/strong><\/a> We invite you to enjoy an intimate experience where guitar, singing and dancing come together live on stage. It doesn\u2019t matter whether you\u2019re a great fan of Andalusian art or a curious beginner experiencing the rhythm for the first time; the atmosphere of our tablao is designed to thrill and envelop all audiences in a welcoming setting. Our show offers an unrivalled blend of <strong>Flamenco and culture in Palma<\/strong>.<\/p>\n\n\n\n<h3 class=\"wp-block-heading\">Why choose our live flamenco experience?<\/h3>\n\n\n\n<p class=\"wp-block-paragraph\">We want you to enjoy your evening in complete comfort and without a care in the world. That\u2019s why we\u2019ve put together a first-class experience with all the practical services you need:<\/p>\n\n\n\n<figure class=\"wp-block-table\"><table class=\"has-fixed-layout\"><tbody><tr><td><strong>Show Details<\/strong><\/td><td><strong>Service Details<\/strong><\/td><\/tr><tr><td><strong>Duration of the show<\/strong><\/td><td>An hour of pure excitement, power and artistry on stage.<\/td><\/tr><tr><td><strong>Show times<\/strong><\/td><td>Shows every day of the week, with three performances a day: 5.30 pm, 7.30 pm and 9.30 pm. Choose the one that best suits your evening plans!<\/td><\/tr><tr><td><strong>Host\u2019s languages<\/strong><\/td><td>Our team will assist you in a friendly and professional manner in Spanish, English and German.<\/td><\/tr><tr><td><strong>Drinks included<\/strong><\/td><td>Your ticket includes one complimentary drink of your choice: beer, wine, soft drink, cava or sangria.<\/td><\/tr><tr><td><strong>Catering service<\/strong><\/td><td>We offer a carefully prepared menu featuring the most typical dishes of Spanish cuisine and those from Mallorca and the Balearic Islands.<\/td><\/tr><tr><td><strong>Accessibility<\/strong><\/td><td>Our facilities are fully wheelchair accessible to ensure the comfort of all attendees.<\/td><\/tr><tr><td><strong>Booking flexibility<\/strong><\/td><td>You can cancel completely free of charge up to 24 hours before the start to receive a full refund.<\/td><\/tr><tr><td><strong>A preview and a welcome<\/strong><\/td><td>We\u2019ll welcome you with open arms; the venue opens and admission begins one hour before the show starts.<\/td><\/tr><\/tbody><\/table><\/figure>\n\n\n\n<div style=\"height:50px\" aria-hidden=\"true\" class=\"wp-block-spacer\"><\/div>\n\n\n\n<h2 class=\"wp-block-heading has-text-align-left\">Conclusion: Your perfect day in Palma awaits you<\/h2>\n\n\n\n<p class=\"wp-block-paragraph\">Explore the island\u2019s rich history during the day and let yourself be swept away by the vibrant energy of our <strong>live flamenco venue<\/strong> As night falls, this is undoubtedly the best way to experience the real Palma de Mallorca.<\/p>\n\n\n\n<p class=\"wp-block-paragraph\">Don\u2019t just take our word for it. Plan your day, take a stroll through history and book your table to enjoy an unforgettable evening of music, fine dining and passion.<\/p>\n\n\n\n<p class=\"wp-block-paragraph\"><a href=\"https:\/\/tablaoflamencoalma.com\/en\/a-magical-night-in-palma-flamenco-at-tablao-flamenco-alma-dinner-and-a-walk\/\">Check the programme and book your tickets at the Tablao Flamenco Alma<\/a> and get ready to experience the magic of our stage. We\u2019re waiting for you with open hearts and art running through our veins!<\/p>","protected":false},"excerpt":{"rendered":"<p>\u00bfTe imaginas caminar por calles empedradas con siglos de historia y, apenas unas horas despu\u00e9s, vibrar con el taconeo y el duende del arte m\u00e1s puro? Palma de Mallorca es una ciudad de contrastes m\u00e1gicos. Su luz mediterr\u00e1nea, su imponente arquitectura y su vibrante oferta cultural la convierten en un destino \u00fanico en el mundo. [&hellip;]<\/p>\n","protected":false},"author":3,"featured_media":8030,"comment_status":"open","ping_status":"open","sticky":false,"template":"","format":"standard","meta":{"site-sidebar-layout":"default","site-content-layout":"","ast-site-content-layout":"default","site-content-style":"default","site-sidebar-style":"default","ast-global-header-display":"","ast-banner-title-visibility":"","ast-main-header-display":"","ast-hfb-above-header-display":"","ast-hfb-below-header-display":"","ast-hfb-mobile-header-display":"","site-post-title":"","ast-breadcrumbs-content":"","ast-featured-img":"","footer-sml-layout":"","theme-transparent-header-meta":"","adv-header-id-meta":"","stick-header-meta":"","header-above-stick-meta":"","header-main-stick-meta":"","header-below-stick-meta":"","astra-migrate-meta-layouts":"set","ast-page-background-enabled":"default","ast-page-background-meta":{"desktop":{"background-color":"var(--ast-global-color-4)","background-image":"","background-repeat":"repeat","background-position":"center center","background-size":"auto","background-attachment":"scroll","background-type":"","background-media":"","overlay-type":"","overlay-color":"","overlay-opacity":"","overlay-gradient":""},"tablet":{"background-color":"","background-image":"","background-repeat":"repeat","background-position":"center center","background-size":"auto","background-attachment":"scroll","background-type":"","background-media":"","overlay-type":"","overlay-color":"","overlay-opacity":"","overlay-gradient":""},"mobile":{"background-color":"","background-image":"","background-repeat":"repeat","background-position":"center center","background-size":"auto","background-attachment":"scroll","background-type":"","background-media":"","overlay-type":"","overlay-color":"","overlay-opacity":"","overlay-gradient":""}},"ast-content-background-meta":{"desktop":{"background-color":"var(--ast-global-color-5)","background-image":"","background-repeat":"repeat","background-position":"center center","background-size":"auto","background-attachment":"scroll","background-type":"","background-media":"","overlay-type":"","overlay-color":"","overlay-opacity":"","overlay-gradient":""},"tablet":{"background-color":"var(--ast-global-color-5)","background-image":"","background-repeat":"repeat","background-position":"center center","background-size":"auto","background-attachment":"scroll","background-type":"","background-media":"","overlay-type":"","overlay-color":"","overlay-opacity":"","overlay-gradient":""},"mobile":{"background-color":"var(--ast-global-color-5)","background-image":"","background-repeat":"repeat","background-position":"center center","background-size":"auto","background-attachment":"scroll","background-type":"","background-media":"","overlay-type":"","overlay-color":"","overlay-opacity":"","overlay-gradient":""}},"footnotes":""},"categories":[17],"tags":[],"class_list":["post-8029","post","type-post","status-publish","format-standard","has-post-thumbnail","hentry","category-general"],"yoast_head":"<!-- This site is optimized with the Yoast SEO plugin v28.4 - https:\/\/yoast.com\/product\/yoast-seo-wordpress\/ -->\n<title>Qu\u00e9 ver en Palma en un d\u00eda y Tablao Flamenco Alma<\/title>\n<meta name=\"description\" content=\"Descubre qu\u00e9 ver en Palma en un d\u00eda con esta ruta cultural por el casco antiguo y culmina la noche con el espect\u00e1culo del Tablao Flamenco Alma. \u00a1Reserva ya!\" \/>\n<meta name=\"robots\" content=\"index, follow, max-snippet:-1, max-image-preview:large, max-video-preview:-1\" \/>\n<link rel=\"canonical\" href=\"https:\/\/tablaoflamencoalma.com\/en\/que-ver-en-palma-en-un-dia-tablao-flamenco-alma\/\" \/>\n<meta property=\"og:locale\" content=\"en_GB\" \/>\n<meta property=\"og:type\" content=\"article\" \/>\n<meta property=\"og:title\" content=\"Qu\u00e9 ver en Palma en un d\u00eda y Tablao Flamenco Alma\" \/>\n<meta property=\"og:description\" content=\"Descubre qu\u00e9 ver en Palma en un d\u00eda con esta ruta cultural por el casco antiguo y culmina la noche con el espect\u00e1culo del Tablao Flamenco Alma. \u00a1Reserva ya!\" \/>\n<meta property=\"og:url\" content=\"https:\/\/tablaoflamencoalma.com\/en\/que-ver-en-palma-en-un-dia-tablao-flamenco-alma\/\" \/>\n<meta property=\"og:site_name\" content=\"Tablao Flamenco Alma\" \/>\n<meta property=\"article:publisher\" content=\"https:\/\/www.facebook.com\/tablaoflamencoalma\" \/>\n<meta property=\"article:published_time\" content=\"2026-07-02T21:48:48+00:00\" \/>\n<meta property=\"article:modified_time\" content=\"2026-07-03T11:47:11+00:00\" \/>\n<meta property=\"og:image\" content=\"https:\/\/tablaoflamencoalma.com\/wp-content\/uploads\/2026\/07\/Un-Viaje-en-el-Tiempo-Combina-Casco-Antiguo-portada-post-scaled.jpg\" \/>\n\t<meta property=\"og:image:width\" content=\"2560\" \/>\n\t<meta property=\"og:image:height\" content=\"1734\" \/>\n\t<meta property=\"og:image:type\" content=\"image\/jpeg\" \/>\n<meta name=\"author\" content=\"Tablao Flamenco Alma\" \/>\n<meta name=\"twitter:card\" content=\"summary_large_image\" \/>\n<meta name=\"twitter:label1\" content=\"Written by\" \/>\n\t<meta name=\"twitter:data1\" content=\"Tablao Flamenco Alma\" \/>\n\t<meta name=\"twitter:label2\" content=\"Estimated reading time\" \/>\n\t<meta name=\"twitter:data2\" content=\"6 minutes\" \/>\n<script type=\"application\/ld+json\" class=\"yoast-schema-graph\">{\"@context\":\"https:\\\/\\\/schema.org\",\"@graph\":[{\"@type\":\"Article\",\"@id\":\"https:\\\/\\\/tablaoflamencoalma.com\\\/que-ver-en-palma-en-un-dia-tablao-flamenco-alma\\\/#article\",\"isPartOf\":{\"@id\":\"https:\\\/\\\/tablaoflamencoalma.com\\\/que-ver-en-palma-en-un-dia-tablao-flamenco-alma\\\/\"},\"author\":{\"name\":\"Tablao Flamenco Alma\",\"@id\":\"https:\\\/\\\/tablaoflamencoalma.com\\\/#\\\/schema\\\/person\\\/9d0c2a9a099918689427e2a0b2dd0f5c\"},\"headline\":\"Un viaje en el tiempo: Combina el casco antiguo de Palma con la magia del Tablao Flamenco Alma\",\"datePublished\":\"2026-07-02T21:48:48+00:00\",\"dateModified\":\"2026-07-03T11:47:11+00:00\",\"mainEntityOfPage\":{\"@id\":\"https:\\\/\\\/tablaoflamencoalma.com\\\/que-ver-en-palma-en-un-dia-tablao-flamenco-alma\\\/\"},\"wordCount\":1318,\"commentCount\":0,\"publisher\":{\"@id\":\"https:\\\/\\\/tablaoflamencoalma.com\\\/#organization\"},\"image\":{\"@id\":\"https:\\\/\\\/tablaoflamencoalma.com\\\/que-ver-en-palma-en-un-dia-tablao-flamenco-alma\\\/#primaryimage\"},\"thumbnailUrl\":\"https:\\\/\\\/tablaoflamencoalma.com\\\/wp-content\\\/uploads\\\/2026\\\/07\\\/Un-Viaje-en-el-Tiempo-Combina-Casco-Antiguo-portada-post-scaled.jpg\",\"articleSection\":[\"General\"],\"inLanguage\":\"en-GB\",\"potentialAction\":[{\"@type\":\"CommentAction\",\"name\":\"Comment\",\"target\":[\"https:\\\/\\\/tablaoflamencoalma.com\\\/que-ver-en-palma-en-un-dia-tablao-flamenco-alma\\\/#respond\"]}]},{\"@type\":\"WebPage\",\"@id\":\"https:\\\/\\\/tablaoflamencoalma.com\\\/que-ver-en-palma-en-un-dia-tablao-flamenco-alma\\\/\",\"url\":\"https:\\\/\\\/tablaoflamencoalma.com\\\/que-ver-en-palma-en-un-dia-tablao-flamenco-alma\\\/\",\"name\":\"Qu\u00e9 ver en Palma en un d\u00eda y Tablao Flamenco Alma\",\"isPartOf\":{\"@id\":\"https:\\\/\\\/tablaoflamencoalma.com\\\/#website\"},\"primaryImageOfPage\":{\"@id\":\"https:\\\/\\\/tablaoflamencoalma.com\\\/que-ver-en-palma-en-un-dia-tablao-flamenco-alma\\\/#primaryimage\"},\"image\":{\"@id\":\"https:\\\/\\\/tablaoflamencoalma.com\\\/que-ver-en-palma-en-un-dia-tablao-flamenco-alma\\\/#primaryimage\"},\"thumbnailUrl\":\"https:\\\/\\\/tablaoflamencoalma.com\\\/wp-content\\\/uploads\\\/2026\\\/07\\\/Un-Viaje-en-el-Tiempo-Combina-Casco-Antiguo-portada-post-scaled.jpg\",\"datePublished\":\"2026-07-02T21:48:48+00:00\",\"dateModified\":\"2026-07-03T11:47:11+00:00\",\"description\":\"Descubre qu\u00e9 ver en Palma en un d\u00eda con esta ruta cultural por el casco antiguo y culmina la noche con el espect\u00e1culo del Tablao Flamenco Alma. \u00a1Reserva ya!\",\"breadcrumb\":{\"@id\":\"https:\\\/\\\/tablaoflamencoalma.com\\\/que-ver-en-palma-en-un-dia-tablao-flamenco-alma\\\/#breadcrumb\"},\"inLanguage\":\"en-GB\",\"potentialAction\":[{\"@type\":\"ReadAction\",\"target\":[\"https:\\\/\\\/tablaoflamencoalma.com\\\/que-ver-en-palma-en-un-dia-tablao-flamenco-alma\\\/\"]}]},{\"@type\":\"ImageObject\",\"inLanguage\":\"en-GB\",\"@id\":\"https:\\\/\\\/tablaoflamencoalma.com\\\/que-ver-en-palma-en-un-dia-tablao-flamenco-alma\\\/#primaryimage\",\"url\":\"https:\\\/\\\/tablaoflamencoalma.com\\\/wp-content\\\/uploads\\\/2026\\\/07\\\/Un-Viaje-en-el-Tiempo-Combina-Casco-Antiguo-portada-post-scaled.jpg\",\"contentUrl\":\"https:\\\/\\\/tablaoflamencoalma.com\\\/wp-content\\\/uploads\\\/2026\\\/07\\\/Un-Viaje-en-el-Tiempo-Combina-Casco-Antiguo-portada-post-scaled.jpg\",\"width\":2560,\"height\":1734,\"caption\":\"Un Viaje en el Tiempo Combina Casco Antiguo portada post\"},{\"@type\":\"BreadcrumbList\",\"@id\":\"https:\\\/\\\/tablaoflamencoalma.com\\\/que-ver-en-palma-en-un-dia-tablao-flamenco-alma\\\/#breadcrumb\",\"itemListElement\":[{\"@type\":\"ListItem\",\"position\":1,\"name\":\"Portada\",\"item\":\"https:\\\/\\\/tablaoflamencoalma.com\\\/\"},{\"@type\":\"ListItem\",\"position\":2,\"name\":\"Un viaje en el tiempo: Combina el casco antiguo de Palma con la magia del Tablao Flamenco Alma\"}]},{\"@type\":\"WebSite\",\"@id\":\"https:\\\/\\\/tablaoflamencoalma.com\\\/#website\",\"url\":\"https:\\\/\\\/tablaoflamencoalma.com\\\/\",\"name\":\"Tablao Flamenco Alma\",\"description\":\"Tablao Flamenco Alma\",\"publisher\":{\"@id\":\"https:\\\/\\\/tablaoflamencoalma.com\\\/#organization\"},\"potentialAction\":[{\"@type\":\"SearchAction\",\"target\":{\"@type\":\"EntryPoint\",\"urlTemplate\":\"https:\\\/\\\/tablaoflamencoalma.com\\\/?s={search_term_string}\"},\"query-input\":{\"@type\":\"PropertyValueSpecification\",\"valueRequired\":true,\"valueName\":\"search_term_string\"}}],\"inLanguage\":\"en-GB\"},{\"@type\":\"Organization\",\"@id\":\"https:\\\/\\\/tablaoflamencoalma.com\\\/#organization\",\"name\":\"Tablao Flamenco Alma\",\"url\":\"https:\\\/\\\/tablaoflamencoalma.com\\\/\",\"logo\":{\"@type\":\"ImageObject\",\"inLanguage\":\"en-GB\",\"@id\":\"https:\\\/\\\/tablaoflamencoalma.com\\\/#\\\/schema\\\/logo\\\/image\\\/\",\"url\":\"https:\\\/\\\/tablaoflamencoalma.com\\\/wp-content\\\/uploads\\\/2024\\\/01\\\/cropped-tablao-flamenco-alma-01-04.png\",\"contentUrl\":\"https:\\\/\\\/tablaoflamencoalma.com\\\/wp-content\\\/uploads\\\/2024\\\/01\\\/cropped-tablao-flamenco-alma-01-04.png\",\"width\":512,\"height\":512,\"caption\":\"Tablao Flamenco Alma\"},\"image\":{\"@id\":\"https:\\\/\\\/tablaoflamencoalma.com\\\/#\\\/schema\\\/logo\\\/image\\\/\"},\"sameAs\":[\"https:\\\/\\\/www.facebook.com\\\/tablaoflamencoalma\",\"https:\\\/\\\/www.instagram.com\\\/tablaoflamencoalma\"]},{\"@type\":\"Person\",\"@id\":\"https:\\\/\\\/tablaoflamencoalma.com\\\/#\\\/schema\\\/person\\\/9d0c2a9a099918689427e2a0b2dd0f5c\",\"name\":\"Tablao Flamenco Alma\",\"image\":{\"@type\":\"ImageObject\",\"inLanguage\":\"en-GB\",\"@id\":\"https:\\\/\\\/tablaoflamencoalma.com\\\/wp-content\\\/litespeed\\\/avatar\\\/797b83aa1ddf30f355ead08e864f8dad.jpg?ver=1788140548\",\"url\":\"https:\\\/\\\/tablaoflamencoalma.com\\\/wp-content\\\/litespeed\\\/avatar\\\/797b83aa1ddf30f355ead08e864f8dad.jpg?ver=1788140548\",\"contentUrl\":\"https:\\\/\\\/tablaoflamencoalma.com\\\/wp-content\\\/litespeed\\\/avatar\\\/797b83aa1ddf30f355ead08e864f8dad.jpg?ver=1788140548\",\"caption\":\"Tablao Flamenco Alma\"},\"url\":\"https:\\\/\\\/tablaoflamencoalma.com\\\/en\\\/author\\\/flamencoalma\\\/\"}]}<\/script>\n<!-- \/ Yoast SEO plugin. -->","yoast_head_json":{"title":"What to see in Palma in a day and the Alma Flamenco Tablao","description":"Discover what to see in Palma in a day with this cultural tour of the old town, and round off the evening with a show at the Tablao Flamenco Alma. Book now!","robots":{"index":"index","follow":"follow","max-snippet":"max-snippet:-1","max-image-preview":"max-image-preview:large","max-video-preview":"max-video-preview:-1"},"canonical":"https:\/\/tablaoflamencoalma.com\/en\/que-ver-en-palma-en-un-dia-tablao-flamenco-alma\/","og_locale":"en_GB","og_type":"article","og_title":"Qu\u00e9 ver en Palma en un d\u00eda y Tablao Flamenco Alma","og_description":"Descubre qu\u00e9 ver en Palma en un d\u00eda con esta ruta cultural por el casco antiguo y culmina la noche con el espect\u00e1culo del Tablao Flamenco Alma. \u00a1Reserva ya!","og_url":"https:\/\/tablaoflamencoalma.com\/en\/que-ver-en-palma-en-un-dia-tablao-flamenco-alma\/","og_site_name":"Tablao Flamenco Alma","article_publisher":"https:\/\/www.facebook.com\/tablaoflamencoalma","article_published_time":"2026-07-02T21:48:48+00:00","article_modified_time":"2026-07-03T11:47:11+00:00","og_image":[{"width":2560,"height":1734,"url":"https:\/\/tablaoflamencoalma.com\/wp-content\/uploads\/2026\/07\/Un-Viaje-en-el-Tiempo-Combina-Casco-Antiguo-portada-post-scaled.jpg","type":"image\/jpeg"}],"author":"Tablao Flamenco Alma","twitter_card":"summary_large_image","twitter_misc":{"Written by":"Tablao Flamenco Alma","Estimated reading time":"6 minutes"},"schema":{"@context":"https:\/\/schema.org","@graph":[{"@type":"Article","@id":"https:\/\/tablaoflamencoalma.com\/que-ver-en-palma-en-un-dia-tablao-flamenco-alma\/#article","isPartOf":{"@id":"https:\/\/tablaoflamencoalma.com\/que-ver-en-palma-en-un-dia-tablao-flamenco-alma\/"},"author":{"name":"Tablao Flamenco Alma","@id":"https:\/\/tablaoflamencoalma.com\/#\/schema\/person\/9d0c2a9a099918689427e2a0b2dd0f5c"},"headline":"Un viaje en el tiempo: Combina el casco antiguo de Palma con la magia del Tablao Flamenco Alma","datePublished":"2026-07-02T21:48:48+00:00","dateModified":"2026-07-03T11:47:11+00:00","mainEntityOfPage":{"@id":"https:\/\/tablaoflamencoalma.com\/que-ver-en-palma-en-un-dia-tablao-flamenco-alma\/"},"wordCount":1318,"commentCount":0,"publisher":{"@id":"https:\/\/tablaoflamencoalma.com\/#organization"},"image":{"@id":"https:\/\/tablaoflamencoalma.com\/que-ver-en-palma-en-un-dia-tablao-flamenco-alma\/#primaryimage"},"thumbnailUrl":"https:\/\/tablaoflamencoalma.com\/wp-content\/uploads\/2026\/07\/Un-Viaje-en-el-Tiempo-Combina-Casco-Antiguo-portada-post-scaled.jpg","articleSection":["General"],"inLanguage":"en-GB","potentialAction":[{"@type":"CommentAction","name":"Comment","target":["https:\/\/tablaoflamencoalma.com\/que-ver-en-palma-en-un-dia-tablao-flamenco-alma\/#respond"]}]},{"@type":"WebPage","@id":"https:\/\/tablaoflamencoalma.com\/que-ver-en-palma-en-un-dia-tablao-flamenco-alma\/","url":"https:\/\/tablaoflamencoalma.com\/que-ver-en-palma-en-un-dia-tablao-flamenco-alma\/","name":"What to see in Palma in a day and the Alma Flamenco Tablao","isPartOf":{"@id":"https:\/\/tablaoflamencoalma.com\/#website"},"primaryImageOfPage":{"@id":"https:\/\/tablaoflamencoalma.com\/que-ver-en-palma-en-un-dia-tablao-flamenco-alma\/#primaryimage"},"image":{"@id":"https:\/\/tablaoflamencoalma.com\/que-ver-en-palma-en-un-dia-tablao-flamenco-alma\/#primaryimage"},"thumbnailUrl":"https:\/\/tablaoflamencoalma.com\/wp-content\/uploads\/2026\/07\/Un-Viaje-en-el-Tiempo-Combina-Casco-Antiguo-portada-post-scaled.jpg","datePublished":"2026-07-02T21:48:48+00:00","dateModified":"2026-07-03T11:47:11+00:00","description":"Discover what to see in Palma in a day with this cultural tour of the old town, and round off the evening with a show at the Tablao Flamenco Alma. Book now!","breadcrumb":{"@id":"https:\/\/tablaoflamencoalma.com\/que-ver-en-palma-en-un-dia-tablao-flamenco-alma\/#breadcrumb"},"inLanguage":"en-GB","potentialAction":[{"@type":"ReadAction","target":["https:\/\/tablaoflamencoalma.com\/que-ver-en-palma-en-un-dia-tablao-flamenco-alma\/"]}]},{"@type":"ImageObject","inLanguage":"en-GB","@id":"https:\/\/tablaoflamencoalma.com\/que-ver-en-palma-en-un-dia-tablao-flamenco-alma\/#primaryimage","url":"https:\/\/tablaoflamencoalma.com\/wp-content\/uploads\/2026\/07\/Un-Viaje-en-el-Tiempo-Combina-Casco-Antiguo-portada-post-scaled.jpg","contentUrl":"https:\/\/tablaoflamencoalma.com\/wp-content\/uploads\/2026\/07\/Un-Viaje-en-el-Tiempo-Combina-Casco-Antiguo-portada-post-scaled.jpg","width":2560,"height":1734,"caption":"Un Viaje en el Tiempo Combina Casco Antiguo portada post"},{"@type":"BreadcrumbList","@id":"https:\/\/tablaoflamencoalma.com\/que-ver-en-palma-en-un-dia-tablao-flamenco-alma\/#breadcrumb","itemListElement":[{"@type":"ListItem","position":1,"name":"Portada","item":"https:\/\/tablaoflamencoalma.com\/"},{"@type":"ListItem","position":2,"name":"Un viaje en el tiempo: Combina el casco antiguo de Palma con la magia del Tablao Flamenco Alma"}]},{"@type":"WebSite","@id":"https:\/\/tablaoflamencoalma.com\/#website","url":"https:\/\/tablaoflamencoalma.com\/","name":"Alma Flamenco Tablao","description":"Alma Flamenco Tablao","publisher":{"@id":"https:\/\/tablaoflamencoalma.com\/#organization"},"potentialAction":[{"@type":"SearchAction","target":{"@type":"EntryPoint","urlTemplate":"https:\/\/tablaoflamencoalma.com\/?s={search_term_string}"},"query-input":{"@type":"PropertyValueSpecification","valueRequired":true,"valueName":"search_term_string"}}],"inLanguage":"en-GB"},{"@type":"Organization","@id":"https:\/\/tablaoflamencoalma.com\/#organization","name":"Alma Flamenco Tablao","url":"https:\/\/tablaoflamencoalma.com\/","logo":{"@type":"ImageObject","inLanguage":"en-GB","@id":"https:\/\/tablaoflamencoalma.com\/#\/schema\/logo\/image\/","url":"https:\/\/tablaoflamencoalma.com\/wp-content\/uploads\/2024\/01\/cropped-tablao-flamenco-alma-01-04.png","contentUrl":"https:\/\/tablaoflamencoalma.com\/wp-content\/uploads\/2024\/01\/cropped-tablao-flamenco-alma-01-04.png","width":512,"height":512,"caption":"Tablao Flamenco Alma"},"image":{"@id":"https:\/\/tablaoflamencoalma.com\/#\/schema\/logo\/image\/"},"sameAs":["https:\/\/www.facebook.com\/tablaoflamencoalma","https:\/\/www.instagram.com\/tablaoflamencoalma"]},{"@type":"Person","@id":"https:\/\/tablaoflamencoalma.com\/#\/schema\/person\/9d0c2a9a099918689427e2a0b2dd0f5c","name":"Alma Flamenco Tablao","image":{"@type":"ImageObject","inLanguage":"en-GB","@id":"https:\/\/tablaoflamencoalma.com\/wp-content\/litespeed\/avatar\/797b83aa1ddf30f355ead08e864f8dad.jpg?ver=1788140548","url":"https:\/\/tablaoflamencoalma.com\/wp-content\/litespeed\/avatar\/797b83aa1ddf30f355ead08e864f8dad.jpg?ver=1788140548","contentUrl":"https:\/\/tablaoflamencoalma.com\/wp-content\/litespeed\/avatar\/797b83aa1ddf30f355ead08e864f8dad.jpg?ver=1788140548","caption":"Tablao Flamenco Alma"},"url":"https:\/\/tablaoflamencoalma.com\/en\/author\/flamencoalma\/"}]}},"_links":{"self":[{"href":"https:\/\/tablaoflamencoalma.com\/en\/wp-json\/wp\/v2\/posts\/8029","targetHints":{"allow":["GET"]}}],"collection":[{"href":"https:\/\/tablaoflamencoalma.com\/en\/wp-json\/wp\/v2\/posts"}],"about":[{"href":"https:\/\/tablaoflamencoalma.com\/en\/wp-json\/wp\/v2\/types\/post"}],"author":[{"embeddable":true,"href":"https:\/\/tablaoflamencoalma.com\/en\/wp-json\/wp\/v2\/users\/3"}],"replies":[{"embeddable":true,"href":"https:\/\/tablaoflamencoalma.com\/en\/wp-json\/wp\/v2\/comments?post=8029"}],"version-history":[{"count":4,"href":"https:\/\/tablaoflamencoalma.com\/en\/wp-json\/wp\/v2\/posts\/8029\/revisions"}],"predecessor-version":[{"id":8035,"href":"https:\/\/tablaoflamencoalma.com\/en\/wp-json\/wp\/v2\/posts\/8029\/revisions\/8035"}],"wp:featuredmedia":[{"embeddable":true,"href":"https:\/\/tablaoflamencoalma.com\/en\/wp-json\/wp\/v2\/media\/8030"}],"wp:attachment":[{"href":"https:\/\/tablaoflamencoalma.com\/en\/wp-json\/wp\/v2\/media?parent=8029"}],"wp:term":[{"taxonomy":"category","embeddable":true,"href":"https:\/\/tablaoflamencoalma.com\/en\/wp-json\/wp\/v2\/categories?post=8029"},{"taxonomy":"post_tag","embeddable":true,"href":"https:\/\/tablaoflamencoalma.com\/en\/wp-json\/wp\/v2\/tags?post=8029"}],"curies":[{"name":"wp","href":"https:\/\/api.w.org\/{rel}","templated":true}]}}