{"id":6630,"date":"2025-08-27T10:14:54","date_gmt":"2025-08-27T09:14:54","guid":{"rendered":"https:\/\/tablaoflamencoalma.com\/?p=6630"},"modified":"2026-06-02T08:57:33","modified_gmt":"2026-06-02T07:57:33","slug":"una-noche-magica-en-palma-flamenco-en-tablao-flamenco-alma-cena-y-paseo","status":"publish","type":"post","link":"https:\/\/tablaoflamencoalma.com\/en\/una-noche-magica-en-palma-flamenco-en-tablao-flamenco-alma-cena-y-paseo\/","title":{"rendered":"A magical evening in Palma with flamenco, dinner and a stroll"},"content":{"rendered":"<p class=\"wp-block-paragraph\">Looking for an unforgettable night in <strong>Palma de Mallorca<\/strong>Stop searching. We propose the perfect plan for an evening full of art, flavor and romance, with the <a href=\"https:\/\/tablaoflamencoalma.com\/en\/\"><strong>Alma Flamenco Tablao<\/strong><\/a> as the protagonist. Prepare your senses for a journey through the heart of the city that culminates with the passion and energy of <strong>live flamenco<\/strong>.<\/p>\n\n\n\n<p class=\"wp-block-paragraph\">In this article, we will guide you through different <strong>itineraries for one night in Palma<\/strong> so that you can combine a <a href=\"https:\/\/tablaoflamencoalma.com\/en\/a-magical-night-in-palma-flamenco-at-tablao-flamenco-alma-dinner-and-a-walk\/\"><strong>flamenco show in Palma<\/strong><\/a> Enjoy a delicious dinner or a charming evening stroll. Discover how a night in Mallorca&#039;s capital can become an unforgettable memory, with Tablao Flamenco Alma as the heart of your evening.<\/p>\n\n\n\n<h2 class=\"wp-block-heading\">Magical itineraries: Choose your ideal night in Palma<\/h2>\n\n\n\n<p class=\"wp-block-paragraph\">We&#039;ve designed three options so you can choose the itinerary that best suits your style. They all converge on one key point: the <a href=\"https:\/\/tablaoflamencoalma.com\/en\/\"><strong>Alma Flamenco Tablao<\/strong><\/a>, The cultural heartbeat of Palma&#039;s nightlife. While each plan offers a different experience, they all have something in common: the option of enjoying an exceptional dinner inside the flamenco venue itself, making your visit a complete event without needing to change venues.<\/p>\n\n\n\n<div style=\"height:20px\" aria-hidden=\"true\" class=\"wp-block-spacer\"><\/div>\n\n\n\n<h3 class=\"wp-block-heading\">Option 1: Romantic night for two<\/h3>\n\n\n\n<p class=\"wp-block-paragraph\">This option is perfect for couples seeking an intimate and memorable experience, where every detail counts. It&#039;s the ideal plan for those who want to create a special atmosphere from beginning to end, a truly authentic <strong>romantic night in Palma<\/strong>.<\/p>\n\n\n\n<ul class=\"wp-block-list\">\n<li><strong>6:00 PM \u2013 7:30 PM \u2013 Charming stroll:<\/strong> The evening begins with a leisurely stroll through the narrow cobbled streets of <strong>historic center of Palma<\/strong>. Hand in hand, admire the majesty of the <strong>Cathedral of Mallorca<\/strong>, Let yourselves be seduced by the bohemian atmosphere of the Lonja district and lose yourselves in the city&#039;s most beautiful corners. This sunset stroll, with the golden light falling on the buildings, sets the stage for what&#039;s to come.<\/li>\n\n\n\n<li><strong>7:30 p.m. \u2013 8:30 p.m. \u2013 The heart of the night:<\/strong> At 7:30 p.m., go to <a href=\"https:\/\/tablaoflamencoalma.com\/en\/\"><strong>Alma Flamenco Tablao<\/strong><\/a>. Enjoy an hour-long show that will transport you to the purest essence of <strong>flamenco<\/strong>. But the magic doesn&#039;t end there. Instead of looking for a restaurant afterward, you can indulge in the flamenco show&#039;s culinary offerings. Upon arrival, you&#039;ll be welcomed with a complimentary drink (wine, cava, sangria, beer, or soft drink) and can order from the delicious menu of <a href=\"https:\/\/tablaoflamencoalma.com\/en\/carta\/\"><strong>Dinner with flamenco show<\/strong><\/a>.<\/li>\n\n\n\n<li><strong>8:30 p.m. onwards \u2013 Toast and more magic:<\/strong> After the explosion of emotions and flavors, you can enjoy a final drink at the flamenco venue or continue strolling through the city center. The energy of flamenco will accompany you, making this night an unforgettable memory.<\/li>\n<\/ul>\n\n\n\n<div style=\"height:20px\" aria-hidden=\"true\" class=\"wp-block-spacer\"><\/div>\n\n\n\n<h3 class=\"wp-block-heading\">Option 2: Stroll and Flamenco with Dinner at the Tablao<\/h3>\n\n\n\n<p class=\"wp-block-paragraph\">If you prefer a plan that combines tourism with a complete gastronomic and cultural experience all in one place, this is the one for you. It&#039;s one of the best. <strong>Things to do in Palma de Mallorca at night<\/strong> If you want to combine the beauty of the city with the most vibrant art.<\/p>\n\n\n\n<ul class=\"wp-block-list\">\n<li><strong>8:00 PM \u2013 9:30 PM \u2013 Walk through the center of Palma:<\/strong> Enjoy a pleasant stroll through the vibrant center of Palma. You can admire the imposing silhouette of the <strong>Almudaina Palace<\/strong> illuminated at night or explore the surroundings of <strong>Cathedral<\/strong>, Feeling the history that emanates from every corner. Palma&#039;s nightlife is unique and will prepare you for the experience that follows.<\/li>\n\n\n\n<li><strong>9:30 p.m. \u2013 10:30 p.m. \u2013 The Grand Finale of the Evening: Dinner and a Show<\/strong> At 9:30 PM, he arrives at <strong>Alma Flamenco Tablao<\/strong>. After exploring the city streets, immerse yourself in the art of <strong><a href=\"https:\/\/tablaoflamencoalma.com\/en\/a-magical-night-in-palma-flamenco-at-tablao-flamenco-alma-dinner-and-a-walk\/\">live flamenco<\/a><\/strong> while you savor our exquisite culinary offerings. Enjoy a <strong><a href=\"https:\/\/tablaoflamencoalma.com\/en\/carta\/\">dinner with flamenco show<\/a><\/strong> In the same place is the perfect way to optimize your night, experiencing an hour-long show that will serve as a grand finale.<\/li>\n\n\n\n<li><strong>10:30 p.m. onwards \u2013 Drinks and Conversation:<\/strong> With emotions running high, the festive atmosphere of the night continues at the flamenco venue. It&#039;s the perfect moment for a final drink and to discuss the feelings and the magic the artists have conveyed.<\/li>\n<\/ul>\n\n\n\n<div style=\"height:20px\" aria-hidden=\"true\" class=\"wp-block-spacer\"><\/div>\n\n\n\n<h3 class=\"wp-block-heading\">Option 3: Early morning flamenco with the family<\/h3>\n\n\n\n<p class=\"wp-block-paragraph\">An excellent alternative for those traveling with children or who prefer a more relaxed plan that ends early. This option demonstrates that the <strong>Flamenco in Palma<\/strong> It&#039;s an experience for all ages.<\/p>\n\n\n\n<ul class=\"wp-block-list\">\n<li><strong>5:30 p.m. \u2013 6:30 p.m. \u2013 Art for everyone:<\/strong> Start your night in <strong>Alma Flamenco Tablao<\/strong>. The 5:30 pm session is perfect for enjoying the <strong>Flamenco with the family<\/strong>. The little ones will be captivated by the music, dancing, and energy of the performers. Plus, its one-hour duration fits perfectly into family schedules. Take advantage of this opportunity to enjoy a delightful <a href=\"https:\/\/tablaoflamencoalma.com\/en\/carta\/\"><strong>Dinner with flamenco show<\/strong><\/a> to live a complete experience in one place.<\/li>\n\n\n\n<li><strong>6:30 p.m. onwards \u2013 Family walk:<\/strong> After the show, the night is still young. We encourage you to take a stroll with your family through the city center and enjoy a delicious ice cream. The Paseo del Borne, illuminated at night, is a perfect place to enjoy a relaxed, family-friendly atmosphere.<\/li>\n<\/ul>\n\n\n\n<h2 class=\"wp-block-heading\">Why choose Tablao Flamenco Alma? The flamenco heart of Mallorca<\/h2>\n\n\n\n<p class=\"wp-block-paragraph\"><a href=\"https:\/\/tablaoflamencoalma.com\/en\/\"><strong>Alma Flamenco Tablao<\/strong><\/a> It&#039;s much more than just a simple <strong>Flamenco theatre in Mallorca<\/strong>. It&#039;s a cultural space that encapsulates the passion, history, and energy of this universal art form. We offer you a complete experience that goes beyond a simple show.<\/p>\n\n\n\n<div style=\"height:20px\" aria-hidden=\"true\" class=\"wp-block-spacer\"><\/div>\n\n\n\n<h3 class=\"wp-block-heading\">The complete gastronomic experience<\/h3>\n\n\n\n<p class=\"wp-block-paragraph\">We understand that art and flavor go hand in hand. That&#039;s why we&#039;ve designed a service of <a href=\"https:\/\/tablaoflamencoalma.com\/en\/carta\/\"><strong>dinner with flamenco show<\/strong><\/a> which allows you to experience both in one place. While the dancers, singers, and guitarists bring the stage to life, you can savor a culinary experience that respects tradition and quality. From the flamenco venue&#039;s wine cellar to the desserts, every dish is designed to complement the intensity of the show. You can consult our complete menu. <a href=\"https:\/\/tablaoflamencoalma.com\/en\/carta\/\">food menu<\/a> on our website.<\/p>\n\n\n\n<div style=\"height:20px\" aria-hidden=\"true\" class=\"wp-block-spacer\"><\/div>\n\n\n\n<h3 class=\"wp-block-heading\">A show of authentic live flamenco<\/h3>\n\n\n\n<p class=\"wp-block-paragraph\">Our artists are top-tier professionals who bring their soul and passion to every performance. In each show, you&#039;ll feel the rhythmic tapping of the heels vibrate beneath your feet, the singer&#039;s voice pierce the silence, and the melody of the flamenco guitar tell stories. The proximity to the stage creates an intimate and personal atmosphere, where every gesture and every note is felt in a unique way. It&#039;s an immersive experience you won&#039;t find anywhere else.<\/p>\n\n\n\n<div style=\"height:20px\" aria-hidden=\"true\" class=\"wp-block-spacer\"><\/div>\n\n\n\n<h3 class=\"wp-block-heading\">The ideal location and the peace of mind of a secure reservation<\/h3>\n\n\n\n<p class=\"wp-block-paragraph\">Located in the heart of <strong>Palm<\/strong>, The flamenco venue is the perfect starting point for any <strong>night itinerary in Palma<\/strong>. Furthermore, we want your experience to be perfect from the moment you book. That&#039;s why we offer <strong>free cancellation up to 24 hours in advance<\/strong> from the start of the show, with a full refund if your plans change.<\/p>\n\n\n\n<p class=\"wp-block-paragraph\">Our hosts, who speak Spanish, English, and German, are always available to assist you. And if you need information about accessibility, we&#039;re proud to say that our space is <strong>wheelchair accessible<\/strong>, ensuring that everyone can enjoy flamenco art.<\/p>\n\n\n\n<div style=\"height:20px\" aria-hidden=\"true\" class=\"wp-block-spacer\"><\/div>\n\n\n\n<h3 class=\"wp-block-heading\">Beyond the spectacle: Flamenco as a cultural climax<\/h3>\n\n\n\n<p class=\"wp-block-paragraph\">For many, flamenco may be a new art form. It is the expression of a deep feeling through three fundamental pillars: the <strong>sing<\/strong> (the voice), the <strong>touch<\/strong> (the guitar) and the <strong>dance<\/strong> (the dance). In the <a href=\"https:\/\/tablaoflamencoalma.com\/en\/\"><strong>Alma Flamenco Tablao<\/strong><\/a>, What you&#039;ll see is more than a performance; it&#039;s a window into the history, passion, and soul of a people. Every inch of our stage, every note of the guitar, and every footstep tells a story of joy, pain, and resilience.<\/p>\n\n\n\n<p class=\"wp-block-paragraph\">Our one-hour sessions, which include a drink (beer, wine, soft drink, cava, or sangria), are designed to allow enthusiasts and curious beginners to fully immerse themselves in the culture without feeling overwhelmed. It&#039;s the perfect introduction to a fascinating world and an ideal way to cap off a perfect night out in the city.<\/p>\n\n\n\n<div style=\"height:20px\" aria-hidden=\"true\" class=\"wp-block-spacer\"><\/div>\n\n\n\n<h2 class=\"wp-block-heading\">Book your magical night in Palma<\/h2>\n\n\n\n<p class=\"wp-block-paragraph\">In <a href=\"https:\/\/tablaoflamencoalma.com\/en\/\"><strong>Alma Flamenco Tablao<\/strong><\/a>, You can expect three daily sessions of <a href=\"https:\/\/tablaoflamencoalma.com\/en\/a-magical-night-in-palma-flamenco-at-tablao-flamenco-alma-dinner-and-a-walk\/\"><strong>flamenco shows<\/strong><\/a>5:30 PM, 7:30 PM and 9:30 PM Choose the one that best fits your itinerary, or the options we have suggested, and get ready to experience a night full of art.<\/p>\n\n\n\n<div style=\"height:20px\" aria-hidden=\"true\" class=\"wp-block-spacer\"><\/div>\n\n\n\n<p class=\"wp-block-paragraph\">Don&#039;t just stroll through the city: immerse yourself in its culture, savor its cuisine, and feel the vibrant energy of its flamenco soul. <strong>romantic night in Palma<\/strong> or you <strong>family plan<\/strong> They&#039;re waiting for you in <a href=\"https:\/\/tablaoflamencoalma.com\/en\/\"><strong>Alma Flamenco Tablao<\/strong><\/a>. <a href=\"https:\/\/tablaoflamencoalma.com\/en\/a-magical-night-in-palma-flamenco-at-tablao-flamenco-alma-dinner-and-a-walk\/\"><strong>Book your ticket<\/strong><\/a> And get ready for a night you won&#039;t forget.<\/p>\n\n\n\n<div style=\"height:20px\" aria-hidden=\"true\" class=\"wp-block-spacer\"><\/div>\n\n\n\n<p class=\"wp-block-paragraph\">Which of these itineraries will you choose for your next trip? <strong>night in Palma de Mallorca<\/strong>?<\/p>","protected":false},"excerpt":{"rendered":"<p>\u00bfBuscas una noche inolvidable en Palma de Mallorca? Deja de buscar. Te proponemos el plan perfecto para una velada llena de arte, sabor y romanticismo, con el Tablao Flamenco Alma como protagonista. Prepara tus sentidos para un recorrido por el coraz\u00f3n de la ciudad que culmina con la pasi\u00f3n y la energ\u00eda del flamenco en [&hellip;]<\/p>\n","protected":false},"author":3,"featured_media":6631,"comment_status":"open","ping_status":"open","sticky":false,"template":"","format":"standard","meta":{"site-sidebar-layout":"default","site-content-layout":"","ast-site-content-layout":"default","site-content-style":"default","site-sidebar-style":"default","ast-global-header-display":"","ast-banner-title-visibility":"","ast-main-header-display":"","ast-hfb-above-header-display":"","ast-hfb-below-header-display":"","ast-hfb-mobile-header-display":"","site-post-title":"","ast-breadcrumbs-content":"","ast-featured-img":"","footer-sml-layout":"","theme-transparent-header-meta":"","adv-header-id-meta":"","stick-header-meta":"","header-above-stick-meta":"","header-main-stick-meta":"","header-below-stick-meta":"","astra-migrate-meta-layouts":"set","ast-page-background-enabled":"default","ast-page-background-meta":{"desktop":{"background-color":"var(--ast-global-color-4)","background-image":"","background-repeat":"repeat","background-position":"center center","background-size":"auto","background-attachment":"scroll","background-type":"","background-media":"","overlay-type":"","overlay-color":"","overlay-opacity":"","overlay-gradient":""},"tablet":{"background-color":"","background-image":"","background-repeat":"repeat","background-position":"center center","background-size":"auto","background-attachment":"scroll","background-type":"","background-media":"","overlay-type":"","overlay-color":"","overlay-opacity":"","overlay-gradient":""},"mobile":{"background-color":"","background-image":"","background-repeat":"repeat","background-position":"center center","background-size":"auto","background-attachment":"scroll","background-type":"","background-media":"","overlay-type":"","overlay-color":"","overlay-opacity":"","overlay-gradient":""}},"ast-content-background-meta":{"desktop":{"background-color":"var(--ast-global-color-5)","background-image":"","background-repeat":"repeat","background-position":"center center","background-size":"auto","background-attachment":"scroll","background-type":"","background-media":"","overlay-type":"","overlay-color":"","overlay-opacity":"","overlay-gradient":""},"tablet":{"background-color":"var(--ast-global-color-5)","background-image":"","background-repeat":"repeat","background-position":"center center","background-size":"auto","background-attachment":"scroll","background-type":"","background-media":"","overlay-type":"","overlay-color":"","overlay-opacity":"","overlay-gradient":""},"mobile":{"background-color":"var(--ast-global-color-5)","background-image":"","background-repeat":"repeat","background-position":"center center","background-size":"auto","background-attachment":"scroll","background-type":"","background-media":"","overlay-type":"","overlay-color":"","overlay-opacity":"","overlay-gradient":""}},"footnotes":""},"categories":[17],"tags":[],"class_list":["post-6630","post","type-post","status-publish","format-standard","has-post-thumbnail","hentry","category-general"],"yoast_head":"<!-- This site is optimized with the Yoast SEO plugin v28.4 - https:\/\/yoast.com\/product\/yoast-seo-wordpress\/ -->\n<title>Plan Perfecto en Palma: Flamenco, Cena y Paseo - Tablao Flamenco Alma<\/title>\n<meta name=\"description\" content=\"Descubre el plan perfecto para una noche en Palma. Combina un show de flamenco en vivo con cena rom\u00e1ntica. \u00a1Reserva tu experiencia en Tablao Alma!\" \/>\n<meta name=\"robots\" content=\"index, follow, max-snippet:-1, max-image-preview:large, max-video-preview:-1\" \/>\n<link rel=\"canonical\" href=\"https:\/\/tablaoflamencoalma.com\/en\/una-noche-magica-en-palma-flamenco-en-tablao-flamenco-alma-cena-y-paseo\/\" \/>\n<meta property=\"og:locale\" content=\"en_GB\" \/>\n<meta property=\"og:type\" content=\"article\" \/>\n<meta property=\"og:title\" content=\"Plan Perfecto en Palma: Flamenco, Cena y Paseo - Tablao Flamenco Alma\" \/>\n<meta property=\"og:description\" content=\"Descubre el plan perfecto para una noche en Palma. Combina un show de flamenco en vivo con cena rom\u00e1ntica. \u00a1Reserva tu experiencia en Tablao Alma!\" \/>\n<meta property=\"og:url\" content=\"https:\/\/tablaoflamencoalma.com\/en\/una-noche-magica-en-palma-flamenco-en-tablao-flamenco-alma-cena-y-paseo\/\" \/>\n<meta property=\"og:site_name\" content=\"Tablao Flamenco Alma\" \/>\n<meta property=\"article:publisher\" content=\"https:\/\/www.facebook.com\/tablaoflamencoalma\" \/>\n<meta property=\"article:published_time\" content=\"2025-08-27T09:14:54+00:00\" \/>\n<meta property=\"article:modified_time\" content=\"2026-06-02T07:57:33+00:00\" \/>\n<meta property=\"og:image\" content=\"https:\/\/tablaoflamencoalma.com\/wp-content\/uploads\/2025\/08\/Una-Noche-Magica-en-Palma-Flamenco-en-Tablao-Alma-portada-post-scaled.jpg\" \/>\n\t<meta property=\"og:image:width\" content=\"1707\" \/>\n\t<meta property=\"og:image:height\" content=\"2560\" \/>\n\t<meta property=\"og:image:type\" content=\"image\/jpeg\" \/>\n<meta name=\"author\" content=\"Tablao Flamenco Alma\" \/>\n<meta name=\"twitter:card\" content=\"summary_large_image\" \/>\n<meta name=\"twitter:label1\" content=\"Written by\" \/>\n\t<meta name=\"twitter:data1\" content=\"Tablao Flamenco Alma\" \/>\n\t<meta name=\"twitter:label2\" content=\"Estimated reading time\" \/>\n\t<meta name=\"twitter:data2\" content=\"7 minutes\" \/>\n<script type=\"application\/ld+json\" class=\"yoast-schema-graph\">{\"@context\":\"https:\\\/\\\/schema.org\",\"@graph\":[{\"@type\":\"Article\",\"@id\":\"https:\\\/\\\/tablaoflamencoalma.com\\\/una-noche-magica-en-palma-flamenco-en-tablao-flamenco-alma-cena-y-paseo\\\/#article\",\"isPartOf\":{\"@id\":\"https:\\\/\\\/tablaoflamencoalma.com\\\/una-noche-magica-en-palma-flamenco-en-tablao-flamenco-alma-cena-y-paseo\\\/\"},\"author\":{\"name\":\"Tablao Flamenco Alma\",\"@id\":\"https:\\\/\\\/tablaoflamencoalma.com\\\/#\\\/schema\\\/person\\\/9d0c2a9a099918689427e2a0b2dd0f5c\"},\"headline\":\"Una noche m\u00e1gica en Palma con flamenco, cena y paseo\",\"datePublished\":\"2025-08-27T09:14:54+00:00\",\"dateModified\":\"2026-06-02T07:57:33+00:00\",\"mainEntityOfPage\":{\"@id\":\"https:\\\/\\\/tablaoflamencoalma.com\\\/una-noche-magica-en-palma-flamenco-en-tablao-flamenco-alma-cena-y-paseo\\\/\"},\"wordCount\":1579,\"commentCount\":0,\"publisher\":{\"@id\":\"https:\\\/\\\/tablaoflamencoalma.com\\\/#organization\"},\"image\":{\"@id\":\"https:\\\/\\\/tablaoflamencoalma.com\\\/una-noche-magica-en-palma-flamenco-en-tablao-flamenco-alma-cena-y-paseo\\\/#primaryimage\"},\"thumbnailUrl\":\"https:\\\/\\\/tablaoflamencoalma.com\\\/wp-content\\\/uploads\\\/2025\\\/08\\\/Una-Noche-Magica-en-Palma-Flamenco-en-Tablao-Alma-portada-post.jpg\",\"articleSection\":[\"General\"],\"inLanguage\":\"en-GB\",\"potentialAction\":[{\"@type\":\"CommentAction\",\"name\":\"Comment\",\"target\":[\"https:\\\/\\\/tablaoflamencoalma.com\\\/una-noche-magica-en-palma-flamenco-en-tablao-flamenco-alma-cena-y-paseo\\\/#respond\"]}]},{\"@type\":\"WebPage\",\"@id\":\"https:\\\/\\\/tablaoflamencoalma.com\\\/una-noche-magica-en-palma-flamenco-en-tablao-flamenco-alma-cena-y-paseo\\\/\",\"url\":\"https:\\\/\\\/tablaoflamencoalma.com\\\/una-noche-magica-en-palma-flamenco-en-tablao-flamenco-alma-cena-y-paseo\\\/\",\"name\":\"Plan Perfecto en Palma: Flamenco, Cena y Paseo - Tablao Flamenco Alma\",\"isPartOf\":{\"@id\":\"https:\\\/\\\/tablaoflamencoalma.com\\\/#website\"},\"primaryImageOfPage\":{\"@id\":\"https:\\\/\\\/tablaoflamencoalma.com\\\/una-noche-magica-en-palma-flamenco-en-tablao-flamenco-alma-cena-y-paseo\\\/#primaryimage\"},\"image\":{\"@id\":\"https:\\\/\\\/tablaoflamencoalma.com\\\/una-noche-magica-en-palma-flamenco-en-tablao-flamenco-alma-cena-y-paseo\\\/#primaryimage\"},\"thumbnailUrl\":\"https:\\\/\\\/tablaoflamencoalma.com\\\/wp-content\\\/uploads\\\/2025\\\/08\\\/Una-Noche-Magica-en-Palma-Flamenco-en-Tablao-Alma-portada-post.jpg\",\"datePublished\":\"2025-08-27T09:14:54+00:00\",\"dateModified\":\"2026-06-02T07:57:33+00:00\",\"description\":\"Descubre el plan perfecto para una noche en Palma. Combina un show de flamenco en vivo con cena rom\u00e1ntica. \u00a1Reserva tu experiencia en Tablao Alma!\",\"breadcrumb\":{\"@id\":\"https:\\\/\\\/tablaoflamencoalma.com\\\/una-noche-magica-en-palma-flamenco-en-tablao-flamenco-alma-cena-y-paseo\\\/#breadcrumb\"},\"inLanguage\":\"en-GB\",\"potentialAction\":[{\"@type\":\"ReadAction\",\"target\":[\"https:\\\/\\\/tablaoflamencoalma.com\\\/una-noche-magica-en-palma-flamenco-en-tablao-flamenco-alma-cena-y-paseo\\\/\"]}]},{\"@type\":\"ImageObject\",\"inLanguage\":\"en-GB\",\"@id\":\"https:\\\/\\\/tablaoflamencoalma.com\\\/una-noche-magica-en-palma-flamenco-en-tablao-flamenco-alma-cena-y-paseo\\\/#primaryimage\",\"url\":\"https:\\\/\\\/tablaoflamencoalma.com\\\/wp-content\\\/uploads\\\/2025\\\/08\\\/Una-Noche-Magica-en-Palma-Flamenco-en-Tablao-Alma-portada-post.jpg\",\"contentUrl\":\"https:\\\/\\\/tablaoflamencoalma.com\\\/wp-content\\\/uploads\\\/2025\\\/08\\\/Una-Noche-Magica-en-Palma-Flamenco-en-Tablao-Alma-portada-post.jpg\",\"width\":1707,\"height\":2560,\"caption\":\"Una Noche M\u00e1gica en Palma Flamenco en Tablao Alma portada post\"},{\"@type\":\"BreadcrumbList\",\"@id\":\"https:\\\/\\\/tablaoflamencoalma.com\\\/una-noche-magica-en-palma-flamenco-en-tablao-flamenco-alma-cena-y-paseo\\\/#breadcrumb\",\"itemListElement\":[{\"@type\":\"ListItem\",\"position\":1,\"name\":\"Portada\",\"item\":\"https:\\\/\\\/tablaoflamencoalma.com\\\/\"},{\"@type\":\"ListItem\",\"position\":2,\"name\":\"Una noche m\u00e1gica en Palma con flamenco, cena y paseo\"}]},{\"@type\":\"WebSite\",\"@id\":\"https:\\\/\\\/tablaoflamencoalma.com\\\/#website\",\"url\":\"https:\\\/\\\/tablaoflamencoalma.com\\\/\",\"name\":\"Tablao Flamenco Alma\",\"description\":\"Tablao Flamenco Alma\",\"publisher\":{\"@id\":\"https:\\\/\\\/tablaoflamencoalma.com\\\/#organization\"},\"potentialAction\":[{\"@type\":\"SearchAction\",\"target\":{\"@type\":\"EntryPoint\",\"urlTemplate\":\"https:\\\/\\\/tablaoflamencoalma.com\\\/?s={search_term_string}\"},\"query-input\":{\"@type\":\"PropertyValueSpecification\",\"valueRequired\":true,\"valueName\":\"search_term_string\"}}],\"inLanguage\":\"en-GB\"},{\"@type\":\"Organization\",\"@id\":\"https:\\\/\\\/tablaoflamencoalma.com\\\/#organization\",\"name\":\"Tablao Flamenco Alma\",\"url\":\"https:\\\/\\\/tablaoflamencoalma.com\\\/\",\"logo\":{\"@type\":\"ImageObject\",\"inLanguage\":\"en-GB\",\"@id\":\"https:\\\/\\\/tablaoflamencoalma.com\\\/#\\\/schema\\\/logo\\\/image\\\/\",\"url\":\"https:\\\/\\\/tablaoflamencoalma.com\\\/wp-content\\\/uploads\\\/2024\\\/01\\\/cropped-tablao-flamenco-alma-01-04.png\",\"contentUrl\":\"https:\\\/\\\/tablaoflamencoalma.com\\\/wp-content\\\/uploads\\\/2024\\\/01\\\/cropped-tablao-flamenco-alma-01-04.png\",\"width\":512,\"height\":512,\"caption\":\"Tablao Flamenco Alma\"},\"image\":{\"@id\":\"https:\\\/\\\/tablaoflamencoalma.com\\\/#\\\/schema\\\/logo\\\/image\\\/\"},\"sameAs\":[\"https:\\\/\\\/www.facebook.com\\\/tablaoflamencoalma\",\"https:\\\/\\\/www.instagram.com\\\/tablaoflamencoalma\"]},{\"@type\":\"Person\",\"@id\":\"https:\\\/\\\/tablaoflamencoalma.com\\\/#\\\/schema\\\/person\\\/9d0c2a9a099918689427e2a0b2dd0f5c\",\"name\":\"Tablao Flamenco Alma\",\"image\":{\"@type\":\"ImageObject\",\"inLanguage\":\"en-GB\",\"@id\":\"https:\\\/\\\/tablaoflamencoalma.com\\\/wp-content\\\/litespeed\\\/avatar\\\/797b83aa1ddf30f355ead08e864f8dad.jpg?ver=1788140548\",\"url\":\"https:\\\/\\\/tablaoflamencoalma.com\\\/wp-content\\\/litespeed\\\/avatar\\\/797b83aa1ddf30f355ead08e864f8dad.jpg?ver=1788140548\",\"contentUrl\":\"https:\\\/\\\/tablaoflamencoalma.com\\\/wp-content\\\/litespeed\\\/avatar\\\/797b83aa1ddf30f355ead08e864f8dad.jpg?ver=1788140548\",\"caption\":\"Tablao Flamenco Alma\"},\"url\":\"https:\\\/\\\/tablaoflamencoalma.com\\\/en\\\/author\\\/flamencoalma\\\/\"}]}<\/script>\n<!-- \/ Yoast SEO plugin. -->","yoast_head_json":{"title":"Perfect Plan in Palma: Flamenco, Dinner and a Stroll - Tablao Flamenco Alma","description":"Discover the perfect plan for a night out in Palma. Combine a live flamenco show with a romantic dinner. Book your experience at Tablao Alma!","robots":{"index":"index","follow":"follow","max-snippet":"max-snippet:-1","max-image-preview":"max-image-preview:large","max-video-preview":"max-video-preview:-1"},"canonical":"https:\/\/tablaoflamencoalma.com\/en\/una-noche-magica-en-palma-flamenco-en-tablao-flamenco-alma-cena-y-paseo\/","og_locale":"en_GB","og_type":"article","og_title":"Plan Perfecto en Palma: Flamenco, Cena y Paseo - Tablao Flamenco Alma","og_description":"Descubre el plan perfecto para una noche en Palma. Combina un show de flamenco en vivo con cena rom\u00e1ntica. \u00a1Reserva tu experiencia en Tablao Alma!","og_url":"https:\/\/tablaoflamencoalma.com\/en\/una-noche-magica-en-palma-flamenco-en-tablao-flamenco-alma-cena-y-paseo\/","og_site_name":"Tablao Flamenco Alma","article_publisher":"https:\/\/www.facebook.com\/tablaoflamencoalma","article_published_time":"2025-08-27T09:14:54+00:00","article_modified_time":"2026-06-02T07:57:33+00:00","og_image":[{"width":1707,"height":2560,"url":"https:\/\/tablaoflamencoalma.com\/wp-content\/uploads\/2025\/08\/Una-Noche-Magica-en-Palma-Flamenco-en-Tablao-Alma-portada-post-scaled.jpg","type":"image\/jpeg"}],"author":"Tablao Flamenco Alma","twitter_card":"summary_large_image","twitter_misc":{"Written by":"Tablao Flamenco Alma","Estimated reading time":"7 minutes"},"schema":{"@context":"https:\/\/schema.org","@graph":[{"@type":"Article","@id":"https:\/\/tablaoflamencoalma.com\/una-noche-magica-en-palma-flamenco-en-tablao-flamenco-alma-cena-y-paseo\/#article","isPartOf":{"@id":"https:\/\/tablaoflamencoalma.com\/una-noche-magica-en-palma-flamenco-en-tablao-flamenco-alma-cena-y-paseo\/"},"author":{"name":"Tablao Flamenco Alma","@id":"https:\/\/tablaoflamencoalma.com\/#\/schema\/person\/9d0c2a9a099918689427e2a0b2dd0f5c"},"headline":"Una noche m\u00e1gica en Palma con flamenco, cena y paseo","datePublished":"2025-08-27T09:14:54+00:00","dateModified":"2026-06-02T07:57:33+00:00","mainEntityOfPage":{"@id":"https:\/\/tablaoflamencoalma.com\/una-noche-magica-en-palma-flamenco-en-tablao-flamenco-alma-cena-y-paseo\/"},"wordCount":1579,"commentCount":0,"publisher":{"@id":"https:\/\/tablaoflamencoalma.com\/#organization"},"image":{"@id":"https:\/\/tablaoflamencoalma.com\/una-noche-magica-en-palma-flamenco-en-tablao-flamenco-alma-cena-y-paseo\/#primaryimage"},"thumbnailUrl":"https:\/\/tablaoflamencoalma.com\/wp-content\/uploads\/2025\/08\/Una-Noche-Magica-en-Palma-Flamenco-en-Tablao-Alma-portada-post.jpg","articleSection":["General"],"inLanguage":"en-GB","potentialAction":[{"@type":"CommentAction","name":"Comment","target":["https:\/\/tablaoflamencoalma.com\/una-noche-magica-en-palma-flamenco-en-tablao-flamenco-alma-cena-y-paseo\/#respond"]}]},{"@type":"WebPage","@id":"https:\/\/tablaoflamencoalma.com\/una-noche-magica-en-palma-flamenco-en-tablao-flamenco-alma-cena-y-paseo\/","url":"https:\/\/tablaoflamencoalma.com\/una-noche-magica-en-palma-flamenco-en-tablao-flamenco-alma-cena-y-paseo\/","name":"Perfect Plan in Palma: Flamenco, Dinner and a Stroll - Tablao Flamenco Alma","isPartOf":{"@id":"https:\/\/tablaoflamencoalma.com\/#website"},"primaryImageOfPage":{"@id":"https:\/\/tablaoflamencoalma.com\/una-noche-magica-en-palma-flamenco-en-tablao-flamenco-alma-cena-y-paseo\/#primaryimage"},"image":{"@id":"https:\/\/tablaoflamencoalma.com\/una-noche-magica-en-palma-flamenco-en-tablao-flamenco-alma-cena-y-paseo\/#primaryimage"},"thumbnailUrl":"https:\/\/tablaoflamencoalma.com\/wp-content\/uploads\/2025\/08\/Una-Noche-Magica-en-Palma-Flamenco-en-Tablao-Alma-portada-post.jpg","datePublished":"2025-08-27T09:14:54+00:00","dateModified":"2026-06-02T07:57:33+00:00","description":"Discover the perfect plan for a night out in Palma. Combine a live flamenco show with a romantic dinner. Book your experience at Tablao Alma!","breadcrumb":{"@id":"https:\/\/tablaoflamencoalma.com\/una-noche-magica-en-palma-flamenco-en-tablao-flamenco-alma-cena-y-paseo\/#breadcrumb"},"inLanguage":"en-GB","potentialAction":[{"@type":"ReadAction","target":["https:\/\/tablaoflamencoalma.com\/una-noche-magica-en-palma-flamenco-en-tablao-flamenco-alma-cena-y-paseo\/"]}]},{"@type":"ImageObject","inLanguage":"en-GB","@id":"https:\/\/tablaoflamencoalma.com\/una-noche-magica-en-palma-flamenco-en-tablao-flamenco-alma-cena-y-paseo\/#primaryimage","url":"https:\/\/tablaoflamencoalma.com\/wp-content\/uploads\/2025\/08\/Una-Noche-Magica-en-Palma-Flamenco-en-Tablao-Alma-portada-post.jpg","contentUrl":"https:\/\/tablaoflamencoalma.com\/wp-content\/uploads\/2025\/08\/Una-Noche-Magica-en-Palma-Flamenco-en-Tablao-Alma-portada-post.jpg","width":1707,"height":2560,"caption":"Una Noche M\u00e1gica en Palma Flamenco en Tablao Alma portada post"},{"@type":"BreadcrumbList","@id":"https:\/\/tablaoflamencoalma.com\/una-noche-magica-en-palma-flamenco-en-tablao-flamenco-alma-cena-y-paseo\/#breadcrumb","itemListElement":[{"@type":"ListItem","position":1,"name":"Portada","item":"https:\/\/tablaoflamencoalma.com\/"},{"@type":"ListItem","position":2,"name":"Una noche m\u00e1gica en Palma con flamenco, cena y paseo"}]},{"@type":"WebSite","@id":"https:\/\/tablaoflamencoalma.com\/#website","url":"https:\/\/tablaoflamencoalma.com\/","name":"Alma Flamenco Tablao","description":"Alma Flamenco Tablao","publisher":{"@id":"https:\/\/tablaoflamencoalma.com\/#organization"},"potentialAction":[{"@type":"SearchAction","target":{"@type":"EntryPoint","urlTemplate":"https:\/\/tablaoflamencoalma.com\/?s={search_term_string}"},"query-input":{"@type":"PropertyValueSpecification","valueRequired":true,"valueName":"search_term_string"}}],"inLanguage":"en-GB"},{"@type":"Organization","@id":"https:\/\/tablaoflamencoalma.com\/#organization","name":"Alma Flamenco Tablao","url":"https:\/\/tablaoflamencoalma.com\/","logo":{"@type":"ImageObject","inLanguage":"en-GB","@id":"https:\/\/tablaoflamencoalma.com\/#\/schema\/logo\/image\/","url":"https:\/\/tablaoflamencoalma.com\/wp-content\/uploads\/2024\/01\/cropped-tablao-flamenco-alma-01-04.png","contentUrl":"https:\/\/tablaoflamencoalma.com\/wp-content\/uploads\/2024\/01\/cropped-tablao-flamenco-alma-01-04.png","width":512,"height":512,"caption":"Tablao Flamenco Alma"},"image":{"@id":"https:\/\/tablaoflamencoalma.com\/#\/schema\/logo\/image\/"},"sameAs":["https:\/\/www.facebook.com\/tablaoflamencoalma","https:\/\/www.instagram.com\/tablaoflamencoalma"]},{"@type":"Person","@id":"https:\/\/tablaoflamencoalma.com\/#\/schema\/person\/9d0c2a9a099918689427e2a0b2dd0f5c","name":"Alma Flamenco Tablao","image":{"@type":"ImageObject","inLanguage":"en-GB","@id":"https:\/\/tablaoflamencoalma.com\/wp-content\/litespeed\/avatar\/797b83aa1ddf30f355ead08e864f8dad.jpg?ver=1788140548","url":"https:\/\/tablaoflamencoalma.com\/wp-content\/litespeed\/avatar\/797b83aa1ddf30f355ead08e864f8dad.jpg?ver=1788140548","contentUrl":"https:\/\/tablaoflamencoalma.com\/wp-content\/litespeed\/avatar\/797b83aa1ddf30f355ead08e864f8dad.jpg?ver=1788140548","caption":"Tablao Flamenco Alma"},"url":"https:\/\/tablaoflamencoalma.com\/en\/author\/flamencoalma\/"}]}},"_links":{"self":[{"href":"https:\/\/tablaoflamencoalma.com\/en\/wp-json\/wp\/v2\/posts\/6630","targetHints":{"allow":["GET"]}}],"collection":[{"href":"https:\/\/tablaoflamencoalma.com\/en\/wp-json\/wp\/v2\/posts"}],"about":[{"href":"https:\/\/tablaoflamencoalma.com\/en\/wp-json\/wp\/v2\/types\/post"}],"author":[{"embeddable":true,"href":"https:\/\/tablaoflamencoalma.com\/en\/wp-json\/wp\/v2\/users\/3"}],"replies":[{"embeddable":true,"href":"https:\/\/tablaoflamencoalma.com\/en\/wp-json\/wp\/v2\/comments?post=6630"}],"version-history":[{"count":4,"href":"https:\/\/tablaoflamencoalma.com\/en\/wp-json\/wp\/v2\/posts\/6630\/revisions"}],"predecessor-version":[{"id":7523,"href":"https:\/\/tablaoflamencoalma.com\/en\/wp-json\/wp\/v2\/posts\/6630\/revisions\/7523"}],"wp:featuredmedia":[{"embeddable":true,"href":"https:\/\/tablaoflamencoalma.com\/en\/wp-json\/wp\/v2\/media\/6631"}],"wp:attachment":[{"href":"https:\/\/tablaoflamencoalma.com\/en\/wp-json\/wp\/v2\/media?parent=6630"}],"wp:term":[{"taxonomy":"category","embeddable":true,"href":"https:\/\/tablaoflamencoalma.com\/en\/wp-json\/wp\/v2\/categories?post=6630"},{"taxonomy":"post_tag","embeddable":true,"href":"https:\/\/tablaoflamencoalma.com\/en\/wp-json\/wp\/v2\/tags?post=6630"}],"curies":[{"name":"wp","href":"https:\/\/api.w.org\/{rel}","templated":true}]}}