{"id":4411,"date":"2024-08-12T17:45:44","date_gmt":"2024-08-12T16:45:44","guid":{"rendered":"https:\/\/tablaoflamencoalma.com\/?p=4411"},"modified":"2026-06-02T09:02:41","modified_gmt":"2026-06-02T08:02:41","slug":"paco-de-lucia-el-genio-de-la-guitarra-flamenca","status":"publish","type":"post","link":"https:\/\/tablaoflamencoalma.com\/en\/paco-de-lucia-el-genio-de-la-guitarra-flamenca\/","title":{"rendered":"Paco de Luc\u00eda: The eternal genius of flamenco guitar"},"content":{"rendered":"<div data-elementor-type=\"wp-post\" data-elementor-id=\"4411\" class=\"elementor elementor-4411\" data-elementor-post-type=\"post\">\n\t\t\t\t<div class=\"elementor-element elementor-element-d74d33e e-flex e-con-boxed e-con e-parent\" data-id=\"d74d33e\" data-element_type=\"container\" data-e-type=\"container\">\n\t\t\t\t\t<div class=\"e-con-inner\">\n\t\t<div class=\"elementor-element elementor-element-06e17bb e-con-full e-flex e-con e-child\" data-id=\"06e17bb\" data-element_type=\"container\" data-e-type=\"container\">\n\t\t\t\t<div class=\"elementor-element elementor-element-21d293e elementor-widget elementor-widget-text-editor\" data-id=\"21d293e\" data-element_type=\"widget\" data-e-type=\"widget\" data-widget_type=\"text-editor.default\">\n\t\t\t\t<div class=\"elementor-widget-container\">\n\t\t\t\t\t\t\t\t\t<p>Paco de Luc\u00eda, Francisco S\u00e1nchez G\u00f3mez (1947-2014), is widely recognized as one of <strong><a href=\"https:\/\/tablaoflamencoalma.com\/en\/\">flamenco guitarists<\/a><\/strong> most influential of all time and a central figure in the evolution of modern flamenco.<\/p>\t\t\t\t\t\t\t\t<\/div>\n\t\t\t\t<\/div>\n\t\t\t\t<\/div>\n\t\t\t\t\t<\/div>\n\t\t\t\t<\/div>\n\t\t<div class=\"elementor-element elementor-element-132125d e-flex e-con-boxed e-con e-parent\" data-id=\"132125d\" data-element_type=\"container\" data-e-type=\"container\">\n\t\t\t\t\t<div class=\"e-con-inner\">\n\t\t<div class=\"elementor-element elementor-element-954244e e-con-full e-flex e-con e-child\" data-id=\"954244e\" data-element_type=\"container\" data-e-type=\"container\">\n\t\t\t\t<div class=\"elementor-element elementor-element-72c8ae0 elementor-widget elementor-widget-heading\" data-id=\"72c8ae0\" data-element_type=\"widget\" data-e-type=\"widget\" data-widget_type=\"heading.default\">\n\t\t\t\t<div class=\"elementor-widget-container\">\n\t\t\t\t\t<h2 class=\"elementor-heading-title elementor-size-default\">Biography:<\/h2>\t\t\t\t<\/div>\n\t\t\t\t<\/div>\n\t\t\t\t<div class=\"elementor-element elementor-element-2e27978 elementor-widget elementor-widget-text-editor\" data-id=\"2e27978\" data-element_type=\"widget\" data-e-type=\"widget\" data-widget_type=\"text-editor.default\">\n\t\t\t\t<div class=\"elementor-widget-container\">\n\t\t\t\t\t\t\t\t\t<p><strong>Childhood and Youth:<\/strong>\u00a0Paco de Luc\u00eda grew up in a family of musicians. His father, Antonio S\u00e1nchez, and his older brother, Ram\u00f3n de Algeciras, both guitarists, were his first teachers. He began playing the guitar at a very young age and quickly demonstrated exceptional talent.<\/p>\n<p>\u00a0<\/p>\n<p><strong>Early Career:<\/strong>\u00a0At the age of 12, Paco won his first prize in a flamenco competition, and shortly afterwards, he began performing in important venues.\u00a0<strong><a href=\"https:\/\/tablaoflamencoalma.com\/en\/a-magical-night-in-palma-flamenco-at-tablao-flamenco-alma-dinner-and-a-walk\/\">flamenco shows<\/a><\/strong>. In 1961, at only 14 years old, he made his first international tour with the company of Jos\u00e9 Greco, a flamenco dancer and choreographer.<\/p>\n<p>\u00a0<\/p>\n<p><strong>Collaborations and Acknowledgments:<\/strong>\u00a0During the 60s and 70s, Paco de Luc\u00eda began to collaborate with some of the\u00a0<strong>most prominent flamenco artists<\/strong>, where the flamenco singer stands out\u00a0<strong>Island Shrimp<\/strong>. Together, they produced a series of albums that revolutionized flamenco, standing out for their freshness and creativity.<\/p>\n<p>\u00a0<\/p>\n<p><strong>Musical Exploration:<\/strong>\u00a0In the 1970s and 80s, Paco de Luc\u00eda began incorporating elements of jazz and other musical styles into his flamenco, something considered revolutionary at the time. His album &quot;Almoraima&quot; (1976) is an example of this fusion, which includes influences from Arabic and classical music.<\/p>\n<p>\u00a0<\/p>\n<p><strong>International Success:<\/strong>\u00a0Paco de Luc\u00eda achieved international recognition. He collaborated with world-renowned musicians such as Al Di Meola and John McLaughlin, with whom he formed the famous guitar trio.<\/p>\n<p>\u00a0<\/p>\n<p><strong>Recent Years:<\/strong>\u00a0Until his death, Paco de Luc\u00eda continued performing and composing, cementing his status as a living legend of flamenco. His work has been recognized with numerous awards, including the Prince of Asturias Award for the Arts in 2004.<\/p>\t\t\t\t\t\t\t\t<\/div>\n\t\t\t\t<\/div>\n\t\t\t\t<\/div>\n\t\t<div class=\"elementor-element elementor-element-bc29ab0 e-con-full e-flex e-con e-child\" data-id=\"bc29ab0\" data-element_type=\"container\" data-e-type=\"container\">\n\t\t\t\t<div class=\"elementor-element elementor-element-e9cbbb5 elementor-widget elementor-widget-heading\" data-id=\"e9cbbb5\" data-element_type=\"widget\" data-e-type=\"widget\" data-widget_type=\"heading.default\">\n\t\t\t\t<div class=\"elementor-widget-container\">\n\t\t\t\t\t<h2 class=\"elementor-heading-title elementor-size-default\">Analysis of Paco de Luc\u00eda&#039;s Influence on Flamenco:<\/h2>\t\t\t\t<\/div>\n\t\t\t\t<\/div>\n\t\t\t\t<div class=\"elementor-element elementor-element-10d6368 elementor-widget elementor-widget-text-editor\" data-id=\"10d6368\" data-element_type=\"widget\" data-e-type=\"widget\" data-widget_type=\"text-editor.default\">\n\t\t\t\t<div class=\"elementor-widget-container\">\n\t\t\t\t\t\t\t\t\t<p><strong>Touch Revolution:<\/strong>&nbsp;Paco de Luc\u00eda transformed the role of&nbsp;<strong>the guitar in flamenco<\/strong>. Traditionally, the guitar had been seen primarily as an accompaniment to singing and dancing. However, Paco de Luc\u00eda elevated the guitar to an unprecedented level of prominence, exploring its technical and expressive possibilities. His technique was innovative, incorporating rapid staccato patterns, complex strumming, and the use of the thumb in a way that few had achieved before.<\/p>\n<p><br><\/p>\n<p><strong>Innovation and Merger:<\/strong>&nbsp;Paco de Luc\u00eda is known for expanding the boundaries of flamenco by incorporating influences from other musical genres, especially jazz, classical, and Brazilian music. This fusion helped flamenco gain a wider audience and opened new avenues for flamenco guitarists who followed him.<\/p>\n<p>He was also responsible for introducing the Peruvian caj\u00f3n as the most characteristic percussion instrument of flamenco.<\/p>\n<p><br><\/p>\n<p><strong>Legacy:<\/strong>&nbsp;Paco de Luc\u00eda&#039;s legacy is immense. He inspired an entire generation of&nbsp;<strong>flamenco guitarists<\/strong>&nbsp;His influence can be seen in many of today&#039;s leading flamenco guitarists. His style and technique continue to be studied and emulated worldwide. Furthermore, he helped flamenco gain recognition as a global art form, preserving its essence while simultaneously evolving it.<\/p><p><br><\/p>\n<p>In short, Paco de Luc\u00eda was not only a guitar virtuoso, but also an innovator who forever changed the history of flamenco. His legacy lives on, and his influence is evident in contemporary flamenco music.<\/p>\t\t\t\t\t\t\t\t<\/div>\n\t\t\t\t<\/div>\n\t\t\t\t<\/div>\n\t\t\t\t\t<\/div>\n\t\t\t\t<\/div>\n\t\t\t\t<\/div>","protected":false},"excerpt":{"rendered":"<p>Paco de Luc\u00eda, Francisco S\u00e1nchez G\u00f3mez (1947-2014), es ampliamente reconocido como uno de los guitarristas flamencos m\u00e1s influyentes de todos los tiempos y una figura central en la evoluci\u00f3n del flamenco moderno. Biograf\u00eda: Infancia y Juventud:\u00a0Paco de Luc\u00eda creci\u00f3 en una familia de m\u00fasicos. Su padre, Antonio S\u00e1nchez, y su hermano mayor, Ram\u00f3n de Algeciras, [&hellip;]<\/p>\n","protected":false},"author":3,"featured_media":4413,"comment_status":"open","ping_status":"open","sticky":false,"template":"","format":"standard","meta":{"site-sidebar-layout":"default","site-content-layout":"","ast-site-content-layout":"default","site-content-style":"default","site-sidebar-style":"default","ast-global-header-display":"","ast-banner-title-visibility":"","ast-main-header-display":"","ast-hfb-above-header-display":"","ast-hfb-below-header-display":"","ast-hfb-mobile-header-display":"","site-post-title":"","ast-breadcrumbs-content":"","ast-featured-img":"","footer-sml-layout":"","theme-transparent-header-meta":"","adv-header-id-meta":"","stick-header-meta":"","header-above-stick-meta":"","header-main-stick-meta":"","header-below-stick-meta":"","astra-migrate-meta-layouts":"set","ast-page-background-enabled":"default","ast-page-background-meta":{"desktop":{"background-color":"var(--ast-global-color-4)","background-image":"","background-repeat":"repeat","background-position":"center center","background-size":"auto","background-attachment":"scroll","background-type":"","background-media":"","overlay-type":"","overlay-color":"","overlay-opacity":"","overlay-gradient":""},"tablet":{"background-color":"","background-image":"","background-repeat":"repeat","background-position":"center center","background-size":"auto","background-attachment":"scroll","background-type":"","background-media":"","overlay-type":"","overlay-color":"","overlay-opacity":"","overlay-gradient":""},"mobile":{"background-color":"","background-image":"","background-repeat":"repeat","background-position":"center center","background-size":"auto","background-attachment":"scroll","background-type":"","background-media":"","overlay-type":"","overlay-color":"","overlay-opacity":"","overlay-gradient":""}},"ast-content-background-meta":{"desktop":{"background-color":"var(--ast-global-color-5)","background-image":"","background-repeat":"repeat","background-position":"center center","background-size":"auto","background-attachment":"scroll","background-type":"","background-media":"","overlay-type":"","overlay-color":"","overlay-opacity":"","overlay-gradient":""},"tablet":{"background-color":"var(--ast-global-color-5)","background-image":"","background-repeat":"repeat","background-position":"center center","background-size":"auto","background-attachment":"scroll","background-type":"","background-media":"","overlay-type":"","overlay-color":"","overlay-opacity":"","overlay-gradient":""},"mobile":{"background-color":"var(--ast-global-color-5)","background-image":"","background-repeat":"repeat","background-position":"center center","background-size":"auto","background-attachment":"scroll","background-type":"","background-media":"","overlay-type":"","overlay-color":"","overlay-opacity":"","overlay-gradient":""}},"footnotes":""},"categories":[9],"tags":[],"class_list":["post-4411","post","type-post","status-publish","format-standard","has-post-thumbnail","hentry","category-artistas"],"yoast_head":"<!-- This site is optimized with the Yoast SEO plugin v28.4 - https:\/\/yoast.com\/product\/yoast-seo-wordpress\/ -->\n<title>Paco de Luc\u00eda: El genio eterno de la guitarra flamenca - Tablao Flamenco Alma<\/title>\n<meta name=\"description\" content=\"Conoce la historia de Paco de Luc\u00eda, una figura clave del flamenco moderno y uno de los guitarristas m\u00e1s influyentes de la historia.\" \/>\n<meta name=\"robots\" content=\"index, follow, max-snippet:-1, max-image-preview:large, max-video-preview:-1\" \/>\n<link rel=\"canonical\" href=\"https:\/\/tablaoflamencoalma.com\/en\/paco-de-lucia-el-genio-de-la-guitarra-flamenca\/\" \/>\n<meta property=\"og:locale\" content=\"en_GB\" \/>\n<meta property=\"og:type\" content=\"article\" \/>\n<meta property=\"og:title\" content=\"Paco de Luc\u00eda: El genio eterno de la guitarra flamenca - Tablao Flamenco Alma\" \/>\n<meta property=\"og:description\" content=\"Conoce la historia de Paco de Luc\u00eda, una figura clave del flamenco moderno y uno de los guitarristas m\u00e1s influyentes de la historia.\" \/>\n<meta property=\"og:url\" content=\"https:\/\/tablaoflamencoalma.com\/en\/paco-de-lucia-el-genio-de-la-guitarra-flamenca\/\" \/>\n<meta property=\"og:site_name\" content=\"Tablao Flamenco Alma\" \/>\n<meta property=\"article:publisher\" content=\"https:\/\/www.facebook.com\/tablaoflamencoalma\" \/>\n<meta property=\"article:published_time\" content=\"2024-08-12T16:45:44+00:00\" \/>\n<meta property=\"article:modified_time\" content=\"2026-06-02T08:02:41+00:00\" \/>\n<meta property=\"og:image\" content=\"https:\/\/tablaoflamencoalma.com\/wp-content\/uploads\/2024\/08\/Paco-de-Lucia-Tablao-Alma.png\" \/>\n\t<meta property=\"og:image:width\" content=\"1080\" \/>\n\t<meta property=\"og:image:height\" content=\"800\" \/>\n\t<meta property=\"og:image:type\" content=\"image\/png\" \/>\n<meta name=\"author\" content=\"Tablao Flamenco Alma\" \/>\n<meta name=\"twitter:card\" content=\"summary_large_image\" \/>\n<meta name=\"twitter:label1\" content=\"Written by\" \/>\n\t<meta name=\"twitter:data1\" content=\"Tablao Flamenco Alma\" \/>\n\t<meta name=\"twitter:label2\" content=\"Estimated reading time\" \/>\n\t<meta name=\"twitter:data2\" content=\"3 minutes\" \/>\n<script type=\"application\/ld+json\" class=\"yoast-schema-graph\">{\"@context\":\"https:\\\/\\\/schema.org\",\"@graph\":[{\"@type\":\"Article\",\"@id\":\"https:\\\/\\\/tablaoflamencoalma.com\\\/paco-de-lucia-el-genio-de-la-guitarra-flamenca\\\/#article\",\"isPartOf\":{\"@id\":\"https:\\\/\\\/tablaoflamencoalma.com\\\/paco-de-lucia-el-genio-de-la-guitarra-flamenca\\\/\"},\"author\":{\"name\":\"Tablao Flamenco Alma\",\"@id\":\"https:\\\/\\\/tablaoflamencoalma.com\\\/#\\\/schema\\\/person\\\/9d0c2a9a099918689427e2a0b2dd0f5c\"},\"headline\":\"Paco de Luc\u00eda: El genio eterno de la guitarra flamenca\",\"datePublished\":\"2024-08-12T16:45:44+00:00\",\"dateModified\":\"2026-06-02T08:02:41+00:00\",\"mainEntityOfPage\":{\"@id\":\"https:\\\/\\\/tablaoflamencoalma.com\\\/paco-de-lucia-el-genio-de-la-guitarra-flamenca\\\/\"},\"wordCount\":641,\"commentCount\":0,\"publisher\":{\"@id\":\"https:\\\/\\\/tablaoflamencoalma.com\\\/#organization\"},\"image\":{\"@id\":\"https:\\\/\\\/tablaoflamencoalma.com\\\/paco-de-lucia-el-genio-de-la-guitarra-flamenca\\\/#primaryimage\"},\"thumbnailUrl\":\"https:\\\/\\\/tablaoflamencoalma.com\\\/wp-content\\\/uploads\\\/2024\\\/08\\\/Paco-de-Lucia-Tablao-Alma.png\",\"articleSection\":[\"Artistas\"],\"inLanguage\":\"en-GB\",\"potentialAction\":[{\"@type\":\"CommentAction\",\"name\":\"Comment\",\"target\":[\"https:\\\/\\\/tablaoflamencoalma.com\\\/paco-de-lucia-el-genio-de-la-guitarra-flamenca\\\/#respond\"]}]},{\"@type\":\"WebPage\",\"@id\":\"https:\\\/\\\/tablaoflamencoalma.com\\\/paco-de-lucia-el-genio-de-la-guitarra-flamenca\\\/\",\"url\":\"https:\\\/\\\/tablaoflamencoalma.com\\\/paco-de-lucia-el-genio-de-la-guitarra-flamenca\\\/\",\"name\":\"Paco de Luc\u00eda: El genio eterno de la guitarra flamenca - Tablao Flamenco Alma\",\"isPartOf\":{\"@id\":\"https:\\\/\\\/tablaoflamencoalma.com\\\/#website\"},\"primaryImageOfPage\":{\"@id\":\"https:\\\/\\\/tablaoflamencoalma.com\\\/paco-de-lucia-el-genio-de-la-guitarra-flamenca\\\/#primaryimage\"},\"image\":{\"@id\":\"https:\\\/\\\/tablaoflamencoalma.com\\\/paco-de-lucia-el-genio-de-la-guitarra-flamenca\\\/#primaryimage\"},\"thumbnailUrl\":\"https:\\\/\\\/tablaoflamencoalma.com\\\/wp-content\\\/uploads\\\/2024\\\/08\\\/Paco-de-Lucia-Tablao-Alma.png\",\"datePublished\":\"2024-08-12T16:45:44+00:00\",\"dateModified\":\"2026-06-02T08:02:41+00:00\",\"description\":\"Conoce la historia de Paco de Luc\u00eda, una figura clave del flamenco moderno y uno de los guitarristas m\u00e1s influyentes de la historia.\",\"breadcrumb\":{\"@id\":\"https:\\\/\\\/tablaoflamencoalma.com\\\/paco-de-lucia-el-genio-de-la-guitarra-flamenca\\\/#breadcrumb\"},\"inLanguage\":\"en-GB\",\"potentialAction\":[{\"@type\":\"ReadAction\",\"target\":[\"https:\\\/\\\/tablaoflamencoalma.com\\\/paco-de-lucia-el-genio-de-la-guitarra-flamenca\\\/\"]}]},{\"@type\":\"ImageObject\",\"inLanguage\":\"en-GB\",\"@id\":\"https:\\\/\\\/tablaoflamencoalma.com\\\/paco-de-lucia-el-genio-de-la-guitarra-flamenca\\\/#primaryimage\",\"url\":\"https:\\\/\\\/tablaoflamencoalma.com\\\/wp-content\\\/uploads\\\/2024\\\/08\\\/Paco-de-Lucia-Tablao-Alma.png\",\"contentUrl\":\"https:\\\/\\\/tablaoflamencoalma.com\\\/wp-content\\\/uploads\\\/2024\\\/08\\\/Paco-de-Lucia-Tablao-Alma.png\",\"width\":1080,\"height\":800,\"caption\":\"Paco de Lucia Tablao Alma\"},{\"@type\":\"BreadcrumbList\",\"@id\":\"https:\\\/\\\/tablaoflamencoalma.com\\\/paco-de-lucia-el-genio-de-la-guitarra-flamenca\\\/#breadcrumb\",\"itemListElement\":[{\"@type\":\"ListItem\",\"position\":1,\"name\":\"Portada\",\"item\":\"https:\\\/\\\/tablaoflamencoalma.com\\\/\"},{\"@type\":\"ListItem\",\"position\":2,\"name\":\"Paco de Luc\u00eda: El genio eterno de la guitarra flamenca\"}]},{\"@type\":\"WebSite\",\"@id\":\"https:\\\/\\\/tablaoflamencoalma.com\\\/#website\",\"url\":\"https:\\\/\\\/tablaoflamencoalma.com\\\/\",\"name\":\"Tablao Flamenco Alma\",\"description\":\"Tablao Flamenco Alma\",\"publisher\":{\"@id\":\"https:\\\/\\\/tablaoflamencoalma.com\\\/#organization\"},\"potentialAction\":[{\"@type\":\"SearchAction\",\"target\":{\"@type\":\"EntryPoint\",\"urlTemplate\":\"https:\\\/\\\/tablaoflamencoalma.com\\\/?s={search_term_string}\"},\"query-input\":{\"@type\":\"PropertyValueSpecification\",\"valueRequired\":true,\"valueName\":\"search_term_string\"}}],\"inLanguage\":\"en-GB\"},{\"@type\":\"Organization\",\"@id\":\"https:\\\/\\\/tablaoflamencoalma.com\\\/#organization\",\"name\":\"Tablao Flamenco Alma\",\"url\":\"https:\\\/\\\/tablaoflamencoalma.com\\\/\",\"logo\":{\"@type\":\"ImageObject\",\"inLanguage\":\"en-GB\",\"@id\":\"https:\\\/\\\/tablaoflamencoalma.com\\\/#\\\/schema\\\/logo\\\/image\\\/\",\"url\":\"https:\\\/\\\/tablaoflamencoalma.com\\\/wp-content\\\/uploads\\\/2024\\\/01\\\/cropped-tablao-flamenco-alma-01-04.png\",\"contentUrl\":\"https:\\\/\\\/tablaoflamencoalma.com\\\/wp-content\\\/uploads\\\/2024\\\/01\\\/cropped-tablao-flamenco-alma-01-04.png\",\"width\":512,\"height\":512,\"caption\":\"Tablao Flamenco Alma\"},\"image\":{\"@id\":\"https:\\\/\\\/tablaoflamencoalma.com\\\/#\\\/schema\\\/logo\\\/image\\\/\"},\"sameAs\":[\"https:\\\/\\\/www.facebook.com\\\/tablaoflamencoalma\",\"https:\\\/\\\/www.instagram.com\\\/tablaoflamencoalma\"]},{\"@type\":\"Person\",\"@id\":\"https:\\\/\\\/tablaoflamencoalma.com\\\/#\\\/schema\\\/person\\\/9d0c2a9a099918689427e2a0b2dd0f5c\",\"name\":\"Tablao Flamenco Alma\",\"image\":{\"@type\":\"ImageObject\",\"inLanguage\":\"en-GB\",\"@id\":\"https:\\\/\\\/tablaoflamencoalma.com\\\/wp-content\\\/litespeed\\\/avatar\\\/797b83aa1ddf30f355ead08e864f8dad.jpg?ver=1788140548\",\"url\":\"https:\\\/\\\/tablaoflamencoalma.com\\\/wp-content\\\/litespeed\\\/avatar\\\/797b83aa1ddf30f355ead08e864f8dad.jpg?ver=1788140548\",\"contentUrl\":\"https:\\\/\\\/tablaoflamencoalma.com\\\/wp-content\\\/litespeed\\\/avatar\\\/797b83aa1ddf30f355ead08e864f8dad.jpg?ver=1788140548\",\"caption\":\"Tablao Flamenco Alma\"},\"url\":\"https:\\\/\\\/tablaoflamencoalma.com\\\/en\\\/author\\\/flamencoalma\\\/\"}]}<\/script>\n<!-- \/ Yoast SEO plugin. -->","yoast_head_json":{"title":"Paco de Luc\u00eda: The eternal genius of flamenco guitar - Tablao Flamenco Alma","description":"Learn about the story of Paco de Luc\u00eda, a key figure in modern flamenco and one of the most influential guitarists in history.","robots":{"index":"index","follow":"follow","max-snippet":"max-snippet:-1","max-image-preview":"max-image-preview:large","max-video-preview":"max-video-preview:-1"},"canonical":"https:\/\/tablaoflamencoalma.com\/en\/paco-de-lucia-el-genio-de-la-guitarra-flamenca\/","og_locale":"en_GB","og_type":"article","og_title":"Paco de Luc\u00eda: El genio eterno de la guitarra flamenca - Tablao Flamenco Alma","og_description":"Conoce la historia de Paco de Luc\u00eda, una figura clave del flamenco moderno y uno de los guitarristas m\u00e1s influyentes de la historia.","og_url":"https:\/\/tablaoflamencoalma.com\/en\/paco-de-lucia-el-genio-de-la-guitarra-flamenca\/","og_site_name":"Tablao Flamenco Alma","article_publisher":"https:\/\/www.facebook.com\/tablaoflamencoalma","article_published_time":"2024-08-12T16:45:44+00:00","article_modified_time":"2026-06-02T08:02:41+00:00","og_image":[{"width":1080,"height":800,"url":"https:\/\/tablaoflamencoalma.com\/wp-content\/uploads\/2024\/08\/Paco-de-Lucia-Tablao-Alma.png","type":"image\/png"}],"author":"Tablao Flamenco Alma","twitter_card":"summary_large_image","twitter_misc":{"Written by":"Tablao Flamenco Alma","Estimated reading time":"3 minutes"},"schema":{"@context":"https:\/\/schema.org","@graph":[{"@type":"Article","@id":"https:\/\/tablaoflamencoalma.com\/paco-de-lucia-el-genio-de-la-guitarra-flamenca\/#article","isPartOf":{"@id":"https:\/\/tablaoflamencoalma.com\/paco-de-lucia-el-genio-de-la-guitarra-flamenca\/"},"author":{"name":"Tablao Flamenco Alma","@id":"https:\/\/tablaoflamencoalma.com\/#\/schema\/person\/9d0c2a9a099918689427e2a0b2dd0f5c"},"headline":"Paco de Luc\u00eda: El genio eterno de la guitarra flamenca","datePublished":"2024-08-12T16:45:44+00:00","dateModified":"2026-06-02T08:02:41+00:00","mainEntityOfPage":{"@id":"https:\/\/tablaoflamencoalma.com\/paco-de-lucia-el-genio-de-la-guitarra-flamenca\/"},"wordCount":641,"commentCount":0,"publisher":{"@id":"https:\/\/tablaoflamencoalma.com\/#organization"},"image":{"@id":"https:\/\/tablaoflamencoalma.com\/paco-de-lucia-el-genio-de-la-guitarra-flamenca\/#primaryimage"},"thumbnailUrl":"https:\/\/tablaoflamencoalma.com\/wp-content\/uploads\/2024\/08\/Paco-de-Lucia-Tablao-Alma.png","articleSection":["Artistas"],"inLanguage":"en-GB","potentialAction":[{"@type":"CommentAction","name":"Comment","target":["https:\/\/tablaoflamencoalma.com\/paco-de-lucia-el-genio-de-la-guitarra-flamenca\/#respond"]}]},{"@type":"WebPage","@id":"https:\/\/tablaoflamencoalma.com\/paco-de-lucia-el-genio-de-la-guitarra-flamenca\/","url":"https:\/\/tablaoflamencoalma.com\/paco-de-lucia-el-genio-de-la-guitarra-flamenca\/","name":"Paco de Luc\u00eda: The eternal genius of flamenco guitar - Tablao Flamenco Alma","isPartOf":{"@id":"https:\/\/tablaoflamencoalma.com\/#website"},"primaryImageOfPage":{"@id":"https:\/\/tablaoflamencoalma.com\/paco-de-lucia-el-genio-de-la-guitarra-flamenca\/#primaryimage"},"image":{"@id":"https:\/\/tablaoflamencoalma.com\/paco-de-lucia-el-genio-de-la-guitarra-flamenca\/#primaryimage"},"thumbnailUrl":"https:\/\/tablaoflamencoalma.com\/wp-content\/uploads\/2024\/08\/Paco-de-Lucia-Tablao-Alma.png","datePublished":"2024-08-12T16:45:44+00:00","dateModified":"2026-06-02T08:02:41+00:00","description":"Learn about the story of Paco de Luc\u00eda, a key figure in modern flamenco and one of the most influential guitarists in history.","breadcrumb":{"@id":"https:\/\/tablaoflamencoalma.com\/paco-de-lucia-el-genio-de-la-guitarra-flamenca\/#breadcrumb"},"inLanguage":"en-GB","potentialAction":[{"@type":"ReadAction","target":["https:\/\/tablaoflamencoalma.com\/paco-de-lucia-el-genio-de-la-guitarra-flamenca\/"]}]},{"@type":"ImageObject","inLanguage":"en-GB","@id":"https:\/\/tablaoflamencoalma.com\/paco-de-lucia-el-genio-de-la-guitarra-flamenca\/#primaryimage","url":"https:\/\/tablaoflamencoalma.com\/wp-content\/uploads\/2024\/08\/Paco-de-Lucia-Tablao-Alma.png","contentUrl":"https:\/\/tablaoflamencoalma.com\/wp-content\/uploads\/2024\/08\/Paco-de-Lucia-Tablao-Alma.png","width":1080,"height":800,"caption":"Paco de Lucia Tablao Alma"},{"@type":"BreadcrumbList","@id":"https:\/\/tablaoflamencoalma.com\/paco-de-lucia-el-genio-de-la-guitarra-flamenca\/#breadcrumb","itemListElement":[{"@type":"ListItem","position":1,"name":"Portada","item":"https:\/\/tablaoflamencoalma.com\/"},{"@type":"ListItem","position":2,"name":"Paco de Luc\u00eda: El genio eterno de la guitarra flamenca"}]},{"@type":"WebSite","@id":"https:\/\/tablaoflamencoalma.com\/#website","url":"https:\/\/tablaoflamencoalma.com\/","name":"Alma Flamenco Tablao","description":"Alma Flamenco Tablao","publisher":{"@id":"https:\/\/tablaoflamencoalma.com\/#organization"},"potentialAction":[{"@type":"SearchAction","target":{"@type":"EntryPoint","urlTemplate":"https:\/\/tablaoflamencoalma.com\/?s={search_term_string}"},"query-input":{"@type":"PropertyValueSpecification","valueRequired":true,"valueName":"search_term_string"}}],"inLanguage":"en-GB"},{"@type":"Organization","@id":"https:\/\/tablaoflamencoalma.com\/#organization","name":"Alma Flamenco Tablao","url":"https:\/\/tablaoflamencoalma.com\/","logo":{"@type":"ImageObject","inLanguage":"en-GB","@id":"https:\/\/tablaoflamencoalma.com\/#\/schema\/logo\/image\/","url":"https:\/\/tablaoflamencoalma.com\/wp-content\/uploads\/2024\/01\/cropped-tablao-flamenco-alma-01-04.png","contentUrl":"https:\/\/tablaoflamencoalma.com\/wp-content\/uploads\/2024\/01\/cropped-tablao-flamenco-alma-01-04.png","width":512,"height":512,"caption":"Tablao Flamenco Alma"},"image":{"@id":"https:\/\/tablaoflamencoalma.com\/#\/schema\/logo\/image\/"},"sameAs":["https:\/\/www.facebook.com\/tablaoflamencoalma","https:\/\/www.instagram.com\/tablaoflamencoalma"]},{"@type":"Person","@id":"https:\/\/tablaoflamencoalma.com\/#\/schema\/person\/9d0c2a9a099918689427e2a0b2dd0f5c","name":"Alma Flamenco Tablao","image":{"@type":"ImageObject","inLanguage":"en-GB","@id":"https:\/\/tablaoflamencoalma.com\/wp-content\/litespeed\/avatar\/797b83aa1ddf30f355ead08e864f8dad.jpg?ver=1788140548","url":"https:\/\/tablaoflamencoalma.com\/wp-content\/litespeed\/avatar\/797b83aa1ddf30f355ead08e864f8dad.jpg?ver=1788140548","contentUrl":"https:\/\/tablaoflamencoalma.com\/wp-content\/litespeed\/avatar\/797b83aa1ddf30f355ead08e864f8dad.jpg?ver=1788140548","caption":"Tablao Flamenco Alma"},"url":"https:\/\/tablaoflamencoalma.com\/en\/author\/flamencoalma\/"}]}},"_links":{"self":[{"href":"https:\/\/tablaoflamencoalma.com\/en\/wp-json\/wp\/v2\/posts\/4411","targetHints":{"allow":["GET"]}}],"collection":[{"href":"https:\/\/tablaoflamencoalma.com\/en\/wp-json\/wp\/v2\/posts"}],"about":[{"href":"https:\/\/tablaoflamencoalma.com\/en\/wp-json\/wp\/v2\/types\/post"}],"author":[{"embeddable":true,"href":"https:\/\/tablaoflamencoalma.com\/en\/wp-json\/wp\/v2\/users\/3"}],"replies":[{"embeddable":true,"href":"https:\/\/tablaoflamencoalma.com\/en\/wp-json\/wp\/v2\/comments?post=4411"}],"version-history":[{"count":12,"href":"https:\/\/tablaoflamencoalma.com\/en\/wp-json\/wp\/v2\/posts\/4411\/revisions"}],"predecessor-version":[{"id":7512,"href":"https:\/\/tablaoflamencoalma.com\/en\/wp-json\/wp\/v2\/posts\/4411\/revisions\/7512"}],"wp:featuredmedia":[{"embeddable":true,"href":"https:\/\/tablaoflamencoalma.com\/en\/wp-json\/wp\/v2\/media\/4413"}],"wp:attachment":[{"href":"https:\/\/tablaoflamencoalma.com\/en\/wp-json\/wp\/v2\/media?parent=4411"}],"wp:term":[{"taxonomy":"category","embeddable":true,"href":"https:\/\/tablaoflamencoalma.com\/en\/wp-json\/wp\/v2\/categories?post=4411"},{"taxonomy":"post_tag","embeddable":true,"href":"https:\/\/tablaoflamencoalma.com\/en\/wp-json\/wp\/v2\/tags?post=4411"}],"curies":[{"name":"wp","href":"https:\/\/api.w.org\/{rel}","templated":true}]}}