{"id":3185,"date":"2024-03-16T14:13:31","date_gmt":"2024-03-16T13:13:31","guid":{"rendered":"https:\/\/tablaoflamencoalma.com\/?page_id=3185"},"modified":"2025-03-12T19:37:49","modified_gmt":"2025-03-12T18:37:49","slug":"history-of-flamenco","status":"publish","type":"post","link":"https:\/\/tablaoflamencoalma.com\/en\/historia-del-flamenco\/","title":{"rendered":"History of flamenco"},"content":{"rendered":"<div data-elementor-type=\"wp-page\" data-elementor-id=\"3185\" class=\"elementor elementor-3185\" data-elementor-post-type=\"post\">\n\t\t\t\t<div class=\"elementor-element elementor-element-250acbb e-flex e-con-boxed e-con e-parent\" data-id=\"250acbb\" data-element_type=\"container\" data-e-type=\"container\">\n\t\t\t\t\t<div class=\"e-con-inner\">\n\t\t<div class=\"elementor-element elementor-element-5c667ad e-flex e-con-boxed e-con e-child\" data-id=\"5c667ad\" data-element_type=\"container\" data-e-type=\"container\">\n\t\t\t\t\t<div class=\"e-con-inner\">\n\t\t\t\t<div class=\"elementor-element elementor-element-1953dea elementor-widget elementor-widget-heading\" data-id=\"1953dea\" data-element_type=\"widget\" data-e-type=\"widget\" data-widget_type=\"heading.default\">\n\t\t\t\t<div class=\"elementor-widget-container\">\n\t\t\t\t\t<h2 class=\"elementor-heading-title elementor-size-default\">Origins of flamenco<\/h2>\t\t\t\t<\/div>\n\t\t\t\t<\/div>\n\t\t<div class=\"elementor-element elementor-element-84a82d8 e-flex e-con-boxed e-con e-child\" data-id=\"84a82d8\" data-element_type=\"container\" data-e-type=\"container\">\n\t\t\t\t\t<div class=\"e-con-inner\">\n\t\t\t\t<div class=\"elementor-element elementor-element-70e477d elementor-widget__width-initial elementor-widget elementor-widget-text-editor\" data-id=\"70e477d\" data-element_type=\"widget\" data-e-type=\"widget\" data-widget_type=\"text-editor.default\">\n\t\t\t\t<div class=\"elementor-widget-container\">\n\t\t\t\t\t\t\t\t\t<p>According to the United Nations Educational, Scientific and Cultural Organization (UNESCO), flamenco art is &quot;an artistic expression resulting from the fusion of vocal music, the art of dance and musical accompaniment called respectively cante, baile and toque.&quot;.<\/p>\n<p>Flamenco is an artistic expression born from the fusion of many cultures, including Arab, Jewish, and Gypsy, as well as Andalusian. From this blend emerged Flamenco, spreading and becoming a universal art form known worldwide. Its exact origins are unknown, but it is understood that the earliest flamenco performances arose from parties and gatherings where dances and songs were showcased, forming the basis of the flamenco we know today. Furthermore, it is known that by the mid-19th century, flamenco was also performed in theaters and dance academies, and by the 1870s, it was also being presented in caf\u00e9s cantantes (flamenco caf\u00e9s).<\/p>\t\t\t\t\t\t\t\t<\/div>\n\t\t\t\t<\/div>\n\t\t<div class=\"elementor-element elementor-element-4d6e737 e-flex e-con-boxed e-con e-child\" data-id=\"4d6e737\" data-element_type=\"container\" data-e-type=\"container\" data-settings=\"{&quot;background_background&quot;:&quot;classic&quot;}\">\n\t\t\t\t\t<div class=\"e-con-inner\">\n\t\t\t\t\t<\/div>\n\t\t\t\t<\/div>\n\t\t\t\t\t<\/div>\n\t\t\t\t<\/div>\n\t\t\t\t<div class=\"elementor-element elementor-element-d0ea97b elementor-widget elementor-widget-heading\" data-id=\"d0ea97b\" data-element_type=\"widget\" data-e-type=\"widget\" data-widget_type=\"heading.default\">\n\t\t\t\t<div class=\"elementor-widget-container\">\n\t\t\t\t\t<h2 class=\"elementor-heading-title elementor-size-default\">Development of flamenco in Mallorca<\/h2>\t\t\t\t<\/div>\n\t\t\t\t<\/div>\n\t\t<div class=\"elementor-element elementor-element-1b07776 e-flex e-con-boxed e-con e-child\" data-id=\"1b07776\" data-element_type=\"container\" data-e-type=\"container\">\n\t\t\t\t\t<div class=\"e-con-inner\">\n\t\t\t\t<div class=\"elementor-element elementor-element-98f772a elementor-widget elementor-widget-text-editor\" data-id=\"98f772a\" data-element_type=\"widget\" data-e-type=\"widget\" data-widget_type=\"text-editor.default\">\n\t\t\t\t<div class=\"elementor-widget-container\">\n\t\t\t\t\t\t\t\t\t<p>Mallorca welcomes numerous flamenco artists throughout the year. Tourists flock to the island to spend the summer season enjoying the beaches, the cuisine, and the art of flamenco. Tablao Flamenco Alma offers the opportunity to experience this wonderful art form in Mallorca, along with its unique gastronomy. Tablao Flamenco Alma was founded with the aim of enriching the art scene on the island.<\/p>\t\t\t\t\t\t\t\t<\/div>\n\t\t\t\t<\/div>\n\t\t<div class=\"elementor-element elementor-element-82d4ca3 e-con-full e-flex e-con e-child\" data-id=\"82d4ca3\" data-element_type=\"container\" data-e-type=\"container\" data-settings=\"{&quot;background_background&quot;:&quot;classic&quot;}\">\n\t\t\t\t<\/div>\n\t\t\t\t\t<\/div>\n\t\t\t\t<\/div>\n\t\t\t\t<div class=\"elementor-element elementor-element-f568ae6 elementor-widget elementor-widget-heading\" data-id=\"f568ae6\" data-element_type=\"widget\" data-e-type=\"widget\" data-widget_type=\"heading.default\">\n\t\t\t\t<div class=\"elementor-widget-container\">\n\t\t\t\t\t<h2 class=\"elementor-heading-title elementor-size-default\">Great figures of flamenco<\/h2>\t\t\t\t<\/div>\n\t\t\t\t<\/div>\n\t\t<div class=\"elementor-element elementor-element-b476ce3 e-flex e-con-boxed e-con e-child\" data-id=\"b476ce3\" data-element_type=\"container\" data-e-type=\"container\">\n\t\t\t\t\t<div class=\"e-con-inner\">\n\t\t\t\t<div class=\"elementor-element elementor-element-8791ed8 elementor-widget__width-initial elementor-widget elementor-widget-text-editor\" data-id=\"8791ed8\" data-element_type=\"widget\" data-e-type=\"widget\" data-widget_type=\"text-editor.default\">\n\t\t\t\t<div class=\"elementor-widget-container\">\n\t\t\t\t\t\t\t\t\t<p>From the opening of the caf\u00e9s cantantes (flamenco caf\u00e9s), great figures of flamenco began to emerge, revolutionizing this art form. In dance, we can highlight Juana Vargas \u201cLa Macarrona,\u201d Magdalena Seda \u201cLa Malena,\u201d and later Mario Maya, Antonio Gades, Carmen Amaya, Sara Baras, Antonio Canales, and currently Manuel Li\u00f1\u00e1n, Bel\u00e9n L\u00f3pez, and others. In singing: La Ni\u00f1a de los Peines, Camar\u00f3n de la Isla, Manolo el Caracol, Lola Flores, Enrique Morente, Jos\u00e9 Merc\u00e9, Israel Fern\u00e1ndez, and others. In guitar: Sabicas, Paco de Luc\u00eda, Manolo Sanl\u00facar, Vicente Amigo, Antonio Rey\u2026<\/p>\t\t\t\t\t\t\t\t<\/div>\n\t\t\t\t<\/div>\n\t\t<div class=\"elementor-element elementor-element-a1cc105 e-flex e-con-boxed e-con e-child\" data-id=\"a1cc105\" data-element_type=\"container\" data-e-type=\"container\" data-settings=\"{&quot;background_background&quot;:&quot;classic&quot;}\">\n\t\t\t\t\t<div class=\"e-con-inner\">\n\t\t\t\t\t<\/div>\n\t\t\t\t<\/div>\n\t\t\t\t\t<\/div>\n\t\t\t\t<\/div>\n\t\t\t\t<div class=\"elementor-element elementor-element-62cd3d3 elementor-widget elementor-widget-heading\" data-id=\"62cd3d3\" data-element_type=\"widget\" data-e-type=\"widget\" data-widget_type=\"heading.default\">\n\t\t\t\t<div class=\"elementor-widget-container\">\n\t\t\t\t\t<h2 class=\"elementor-heading-title elementor-size-default\">Flamenco Styles and Forms<\/h2>\t\t\t\t<\/div>\n\t\t\t\t<\/div>\n\t\t<div class=\"elementor-element elementor-element-2d394c6 e-flex e-con-boxed e-con e-child\" data-id=\"2d394c6\" data-element_type=\"container\" data-e-type=\"container\">\n\t\t\t\t\t<div class=\"e-con-inner\">\n\t\t<div class=\"elementor-element elementor-element-7ef5c42 e-con-full e-flex e-con e-child\" data-id=\"7ef5c42\" data-element_type=\"container\" data-e-type=\"container\" data-settings=\"{&quot;background_background&quot;:&quot;classic&quot;}\">\n\t\t\t\t<\/div>\n\t\t\t\t<div class=\"elementor-element elementor-element-04d197a elementor-widget elementor-widget-text-editor\" data-id=\"04d197a\" data-element_type=\"widget\" data-e-type=\"widget\" data-widget_type=\"text-editor.default\">\n\t\t\t\t<div class=\"elementor-widget-container\">\n\t\t\t\t\t\t\t\t\t<p>There are many styles and forms of Flamenco. They are divided into various families. One classification can be by rhythm.<\/p>\n<p>We find styles that have a 12-beat rhythm: Alegr\u00edas, Buler\u00edas, Sole\u00e1, sole\u00e1 por buler\u00edas, guajira\u2026<\/p>\n<p>4\/4 time signature: Tientos, tangos, farruca, garrot\u00edn, taranto\u2026<\/p>\n<p>3\/4 time signature: Sevillanas or Fandangos<\/p>\t\t\t\t\t\t\t\t<\/div>\n\t\t\t\t<\/div>\n\t\t\t\t\t<\/div>\n\t\t\t\t<\/div>\n\t\t\t\t<div class=\"elementor-element elementor-element-043385f elementor-widget elementor-widget-heading\" data-id=\"043385f\" data-element_type=\"widget\" data-e-type=\"widget\" data-widget_type=\"heading.default\">\n\t\t\t\t<div class=\"elementor-widget-container\">\n\t\t\t\t\t<h2 class=\"elementor-heading-title elementor-size-default\">Influence of flamenco on Spanish culture<\/h2>\t\t\t\t<\/div>\n\t\t\t\t<\/div>\n\t\t<div class=\"elementor-element elementor-element-a6ce774 e-flex e-con-boxed e-con e-child\" data-id=\"a6ce774\" data-element_type=\"container\" data-e-type=\"container\">\n\t\t\t\t\t<div class=\"e-con-inner\">\n\t\t\t\t<div class=\"elementor-element elementor-element-61b21b8 elementor-widget__width-initial elementor-widget elementor-widget-text-editor\" data-id=\"61b21b8\" data-element_type=\"widget\" data-e-type=\"widget\" data-widget_type=\"text-editor.default\">\n\t\t\t\t<div class=\"elementor-widget-container\">\n\t\t\t\t\t\t\t\t\t<p>Flamenco is an art form characteristic of Spanish and Andalusian culture, although its cultural impact extends far beyond Spain&#039;s borders, being recognized worldwide. It is considered Intangible Cultural Heritage by UNESCO and has been an important part of Spanish identity for centuries. Therefore, flamenco is a cultural and artistic treasure that transcends borders and defines our culture, the Spanish one. At Tablao Flamenco Alma, we have set out to transmit all these values of flamenco in its purest and most expressive form.<\/p>\t\t\t\t\t\t\t\t<\/div>\n\t\t\t\t<\/div>\n\t\t\t\t<div class=\"elementor-element elementor-element-7806677 elementor-widget elementor-widget-image\" data-id=\"7806677\" data-element_type=\"widget\" data-e-type=\"widget\" data-widget_type=\"image.default\">\n\t\t\t\t<div class=\"elementor-widget-container\">\n\t\t\t\t\t\t\t\t\t\t\t\t\t\t\t<img fetchpriority=\"high\" decoding=\"async\" width=\"1024\" height=\"683\" src=\"https:\/\/tablaoflamencoalma.com\/wp-content\/uploads\/2024\/03\/la-que-falta-color-v2-1024x683.jpg\" class=\"attachment-large size-large wp-image-3383\" alt=\"the one that&#039;s missing color v2\" srcset=\"https:\/\/tablaoflamencoalma.com\/wp-content\/uploads\/2024\/03\/la-que-falta-color-v2-1024x683.jpg 1024w, https:\/\/tablaoflamencoalma.com\/wp-content\/uploads\/2024\/03\/la-que-falta-color-v2-300x200.jpg 300w, https:\/\/tablaoflamencoalma.com\/wp-content\/uploads\/2024\/03\/la-que-falta-color-v2-768x512.jpg 768w, https:\/\/tablaoflamencoalma.com\/wp-content\/uploads\/2024\/03\/la-que-falta-color-v2-1536x1024.jpg 1536w, https:\/\/tablaoflamencoalma.com\/wp-content\/uploads\/2024\/03\/la-que-falta-color-v2-2048x1366.jpg 2048w\" sizes=\"(max-width: 1024px) 100vw, 1024px\" \/>\t\t\t\t\t\t\t\t\t\t\t\t\t\t\t<\/div>\n\t\t\t\t<\/div>\n\t\t\t\t\t<\/div>\n\t\t\t\t<\/div>\n\t\t\t\t\t<\/div>\n\t\t\t\t<\/div>\n\t\t\t\t\t<\/div>\n\t\t\t\t<\/div>\n\t\t\t\t<\/div>","protected":false},"excerpt":{"rendered":"<p>Or\u00edgenes del flamenco Seg\u00fan la Organizaci\u00f3n de las Naciones Unidas para la Educaci\u00f3n, la Ciencia y la Cultura (UNESCO) el arte flamenco es \u201cuna expresi\u00f3n art\u00edstica resultante de la fusi\u00f3n de la m\u00fasica vocal, el arte de la danza y el acompa\u00f1amiento musical denominados respectivamente cante, baile y toque\u201d. El flamenco es una expresi\u00f3n art\u00edstica [&hellip;]<\/p>\n","protected":false},"author":3,"featured_media":3383,"comment_status":"open","ping_status":"closed","sticky":false,"template":"","format":"standard","meta":{"site-sidebar-layout":"no-sidebar","site-content-layout":"page-builder","ast-site-content-layout":"full-width-container","site-content-style":"unboxed","site-sidebar-style":"unboxed","ast-global-header-display":"","ast-banner-title-visibility":"","ast-main-header-display":"","ast-hfb-above-header-display":"","ast-hfb-below-header-display":"","ast-hfb-mobile-header-display":"","site-post-title":"disabled","ast-breadcrumbs-content":"","ast-featured-img":"disabled","footer-sml-layout":"","theme-transparent-header-meta":"enabled","adv-header-id-meta":"","stick-header-meta":"","header-above-stick-meta":"","header-main-stick-meta":"","header-below-stick-meta":"","astra-migrate-meta-layouts":"set","ast-page-background-enabled":"default","ast-page-background-meta":{"desktop":{"background-color":"var(--ast-global-color-4)","background-image":"","background-repeat":"repeat","background-position":"center center","background-size":"auto","background-attachment":"scroll","background-type":"","background-media":"","overlay-type":"","overlay-color":"","overlay-opacity":"","overlay-gradient":""},"tablet":{"background-color":"","background-image":"","background-repeat":"repeat","background-position":"center center","background-size":"auto","background-attachment":"scroll","background-type":"","background-media":"","overlay-type":"","overlay-color":"","overlay-opacity":"","overlay-gradient":""},"mobile":{"background-color":"","background-image":"","background-repeat":"repeat","background-position":"center center","background-size":"auto","background-attachment":"scroll","background-type":"","background-media":"","overlay-type":"","overlay-color":"","overlay-opacity":"","overlay-gradient":""}},"ast-content-background-meta":{"desktop":{"background-color":"var(--ast-global-color-5)","background-image":"","background-repeat":"repeat","background-position":"center center","background-size":"auto","background-attachment":"scroll","background-type":"","background-media":"","overlay-type":"","overlay-color":"","overlay-opacity":"","overlay-gradient":""},"tablet":{"background-color":"var(--ast-global-color-5)","background-image":"","background-repeat":"repeat","background-position":"center center","background-size":"auto","background-attachment":"scroll","background-type":"","background-media":"","overlay-type":"","overlay-color":"","overlay-opacity":"","overlay-gradient":""},"mobile":{"background-color":"var(--ast-global-color-5)","background-image":"","background-repeat":"repeat","background-position":"center center","background-size":"auto","background-attachment":"scroll","background-type":"","background-media":"","overlay-type":"","overlay-color":"","overlay-opacity":"","overlay-gradient":""}},"footnotes":""},"categories":[10],"tags":[],"class_list":["post-3185","post","type-post","status-publish","format-standard","has-post-thumbnail","hentry","category-historia"],"yoast_head":"<!-- This site is optimized with the Yoast SEO plugin v28.4 - https:\/\/yoast.com\/product\/yoast-seo-wordpress\/ -->\n<title>Historia del flamenco - Tablao Flamenco Alma<\/title>\n<meta name=\"description\" content=\"Descubre el apasionante viaje del flamenco a trav\u00e9s del tiempo. Desde sus or\u00edgenes en Andaluc\u00eda hasta su evoluci\u00f3n en los tablaos y escenarios del mundo.\" \/>\n<meta name=\"robots\" content=\"index, follow, max-snippet:-1, max-image-preview:large, max-video-preview:-1\" \/>\n<link rel=\"canonical\" href=\"https:\/\/tablaoflamencoalma.com\/en\/history-of-flamenco\/\" \/>\n<meta property=\"og:locale\" content=\"en_GB\" \/>\n<meta property=\"og:type\" content=\"article\" \/>\n<meta property=\"og:title\" content=\"Historia del flamenco - Tablao Flamenco Alma\" \/>\n<meta property=\"og:description\" content=\"Descubre el apasionante viaje del flamenco a trav\u00e9s del tiempo. Desde sus or\u00edgenes en Andaluc\u00eda hasta su evoluci\u00f3n en los tablaos y escenarios del mundo.\" \/>\n<meta property=\"og:url\" content=\"https:\/\/tablaoflamencoalma.com\/en\/history-of-flamenco\/\" \/>\n<meta property=\"og:site_name\" content=\"Tablao Flamenco Alma\" \/>\n<meta property=\"article:publisher\" content=\"https:\/\/www.facebook.com\/tablaoflamencoalma\" \/>\n<meta property=\"article:published_time\" content=\"2024-03-16T13:13:31+00:00\" \/>\n<meta property=\"article:modified_time\" content=\"2025-03-12T18:37:49+00:00\" \/>\n<meta property=\"og:image\" content=\"https:\/\/tablaoflamencoalma.com\/wp-content\/uploads\/2024\/03\/la-que-falta-color-v2-scaled.jpg\" \/>\n\t<meta property=\"og:image:width\" content=\"2560\" \/>\n\t<meta property=\"og:image:height\" content=\"1707\" \/>\n\t<meta property=\"og:image:type\" content=\"image\/jpeg\" \/>\n<meta name=\"author\" content=\"Tablao Flamenco Alma\" \/>\n<meta name=\"twitter:card\" content=\"summary_large_image\" \/>\n<meta name=\"twitter:label1\" content=\"Written by\" \/>\n\t<meta name=\"twitter:data1\" content=\"Tablao Flamenco Alma\" \/>\n\t<meta name=\"twitter:label2\" content=\"Estimated reading time\" \/>\n\t<meta name=\"twitter:data2\" content=\"3 minutes\" \/>\n<script type=\"application\/ld+json\" class=\"yoast-schema-graph\">{\"@context\":\"https:\\\/\\\/schema.org\",\"@graph\":[{\"@type\":\"Article\",\"@id\":\"https:\\\/\\\/tablaoflamencoalma.com\\\/historia-del-flamenco\\\/#article\",\"isPartOf\":{\"@id\":\"https:\\\/\\\/tablaoflamencoalma.com\\\/historia-del-flamenco\\\/\"},\"author\":{\"name\":\"Tablao Flamenco Alma\",\"@id\":\"https:\\\/\\\/tablaoflamencoalma.com\\\/#\\\/schema\\\/person\\\/9d0c2a9a099918689427e2a0b2dd0f5c\"},\"headline\":\"Historia del flamenco\",\"datePublished\":\"2024-03-16T13:13:31+00:00\",\"dateModified\":\"2025-03-12T18:37:49+00:00\",\"mainEntityOfPage\":{\"@id\":\"https:\\\/\\\/tablaoflamencoalma.com\\\/historia-del-flamenco\\\/\"},\"wordCount\":560,\"commentCount\":0,\"publisher\":{\"@id\":\"https:\\\/\\\/tablaoflamencoalma.com\\\/#organization\"},\"image\":{\"@id\":\"https:\\\/\\\/tablaoflamencoalma.com\\\/historia-del-flamenco\\\/#primaryimage\"},\"thumbnailUrl\":\"https:\\\/\\\/tablaoflamencoalma.com\\\/wp-content\\\/uploads\\\/2024\\\/03\\\/la-que-falta-color-v2.jpg\",\"articleSection\":[\"Historia\"],\"inLanguage\":\"en-GB\",\"potentialAction\":[{\"@type\":\"CommentAction\",\"name\":\"Comment\",\"target\":[\"https:\\\/\\\/tablaoflamencoalma.com\\\/historia-del-flamenco\\\/#respond\"]}]},{\"@type\":\"WebPage\",\"@id\":\"https:\\\/\\\/tablaoflamencoalma.com\\\/historia-del-flamenco\\\/\",\"url\":\"https:\\\/\\\/tablaoflamencoalma.com\\\/historia-del-flamenco\\\/\",\"name\":\"Historia del flamenco - Tablao Flamenco Alma\",\"isPartOf\":{\"@id\":\"https:\\\/\\\/tablaoflamencoalma.com\\\/#website\"},\"primaryImageOfPage\":{\"@id\":\"https:\\\/\\\/tablaoflamencoalma.com\\\/historia-del-flamenco\\\/#primaryimage\"},\"image\":{\"@id\":\"https:\\\/\\\/tablaoflamencoalma.com\\\/historia-del-flamenco\\\/#primaryimage\"},\"thumbnailUrl\":\"https:\\\/\\\/tablaoflamencoalma.com\\\/wp-content\\\/uploads\\\/2024\\\/03\\\/la-que-falta-color-v2.jpg\",\"datePublished\":\"2024-03-16T13:13:31+00:00\",\"dateModified\":\"2025-03-12T18:37:49+00:00\",\"description\":\"Descubre el apasionante viaje del flamenco a trav\u00e9s del tiempo. Desde sus or\u00edgenes en Andaluc\u00eda hasta su evoluci\u00f3n en los tablaos y escenarios del mundo.\",\"breadcrumb\":{\"@id\":\"https:\\\/\\\/tablaoflamencoalma.com\\\/historia-del-flamenco\\\/#breadcrumb\"},\"inLanguage\":\"en-GB\",\"potentialAction\":[{\"@type\":\"ReadAction\",\"target\":[\"https:\\\/\\\/tablaoflamencoalma.com\\\/historia-del-flamenco\\\/\"]}]},{\"@type\":\"ImageObject\",\"inLanguage\":\"en-GB\",\"@id\":\"https:\\\/\\\/tablaoflamencoalma.com\\\/historia-del-flamenco\\\/#primaryimage\",\"url\":\"https:\\\/\\\/tablaoflamencoalma.com\\\/wp-content\\\/uploads\\\/2024\\\/03\\\/la-que-falta-color-v2.jpg\",\"contentUrl\":\"https:\\\/\\\/tablaoflamencoalma.com\\\/wp-content\\\/uploads\\\/2024\\\/03\\\/la-que-falta-color-v2.jpg\",\"width\":2560,\"height\":1707,\"caption\":\"la que falta color v2\"},{\"@type\":\"BreadcrumbList\",\"@id\":\"https:\\\/\\\/tablaoflamencoalma.com\\\/historia-del-flamenco\\\/#breadcrumb\",\"itemListElement\":[{\"@type\":\"ListItem\",\"position\":1,\"name\":\"Portada\",\"item\":\"https:\\\/\\\/tablaoflamencoalma.com\\\/\"},{\"@type\":\"ListItem\",\"position\":2,\"name\":\"Historia del flamenco\"}]},{\"@type\":\"WebSite\",\"@id\":\"https:\\\/\\\/tablaoflamencoalma.com\\\/#website\",\"url\":\"https:\\\/\\\/tablaoflamencoalma.com\\\/\",\"name\":\"Tablao Flamenco Alma\",\"description\":\"Tablao Flamenco Alma\",\"publisher\":{\"@id\":\"https:\\\/\\\/tablaoflamencoalma.com\\\/#organization\"},\"potentialAction\":[{\"@type\":\"SearchAction\",\"target\":{\"@type\":\"EntryPoint\",\"urlTemplate\":\"https:\\\/\\\/tablaoflamencoalma.com\\\/?s={search_term_string}\"},\"query-input\":{\"@type\":\"PropertyValueSpecification\",\"valueRequired\":true,\"valueName\":\"search_term_string\"}}],\"inLanguage\":\"en-GB\"},{\"@type\":\"Organization\",\"@id\":\"https:\\\/\\\/tablaoflamencoalma.com\\\/#organization\",\"name\":\"Tablao Flamenco Alma\",\"url\":\"https:\\\/\\\/tablaoflamencoalma.com\\\/\",\"logo\":{\"@type\":\"ImageObject\",\"inLanguage\":\"en-GB\",\"@id\":\"https:\\\/\\\/tablaoflamencoalma.com\\\/#\\\/schema\\\/logo\\\/image\\\/\",\"url\":\"https:\\\/\\\/tablaoflamencoalma.com\\\/wp-content\\\/uploads\\\/2024\\\/01\\\/cropped-tablao-flamenco-alma-01-04.png\",\"contentUrl\":\"https:\\\/\\\/tablaoflamencoalma.com\\\/wp-content\\\/uploads\\\/2024\\\/01\\\/cropped-tablao-flamenco-alma-01-04.png\",\"width\":512,\"height\":512,\"caption\":\"Tablao Flamenco Alma\"},\"image\":{\"@id\":\"https:\\\/\\\/tablaoflamencoalma.com\\\/#\\\/schema\\\/logo\\\/image\\\/\"},\"sameAs\":[\"https:\\\/\\\/www.facebook.com\\\/tablaoflamencoalma\",\"https:\\\/\\\/www.instagram.com\\\/tablaoflamencoalma\"]},{\"@type\":\"Person\",\"@id\":\"https:\\\/\\\/tablaoflamencoalma.com\\\/#\\\/schema\\\/person\\\/9d0c2a9a099918689427e2a0b2dd0f5c\",\"name\":\"Tablao Flamenco Alma\",\"image\":{\"@type\":\"ImageObject\",\"inLanguage\":\"en-GB\",\"@id\":\"https:\\\/\\\/tablaoflamencoalma.com\\\/wp-content\\\/litespeed\\\/avatar\\\/797b83aa1ddf30f355ead08e864f8dad.jpg?ver=1788140548\",\"url\":\"https:\\\/\\\/tablaoflamencoalma.com\\\/wp-content\\\/litespeed\\\/avatar\\\/797b83aa1ddf30f355ead08e864f8dad.jpg?ver=1788140548\",\"contentUrl\":\"https:\\\/\\\/tablaoflamencoalma.com\\\/wp-content\\\/litespeed\\\/avatar\\\/797b83aa1ddf30f355ead08e864f8dad.jpg?ver=1788140548\",\"caption\":\"Tablao Flamenco Alma\"},\"url\":\"https:\\\/\\\/tablaoflamencoalma.com\\\/en\\\/author\\\/flamencoalma\\\/\"}]}<\/script>\n<!-- \/ Yoast SEO plugin. -->","yoast_head_json":{"title":"History of flamenco - Tablao Flamenco Alma","description":"Discover the fascinating journey of flamenco through time. From its origins in Andalusia to its evolution in flamenco venues and stages around the world.","robots":{"index":"index","follow":"follow","max-snippet":"max-snippet:-1","max-image-preview":"max-image-preview:large","max-video-preview":"max-video-preview:-1"},"canonical":"https:\/\/tablaoflamencoalma.com\/en\/history-of-flamenco\/","og_locale":"en_GB","og_type":"article","og_title":"Historia del flamenco - Tablao Flamenco Alma","og_description":"Descubre el apasionante viaje del flamenco a trav\u00e9s del tiempo. Desde sus or\u00edgenes en Andaluc\u00eda hasta su evoluci\u00f3n en los tablaos y escenarios del mundo.","og_url":"https:\/\/tablaoflamencoalma.com\/en\/history-of-flamenco\/","og_site_name":"Tablao Flamenco Alma","article_publisher":"https:\/\/www.facebook.com\/tablaoflamencoalma","article_published_time":"2024-03-16T13:13:31+00:00","article_modified_time":"2025-03-12T18:37:49+00:00","og_image":[{"width":2560,"height":1707,"url":"https:\/\/tablaoflamencoalma.com\/wp-content\/uploads\/2024\/03\/la-que-falta-color-v2-scaled.jpg","type":"image\/jpeg"}],"author":"Tablao Flamenco Alma","twitter_card":"summary_large_image","twitter_misc":{"Written by":"Tablao Flamenco Alma","Estimated reading time":"3 minutes"},"schema":{"@context":"https:\/\/schema.org","@graph":[{"@type":"Article","@id":"https:\/\/tablaoflamencoalma.com\/historia-del-flamenco\/#article","isPartOf":{"@id":"https:\/\/tablaoflamencoalma.com\/historia-del-flamenco\/"},"author":{"name":"Tablao Flamenco Alma","@id":"https:\/\/tablaoflamencoalma.com\/#\/schema\/person\/9d0c2a9a099918689427e2a0b2dd0f5c"},"headline":"Historia del flamenco","datePublished":"2024-03-16T13:13:31+00:00","dateModified":"2025-03-12T18:37:49+00:00","mainEntityOfPage":{"@id":"https:\/\/tablaoflamencoalma.com\/historia-del-flamenco\/"},"wordCount":560,"commentCount":0,"publisher":{"@id":"https:\/\/tablaoflamencoalma.com\/#organization"},"image":{"@id":"https:\/\/tablaoflamencoalma.com\/historia-del-flamenco\/#primaryimage"},"thumbnailUrl":"https:\/\/tablaoflamencoalma.com\/wp-content\/uploads\/2024\/03\/la-que-falta-color-v2.jpg","articleSection":["Historia"],"inLanguage":"en-GB","potentialAction":[{"@type":"CommentAction","name":"Comment","target":["https:\/\/tablaoflamencoalma.com\/historia-del-flamenco\/#respond"]}]},{"@type":"WebPage","@id":"https:\/\/tablaoflamencoalma.com\/historia-del-flamenco\/","url":"https:\/\/tablaoflamencoalma.com\/historia-del-flamenco\/","name":"History of flamenco - Tablao Flamenco Alma","isPartOf":{"@id":"https:\/\/tablaoflamencoalma.com\/#website"},"primaryImageOfPage":{"@id":"https:\/\/tablaoflamencoalma.com\/historia-del-flamenco\/#primaryimage"},"image":{"@id":"https:\/\/tablaoflamencoalma.com\/historia-del-flamenco\/#primaryimage"},"thumbnailUrl":"https:\/\/tablaoflamencoalma.com\/wp-content\/uploads\/2024\/03\/la-que-falta-color-v2.jpg","datePublished":"2024-03-16T13:13:31+00:00","dateModified":"2025-03-12T18:37:49+00:00","description":"Discover the fascinating journey of flamenco through time. From its origins in Andalusia to its evolution in flamenco venues and stages around the world.","breadcrumb":{"@id":"https:\/\/tablaoflamencoalma.com\/historia-del-flamenco\/#breadcrumb"},"inLanguage":"en-GB","potentialAction":[{"@type":"ReadAction","target":["https:\/\/tablaoflamencoalma.com\/historia-del-flamenco\/"]}]},{"@type":"ImageObject","inLanguage":"en-GB","@id":"https:\/\/tablaoflamencoalma.com\/historia-del-flamenco\/#primaryimage","url":"https:\/\/tablaoflamencoalma.com\/wp-content\/uploads\/2024\/03\/la-que-falta-color-v2.jpg","contentUrl":"https:\/\/tablaoflamencoalma.com\/wp-content\/uploads\/2024\/03\/la-que-falta-color-v2.jpg","width":2560,"height":1707,"caption":"la que falta color v2"},{"@type":"BreadcrumbList","@id":"https:\/\/tablaoflamencoalma.com\/historia-del-flamenco\/#breadcrumb","itemListElement":[{"@type":"ListItem","position":1,"name":"Portada","item":"https:\/\/tablaoflamencoalma.com\/"},{"@type":"ListItem","position":2,"name":"Historia del flamenco"}]},{"@type":"WebSite","@id":"https:\/\/tablaoflamencoalma.com\/#website","url":"https:\/\/tablaoflamencoalma.com\/","name":"Alma Flamenco Tablao","description":"Alma Flamenco Tablao","publisher":{"@id":"https:\/\/tablaoflamencoalma.com\/#organization"},"potentialAction":[{"@type":"SearchAction","target":{"@type":"EntryPoint","urlTemplate":"https:\/\/tablaoflamencoalma.com\/?s={search_term_string}"},"query-input":{"@type":"PropertyValueSpecification","valueRequired":true,"valueName":"search_term_string"}}],"inLanguage":"en-GB"},{"@type":"Organization","@id":"https:\/\/tablaoflamencoalma.com\/#organization","name":"Alma Flamenco Tablao","url":"https:\/\/tablaoflamencoalma.com\/","logo":{"@type":"ImageObject","inLanguage":"en-GB","@id":"https:\/\/tablaoflamencoalma.com\/#\/schema\/logo\/image\/","url":"https:\/\/tablaoflamencoalma.com\/wp-content\/uploads\/2024\/01\/cropped-tablao-flamenco-alma-01-04.png","contentUrl":"https:\/\/tablaoflamencoalma.com\/wp-content\/uploads\/2024\/01\/cropped-tablao-flamenco-alma-01-04.png","width":512,"height":512,"caption":"Tablao Flamenco Alma"},"image":{"@id":"https:\/\/tablaoflamencoalma.com\/#\/schema\/logo\/image\/"},"sameAs":["https:\/\/www.facebook.com\/tablaoflamencoalma","https:\/\/www.instagram.com\/tablaoflamencoalma"]},{"@type":"Person","@id":"https:\/\/tablaoflamencoalma.com\/#\/schema\/person\/9d0c2a9a099918689427e2a0b2dd0f5c","name":"Alma Flamenco Tablao","image":{"@type":"ImageObject","inLanguage":"en-GB","@id":"https:\/\/tablaoflamencoalma.com\/wp-content\/litespeed\/avatar\/797b83aa1ddf30f355ead08e864f8dad.jpg?ver=1788140548","url":"https:\/\/tablaoflamencoalma.com\/wp-content\/litespeed\/avatar\/797b83aa1ddf30f355ead08e864f8dad.jpg?ver=1788140548","contentUrl":"https:\/\/tablaoflamencoalma.com\/wp-content\/litespeed\/avatar\/797b83aa1ddf30f355ead08e864f8dad.jpg?ver=1788140548","caption":"Tablao Flamenco Alma"},"url":"https:\/\/tablaoflamencoalma.com\/en\/author\/flamencoalma\/"}]}},"_links":{"self":[{"href":"https:\/\/tablaoflamencoalma.com\/en\/wp-json\/wp\/v2\/posts\/3185","targetHints":{"allow":["GET"]}}],"collection":[{"href":"https:\/\/tablaoflamencoalma.com\/en\/wp-json\/wp\/v2\/posts"}],"about":[{"href":"https:\/\/tablaoflamencoalma.com\/en\/wp-json\/wp\/v2\/types\/post"}],"author":[{"embeddable":true,"href":"https:\/\/tablaoflamencoalma.com\/en\/wp-json\/wp\/v2\/users\/3"}],"replies":[{"embeddable":true,"href":"https:\/\/tablaoflamencoalma.com\/en\/wp-json\/wp\/v2\/comments?post=3185"}],"version-history":[{"count":46,"href":"https:\/\/tablaoflamencoalma.com\/en\/wp-json\/wp\/v2\/posts\/3185\/revisions"}],"predecessor-version":[{"id":5224,"href":"https:\/\/tablaoflamencoalma.com\/en\/wp-json\/wp\/v2\/posts\/3185\/revisions\/5224"}],"wp:featuredmedia":[{"embeddable":true,"href":"https:\/\/tablaoflamencoalma.com\/en\/wp-json\/wp\/v2\/media\/3383"}],"wp:attachment":[{"href":"https:\/\/tablaoflamencoalma.com\/en\/wp-json\/wp\/v2\/media?parent=3185"}],"wp:term":[{"taxonomy":"category","embeddable":true,"href":"https:\/\/tablaoflamencoalma.com\/en\/wp-json\/wp\/v2\/categories?post=3185"},{"taxonomy":"post_tag","embeddable":true,"href":"https:\/\/tablaoflamencoalma.com\/en\/wp-json\/wp\/v2\/tags?post=3185"}],"curies":[{"name":"wp","href":"https:\/\/api.w.org\/{rel}","templated":true}]}}