{"id":8029,"date":"2026-07-02T22:48:48","date_gmt":"2026-07-02T21:48:48","guid":{"rendered":"https:\/\/tablaoflamencoalma.com\/?p=8029"},"modified":"2026-07-03T12:47:11","modified_gmt":"2026-07-03T11:47:11","slug":"que-ver-en-palma-en-un-dia-tablao-flamenco-alma","status":"publish","type":"post","link":"https:\/\/tablaoflamencoalma.com\/de\/que-ver-en-palma-en-un-dia-tablao-flamenco-alma\/","title":{"rendered":"Eine Zeitreise: Entdecken Sie die Altstadt von Palma und den Zauber des Tablao Flamenco Alma"},"content":{"rendered":"<p class=\"wp-block-paragraph\">Kannst du dir vorstellen, durch gepflasterte Stra\u00dfen zu schlendern, die jahrhundertealte Geschichte atmen, und nur wenige Stunden sp\u00e4ter vom Klackern der Abs\u00e4tze und dem Zauber reinster Kunst mitgerissen zu werden? Palma de Mallorca ist eine Stadt voller magischer Kontraste. Ihr mediterranes Licht, ihre imposante Architektur und ihr pulsierendes kulturelles Angebot machen sie zu einem weltweit einzigartigen Reiseziel.<\/p>\n\n\n\n<p class=\"wp-block-paragraph\">Wenn du deinen Besuch planst und dich fragst, <strong>Was man in Palma an einem Tag sehen kann<\/strong>, dann haben wir die perfekte L\u00f6sung f\u00fcr dich. Wir bieten dir eine unvergessliche Zeitreise: einen Ausflug, der eine <strong>Rundgang durch die Altstadt von Palma<\/strong> mit der andalusischen Kraft unseres <a href=\"https:\/\/tablaoflamencoalma.com\/de\/\">Flamenco-Lokal \u201eAlma\u201c<\/a>, der ideale kr\u00f6nende Abschluss eines perfekten Tages.<\/p>\n\n\n\n<div style=\"height:50px\" aria-hidden=\"true\" class=\"wp-block-spacer\"><\/div>\n\n\n\n<h2 class=\"wp-block-heading has-text-align-left\">Rundgang durch die Altstadt von Palma: Ein Rundgang zu den Sehensw\u00fcrdigkeiten am Vormittag<\/h2>\n\n\n\n<p class=\"wp-block-paragraph\">Um das Beste aus deinem Tag zu machen, empfehlen wir dir, fr\u00fch im historischen Stadtkern zu beginnen. Das Zentrum von Palma ist ein Labyrinth voller Sch\u00f6nheit, in dem jede Ecke eine Geschichte erz\u00e4hlt. Diese <strong>Rundgang durch die Altstadt von Palma<\/strong> f\u00fchrt dich durch die wichtigsten <strong>Sehensw\u00fcrdigkeiten in Palma de Mallorca<\/strong>.<\/p>\n\n\n\n<h3 class=\"wp-block-heading\">Die Erhabenheit der gotischen Kathedrale Santa Mar\u00eda de Palma (La Seu)<\/h3>\n\n\n\n<p class=\"wp-block-paragraph\">Es gibt keinen besseren Ort f\u00fcr den Start als La Seu, die spektakul\u00e4re gotische Kathedrale, die die Bucht \u00fcberragt. Direkt am Meer erbaut, werden ihr ber\u00fchmtes Rosettenfenster \u2013 bekannt als \u201cdas Auge der Gotik\u201d \u2013 und ihr imposantes Mittelschiff Ihnen den Atem rauben. Sie ist das Wahrzeichen der Insel und ein absolutes Muss bei jedem <strong>Kulturprogramm in Palma<\/strong>.<\/p>\n\n\n\n<h3 class=\"wp-block-heading\">Der K\u00f6nigspalast von Almudaina und das Gewicht der Geschichte<\/h3>\n\n\n\n<p class=\"wp-block-paragraph\">Direkt gegen\u00fcber der Kathedrale erhebt sich der K\u00f6nigspalast La Almudaina, eine Festung r\u00f6mischen und muslimischen Ursprungs, die die christlichen K\u00f6nige zu ihrer Residenz auf Mallorca umgestalteten. Seine Innenh\u00f6fe, Wandteppiche und G\u00e4rten versetzen Sie sofort in das Mittelalter.<\/p>\n\n\n\n<h3 class=\"wp-block-heading\">Sich in den historischen Gassen und Innenh\u00f6fen Mallorcas verlieren<\/h3>\n\n\n\n<p class=\"wp-block-paragraph\">Nachdem Sie die gro\u00dfen Sehensw\u00fcrdigkeiten besichtigt haben, empfiehlt es sich am besten, sich einfach treiben zu lassen. Die Altstadt von Palma ist ber\u00fchmt f\u00fcr ihre herrschaftlichen Innenh\u00f6fe (Patios mallorquines), die Sie durch die Steinportale erahnen k\u00f6nnen. Es ist ein beschaulicher Spaziergang, bei dem Eile keinen Platz hat.<\/p>\n\n\n\n<div style=\"height:50px\" aria-hidden=\"true\" class=\"wp-block-spacer\"><\/div>\n\n\n\n<h2 class=\"wp-block-heading has-text-align-left\">Was man in Palma unternehmen kann: Unverzichtbare Erlebnisse f\u00fcr Ihren Tag<\/h2>\n\n\n\n<p class=\"wp-block-paragraph\">Neben dem historischen Stadtkern bietet die Stadt unz\u00e4hlige M\u00f6glichkeiten, deinen Tag abzurunden \u2013 ideal sowohl f\u00fcr Einheimische, die ihre Stadt neu entdecken, als auch f\u00fcr internationale und inl\u00e4ndische Reisende. Wenn du nach Ideen suchst f\u00fcr <strong>Was man in Palma unternehmen kann<\/strong>, hier sind f\u00fcnf tolle Vorschl\u00e4ge:<\/p>\n\n\n\n<ol start=\"1\" class=\"wp-block-list\">\n<li><strong>Eine Pause auf der Plaza Mayor:<\/strong> G\u00f6nne dir eine Pause auf dem Hauptplatz von Palma de Mallorca, w\u00e4hrend du das Treiben beobachtest und dich in den Bars mit Terrasse entspannst. Du brauchst nur ein k\u00fchles Erfrischungsgetr\u00e4nk und ein wenig Ruhe, um das angenehme mallorquinische Klima in einer herrlichen Umgebung zu genie\u00dfen.<\/li>\n\n\n\n<li><strong>Das Aquarium von Palma bestaunen:<\/strong> Begeben Sie sich auf eine Reise durch alle Ozeane der Welt, ohne Mallorca zu verlassen. Entdecken Sie auf dieser fantastischen Reise durch die Tiefen des Meeres jedes einzelne der bestgeh\u00fcteten Geheimnisse der Meereswelt. Genie\u00dfen Sie neue Erlebnisse und Begegnungen mit den Bewohnern des Aquariums.<\/li>\n\n\n\n<li><strong>Besichtigung der Burg Bellver:<\/strong> Die Burg Bellver ist ein einzigartiges, rundes Bauwerk aus dem 14. Jahrhundert. Sie liegt auf einem wundersch\u00f6nen Gel\u00e4nde inmitten duftender Pinienw\u00e4lder und beherbergt ein faszinierendes Museum zur Geschichte von Palma de Mallorca. Sie ist eine der am besten erhaltenen mittelalterlichen Burgen, die man finden kann, und ein Besuch dort ist wirklich wie eine Reise in die Vergangenheit, vor allem, wenn man durch die Innenh\u00f6fe und Kreuzg\u00e4nge schlendert und der Fantasie freien Lauf l\u00e4sst. Bellver ist besonders beliebt wegen der herrlichen Ausblicke, die man von den oberen Etagen auf die Stadt und den Hafen genie\u00dfen kann.<\/li>\n\n\n\n<li><strong>Moderne Kunst genie\u00dfen:<\/strong> Es Baluard ist das Museum f\u00fcr moderne und zeitgen\u00f6ssische Kunst in Palma de Mallorca. Dieser Museumsraum befindet sich in einer Bastion aus dem 16. Jahrhundert, doch die ausgestellten Sammlungen sind modern und konzentrieren sich auf K\u00fcnstler des 20. und 21. Jahrhunderts, die eine Verbindung zu den Balearen haben. Auch das Innere ist modern und lichtdurchflutet und hat sich zu einem idealen Ort f\u00fcr die Pr\u00e4sentation beeindruckender Ausstellungen entwickelt. Wenn Sie in Palma de Mallorca sind und ein kulturelles Erlebnis auf hohem Niveau suchen, ist dies der Ort, den Sie besuchen sollten.<\/li>\n\n\n\n<li><strong>Die Stadt auf R\u00e4dern erkunden:<\/strong> Der Stadt-Sightseeing-Bus bietet umfassende, abwechslungsreiche und sehr komfortable Rundfahrten, um die Stadt und all ihre Reize kennenzulernen. Es ist eine gro\u00dfartige M\u00f6glichkeit, alles zu besichtigen und die Sch\u00f6nheit der Stadt auf sich wirken zu lassen, ohne dabei m\u00fcde zu werden.<\/li>\n<\/ol>\n\n\n\n<p class=\"wp-block-paragraph\">Entdecke weitere Aktivit\u00e4ten in <a href=\"https:\/\/www.kayak.es\/Palma-de-Mallorca.12458.guide\" target=\"_blank\" rel=\"noreferrer noopener\"><strong>Palma de Mallorca<\/strong><\/a>.<\/p>\n\n\n\n<div style=\"height:48px\" aria-hidden=\"true\" class=\"wp-block-spacer\"><\/div>\n\n\n\n<h2 class=\"wp-block-heading has-text-align-left\">Der kr\u00f6nende Abschluss: Pure Emotionen im Tablao Flamenco Alma<\/h2>\n\n\n\n<p class=\"wp-block-paragraph\">Nach einem Tag voller Sehensw\u00fcrdigkeiten, Spazierg\u00e4nge und Meeresbrise ist es Zeit, den Abend einzul\u00e4uten. Und der beste Plan, um deinen Tag ausklingen zu lassen, ist, in den Charme und die Leidenschaft eines authentischen <strong>Flamenco-Auff\u00fchrung in Palma<\/strong>.<\/p>\n\n\n\n<p class=\"wp-block-paragraph\">Im <a href=\"https:\/\/tablaoflamencoalma.com\/de\/\"><strong>Flamenco-Lokal \u201eAlma\u201c<\/strong><\/a> Wir laden Sie ein, ein intimes Erlebnis zu genie\u00dfen, bei dem Gitarre, Gesang und Tanz live miteinander verschmelzen. Ganz gleich, ob du ein gro\u00dfer Liebhaber der andalusischen Kunst bist oder ein neugieriger Neuling, der zum ersten Mal mit dem Comp\u00e1s in Ber\u00fchrung kommt \u2013 die Atmosph\u00e4re unseres Tablaos ist darauf ausgelegt, jedes Publikum zu begeistern und in eine gem\u00fctliche Atmosph\u00e4re einzuh\u00fcllen. Unser Angebot vereint auf unvergleichliche Weise die <strong>Flamenco und Kultur in Palma<\/strong>.<\/p>\n\n\n\n<h3 class=\"wp-block-heading\">Warum sollten Sie sich f\u00fcr unser Live-Flamenco-Erlebnis entscheiden?<\/h3>\n\n\n\n<p class=\"wp-block-paragraph\">Wir m\u00f6chten, dass du deinen Abend ganz entspannt und ohne jegliche Sorgen genie\u00dfen kannst. Deshalb haben wir ein erstklassiges Erlebnis mit allen praktischen Dienstleistungen vorbereitet, die du ben\u00f6tigst:<\/p>\n\n\n\n<figure class=\"wp-block-table\"><table class=\"has-fixed-layout\"><tbody><tr><td><strong>Merkmale der Show<\/strong><\/td><td><strong>Details zum Service<\/strong><\/td><\/tr><tr><td><strong>Dauer der Show<\/strong><\/td><td>Eine Stunde voller Emotionen, Kraft und Kunst auf der B\u00fchne.<\/td><\/tr><tr><td><strong>Vorstellungszeiten<\/strong><\/td><td>Die Vorstellungen finden an jedem Tag der Woche statt, jeweils dreimal t\u00e4glich: um 17:30 Uhr, 19:30 Uhr und 21:30 Uhr. W\u00e4hle die Vorstellung aus, die am besten zu deinen Abendpl\u00e4nen passt!<\/td><\/tr><tr><td><strong>Sprachen des Gastgebers<\/strong><\/td><td>Unser Team betreut Sie reibungslos und zuvorkommend auf Spanisch, Englisch und Deutsch.<\/td><\/tr><tr><td><strong>Getr\u00e4nke inklusive<\/strong><\/td><td>In deinem Eintrittspreis ist ein kostenloses Getr\u00e4nk enthalten, das du aus Bier, Wein, Erfrischungsgetr\u00e4nken, Cava oder Sangr\u00eda ausw\u00e4hlen kannst.<\/td><\/tr><tr><td><strong>Gastronomie<\/strong><\/td><td>Wir bieten einen aufmerksamen Service mit den typischsten Gerichten der spanischen K\u00fcche sowie der K\u00fcche Mallorcas und der Balearen.<\/td><\/tr><tr><td><strong>Barrierefreiheit<\/strong><\/td><td>Unsere R\u00e4umlichkeiten sind vollst\u00e4ndig rollstuhlgerecht, um allen Besuchern einen angenehmen Aufenthalt zu gew\u00e4hrleisten.<\/td><\/tr><tr><td><strong>Flexibilit\u00e4t bei der Buchung<\/strong><\/td><td>Sie k\u00f6nnen bis zu 24 Stunden vor Beginn v\u00f6llig kostenlos stornieren und erhalten eine vollst\u00e4ndige R\u00fcckerstattung.<\/td><\/tr><tr><td><strong>Vorausblick und Begr\u00fc\u00dfung<\/strong><\/td><td>Wir hei\u00dfen Sie herzlich willkommen; der Einlass und der Zugang zum Veranstaltungsort sind ab einer Stunde vor Beginn der Vorstellung m\u00f6glich.<\/td><\/tr><\/tbody><\/table><\/figure>\n\n\n\n<div style=\"height:50px\" aria-hidden=\"true\" class=\"wp-block-spacer\"><\/div>\n\n\n\n<h2 class=\"wp-block-heading has-text-align-left\">Fazit: Dein perfekter Tag in Palma wartet auf dich<\/h2>\n\n\n\n<p class=\"wp-block-paragraph\">Entdecken Sie tags\u00fcber die bedeutendsten Sehensw\u00fcrdigkeiten der Insel und lassen Sie sich von der pulsierenden Energie unseres <strong>Flamenco-B\u00fchne mit Live-Auftritten<\/strong> Bei Einbruch der Dunkelheit l\u00e4sst sich Palma de Mallorca zweifellos am authentischsten erleben.<\/p>\n\n\n\n<p class=\"wp-block-paragraph\">Lass dir das nicht nur erz\u00e4hlen. Gestalte deinen Tag selbst, begib dich auf eine Reise durch die Geschichte und sichere dir deinen Tisch, um einen unvergesslichen Abend voller Musik, Gastronomie und Leidenschaft zu erleben.<\/p>\n\n\n\n<p class=\"wp-block-paragraph\"><a href=\"https:\/\/tablaoflamencoalma.com\/de\/eine-magische-nacht-in-palma-flamenco-im-tablao-flamenco-alma-abendessen-und-spaziergang\/\">Schau dir das Programm an und reserviere deine Eintrittskarten im Tablao Flamenco Alma<\/a> und mach dich bereit, die Magie unserer B\u00fchne zu sp\u00fcren. Wir erwarten dich mit offenem Herzen und voller Leidenschaft f\u00fcr die Kunst!<\/p>","protected":false},"excerpt":{"rendered":"<p>\u00bfTe imaginas caminar por calles empedradas con siglos de historia y, apenas unas horas despu\u00e9s, vibrar con el taconeo y el duende del arte m\u00e1s puro? Palma de Mallorca es una ciudad de contrastes m\u00e1gicos. Su luz mediterr\u00e1nea, su imponente arquitectura y su vibrante oferta cultural la convierten en un destino \u00fanico en el mundo. [&hellip;]<\/p>\n","protected":false},"author":3,"featured_media":8030,"comment_status":"open","ping_status":"open","sticky":false,"template":"","format":"standard","meta":{"site-sidebar-layout":"default","site-content-layout":"","ast-site-content-layout":"default","site-content-style":"default","site-sidebar-style":"default","ast-global-header-display":"","ast-banner-title-visibility":"","ast-main-header-display":"","ast-hfb-above-header-display":"","ast-hfb-below-header-display":"","ast-hfb-mobile-header-display":"","site-post-title":"","ast-breadcrumbs-content":"","ast-featured-img":"","footer-sml-layout":"","theme-transparent-header-meta":"","adv-header-id-meta":"","stick-header-meta":"","header-above-stick-meta":"","header-main-stick-meta":"","header-below-stick-meta":"","astra-migrate-meta-layouts":"set","ast-page-background-enabled":"default","ast-page-background-meta":{"desktop":{"background-color":"var(--ast-global-color-4)","background-image":"","background-repeat":"repeat","background-position":"center center","background-size":"auto","background-attachment":"scroll","background-type":"","background-media":"","overlay-type":"","overlay-color":"","overlay-opacity":"","overlay-gradient":""},"tablet":{"background-color":"","background-image":"","background-repeat":"repeat","background-position":"center center","background-size":"auto","background-attachment":"scroll","background-type":"","background-media":"","overlay-type":"","overlay-color":"","overlay-opacity":"","overlay-gradient":""},"mobile":{"background-color":"","background-image":"","background-repeat":"repeat","background-position":"center center","background-size":"auto","background-attachment":"scroll","background-type":"","background-media":"","overlay-type":"","overlay-color":"","overlay-opacity":"","overlay-gradient":""}},"ast-content-background-meta":{"desktop":{"background-color":"var(--ast-global-color-5)","background-image":"","background-repeat":"repeat","background-position":"center center","background-size":"auto","background-attachment":"scroll","background-type":"","background-media":"","overlay-type":"","overlay-color":"","overlay-opacity":"","overlay-gradient":""},"tablet":{"background-color":"var(--ast-global-color-5)","background-image":"","background-repeat":"repeat","background-position":"center center","background-size":"auto","background-attachment":"scroll","background-type":"","background-media":"","overlay-type":"","overlay-color":"","overlay-opacity":"","overlay-gradient":""},"mobile":{"background-color":"var(--ast-global-color-5)","background-image":"","background-repeat":"repeat","background-position":"center center","background-size":"auto","background-attachment":"scroll","background-type":"","background-media":"","overlay-type":"","overlay-color":"","overlay-opacity":"","overlay-gradient":""}},"footnotes":""},"categories":[17],"tags":[],"class_list":["post-8029","post","type-post","status-publish","format-standard","has-post-thumbnail","hentry","category-general"],"yoast_head":"<!-- This site is optimized with the Yoast SEO plugin v28.4 - https:\/\/yoast.com\/product\/yoast-seo-wordpress\/ -->\n<title>Qu\u00e9 ver en Palma en un d\u00eda y Tablao Flamenco Alma<\/title>\n<meta name=\"description\" content=\"Descubre qu\u00e9 ver en Palma en un d\u00eda con esta ruta cultural por el casco antiguo y culmina la noche con el espect\u00e1culo del Tablao Flamenco Alma. \u00a1Reserva ya!\" \/>\n<meta name=\"robots\" content=\"index, follow, max-snippet:-1, max-image-preview:large, max-video-preview:-1\" \/>\n<link rel=\"canonical\" href=\"https:\/\/tablaoflamencoalma.com\/de\/que-ver-en-palma-en-un-dia-tablao-flamenco-alma\/\" \/>\n<meta property=\"og:locale\" content=\"de_DE\" \/>\n<meta property=\"og:type\" content=\"article\" \/>\n<meta property=\"og:title\" content=\"Qu\u00e9 ver en Palma en un d\u00eda y Tablao Flamenco Alma\" \/>\n<meta property=\"og:description\" content=\"Descubre qu\u00e9 ver en Palma en un d\u00eda con esta ruta cultural por el casco antiguo y culmina la noche con el espect\u00e1culo del Tablao Flamenco Alma. \u00a1Reserva ya!\" \/>\n<meta property=\"og:url\" content=\"https:\/\/tablaoflamencoalma.com\/de\/que-ver-en-palma-en-un-dia-tablao-flamenco-alma\/\" \/>\n<meta property=\"og:site_name\" content=\"Tablao Flamenco Alma\" \/>\n<meta property=\"article:publisher\" content=\"https:\/\/www.facebook.com\/tablaoflamencoalma\" \/>\n<meta property=\"article:published_time\" content=\"2026-07-02T21:48:48+00:00\" \/>\n<meta property=\"article:modified_time\" content=\"2026-07-03T11:47:11+00:00\" \/>\n<meta property=\"og:image\" content=\"https:\/\/tablaoflamencoalma.com\/wp-content\/uploads\/2026\/07\/Un-Viaje-en-el-Tiempo-Combina-Casco-Antiguo-portada-post-scaled.jpg\" \/>\n\t<meta property=\"og:image:width\" content=\"2560\" \/>\n\t<meta property=\"og:image:height\" content=\"1734\" \/>\n\t<meta property=\"og:image:type\" content=\"image\/jpeg\" \/>\n<meta name=\"author\" content=\"Tablao Flamenco Alma\" \/>\n<meta name=\"twitter:card\" content=\"summary_large_image\" \/>\n<meta name=\"twitter:label1\" content=\"Verfasst von\" \/>\n\t<meta name=\"twitter:data1\" content=\"Tablao Flamenco Alma\" \/>\n\t<meta name=\"twitter:label2\" content=\"Gesch\u00e4tzte Lesezeit\" \/>\n\t<meta name=\"twitter:data2\" content=\"6\u00a0Minuten\" \/>\n<script type=\"application\/ld+json\" class=\"yoast-schema-graph\">{\"@context\":\"https:\\\/\\\/schema.org\",\"@graph\":[{\"@type\":\"Article\",\"@id\":\"https:\\\/\\\/tablaoflamencoalma.com\\\/que-ver-en-palma-en-un-dia-tablao-flamenco-alma\\\/#article\",\"isPartOf\":{\"@id\":\"https:\\\/\\\/tablaoflamencoalma.com\\\/que-ver-en-palma-en-un-dia-tablao-flamenco-alma\\\/\"},\"author\":{\"name\":\"Tablao Flamenco Alma\",\"@id\":\"https:\\\/\\\/tablaoflamencoalma.com\\\/#\\\/schema\\\/person\\\/9d0c2a9a099918689427e2a0b2dd0f5c\"},\"headline\":\"Un viaje en el tiempo: Combina el casco antiguo de Palma con la magia del Tablao Flamenco Alma\",\"datePublished\":\"2026-07-02T21:48:48+00:00\",\"dateModified\":\"2026-07-03T11:47:11+00:00\",\"mainEntityOfPage\":{\"@id\":\"https:\\\/\\\/tablaoflamencoalma.com\\\/que-ver-en-palma-en-un-dia-tablao-flamenco-alma\\\/\"},\"wordCount\":1318,\"commentCount\":0,\"publisher\":{\"@id\":\"https:\\\/\\\/tablaoflamencoalma.com\\\/#organization\"},\"image\":{\"@id\":\"https:\\\/\\\/tablaoflamencoalma.com\\\/que-ver-en-palma-en-un-dia-tablao-flamenco-alma\\\/#primaryimage\"},\"thumbnailUrl\":\"https:\\\/\\\/tablaoflamencoalma.com\\\/wp-content\\\/uploads\\\/2026\\\/07\\\/Un-Viaje-en-el-Tiempo-Combina-Casco-Antiguo-portada-post-scaled.jpg\",\"articleSection\":[\"General\"],\"inLanguage\":\"de\",\"potentialAction\":[{\"@type\":\"CommentAction\",\"name\":\"Comment\",\"target\":[\"https:\\\/\\\/tablaoflamencoalma.com\\\/que-ver-en-palma-en-un-dia-tablao-flamenco-alma\\\/#respond\"]}]},{\"@type\":\"WebPage\",\"@id\":\"https:\\\/\\\/tablaoflamencoalma.com\\\/que-ver-en-palma-en-un-dia-tablao-flamenco-alma\\\/\",\"url\":\"https:\\\/\\\/tablaoflamencoalma.com\\\/que-ver-en-palma-en-un-dia-tablao-flamenco-alma\\\/\",\"name\":\"Qu\u00e9 ver en Palma en un d\u00eda y Tablao Flamenco Alma\",\"isPartOf\":{\"@id\":\"https:\\\/\\\/tablaoflamencoalma.com\\\/#website\"},\"primaryImageOfPage\":{\"@id\":\"https:\\\/\\\/tablaoflamencoalma.com\\\/que-ver-en-palma-en-un-dia-tablao-flamenco-alma\\\/#primaryimage\"},\"image\":{\"@id\":\"https:\\\/\\\/tablaoflamencoalma.com\\\/que-ver-en-palma-en-un-dia-tablao-flamenco-alma\\\/#primaryimage\"},\"thumbnailUrl\":\"https:\\\/\\\/tablaoflamencoalma.com\\\/wp-content\\\/uploads\\\/2026\\\/07\\\/Un-Viaje-en-el-Tiempo-Combina-Casco-Antiguo-portada-post-scaled.jpg\",\"datePublished\":\"2026-07-02T21:48:48+00:00\",\"dateModified\":\"2026-07-03T11:47:11+00:00\",\"description\":\"Descubre qu\u00e9 ver en Palma en un d\u00eda con esta ruta cultural por el casco antiguo y culmina la noche con el espect\u00e1culo del Tablao Flamenco Alma. \u00a1Reserva ya!\",\"breadcrumb\":{\"@id\":\"https:\\\/\\\/tablaoflamencoalma.com\\\/que-ver-en-palma-en-un-dia-tablao-flamenco-alma\\\/#breadcrumb\"},\"inLanguage\":\"de\",\"potentialAction\":[{\"@type\":\"ReadAction\",\"target\":[\"https:\\\/\\\/tablaoflamencoalma.com\\\/que-ver-en-palma-en-un-dia-tablao-flamenco-alma\\\/\"]}]},{\"@type\":\"ImageObject\",\"inLanguage\":\"de\",\"@id\":\"https:\\\/\\\/tablaoflamencoalma.com\\\/que-ver-en-palma-en-un-dia-tablao-flamenco-alma\\\/#primaryimage\",\"url\":\"https:\\\/\\\/tablaoflamencoalma.com\\\/wp-content\\\/uploads\\\/2026\\\/07\\\/Un-Viaje-en-el-Tiempo-Combina-Casco-Antiguo-portada-post-scaled.jpg\",\"contentUrl\":\"https:\\\/\\\/tablaoflamencoalma.com\\\/wp-content\\\/uploads\\\/2026\\\/07\\\/Un-Viaje-en-el-Tiempo-Combina-Casco-Antiguo-portada-post-scaled.jpg\",\"width\":2560,\"height\":1734,\"caption\":\"Un Viaje en el Tiempo Combina Casco Antiguo portada post\"},{\"@type\":\"BreadcrumbList\",\"@id\":\"https:\\\/\\\/tablaoflamencoalma.com\\\/que-ver-en-palma-en-un-dia-tablao-flamenco-alma\\\/#breadcrumb\",\"itemListElement\":[{\"@type\":\"ListItem\",\"position\":1,\"name\":\"Portada\",\"item\":\"https:\\\/\\\/tablaoflamencoalma.com\\\/\"},{\"@type\":\"ListItem\",\"position\":2,\"name\":\"Un viaje en el tiempo: Combina el casco antiguo de Palma con la magia del Tablao Flamenco Alma\"}]},{\"@type\":\"WebSite\",\"@id\":\"https:\\\/\\\/tablaoflamencoalma.com\\\/#website\",\"url\":\"https:\\\/\\\/tablaoflamencoalma.com\\\/\",\"name\":\"Tablao Flamenco Alma\",\"description\":\"Tablao Flamenco Alma\",\"publisher\":{\"@id\":\"https:\\\/\\\/tablaoflamencoalma.com\\\/#organization\"},\"potentialAction\":[{\"@type\":\"SearchAction\",\"target\":{\"@type\":\"EntryPoint\",\"urlTemplate\":\"https:\\\/\\\/tablaoflamencoalma.com\\\/?s={search_term_string}\"},\"query-input\":{\"@type\":\"PropertyValueSpecification\",\"valueRequired\":true,\"valueName\":\"search_term_string\"}}],\"inLanguage\":\"de\"},{\"@type\":\"Organization\",\"@id\":\"https:\\\/\\\/tablaoflamencoalma.com\\\/#organization\",\"name\":\"Tablao Flamenco Alma\",\"url\":\"https:\\\/\\\/tablaoflamencoalma.com\\\/\",\"logo\":{\"@type\":\"ImageObject\",\"inLanguage\":\"de\",\"@id\":\"https:\\\/\\\/tablaoflamencoalma.com\\\/#\\\/schema\\\/logo\\\/image\\\/\",\"url\":\"https:\\\/\\\/tablaoflamencoalma.com\\\/wp-content\\\/uploads\\\/2024\\\/01\\\/cropped-tablao-flamenco-alma-01-04.png\",\"contentUrl\":\"https:\\\/\\\/tablaoflamencoalma.com\\\/wp-content\\\/uploads\\\/2024\\\/01\\\/cropped-tablao-flamenco-alma-01-04.png\",\"width\":512,\"height\":512,\"caption\":\"Tablao Flamenco Alma\"},\"image\":{\"@id\":\"https:\\\/\\\/tablaoflamencoalma.com\\\/#\\\/schema\\\/logo\\\/image\\\/\"},\"sameAs\":[\"https:\\\/\\\/www.facebook.com\\\/tablaoflamencoalma\",\"https:\\\/\\\/www.instagram.com\\\/tablaoflamencoalma\"]},{\"@type\":\"Person\",\"@id\":\"https:\\\/\\\/tablaoflamencoalma.com\\\/#\\\/schema\\\/person\\\/9d0c2a9a099918689427e2a0b2dd0f5c\",\"name\":\"Tablao Flamenco Alma\",\"image\":{\"@type\":\"ImageObject\",\"inLanguage\":\"de\",\"@id\":\"https:\\\/\\\/tablaoflamencoalma.com\\\/wp-content\\\/litespeed\\\/avatar\\\/797b83aa1ddf30f355ead08e864f8dad.jpg?ver=1788140548\",\"url\":\"https:\\\/\\\/tablaoflamencoalma.com\\\/wp-content\\\/litespeed\\\/avatar\\\/797b83aa1ddf30f355ead08e864f8dad.jpg?ver=1788140548\",\"contentUrl\":\"https:\\\/\\\/tablaoflamencoalma.com\\\/wp-content\\\/litespeed\\\/avatar\\\/797b83aa1ddf30f355ead08e864f8dad.jpg?ver=1788140548\",\"caption\":\"Tablao Flamenco Alma\"},\"url\":\"https:\\\/\\\/tablaoflamencoalma.com\\\/de\\\/author\\\/flamencoalma\\\/\"}]}<\/script>\n<!-- \/ Yoast SEO plugin. -->","yoast_head_json":{"title":"Sehensw\u00fcrdigkeiten in Palma an einem Tag und das Flamenco-Lokal \u201eTablao Flamenco Alma\u201c","description":"Entdecken Sie mit dieser Kulturroute durch die Altstadt, was man in Palma an einem Tag unternehmen kann, und lassen Sie den Abend mit der Show im Tablao Flamenco Alma ausklingen. Buchen Sie jetzt!","robots":{"index":"index","follow":"follow","max-snippet":"max-snippet:-1","max-image-preview":"max-image-preview:large","max-video-preview":"max-video-preview:-1"},"canonical":"https:\/\/tablaoflamencoalma.com\/de\/que-ver-en-palma-en-un-dia-tablao-flamenco-alma\/","og_locale":"de_DE","og_type":"article","og_title":"Qu\u00e9 ver en Palma en un d\u00eda y Tablao Flamenco Alma","og_description":"Descubre qu\u00e9 ver en Palma en un d\u00eda con esta ruta cultural por el casco antiguo y culmina la noche con el espect\u00e1culo del Tablao Flamenco Alma. \u00a1Reserva ya!","og_url":"https:\/\/tablaoflamencoalma.com\/de\/que-ver-en-palma-en-un-dia-tablao-flamenco-alma\/","og_site_name":"Tablao Flamenco Alma","article_publisher":"https:\/\/www.facebook.com\/tablaoflamencoalma","article_published_time":"2026-07-02T21:48:48+00:00","article_modified_time":"2026-07-03T11:47:11+00:00","og_image":[{"width":2560,"height":1734,"url":"https:\/\/tablaoflamencoalma.com\/wp-content\/uploads\/2026\/07\/Un-Viaje-en-el-Tiempo-Combina-Casco-Antiguo-portada-post-scaled.jpg","type":"image\/jpeg"}],"author":"Tablao Flamenco Alma","twitter_card":"summary_large_image","twitter_misc":{"Verfasst von":"Tablao Flamenco Alma","Gesch\u00e4tzte Lesezeit":"6\u00a0Minuten"},"schema":{"@context":"https:\/\/schema.org","@graph":[{"@type":"Article","@id":"https:\/\/tablaoflamencoalma.com\/que-ver-en-palma-en-un-dia-tablao-flamenco-alma\/#article","isPartOf":{"@id":"https:\/\/tablaoflamencoalma.com\/que-ver-en-palma-en-un-dia-tablao-flamenco-alma\/"},"author":{"name":"Tablao Flamenco Alma","@id":"https:\/\/tablaoflamencoalma.com\/#\/schema\/person\/9d0c2a9a099918689427e2a0b2dd0f5c"},"headline":"Un viaje en el tiempo: Combina el casco antiguo de Palma con la magia del Tablao Flamenco Alma","datePublished":"2026-07-02T21:48:48+00:00","dateModified":"2026-07-03T11:47:11+00:00","mainEntityOfPage":{"@id":"https:\/\/tablaoflamencoalma.com\/que-ver-en-palma-en-un-dia-tablao-flamenco-alma\/"},"wordCount":1318,"commentCount":0,"publisher":{"@id":"https:\/\/tablaoflamencoalma.com\/#organization"},"image":{"@id":"https:\/\/tablaoflamencoalma.com\/que-ver-en-palma-en-un-dia-tablao-flamenco-alma\/#primaryimage"},"thumbnailUrl":"https:\/\/tablaoflamencoalma.com\/wp-content\/uploads\/2026\/07\/Un-Viaje-en-el-Tiempo-Combina-Casco-Antiguo-portada-post-scaled.jpg","articleSection":["General"],"inLanguage":"de","potentialAction":[{"@type":"CommentAction","name":"Comment","target":["https:\/\/tablaoflamencoalma.com\/que-ver-en-palma-en-un-dia-tablao-flamenco-alma\/#respond"]}]},{"@type":"WebPage","@id":"https:\/\/tablaoflamencoalma.com\/que-ver-en-palma-en-un-dia-tablao-flamenco-alma\/","url":"https:\/\/tablaoflamencoalma.com\/que-ver-en-palma-en-un-dia-tablao-flamenco-alma\/","name":"Sehensw\u00fcrdigkeiten in Palma an einem Tag und das Flamenco-Lokal \u201eTablao Flamenco Alma\u201c","isPartOf":{"@id":"https:\/\/tablaoflamencoalma.com\/#website"},"primaryImageOfPage":{"@id":"https:\/\/tablaoflamencoalma.com\/que-ver-en-palma-en-un-dia-tablao-flamenco-alma\/#primaryimage"},"image":{"@id":"https:\/\/tablaoflamencoalma.com\/que-ver-en-palma-en-un-dia-tablao-flamenco-alma\/#primaryimage"},"thumbnailUrl":"https:\/\/tablaoflamencoalma.com\/wp-content\/uploads\/2026\/07\/Un-Viaje-en-el-Tiempo-Combina-Casco-Antiguo-portada-post-scaled.jpg","datePublished":"2026-07-02T21:48:48+00:00","dateModified":"2026-07-03T11:47:11+00:00","description":"Entdecken Sie mit dieser Kulturroute durch die Altstadt, was man in Palma an einem Tag unternehmen kann, und lassen Sie den Abend mit der Show im Tablao Flamenco Alma ausklingen. Buchen Sie jetzt!","breadcrumb":{"@id":"https:\/\/tablaoflamencoalma.com\/que-ver-en-palma-en-un-dia-tablao-flamenco-alma\/#breadcrumb"},"inLanguage":"de","potentialAction":[{"@type":"ReadAction","target":["https:\/\/tablaoflamencoalma.com\/que-ver-en-palma-en-un-dia-tablao-flamenco-alma\/"]}]},{"@type":"ImageObject","inLanguage":"de","@id":"https:\/\/tablaoflamencoalma.com\/que-ver-en-palma-en-un-dia-tablao-flamenco-alma\/#primaryimage","url":"https:\/\/tablaoflamencoalma.com\/wp-content\/uploads\/2026\/07\/Un-Viaje-en-el-Tiempo-Combina-Casco-Antiguo-portada-post-scaled.jpg","contentUrl":"https:\/\/tablaoflamencoalma.com\/wp-content\/uploads\/2026\/07\/Un-Viaje-en-el-Tiempo-Combina-Casco-Antiguo-portada-post-scaled.jpg","width":2560,"height":1734,"caption":"Un Viaje en el Tiempo Combina Casco Antiguo portada post"},{"@type":"BreadcrumbList","@id":"https:\/\/tablaoflamencoalma.com\/que-ver-en-palma-en-un-dia-tablao-flamenco-alma\/#breadcrumb","itemListElement":[{"@type":"ListItem","position":1,"name":"Portada","item":"https:\/\/tablaoflamencoalma.com\/"},{"@type":"ListItem","position":2,"name":"Un viaje en el tiempo: Combina el casco antiguo de Palma con la magia del Tablao Flamenco Alma"}]},{"@type":"WebSite","@id":"https:\/\/tablaoflamencoalma.com\/#website","url":"https:\/\/tablaoflamencoalma.com\/","name":"Flamenco-Lokal \u201eAlma\u201c","description":"Flamenco-Lokal \u201eAlma\u201c","publisher":{"@id":"https:\/\/tablaoflamencoalma.com\/#organization"},"potentialAction":[{"@type":"SearchAction","target":{"@type":"EntryPoint","urlTemplate":"https:\/\/tablaoflamencoalma.com\/?s={search_term_string}"},"query-input":{"@type":"PropertyValueSpecification","valueRequired":true,"valueName":"search_term_string"}}],"inLanguage":"de"},{"@type":"Organization","@id":"https:\/\/tablaoflamencoalma.com\/#organization","name":"Flamenco-Lokal \u201eAlma\u201c","url":"https:\/\/tablaoflamencoalma.com\/","logo":{"@type":"ImageObject","inLanguage":"de","@id":"https:\/\/tablaoflamencoalma.com\/#\/schema\/logo\/image\/","url":"https:\/\/tablaoflamencoalma.com\/wp-content\/uploads\/2024\/01\/cropped-tablao-flamenco-alma-01-04.png","contentUrl":"https:\/\/tablaoflamencoalma.com\/wp-content\/uploads\/2024\/01\/cropped-tablao-flamenco-alma-01-04.png","width":512,"height":512,"caption":"Tablao Flamenco Alma"},"image":{"@id":"https:\/\/tablaoflamencoalma.com\/#\/schema\/logo\/image\/"},"sameAs":["https:\/\/www.facebook.com\/tablaoflamencoalma","https:\/\/www.instagram.com\/tablaoflamencoalma"]},{"@type":"Person","@id":"https:\/\/tablaoflamencoalma.com\/#\/schema\/person\/9d0c2a9a099918689427e2a0b2dd0f5c","name":"Flamenco-Lokal \u201eAlma\u201c","image":{"@type":"ImageObject","inLanguage":"de","@id":"https:\/\/tablaoflamencoalma.com\/wp-content\/litespeed\/avatar\/797b83aa1ddf30f355ead08e864f8dad.jpg?ver=1788140548","url":"https:\/\/tablaoflamencoalma.com\/wp-content\/litespeed\/avatar\/797b83aa1ddf30f355ead08e864f8dad.jpg?ver=1788140548","contentUrl":"https:\/\/tablaoflamencoalma.com\/wp-content\/litespeed\/avatar\/797b83aa1ddf30f355ead08e864f8dad.jpg?ver=1788140548","caption":"Tablao Flamenco Alma"},"url":"https:\/\/tablaoflamencoalma.com\/de\/author\/flamencoalma\/"}]}},"_links":{"self":[{"href":"https:\/\/tablaoflamencoalma.com\/de\/wp-json\/wp\/v2\/posts\/8029","targetHints":{"allow":["GET"]}}],"collection":[{"href":"https:\/\/tablaoflamencoalma.com\/de\/wp-json\/wp\/v2\/posts"}],"about":[{"href":"https:\/\/tablaoflamencoalma.com\/de\/wp-json\/wp\/v2\/types\/post"}],"author":[{"embeddable":true,"href":"https:\/\/tablaoflamencoalma.com\/de\/wp-json\/wp\/v2\/users\/3"}],"replies":[{"embeddable":true,"href":"https:\/\/tablaoflamencoalma.com\/de\/wp-json\/wp\/v2\/comments?post=8029"}],"version-history":[{"count":4,"href":"https:\/\/tablaoflamencoalma.com\/de\/wp-json\/wp\/v2\/posts\/8029\/revisions"}],"predecessor-version":[{"id":8035,"href":"https:\/\/tablaoflamencoalma.com\/de\/wp-json\/wp\/v2\/posts\/8029\/revisions\/8035"}],"wp:featuredmedia":[{"embeddable":true,"href":"https:\/\/tablaoflamencoalma.com\/de\/wp-json\/wp\/v2\/media\/8030"}],"wp:attachment":[{"href":"https:\/\/tablaoflamencoalma.com\/de\/wp-json\/wp\/v2\/media?parent=8029"}],"wp:term":[{"taxonomy":"category","embeddable":true,"href":"https:\/\/tablaoflamencoalma.com\/de\/wp-json\/wp\/v2\/categories?post=8029"},{"taxonomy":"post_tag","embeddable":true,"href":"https:\/\/tablaoflamencoalma.com\/de\/wp-json\/wp\/v2\/tags?post=8029"}],"curies":[{"name":"wp","href":"https:\/\/api.w.org\/{rel}","templated":true}]}}