{"id":6889,"date":"2026-03-24T19:18:50","date_gmt":"2026-03-24T18:18:50","guid":{"rendered":"https:\/\/tablaoflamencoalma.com\/?p=6889"},"modified":"2026-05-28T06:20:44","modified_gmt":"2026-05-28T05:20:44","slug":"que-es-duende-flamenco-palma-mallorca","status":"publish","type":"post","link":"https:\/\/tablaoflamencoalma.com\/de\/que-es-duende-flamenco-palma-mallorca\/","title":{"rendered":"Was ist der \u201eDuende\u201c des Flamenco? Erleben Sie seinen Zauber im Tablao Alma"},"content":{"rendered":"<p class=\"wp-block-paragraph\">Hast du schon einmal einen unerkl\u00e4rlichen Schauer versp\u00fcrt, als du eine Gitarrennote geh\u00f6rt hast, oder eine grabesartige Stille, die mitten im Tanz die Zeit zum Stillstand bringt? Dieses Geheimnis, diese tiefe Verbindung, die sich nicht in Worte fassen l\u00e4sst, die man aber in der Brust sp\u00fcrt \u2013 das ist es, was K\u00fcnstler als \u201cDuende\u201d bezeichnen.<\/p>\n\n\n\n<p class=\"wp-block-paragraph\">Wenn du auf Mallorca bist und mehr als nur eine einfache Show suchst, laden wir dich heute ein, das bestgeh\u00fctete Geheimnis unserer Kultur zu entdecken.<\/p>\n\n\n\n<h3 class=\"wp-block-heading has-text-align-left\">Der \u201cDuende\u201d: Jenseits der Technik<\/h3>\n\n\n\n<p class=\"wp-block-paragraph\">Um zu verstehen <strong>Was ist der \u201eDuende\u201c im Flamenco?<\/strong>, m\u00fcssen wir uns von der akademischen Theorie l\u00f6sen und uns dem Herzen zuwenden. Es geht weder um eine perfekte Choreografie noch um eine makellose Stimme. Der \u201cDuende\u201d ist ein Geisteszustand, ein \u201eFeuer\u201c der Emotionen, das entsteht, wenn der K\u00fcnstler die Welt vergisst und sich ganz der Kunst hingibt.<\/p>\n\n\n\n<p class=\"wp-block-paragraph\">Federico Garc\u00eda Lorca sagte, der \u201cDuende\u201d sei \u201enicht in der Kehle; der Duende steigt von innen her aus den Fu\u00dfsohlen empor\u201c. Es ist der <strong>die Leidenschaft des Flamenco<\/strong> in seiner wildesten und ehrlichsten Form. Es ist jener Moment, in dem der S\u00e4nger, der T\u00e4nzer und der Gitarrist zu einer einzigen Seele verschmelzen und alle Anwesenden mit einer elektrisierenden Energie anstecken.<\/p>\n\n\n\n<h3 class=\"wp-block-heading has-text-align-left\">Wie f\u00fchlt sich die Magie in einem Live-Tablao an?<\/h3>\n\n\n\n<p class=\"wp-block-paragraph\">Das geht nicht <strong>den Zauber sp\u00fcren<\/strong> \u00fcber einen Bildschirm. Es ist eine k\u00f6rperliche Erfahrung, die N\u00e4he erfordert. Im <a href=\"https:\/\/tablaoflamencoalma.com\/de\/\"><strong>Flamenco-Lokal \u201eAlma\u201c<\/strong><\/a>, haben wir einen Raum geschaffen, in dem die Distanz zwischen K\u00fcnstler und Betrachter verschwindet.<\/p>\n\n\n\n<p class=\"wp-block-paragraph\">Da es sich um eine intime Atmosph\u00e4re handelt, kannst du den Atem des T\u00e4nzers h\u00f6ren, das Knarren des Holzes unter seinen F\u00fc\u00dfen und das Streichen der Gitarrensaiten. In dieser N\u00e4he vollzieht sich das Wunder: die <strong>Der Zauber des Flamenco<\/strong> Es zieht dich in seinen Bann, und du bist nicht mehr nur Zuschauer, sondern wirst Teil des Rituals.<\/p>\n\n\n\n<h2 class=\"wp-block-heading\">Tablao Flamenco Alma: Die Oase des authentischen Flamenco in Palma<\/h2>\n\n\n\n<p class=\"wp-block-paragraph\">Einen finden <strong>Flamenco-Auff\u00fchrung in Palma<\/strong> Es ist nicht immer einfach, die Reinheit der Kunst zu bewahren. Unsere Mission bei <a href=\"https:\/\/tablaoflamencoalma.com\/de\/\"><strong>Flamenco-Lokal \u201eAlma\u201c<\/strong><\/a> ist es, einen Einblick in die tiefsten Traditionen zu bieten \u2013 fernab von Klischees \u2013 in einer Atmosph\u00e4re, die von Respekt und Leidenschaft gepr\u00e4gt ist.<\/p>\n\n\n\n<p class=\"wp-block-paragraph\">Unser K\u00fcnstlerensemble besteht aus erstklassigen Darstellern, die nicht nur technische Perfektion zeigen, sondern bei jedem Auftritt auch diesen \u201cDuende\u201d suchen. Dank unserer k\u00fcnstlerischen Qualit\u00e4t und der intimen Atmosph\u00e4re sind wir zur ersten Adresse f\u00fcr alle geworden, die ein <strong>Flamenco-Theater auf Mallorca<\/strong> mit einem Hauch von Wahrheit.<\/p>\n\n\n\n<h2 class=\"wp-block-heading\">Erleben Sie einen zauberhaften Abend im Herzen Mallorcas<\/h2>\n\n\n\n<p class=\"wp-block-paragraph\">Wir m\u00f6chten, dass du dich ganz darauf konzentrieren kannst, das Erlebnis zu genie\u00dfen. Deshalb bei <a href=\"https:\/\/tablaoflamencoalma.com\/de\/kontakt\/\">Unser Tablao in Palma de Mallorca<\/a>, wir haben auf jedes Detail geachtet, damit dein Abend perfekt wird:<\/p>\n\n\n\n<ul class=\"wp-block-list\">\n<li><strong>Tageskarten:<\/strong> Wir bieten an jedem Tag der Woche drei Vorstellungen um <strong>17:30 Uhr, 19:30 Uhr und 21:30 Uhr.<\/strong><\/li>\n\n\n\n<li><strong>Dauer:<\/strong> Eine Stunde voller Intensit\u00e4t, die einen unausl\u00f6schlichen Eindruck hinterlassen wird.<\/li>\n\n\n\n<li><strong>Gastfreundschaft:<\/strong> In Ihrem Eintrittspreis ist ein Getr\u00e4nk enthalten (Bier, Wein, Erfrischungsgetr\u00e4nk, Cava oder Sangr\u00eda). Dar\u00fcber hinaus k\u00f6nnen Sie das Erlebnis mit unserer Auswahl an typischen Gerichten der spanischen und balearischen K\u00fcche abrunden.<\/li>\n\n\n\n<li><strong>Barrierefreiheit und Einrichtungen:<\/strong> Unsere R\u00e4umlichkeiten sind rollstuhlgerecht und unsere Mitarbeiter betreuen Sie gerne auf Spanisch und Englisch.<\/li>\n\n\n\n<li><strong>Buchen Sie ganz ohne Bedenken:<\/strong> Wir wissen, dass sich Pl\u00e4ne \u00e4ndern k\u00f6nnen, deshalb bieten wir <strong>Kostenlose Stornierung bis 24 Stunden vorher<\/strong> der Vorstellung mit vollst\u00e4ndiger R\u00fcckerstattung.<\/li>\n<\/ul>\n\n\n\n<h2 class=\"wp-block-heading has-text-align-left\">Dein Rendezvous mit dem Nervenkitzel<\/h2>\n\n\n\n<p class=\"wp-block-paragraph\">Flamenco versteht man nicht, man f\u00fchlt ihn. Nach dem \u201eDuende\u201c zu suchen bedeutet, nach einem Teil von sich selbst zu suchen, der nur durch den klagenden Gesang oder den kraftvollen Klang einer Gitarre zum Leben erwacht.<\/p>\n\n\n\n<p class=\"wp-block-paragraph\">Warte nicht darauf, dass es dir jemand erz\u00e4hlt. Wenn du auf der Suche nach dem <strong>Authentischer Flamenco in Palma<\/strong>, wir erwarten dich zu einem Abend voller Zauber, Kunst und Seele, an den du dich f\u00fcr immer erinnern wirst.<\/p>\n\n\n\n<p class=\"wp-block-paragraph\"><strong>Bist du bereit, die Magie zu sp\u00fcren?<\/strong> <a href=\"https:\/\/tablaoflamencoalma.com\/de\/eine-magische-nacht-in-palma-flamenco-im-tablao-flamenco-alma-abendessen-und-spaziergang\/\">Reserviere jetzt deine Eintrittskarte im Tablao Flamenco Alma<\/a><\/p>\n\n\n\n<p class=\"wp-block-paragraph\"><\/p>","protected":false},"excerpt":{"rendered":"<p>\u00bfAlguna vez has sentido un escalofr\u00edo inexplicable al escuchar una nota de guitarra o un silencio sepulcral que detiene el tiempo en medio de un baile? Ese misterio, esa conexi\u00f3n visceral que no se puede explicar con palabras pero que se siente en el pecho, es lo que los artistas llaman el &#8220;duende&#8221;. Si est\u00e1s [&hellip;]<\/p>\n","protected":false},"author":3,"featured_media":6890,"comment_status":"open","ping_status":"open","sticky":false,"template":"","format":"standard","meta":{"site-sidebar-layout":"default","site-content-layout":"","ast-site-content-layout":"default","site-content-style":"default","site-sidebar-style":"default","ast-global-header-display":"","ast-banner-title-visibility":"","ast-main-header-display":"","ast-hfb-above-header-display":"","ast-hfb-below-header-display":"","ast-hfb-mobile-header-display":"","site-post-title":"","ast-breadcrumbs-content":"","ast-featured-img":"","footer-sml-layout":"","theme-transparent-header-meta":"","adv-header-id-meta":"","stick-header-meta":"","header-above-stick-meta":"","header-main-stick-meta":"","header-below-stick-meta":"","astra-migrate-meta-layouts":"set","ast-page-background-enabled":"default","ast-page-background-meta":{"desktop":{"background-color":"var(--ast-global-color-4)","background-image":"","background-repeat":"repeat","background-position":"center center","background-size":"auto","background-attachment":"scroll","background-type":"","background-media":"","overlay-type":"","overlay-color":"","overlay-opacity":"","overlay-gradient":""},"tablet":{"background-color":"","background-image":"","background-repeat":"repeat","background-position":"center center","background-size":"auto","background-attachment":"scroll","background-type":"","background-media":"","overlay-type":"","overlay-color":"","overlay-opacity":"","overlay-gradient":""},"mobile":{"background-color":"","background-image":"","background-repeat":"repeat","background-position":"center center","background-size":"auto","background-attachment":"scroll","background-type":"","background-media":"","overlay-type":"","overlay-color":"","overlay-opacity":"","overlay-gradient":""}},"ast-content-background-meta":{"desktop":{"background-color":"var(--ast-global-color-5)","background-image":"","background-repeat":"repeat","background-position":"center center","background-size":"auto","background-attachment":"scroll","background-type":"","background-media":"","overlay-type":"","overlay-color":"","overlay-opacity":"","overlay-gradient":""},"tablet":{"background-color":"var(--ast-global-color-5)","background-image":"","background-repeat":"repeat","background-position":"center center","background-size":"auto","background-attachment":"scroll","background-type":"","background-media":"","overlay-type":"","overlay-color":"","overlay-opacity":"","overlay-gradient":""},"mobile":{"background-color":"var(--ast-global-color-5)","background-image":"","background-repeat":"repeat","background-position":"center center","background-size":"auto","background-attachment":"scroll","background-type":"","background-media":"","overlay-type":"","overlay-color":"","overlay-opacity":"","overlay-gradient":""}},"footnotes":""},"categories":[11],"tags":[],"class_list":["post-6889","post","type-post","status-publish","format-standard","has-post-thumbnail","hentry","category-el-flamenco"],"yoast_head":"<!-- This site is optimized with the Yoast SEO plugin v28.4 - https:\/\/yoast.com\/product\/yoast-seo-wordpress\/ -->\n<title>Qu\u00e9 es el duende flamenco: Siente la magia en Tablao Flamenco Alma<\/title>\n<meta name=\"description\" content=\"Si est\u00e1s en Mallorca y buscas algo m\u00e1s que un simple show, hoy te invitamos a descubrir el secreto mejor guardado de nuestra cultura.\" \/>\n<meta name=\"robots\" content=\"index, follow, max-snippet:-1, max-image-preview:large, max-video-preview:-1\" \/>\n<link rel=\"canonical\" href=\"https:\/\/tablaoflamencoalma.com\/de\/que-es-duende-flamenco-palma-mallorca\/\" \/>\n<meta property=\"og:locale\" content=\"de_DE\" \/>\n<meta property=\"og:type\" content=\"article\" \/>\n<meta property=\"og:title\" content=\"Qu\u00e9 es el duende flamenco: Siente la magia en Tablao Flamenco Alma\" \/>\n<meta property=\"og:description\" content=\"Si est\u00e1s en Mallorca y buscas algo m\u00e1s que un simple show, hoy te invitamos a descubrir el secreto mejor guardado de nuestra cultura.\" \/>\n<meta property=\"og:url\" content=\"https:\/\/tablaoflamencoalma.com\/de\/que-es-duende-flamenco-palma-mallorca\/\" \/>\n<meta property=\"og:site_name\" content=\"Tablao Flamenco Alma\" \/>\n<meta property=\"article:publisher\" content=\"https:\/\/www.facebook.com\/tablaoflamencoalma\" \/>\n<meta property=\"article:published_time\" content=\"2026-03-24T18:18:50+00:00\" \/>\n<meta property=\"article:modified_time\" content=\"2026-05-28T05:20:44+00:00\" \/>\n<meta property=\"og:image\" content=\"https:\/\/tablaoflamencoalma.com\/wp-content\/uploads\/2026\/03\/Que-es-el-duende-flamenco-Portada-post.jpg\" \/>\n\t<meta property=\"og:image:width\" content=\"1080\" \/>\n\t<meta property=\"og:image:height\" content=\"1920\" \/>\n\t<meta property=\"og:image:type\" content=\"image\/jpeg\" \/>\n<meta name=\"author\" content=\"Tablao Flamenco Alma\" \/>\n<meta name=\"twitter:card\" content=\"summary_large_image\" \/>\n<meta name=\"twitter:label1\" content=\"Verfasst von\" \/>\n\t<meta name=\"twitter:data1\" content=\"Tablao Flamenco Alma\" \/>\n\t<meta name=\"twitter:label2\" content=\"Gesch\u00e4tzte Lesezeit\" \/>\n\t<meta name=\"twitter:data2\" content=\"4\u00a0Minuten\" \/>\n<script type=\"application\/ld+json\" class=\"yoast-schema-graph\">{\"@context\":\"https:\\\/\\\/schema.org\",\"@graph\":[{\"@type\":\"Article\",\"@id\":\"https:\\\/\\\/tablaoflamencoalma.com\\\/que-es-duende-flamenco-palma-mallorca\\\/#article\",\"isPartOf\":{\"@id\":\"https:\\\/\\\/tablaoflamencoalma.com\\\/que-es-duende-flamenco-palma-mallorca\\\/\"},\"author\":{\"name\":\"Tablao Flamenco Alma\",\"@id\":\"https:\\\/\\\/tablaoflamencoalma.com\\\/#\\\/schema\\\/person\\\/9d0c2a9a099918689427e2a0b2dd0f5c\"},\"headline\":\"\u00bfQu\u00e9 es el duende flamenco? Vive su magia en Tablao Alma\",\"datePublished\":\"2026-03-24T18:18:50+00:00\",\"dateModified\":\"2026-05-28T05:20:44+00:00\",\"mainEntityOfPage\":{\"@id\":\"https:\\\/\\\/tablaoflamencoalma.com\\\/que-es-duende-flamenco-palma-mallorca\\\/\"},\"wordCount\":695,\"commentCount\":0,\"publisher\":{\"@id\":\"https:\\\/\\\/tablaoflamencoalma.com\\\/#organization\"},\"image\":{\"@id\":\"https:\\\/\\\/tablaoflamencoalma.com\\\/que-es-duende-flamenco-palma-mallorca\\\/#primaryimage\"},\"thumbnailUrl\":\"https:\\\/\\\/tablaoflamencoalma.com\\\/wp-content\\\/uploads\\\/2026\\\/03\\\/Que-es-el-duende-flamenco-Portada-post.jpg\",\"articleSection\":[\"El Flamenco\"],\"inLanguage\":\"de\",\"potentialAction\":[{\"@type\":\"CommentAction\",\"name\":\"Comment\",\"target\":[\"https:\\\/\\\/tablaoflamencoalma.com\\\/que-es-duende-flamenco-palma-mallorca\\\/#respond\"]}]},{\"@type\":\"WebPage\",\"@id\":\"https:\\\/\\\/tablaoflamencoalma.com\\\/que-es-duende-flamenco-palma-mallorca\\\/\",\"url\":\"https:\\\/\\\/tablaoflamencoalma.com\\\/que-es-duende-flamenco-palma-mallorca\\\/\",\"name\":\"Qu\u00e9 es el duende flamenco: Siente la magia en Tablao Flamenco Alma\",\"isPartOf\":{\"@id\":\"https:\\\/\\\/tablaoflamencoalma.com\\\/#website\"},\"primaryImageOfPage\":{\"@id\":\"https:\\\/\\\/tablaoflamencoalma.com\\\/que-es-duende-flamenco-palma-mallorca\\\/#primaryimage\"},\"image\":{\"@id\":\"https:\\\/\\\/tablaoflamencoalma.com\\\/que-es-duende-flamenco-palma-mallorca\\\/#primaryimage\"},\"thumbnailUrl\":\"https:\\\/\\\/tablaoflamencoalma.com\\\/wp-content\\\/uploads\\\/2026\\\/03\\\/Que-es-el-duende-flamenco-Portada-post.jpg\",\"datePublished\":\"2026-03-24T18:18:50+00:00\",\"dateModified\":\"2026-05-28T05:20:44+00:00\",\"description\":\"Si est\u00e1s en Mallorca y buscas algo m\u00e1s que un simple show, hoy te invitamos a descubrir el secreto mejor guardado de nuestra cultura.\",\"breadcrumb\":{\"@id\":\"https:\\\/\\\/tablaoflamencoalma.com\\\/que-es-duende-flamenco-palma-mallorca\\\/#breadcrumb\"},\"inLanguage\":\"de\",\"potentialAction\":[{\"@type\":\"ReadAction\",\"target\":[\"https:\\\/\\\/tablaoflamencoalma.com\\\/que-es-duende-flamenco-palma-mallorca\\\/\"]}]},{\"@type\":\"ImageObject\",\"inLanguage\":\"de\",\"@id\":\"https:\\\/\\\/tablaoflamencoalma.com\\\/que-es-duende-flamenco-palma-mallorca\\\/#primaryimage\",\"url\":\"https:\\\/\\\/tablaoflamencoalma.com\\\/wp-content\\\/uploads\\\/2026\\\/03\\\/Que-es-el-duende-flamenco-Portada-post.jpg\",\"contentUrl\":\"https:\\\/\\\/tablaoflamencoalma.com\\\/wp-content\\\/uploads\\\/2026\\\/03\\\/Que-es-el-duende-flamenco-Portada-post.jpg\",\"width\":1080,\"height\":1920,\"caption\":\"Qu\u00e9 es el duende flamenco Portada post\"},{\"@type\":\"BreadcrumbList\",\"@id\":\"https:\\\/\\\/tablaoflamencoalma.com\\\/que-es-duende-flamenco-palma-mallorca\\\/#breadcrumb\",\"itemListElement\":[{\"@type\":\"ListItem\",\"position\":1,\"name\":\"Portada\",\"item\":\"https:\\\/\\\/tablaoflamencoalma.com\\\/\"},{\"@type\":\"ListItem\",\"position\":2,\"name\":\"\u00bfQu\u00e9 es el duende flamenco? Vive su magia en Tablao Alma\"}]},{\"@type\":\"WebSite\",\"@id\":\"https:\\\/\\\/tablaoflamencoalma.com\\\/#website\",\"url\":\"https:\\\/\\\/tablaoflamencoalma.com\\\/\",\"name\":\"Tablao Flamenco Alma\",\"description\":\"Tablao Flamenco Alma\",\"publisher\":{\"@id\":\"https:\\\/\\\/tablaoflamencoalma.com\\\/#organization\"},\"potentialAction\":[{\"@type\":\"SearchAction\",\"target\":{\"@type\":\"EntryPoint\",\"urlTemplate\":\"https:\\\/\\\/tablaoflamencoalma.com\\\/?s={search_term_string}\"},\"query-input\":{\"@type\":\"PropertyValueSpecification\",\"valueRequired\":true,\"valueName\":\"search_term_string\"}}],\"inLanguage\":\"de\"},{\"@type\":\"Organization\",\"@id\":\"https:\\\/\\\/tablaoflamencoalma.com\\\/#organization\",\"name\":\"Tablao Flamenco Alma\",\"url\":\"https:\\\/\\\/tablaoflamencoalma.com\\\/\",\"logo\":{\"@type\":\"ImageObject\",\"inLanguage\":\"de\",\"@id\":\"https:\\\/\\\/tablaoflamencoalma.com\\\/#\\\/schema\\\/logo\\\/image\\\/\",\"url\":\"https:\\\/\\\/tablaoflamencoalma.com\\\/wp-content\\\/uploads\\\/2024\\\/01\\\/cropped-tablao-flamenco-alma-01-04.png\",\"contentUrl\":\"https:\\\/\\\/tablaoflamencoalma.com\\\/wp-content\\\/uploads\\\/2024\\\/01\\\/cropped-tablao-flamenco-alma-01-04.png\",\"width\":512,\"height\":512,\"caption\":\"Tablao Flamenco Alma\"},\"image\":{\"@id\":\"https:\\\/\\\/tablaoflamencoalma.com\\\/#\\\/schema\\\/logo\\\/image\\\/\"},\"sameAs\":[\"https:\\\/\\\/www.facebook.com\\\/tablaoflamencoalma\",\"https:\\\/\\\/www.instagram.com\\\/tablaoflamencoalma\"]},{\"@type\":\"Person\",\"@id\":\"https:\\\/\\\/tablaoflamencoalma.com\\\/#\\\/schema\\\/person\\\/9d0c2a9a099918689427e2a0b2dd0f5c\",\"name\":\"Tablao Flamenco Alma\",\"image\":{\"@type\":\"ImageObject\",\"inLanguage\":\"de\",\"@id\":\"https:\\\/\\\/tablaoflamencoalma.com\\\/wp-content\\\/litespeed\\\/avatar\\\/797b83aa1ddf30f355ead08e864f8dad.jpg?ver=1788140548\",\"url\":\"https:\\\/\\\/tablaoflamencoalma.com\\\/wp-content\\\/litespeed\\\/avatar\\\/797b83aa1ddf30f355ead08e864f8dad.jpg?ver=1788140548\",\"contentUrl\":\"https:\\\/\\\/tablaoflamencoalma.com\\\/wp-content\\\/litespeed\\\/avatar\\\/797b83aa1ddf30f355ead08e864f8dad.jpg?ver=1788140548\",\"caption\":\"Tablao Flamenco Alma\"},\"url\":\"https:\\\/\\\/tablaoflamencoalma.com\\\/de\\\/author\\\/flamencoalma\\\/\"}]}<\/script>\n<!-- \/ Yoast SEO plugin. -->","yoast_head_json":{"title":"Was ist der \u201eDuende\u201c des Flamenco: Sp\u00fcren Sie die Magie im Tablao Flamenco Alma","description":"Wenn du auf Mallorca bist und mehr als nur eine einfache Show suchst, laden wir dich heute ein, das bestgeh\u00fctete Geheimnis unserer Kultur zu entdecken.","robots":{"index":"index","follow":"follow","max-snippet":"max-snippet:-1","max-image-preview":"max-image-preview:large","max-video-preview":"max-video-preview:-1"},"canonical":"https:\/\/tablaoflamencoalma.com\/de\/que-es-duende-flamenco-palma-mallorca\/","og_locale":"de_DE","og_type":"article","og_title":"Qu\u00e9 es el duende flamenco: Siente la magia en Tablao Flamenco Alma","og_description":"Si est\u00e1s en Mallorca y buscas algo m\u00e1s que un simple show, hoy te invitamos a descubrir el secreto mejor guardado de nuestra cultura.","og_url":"https:\/\/tablaoflamencoalma.com\/de\/que-es-duende-flamenco-palma-mallorca\/","og_site_name":"Tablao Flamenco Alma","article_publisher":"https:\/\/www.facebook.com\/tablaoflamencoalma","article_published_time":"2026-03-24T18:18:50+00:00","article_modified_time":"2026-05-28T05:20:44+00:00","og_image":[{"width":1080,"height":1920,"url":"https:\/\/tablaoflamencoalma.com\/wp-content\/uploads\/2026\/03\/Que-es-el-duende-flamenco-Portada-post.jpg","type":"image\/jpeg"}],"author":"Tablao Flamenco Alma","twitter_card":"summary_large_image","twitter_misc":{"Verfasst von":"Tablao Flamenco Alma","Gesch\u00e4tzte Lesezeit":"4\u00a0Minuten"},"schema":{"@context":"https:\/\/schema.org","@graph":[{"@type":"Article","@id":"https:\/\/tablaoflamencoalma.com\/que-es-duende-flamenco-palma-mallorca\/#article","isPartOf":{"@id":"https:\/\/tablaoflamencoalma.com\/que-es-duende-flamenco-palma-mallorca\/"},"author":{"name":"Tablao Flamenco Alma","@id":"https:\/\/tablaoflamencoalma.com\/#\/schema\/person\/9d0c2a9a099918689427e2a0b2dd0f5c"},"headline":"\u00bfQu\u00e9 es el duende flamenco? Vive su magia en Tablao Alma","datePublished":"2026-03-24T18:18:50+00:00","dateModified":"2026-05-28T05:20:44+00:00","mainEntityOfPage":{"@id":"https:\/\/tablaoflamencoalma.com\/que-es-duende-flamenco-palma-mallorca\/"},"wordCount":695,"commentCount":0,"publisher":{"@id":"https:\/\/tablaoflamencoalma.com\/#organization"},"image":{"@id":"https:\/\/tablaoflamencoalma.com\/que-es-duende-flamenco-palma-mallorca\/#primaryimage"},"thumbnailUrl":"https:\/\/tablaoflamencoalma.com\/wp-content\/uploads\/2026\/03\/Que-es-el-duende-flamenco-Portada-post.jpg","articleSection":["El Flamenco"],"inLanguage":"de","potentialAction":[{"@type":"CommentAction","name":"Comment","target":["https:\/\/tablaoflamencoalma.com\/que-es-duende-flamenco-palma-mallorca\/#respond"]}]},{"@type":"WebPage","@id":"https:\/\/tablaoflamencoalma.com\/que-es-duende-flamenco-palma-mallorca\/","url":"https:\/\/tablaoflamencoalma.com\/que-es-duende-flamenco-palma-mallorca\/","name":"Was ist der \u201eDuende\u201c des Flamenco: Sp\u00fcren Sie die Magie im Tablao Flamenco Alma","isPartOf":{"@id":"https:\/\/tablaoflamencoalma.com\/#website"},"primaryImageOfPage":{"@id":"https:\/\/tablaoflamencoalma.com\/que-es-duende-flamenco-palma-mallorca\/#primaryimage"},"image":{"@id":"https:\/\/tablaoflamencoalma.com\/que-es-duende-flamenco-palma-mallorca\/#primaryimage"},"thumbnailUrl":"https:\/\/tablaoflamencoalma.com\/wp-content\/uploads\/2026\/03\/Que-es-el-duende-flamenco-Portada-post.jpg","datePublished":"2026-03-24T18:18:50+00:00","dateModified":"2026-05-28T05:20:44+00:00","description":"Wenn du auf Mallorca bist und mehr als nur eine einfache Show suchst, laden wir dich heute ein, das bestgeh\u00fctete Geheimnis unserer Kultur zu entdecken.","breadcrumb":{"@id":"https:\/\/tablaoflamencoalma.com\/que-es-duende-flamenco-palma-mallorca\/#breadcrumb"},"inLanguage":"de","potentialAction":[{"@type":"ReadAction","target":["https:\/\/tablaoflamencoalma.com\/que-es-duende-flamenco-palma-mallorca\/"]}]},{"@type":"ImageObject","inLanguage":"de","@id":"https:\/\/tablaoflamencoalma.com\/que-es-duende-flamenco-palma-mallorca\/#primaryimage","url":"https:\/\/tablaoflamencoalma.com\/wp-content\/uploads\/2026\/03\/Que-es-el-duende-flamenco-Portada-post.jpg","contentUrl":"https:\/\/tablaoflamencoalma.com\/wp-content\/uploads\/2026\/03\/Que-es-el-duende-flamenco-Portada-post.jpg","width":1080,"height":1920,"caption":"Qu\u00e9 es el duende flamenco Portada post"},{"@type":"BreadcrumbList","@id":"https:\/\/tablaoflamencoalma.com\/que-es-duende-flamenco-palma-mallorca\/#breadcrumb","itemListElement":[{"@type":"ListItem","position":1,"name":"Portada","item":"https:\/\/tablaoflamencoalma.com\/"},{"@type":"ListItem","position":2,"name":"\u00bfQu\u00e9 es el duende flamenco? Vive su magia en Tablao Alma"}]},{"@type":"WebSite","@id":"https:\/\/tablaoflamencoalma.com\/#website","url":"https:\/\/tablaoflamencoalma.com\/","name":"Flamenco-Lokal \u201eAlma\u201c","description":"Flamenco-Lokal \u201eAlma\u201c","publisher":{"@id":"https:\/\/tablaoflamencoalma.com\/#organization"},"potentialAction":[{"@type":"SearchAction","target":{"@type":"EntryPoint","urlTemplate":"https:\/\/tablaoflamencoalma.com\/?s={search_term_string}"},"query-input":{"@type":"PropertyValueSpecification","valueRequired":true,"valueName":"search_term_string"}}],"inLanguage":"de"},{"@type":"Organization","@id":"https:\/\/tablaoflamencoalma.com\/#organization","name":"Flamenco-Lokal \u201eAlma\u201c","url":"https:\/\/tablaoflamencoalma.com\/","logo":{"@type":"ImageObject","inLanguage":"de","@id":"https:\/\/tablaoflamencoalma.com\/#\/schema\/logo\/image\/","url":"https:\/\/tablaoflamencoalma.com\/wp-content\/uploads\/2024\/01\/cropped-tablao-flamenco-alma-01-04.png","contentUrl":"https:\/\/tablaoflamencoalma.com\/wp-content\/uploads\/2024\/01\/cropped-tablao-flamenco-alma-01-04.png","width":512,"height":512,"caption":"Tablao Flamenco Alma"},"image":{"@id":"https:\/\/tablaoflamencoalma.com\/#\/schema\/logo\/image\/"},"sameAs":["https:\/\/www.facebook.com\/tablaoflamencoalma","https:\/\/www.instagram.com\/tablaoflamencoalma"]},{"@type":"Person","@id":"https:\/\/tablaoflamencoalma.com\/#\/schema\/person\/9d0c2a9a099918689427e2a0b2dd0f5c","name":"Flamenco-Lokal \u201eAlma\u201c","image":{"@type":"ImageObject","inLanguage":"de","@id":"https:\/\/tablaoflamencoalma.com\/wp-content\/litespeed\/avatar\/797b83aa1ddf30f355ead08e864f8dad.jpg?ver=1788140548","url":"https:\/\/tablaoflamencoalma.com\/wp-content\/litespeed\/avatar\/797b83aa1ddf30f355ead08e864f8dad.jpg?ver=1788140548","contentUrl":"https:\/\/tablaoflamencoalma.com\/wp-content\/litespeed\/avatar\/797b83aa1ddf30f355ead08e864f8dad.jpg?ver=1788140548","caption":"Tablao Flamenco Alma"},"url":"https:\/\/tablaoflamencoalma.com\/de\/author\/flamencoalma\/"}]}},"_links":{"self":[{"href":"https:\/\/tablaoflamencoalma.com\/de\/wp-json\/wp\/v2\/posts\/6889","targetHints":{"allow":["GET"]}}],"collection":[{"href":"https:\/\/tablaoflamencoalma.com\/de\/wp-json\/wp\/v2\/posts"}],"about":[{"href":"https:\/\/tablaoflamencoalma.com\/de\/wp-json\/wp\/v2\/types\/post"}],"author":[{"embeddable":true,"href":"https:\/\/tablaoflamencoalma.com\/de\/wp-json\/wp\/v2\/users\/3"}],"replies":[{"embeddable":true,"href":"https:\/\/tablaoflamencoalma.com\/de\/wp-json\/wp\/v2\/comments?post=6889"}],"version-history":[{"count":3,"href":"https:\/\/tablaoflamencoalma.com\/de\/wp-json\/wp\/v2\/posts\/6889\/revisions"}],"predecessor-version":[{"id":7530,"href":"https:\/\/tablaoflamencoalma.com\/de\/wp-json\/wp\/v2\/posts\/6889\/revisions\/7530"}],"wp:featuredmedia":[{"embeddable":true,"href":"https:\/\/tablaoflamencoalma.com\/de\/wp-json\/wp\/v2\/media\/6890"}],"wp:attachment":[{"href":"https:\/\/tablaoflamencoalma.com\/de\/wp-json\/wp\/v2\/media?parent=6889"}],"wp:term":[{"taxonomy":"category","embeddable":true,"href":"https:\/\/tablaoflamencoalma.com\/de\/wp-json\/wp\/v2\/categories?post=6889"},{"taxonomy":"post_tag","embeddable":true,"href":"https:\/\/tablaoflamencoalma.com\/de\/wp-json\/wp\/v2\/tags?post=6889"}],"curies":[{"name":"wp","href":"https:\/\/api.w.org\/{rel}","templated":true}]}}