{"id":6814,"date":"2025-12-26T13:15:34","date_gmt":"2025-12-26T12:15:34","guid":{"rendered":"https:\/\/tablaoflamencoalma.com\/?p=6814"},"modified":"2026-06-16T08:33:53","modified_gmt":"2026-06-16T07:33:53","slug":"guia-definitiva-para-visitar-tablao-flamenco-alma-en-palma","status":"publish","type":"post","link":"https:\/\/tablaoflamencoalma.com\/de\/guia-definitiva-para-visitar-tablao-flamenco-alma-en-palma\/","title":{"rendered":"Leitfaden f\u00fcr einen Besuch im Tablao Alma: \u00d6ffnungszeiten und wichtige Tipps."},"content":{"rendered":"<p class=\"wp-block-paragraph\">Planst du deinen Besuch in <a href=\"https:\/\/tablaoflamencoalma.com\/de\/\"><strong>Flamenco-Lokal \u201eAlma\u201c<\/strong><\/a>, das Herzst\u00fcck des <strong>Flamenco-Auff\u00fchrung in Palma<\/strong>, und hast du praktische Bedenken? Wir m\u00f6chten, dass du dich ausschlie\u00dflich darauf konzentrieren kannst, den Charme und die Leidenschaft unseres <strong>Flamenco-B\u00fchne mit Live-Auftritten<\/strong> auf Mallorca.<\/p>\n\n\n\n<p class=\"wp-block-paragraph\">Wir haben diese <strong>Praktischer Leitfaden zum Tablao Flamenco Alma<\/strong> um all die wichtigen Fragen zu beantworten, die vor einer Kulturveranstaltung aufkommen. Wenn du dich fragst, <strong>Wie kleidet man sich f\u00fcr einen Flamenco-Abend?<\/strong>, wann man kommen sollte, um den besten Platz zu ergattern, oder welche Dienstleistungen wir anbieten \u2013 hier bist du genau richtig.<\/p>\n\n\n\n<p class=\"wp-block-paragraph\">Lies weiter, um alles \u00fcber die <strong>Praktische Informationen zum Tablao Flamenco Alma<\/strong> zu \u00d6ffnungszeiten, Kleiderordnung, Barrierefreiheit und Gastronomie. Unser Ziel ist es, dass du dich um nichts k\u00fcmmern musst und dich ganz darauf konzentrieren kannst, einen unvergesslichen Abend mit bester Betreuung zu erleben.<\/p>\n\n\n\n<h2 class=\"wp-block-heading\">Beantwortung praktischer Fragen<\/h2>\n\n\n\n<h3 class=\"wp-block-heading\">Die entscheidende Frage: Wie sieht die Kleiderordnung f\u00fcr den Tablao aus?<\/h3>\n\n\n\n<p class=\"wp-block-paragraph\">Eine der am h\u00e4ufigsten gestellten Fragen betrifft <strong>Wie kleidet man sich f\u00fcr einen Flamenco-Abend?<\/strong>. Die Antwort ist einfach und flexibel:<\/p>\n\n\n\n<p class=\"wp-block-paragraph\"><strong>Es gibt keine strenge Kleiderordnung, wir empfehlen jedoch einen \u201eSmart Casual\u201c-Stil.<\/strong><\/p>\n\n\n\n<p class=\"wp-block-paragraph\"><a href=\"https:\/\/tablaoflamencoalma.com\/de\/\"><strong>Flamenco-Lokal \u201eAlma\u201c<\/strong><\/a> Es handelt sich um ein Flamenco-Theater in elegantem Ambiente. Wir empfehlen Ihnen, sich dem Anlass entsprechend zu kleiden:<\/p>\n\n\n\n<ul class=\"wp-block-list\">\n<li><strong>Empfehlung:<\/strong> Entscheide dich f\u00fcr bequeme, aber gepflegte Kleidung. Eine elegante Hose, ein Hemd oder ein Polohemd, ein Kleid oder ein Rock sind perfekt.<\/li>\n\n\n\n<li><strong>Zu vermeiden:<\/strong> Strandkleidung, Badeanz\u00fcge, Flip-Flops oder Sportkleidung. Es ist ein Abend voller Theater und Kultur.<\/li>\n<\/ul>\n\n\n\n<p class=\"wp-block-paragraph\">Wenn man dem Vorschlag folgt <strong>Smart Casual<\/strong>, wirst du sicher sein, dass du dich ganz im Einklang mit der besonderen und respektvollen Atmosph\u00e4re unseres <em>Flamenco-Theater auf Mallorca<\/em>.<\/p>\n\n\n\n<h3 class=\"wp-block-heading\">Vorstellungszeiten, Einlass und Dauer der Vorstellung<\/h3>\n\n\n\n<p class=\"wp-block-paragraph\">Damit du das Erlebnis in vollen Z\u00fcgen genie\u00dfen kannst, ist es entscheidend zu wissen, wann du kommen solltest.<\/p>\n\n\n\n<p class=\"wp-block-paragraph\"><strong>Spielplan der Live-Flamenco-Vorstellungen<\/strong><\/p>\n\n\n\n<p class=\"wp-block-paragraph\">Wir bieten drei Tageskarten an, um uns Ihrem Urlaubs- oder Alltagsrhythmus anzupassen:<\/p>\n\n\n\n<ul class=\"wp-block-list\">\n<li><strong>Nachmittags-Pass:<\/strong> 17:30 Uhr.<\/li>\n\n\n\n<li><strong>Abendessen-Pass:<\/strong> 19:30 Uhr.<\/li>\n\n\n\n<li><strong>Nachtpass:<\/strong> 21:30 Uhr.<\/li>\n<\/ul>\n\n\n\n<p class=\"wp-block-paragraph\">Unsere <em>Shows<\/em> von <a href=\"https:\/\/tablaoflamencoalma.com\/de\/eine-magische-nacht-in-palma-flamenco-im-tablao-flamenco-alma-abendessen-und-spaziergang\/\"><strong>Flamenco-B\u00fchne mit Live-Auftritten<\/strong><\/a> werden durchgef\u00fchrt <strong>jeden Tag der Woche<\/strong>.<\/p>\n\n\n\n<p class=\"wp-block-paragraph\"><strong>Um wie viel Uhr soll ich da sein?<\/strong><\/p>\n\n\n\n<p class=\"wp-block-paragraph\">Wir empfehlen Ihnen dringend, rechtzeitig da zu sein:<\/p>\n\n\n\n<ul class=\"wp-block-list\">\n<li><strong>Teilnehmer:<\/strong> Nimm teil mit <strong>etwa 30 Minuten vorher<\/strong> Was den Beginn der Vorstellung betrifft.<\/li>\n\n\n\n<li><strong>Vorteile:<\/strong> So kannst du in aller Ruhe dein Begr\u00fc\u00dfungsgetr\u00e4nk genie\u00dfen und dich vor Beginn der Vorstellung an unserem gastronomischen Angebot sowie an der Gem\u00e4ldeausstellung erfreuen.<\/li>\n<\/ul>\n\n\n\n<p class=\"wp-block-paragraph\"><strong>Wie lange dauert das Erlebnis?<\/strong><\/p>\n\n\n\n<p class=\"wp-block-paragraph\">Die Dauer der Vorstellung von <strong>Flamenco-Lokal \u201eAlma\u201c<\/strong> stammt aus <strong>eine Stunde<\/strong> voller Emotionen und authentischer Kunst.<\/p>\n\n\n\n<h3 class=\"wp-block-heading\">Dienstleistungen und n\u00fctzliche Tipps f\u00fcr Ihren Besuch<\/h3>\n\n\n\n<p class=\"wp-block-paragraph\">Hier sind ein paar <strong>Tipps f\u00fcr einen Besuch in unserem Flamenco-Tablao \u201eAlma\u201c<\/strong> die dein Erlebnis verbessern werden:<\/p>\n\n\n\n<p class=\"wp-block-paragraph\"><strong>Getr\u00e4nke, Gastronomie und Bar<\/strong><\/p>\n\n\n\n<ul class=\"wp-block-list\">\n<li><strong>Getr\u00e4nk inklusive:<\/strong> Mit jedem Eintrag hast du <strong>ein kostenloses Getr\u00e4nk<\/strong> Zur Auswahl stehen: Bier, Wein, Erfrischungsgetr\u00e4nke, Cava oder Sangr\u00eda.<\/li>\n\n\n\n<li><strong>Verpflegung:<\/strong> Runden Sie Ihren Abend mit unserem Speiseservice ab. Wir bieten Ihnen die typischsten Gerichte der spanischen K\u00fcche und nat\u00fcrlich Spezialit\u00e4ten aus Mallorca und von den Balearen \u2013 ideal f\u00fcr ein kulinarisches Erlebnis.<\/li>\n<\/ul>\n\n\n\n<h4 class=\"wp-block-heading\">Fotos, Videos und die Kunst des Flamenco<\/h4>\n\n\n\n<p class=\"wp-block-paragraph\">Das Fotografieren und das Aufnehmen kurzer Videos als Andenken sind erlaubt. Wir bitten dich jedoch:<\/p>\n\n\n\n<ul class=\"wp-block-list\">\n<li><strong>Kein Blitz:<\/strong> Die Verwendung von \u2026 ist strengstens untersagt. <em>Flash<\/em> oder Zusatzbeleuchtung, um die K\u00fcnstler und das \u00fcbrige Publikum nicht zu st\u00f6ren.<\/li>\n\n\n\n<li><strong>Mit gr\u00f6\u00dftem Respekt:<\/strong> Vermeiden Sie es, Aufnahmen zu machen oder zu fotografieren, wenn dies das Erlebnis der anderen st\u00f6rt. Die Konzentration der K\u00fcnstler ist entscheidend, um das <em>Kobold<\/em>.<\/li>\n<\/ul>\n\n\n\n<h4 class=\"wp-block-heading\">Sprachen und Flexibilit\u00e4t<\/h4>\n\n\n\n<ul class=\"wp-block-list\">\n<li><strong>Mehrsprachiger Kundenservice:<\/strong> Unser freundliches Servicepersonal und der Gastgeber stehen dir gerne zur Seite bei <strong>Spanisch und Englisch<\/strong>.<\/li>\n\n\n\n<li><strong>Stornierungsbedingungen:<\/strong> Die Buchung ist sicher und flexibel. Wir bieten <strong>Kostenlose Stornierung bis 24 Stunden vorher<\/strong> seit Beginn des <em>Anzeigen<\/em> mit vollst\u00e4ndiger R\u00fcckerstattung.<\/li>\n<\/ul>\n\n\n\n<h3 class=\"wp-block-heading\">Erreichbarkeit und Lage<\/h3>\n\n\n\n<p class=\"wp-block-paragraph\">Es ist uns ein Anliegen, dass jeder den Flamenco genie\u00dfen kann.<\/p>\n\n\n\n<ul class=\"wp-block-list\">\n<li><strong>Barrierefreiheit:<\/strong> Wir best\u00e4tigen, dass <strong>Flamenco-Lokal \u201eAlma\u201c<\/strong> es <strong>rollstuhlgerecht<\/strong>. Falls Sie besondere Unterst\u00fctzung ben\u00f6tigen, geben Sie dies bitte bei der Buchung an.<\/li>\n<\/ul>\n\n\n\n<h2 class=\"wp-block-heading\">Fazit und n\u00e4chste Schritte<\/h2>\n\n\n\n<p class=\"wp-block-paragraph\">Wir hoffen, dass diese <strong>Praxishandbuch zum <\/strong><a href=\"https:\/\/tablaoflamencoalma.com\/de\/\"><strong>Flamenco-Lokal \u201eAlma\u201c<\/strong><\/a> alle deine Fragen gekl\u00e4rt hat. Du wei\u00dft ja schon <strong>Wie kleidet man sich f\u00fcr einen Flamenco-Abend?<\/strong> (elegant <em>Smart Casual<\/em>), wann Sie erscheinen sollten (30 Minuten vorher) und was Sie von unserem Service erwarten k\u00f6nnen (Getr\u00e4nke und Speisen).<\/p>\n\n\n\n<p class=\"wp-block-paragraph\">Mit all der <strong>Praktische Informationen zum Tablao Flamenco Alma<\/strong> Das war\u2019s schon \u2013 jetzt musst du nur noch den letzten Schritt tun: deinen Platz reservieren. Lass dir die Gelegenheit nicht entgehen, das beste <strong>Flamenco-Theater auf Mallorca<\/strong> entweicht.<\/p>\n\n\n\n<p class=\"wp-block-paragraph\"><strong>Buche jetzt dein Erlebnis im Tablao Flamenco Alma und freu dich darauf, die Leidenschaft live zu erleben!<\/strong><\/p>","protected":false},"excerpt":{"rendered":"<p>\u00bfEst\u00e1s planeando tu visita a Tablao Flamenco Alma, el coraz\u00f3n del espect\u00e1culo flamenco en palma, y te asaltan las dudas pr\u00e1cticas? Queremos que tu \u00fanica preocupaci\u00f3n sea disfrutar del duende y la pasi\u00f3n de nuestro tablao flamenco en vivo en Mallorca. Hemos preparado esta gu\u00eda pr\u00e1ctica del Tablao Flamenco Alma para responder a todas esas [&hellip;]<\/p>\n","protected":false},"author":3,"featured_media":6815,"comment_status":"open","ping_status":"open","sticky":false,"template":"","format":"standard","meta":{"site-sidebar-layout":"default","site-content-layout":"","ast-site-content-layout":"default","site-content-style":"default","site-sidebar-style":"default","ast-global-header-display":"","ast-banner-title-visibility":"","ast-main-header-display":"","ast-hfb-above-header-display":"","ast-hfb-below-header-display":"","ast-hfb-mobile-header-display":"","site-post-title":"","ast-breadcrumbs-content":"","ast-featured-img":"","footer-sml-layout":"","theme-transparent-header-meta":"","adv-header-id-meta":"","stick-header-meta":"","header-above-stick-meta":"","header-main-stick-meta":"","header-below-stick-meta":"","astra-migrate-meta-layouts":"set","ast-page-background-enabled":"default","ast-page-background-meta":{"desktop":{"background-color":"var(--ast-global-color-4)","background-image":"","background-repeat":"repeat","background-position":"center center","background-size":"auto","background-attachment":"scroll","background-type":"","background-media":"","overlay-type":"","overlay-color":"","overlay-opacity":"","overlay-gradient":""},"tablet":{"background-color":"","background-image":"","background-repeat":"repeat","background-position":"center center","background-size":"auto","background-attachment":"scroll","background-type":"","background-media":"","overlay-type":"","overlay-color":"","overlay-opacity":"","overlay-gradient":""},"mobile":{"background-color":"","background-image":"","background-repeat":"repeat","background-position":"center center","background-size":"auto","background-attachment":"scroll","background-type":"","background-media":"","overlay-type":"","overlay-color":"","overlay-opacity":"","overlay-gradient":""}},"ast-content-background-meta":{"desktop":{"background-color":"var(--ast-global-color-5)","background-image":"","background-repeat":"repeat","background-position":"center center","background-size":"auto","background-attachment":"scroll","background-type":"","background-media":"","overlay-type":"","overlay-color":"","overlay-opacity":"","overlay-gradient":""},"tablet":{"background-color":"var(--ast-global-color-5)","background-image":"","background-repeat":"repeat","background-position":"center center","background-size":"auto","background-attachment":"scroll","background-type":"","background-media":"","overlay-type":"","overlay-color":"","overlay-opacity":"","overlay-gradient":""},"mobile":{"background-color":"var(--ast-global-color-5)","background-image":"","background-repeat":"repeat","background-position":"center center","background-size":"auto","background-attachment":"scroll","background-type":"","background-media":"","overlay-type":"","overlay-color":"","overlay-opacity":"","overlay-gradient":""}},"footnotes":""},"categories":[17],"tags":[],"class_list":["post-6814","post","type-post","status-publish","format-standard","has-post-thumbnail","hentry","category-general"],"yoast_head":"<!-- This site is optimized with the Yoast SEO plugin v28.4 - https:\/\/yoast.com\/product\/yoast-seo-wordpress\/ -->\n<title>C\u00f3mo Vestir Tablao Flamenco Alma: Horarios y Gu\u00eda Pr\u00e1ctica- Tablao Flamenco Alma<\/title>\n<meta name=\"description\" content=\"\u00bfDudas sobre tu visita? Descubre c\u00f3mo vestir tablao flamenco (Smart Casual), los horarios de los shows (5:30, 7:30, 9:30 P.M.), gastronom\u00eda y accesibilidad. \u00a1Prep\u00e1rate para el duende!\" \/>\n<meta name=\"robots\" content=\"index, follow, max-snippet:-1, max-image-preview:large, max-video-preview:-1\" \/>\n<link rel=\"canonical\" href=\"https:\/\/tablaoflamencoalma.com\/de\/guia-definitiva-para-visitar-tablao-flamenco-alma-en-palma\/\" \/>\n<meta property=\"og:locale\" content=\"de_DE\" \/>\n<meta property=\"og:type\" content=\"article\" \/>\n<meta property=\"og:title\" content=\"C\u00f3mo Vestir Tablao Flamenco Alma: Horarios y Gu\u00eda Pr\u00e1ctica- Tablao Flamenco Alma\" \/>\n<meta property=\"og:description\" content=\"\u00bfDudas sobre tu visita? Descubre c\u00f3mo vestir tablao flamenco (Smart Casual), los horarios de los shows (5:30, 7:30, 9:30 P.M.), gastronom\u00eda y accesibilidad. \u00a1Prep\u00e1rate para el duende!\" \/>\n<meta property=\"og:url\" content=\"https:\/\/tablaoflamencoalma.com\/de\/guia-definitiva-para-visitar-tablao-flamenco-alma-en-palma\/\" \/>\n<meta property=\"og:site_name\" content=\"Tablao Flamenco Alma\" \/>\n<meta property=\"article:publisher\" content=\"https:\/\/www.facebook.com\/tablaoflamencoalma\" \/>\n<meta property=\"article:published_time\" content=\"2025-12-26T12:15:34+00:00\" \/>\n<meta property=\"article:modified_time\" content=\"2026-06-16T07:33:53+00:00\" \/>\n<meta property=\"og:image\" content=\"https:\/\/tablaoflamencoalma.com\/wp-content\/uploads\/2025\/12\/Guia-Practica-para-tu-Visita-a-Tablao-Alma-portada-post.jpg\" \/>\n\t<meta property=\"og:image:width\" content=\"960\" \/>\n\t<meta property=\"og:image:height\" content=\"640\" \/>\n\t<meta property=\"og:image:type\" content=\"image\/webp\" \/>\n<meta name=\"author\" content=\"Tablao Flamenco Alma\" \/>\n<meta name=\"twitter:card\" content=\"summary_large_image\" \/>\n<meta name=\"twitter:label1\" content=\"Verfasst von\" \/>\n\t<meta name=\"twitter:data1\" content=\"Tablao Flamenco Alma\" \/>\n\t<meta name=\"twitter:label2\" content=\"Gesch\u00e4tzte Lesezeit\" \/>\n\t<meta name=\"twitter:data2\" content=\"4\u00a0Minuten\" \/>\n<script type=\"application\/ld+json\" class=\"yoast-schema-graph\">{\"@context\":\"https:\\\/\\\/schema.org\",\"@graph\":[{\"@type\":\"Article\",\"@id\":\"https:\\\/\\\/tablaoflamencoalma.com\\\/guia-definitiva-para-visitar-tablao-flamenco-alma-en-palma\\\/#article\",\"isPartOf\":{\"@id\":\"https:\\\/\\\/tablaoflamencoalma.com\\\/guia-definitiva-para-visitar-tablao-flamenco-alma-en-palma\\\/\"},\"author\":{\"name\":\"Tablao Flamenco Alma\",\"@id\":\"https:\\\/\\\/tablaoflamencoalma.com\\\/#\\\/schema\\\/person\\\/9d0c2a9a099918689427e2a0b2dd0f5c\"},\"headline\":\"Gu\u00eda para visitar Tablao Alma: horarios y consejos claves \u00fatiles.\",\"datePublished\":\"2025-12-26T12:15:34+00:00\",\"dateModified\":\"2026-06-16T07:33:53+00:00\",\"mainEntityOfPage\":{\"@id\":\"https:\\\/\\\/tablaoflamencoalma.com\\\/guia-definitiva-para-visitar-tablao-flamenco-alma-en-palma\\\/\"},\"wordCount\":807,\"commentCount\":0,\"publisher\":{\"@id\":\"https:\\\/\\\/tablaoflamencoalma.com\\\/#organization\"},\"image\":{\"@id\":\"https:\\\/\\\/tablaoflamencoalma.com\\\/guia-definitiva-para-visitar-tablao-flamenco-alma-en-palma\\\/#primaryimage\"},\"thumbnailUrl\":\"https:\\\/\\\/tablaoflamencoalma.com\\\/wp-content\\\/uploads\\\/2025\\\/12\\\/Guia-Practica-para-tu-Visita-a-Tablao-Alma-portada-post.jpg\",\"articleSection\":[\"General\"],\"inLanguage\":\"de\",\"potentialAction\":[{\"@type\":\"CommentAction\",\"name\":\"Comment\",\"target\":[\"https:\\\/\\\/tablaoflamencoalma.com\\\/guia-definitiva-para-visitar-tablao-flamenco-alma-en-palma\\\/#respond\"]}]},{\"@type\":\"WebPage\",\"@id\":\"https:\\\/\\\/tablaoflamencoalma.com\\\/guia-definitiva-para-visitar-tablao-flamenco-alma-en-palma\\\/\",\"url\":\"https:\\\/\\\/tablaoflamencoalma.com\\\/guia-definitiva-para-visitar-tablao-flamenco-alma-en-palma\\\/\",\"name\":\"C\u00f3mo Vestir Tablao Flamenco Alma: Horarios y Gu\u00eda Pr\u00e1ctica- Tablao Flamenco Alma\",\"isPartOf\":{\"@id\":\"https:\\\/\\\/tablaoflamencoalma.com\\\/#website\"},\"primaryImageOfPage\":{\"@id\":\"https:\\\/\\\/tablaoflamencoalma.com\\\/guia-definitiva-para-visitar-tablao-flamenco-alma-en-palma\\\/#primaryimage\"},\"image\":{\"@id\":\"https:\\\/\\\/tablaoflamencoalma.com\\\/guia-definitiva-para-visitar-tablao-flamenco-alma-en-palma\\\/#primaryimage\"},\"thumbnailUrl\":\"https:\\\/\\\/tablaoflamencoalma.com\\\/wp-content\\\/uploads\\\/2025\\\/12\\\/Guia-Practica-para-tu-Visita-a-Tablao-Alma-portada-post.jpg\",\"datePublished\":\"2025-12-26T12:15:34+00:00\",\"dateModified\":\"2026-06-16T07:33:53+00:00\",\"description\":\"\u00bfDudas sobre tu visita? Descubre c\u00f3mo vestir tablao flamenco (Smart Casual), los horarios de los shows (5:30, 7:30, 9:30 P.M.), gastronom\u00eda y accesibilidad. \u00a1Prep\u00e1rate para el duende!\",\"breadcrumb\":{\"@id\":\"https:\\\/\\\/tablaoflamencoalma.com\\\/guia-definitiva-para-visitar-tablao-flamenco-alma-en-palma\\\/#breadcrumb\"},\"inLanguage\":\"de\",\"potentialAction\":[{\"@type\":\"ReadAction\",\"target\":[\"https:\\\/\\\/tablaoflamencoalma.com\\\/guia-definitiva-para-visitar-tablao-flamenco-alma-en-palma\\\/\"]}]},{\"@type\":\"ImageObject\",\"inLanguage\":\"de\",\"@id\":\"https:\\\/\\\/tablaoflamencoalma.com\\\/guia-definitiva-para-visitar-tablao-flamenco-alma-en-palma\\\/#primaryimage\",\"url\":\"https:\\\/\\\/tablaoflamencoalma.com\\\/wp-content\\\/uploads\\\/2025\\\/12\\\/Guia-Practica-para-tu-Visita-a-Tablao-Alma-portada-post.jpg\",\"contentUrl\":\"https:\\\/\\\/tablaoflamencoalma.com\\\/wp-content\\\/uploads\\\/2025\\\/12\\\/Guia-Practica-para-tu-Visita-a-Tablao-Alma-portada-post.jpg\",\"width\":960,\"height\":640,\"caption\":\"Gui\u0301a Pra\u0301ctica para tu Visita a Tablao Alma portada post\"},{\"@type\":\"BreadcrumbList\",\"@id\":\"https:\\\/\\\/tablaoflamencoalma.com\\\/guia-definitiva-para-visitar-tablao-flamenco-alma-en-palma\\\/#breadcrumb\",\"itemListElement\":[{\"@type\":\"ListItem\",\"position\":1,\"name\":\"Portada\",\"item\":\"https:\\\/\\\/tablaoflamencoalma.com\\\/\"},{\"@type\":\"ListItem\",\"position\":2,\"name\":\"Gu\u00eda para visitar Tablao Alma: horarios y consejos claves \u00fatiles.\"}]},{\"@type\":\"WebSite\",\"@id\":\"https:\\\/\\\/tablaoflamencoalma.com\\\/#website\",\"url\":\"https:\\\/\\\/tablaoflamencoalma.com\\\/\",\"name\":\"Tablao Flamenco Alma\",\"description\":\"Tablao Flamenco Alma\",\"publisher\":{\"@id\":\"https:\\\/\\\/tablaoflamencoalma.com\\\/#organization\"},\"potentialAction\":[{\"@type\":\"SearchAction\",\"target\":{\"@type\":\"EntryPoint\",\"urlTemplate\":\"https:\\\/\\\/tablaoflamencoalma.com\\\/?s={search_term_string}\"},\"query-input\":{\"@type\":\"PropertyValueSpecification\",\"valueRequired\":true,\"valueName\":\"search_term_string\"}}],\"inLanguage\":\"de\"},{\"@type\":\"Organization\",\"@id\":\"https:\\\/\\\/tablaoflamencoalma.com\\\/#organization\",\"name\":\"Tablao Flamenco Alma\",\"url\":\"https:\\\/\\\/tablaoflamencoalma.com\\\/\",\"logo\":{\"@type\":\"ImageObject\",\"inLanguage\":\"de\",\"@id\":\"https:\\\/\\\/tablaoflamencoalma.com\\\/#\\\/schema\\\/logo\\\/image\\\/\",\"url\":\"https:\\\/\\\/tablaoflamencoalma.com\\\/wp-content\\\/uploads\\\/2024\\\/01\\\/cropped-tablao-flamenco-alma-01-04.png\",\"contentUrl\":\"https:\\\/\\\/tablaoflamencoalma.com\\\/wp-content\\\/uploads\\\/2024\\\/01\\\/cropped-tablao-flamenco-alma-01-04.png\",\"width\":512,\"height\":512,\"caption\":\"Tablao Flamenco Alma\"},\"image\":{\"@id\":\"https:\\\/\\\/tablaoflamencoalma.com\\\/#\\\/schema\\\/logo\\\/image\\\/\"},\"sameAs\":[\"https:\\\/\\\/www.facebook.com\\\/tablaoflamencoalma\",\"https:\\\/\\\/www.instagram.com\\\/tablaoflamencoalma\"]},{\"@type\":\"Person\",\"@id\":\"https:\\\/\\\/tablaoflamencoalma.com\\\/#\\\/schema\\\/person\\\/9d0c2a9a099918689427e2a0b2dd0f5c\",\"name\":\"Tablao Flamenco Alma\",\"image\":{\"@type\":\"ImageObject\",\"inLanguage\":\"de\",\"@id\":\"https:\\\/\\\/tablaoflamencoalma.com\\\/wp-content\\\/litespeed\\\/avatar\\\/797b83aa1ddf30f355ead08e864f8dad.jpg?ver=1788140548\",\"url\":\"https:\\\/\\\/tablaoflamencoalma.com\\\/wp-content\\\/litespeed\\\/avatar\\\/797b83aa1ddf30f355ead08e864f8dad.jpg?ver=1788140548\",\"contentUrl\":\"https:\\\/\\\/tablaoflamencoalma.com\\\/wp-content\\\/litespeed\\\/avatar\\\/797b83aa1ddf30f355ead08e864f8dad.jpg?ver=1788140548\",\"caption\":\"Tablao Flamenco Alma\"},\"url\":\"https:\\\/\\\/tablaoflamencoalma.com\\\/de\\\/author\\\/flamencoalma\\\/\"}]}<\/script>\n<!-- \/ Yoast SEO plugin. -->","yoast_head_json":{"title":"Kleidungstipps f\u00fcr den Tablao Flamenco Alma: Spielzeiten und praktischer Leitfaden \u2013 Tablao Flamenco Alma","description":"Hast du Fragen zu deinem Besuch? Erfahre mehr \u00fcber die Kleiderordnung im Flamenco-Tablao (Smart Casual), die Vorstellungszeiten (17:30, 19:30, 21:30 Uhr), das gastronomische Angebot und die Barrierefreiheit. Mach dich bereit f\u00fcr den \u201eDuende\u201c!","robots":{"index":"index","follow":"follow","max-snippet":"max-snippet:-1","max-image-preview":"max-image-preview:large","max-video-preview":"max-video-preview:-1"},"canonical":"https:\/\/tablaoflamencoalma.com\/de\/guia-definitiva-para-visitar-tablao-flamenco-alma-en-palma\/","og_locale":"de_DE","og_type":"article","og_title":"C\u00f3mo Vestir Tablao Flamenco Alma: Horarios y Gu\u00eda Pr\u00e1ctica- Tablao Flamenco Alma","og_description":"\u00bfDudas sobre tu visita? Descubre c\u00f3mo vestir tablao flamenco (Smart Casual), los horarios de los shows (5:30, 7:30, 9:30 P.M.), gastronom\u00eda y accesibilidad. \u00a1Prep\u00e1rate para el duende!","og_url":"https:\/\/tablaoflamencoalma.com\/de\/guia-definitiva-para-visitar-tablao-flamenco-alma-en-palma\/","og_site_name":"Tablao Flamenco Alma","article_publisher":"https:\/\/www.facebook.com\/tablaoflamencoalma","article_published_time":"2025-12-26T12:15:34+00:00","article_modified_time":"2026-06-16T07:33:53+00:00","og_image":[{"width":960,"height":640,"url":"https:\/\/tablaoflamencoalma.com\/wp-content\/uploads\/2025\/12\/Guia-Practica-para-tu-Visita-a-Tablao-Alma-portada-post.jpg","type":"image\/webp"}],"author":"Tablao Flamenco Alma","twitter_card":"summary_large_image","twitter_misc":{"Verfasst von":"Tablao Flamenco Alma","Gesch\u00e4tzte Lesezeit":"4\u00a0Minuten"},"schema":{"@context":"https:\/\/schema.org","@graph":[{"@type":"Article","@id":"https:\/\/tablaoflamencoalma.com\/guia-definitiva-para-visitar-tablao-flamenco-alma-en-palma\/#article","isPartOf":{"@id":"https:\/\/tablaoflamencoalma.com\/guia-definitiva-para-visitar-tablao-flamenco-alma-en-palma\/"},"author":{"name":"Tablao Flamenco Alma","@id":"https:\/\/tablaoflamencoalma.com\/#\/schema\/person\/9d0c2a9a099918689427e2a0b2dd0f5c"},"headline":"Gu\u00eda para visitar Tablao Alma: horarios y consejos claves \u00fatiles.","datePublished":"2025-12-26T12:15:34+00:00","dateModified":"2026-06-16T07:33:53+00:00","mainEntityOfPage":{"@id":"https:\/\/tablaoflamencoalma.com\/guia-definitiva-para-visitar-tablao-flamenco-alma-en-palma\/"},"wordCount":807,"commentCount":0,"publisher":{"@id":"https:\/\/tablaoflamencoalma.com\/#organization"},"image":{"@id":"https:\/\/tablaoflamencoalma.com\/guia-definitiva-para-visitar-tablao-flamenco-alma-en-palma\/#primaryimage"},"thumbnailUrl":"https:\/\/tablaoflamencoalma.com\/wp-content\/uploads\/2025\/12\/Guia-Practica-para-tu-Visita-a-Tablao-Alma-portada-post.jpg","articleSection":["General"],"inLanguage":"de","potentialAction":[{"@type":"CommentAction","name":"Comment","target":["https:\/\/tablaoflamencoalma.com\/guia-definitiva-para-visitar-tablao-flamenco-alma-en-palma\/#respond"]}]},{"@type":"WebPage","@id":"https:\/\/tablaoflamencoalma.com\/guia-definitiva-para-visitar-tablao-flamenco-alma-en-palma\/","url":"https:\/\/tablaoflamencoalma.com\/guia-definitiva-para-visitar-tablao-flamenco-alma-en-palma\/","name":"Kleidungstipps f\u00fcr den Tablao Flamenco Alma: Spielzeiten und praktischer Leitfaden \u2013 Tablao Flamenco Alma","isPartOf":{"@id":"https:\/\/tablaoflamencoalma.com\/#website"},"primaryImageOfPage":{"@id":"https:\/\/tablaoflamencoalma.com\/guia-definitiva-para-visitar-tablao-flamenco-alma-en-palma\/#primaryimage"},"image":{"@id":"https:\/\/tablaoflamencoalma.com\/guia-definitiva-para-visitar-tablao-flamenco-alma-en-palma\/#primaryimage"},"thumbnailUrl":"https:\/\/tablaoflamencoalma.com\/wp-content\/uploads\/2025\/12\/Guia-Practica-para-tu-Visita-a-Tablao-Alma-portada-post.jpg","datePublished":"2025-12-26T12:15:34+00:00","dateModified":"2026-06-16T07:33:53+00:00","description":"Hast du Fragen zu deinem Besuch? Erfahre mehr \u00fcber die Kleiderordnung im Flamenco-Tablao (Smart Casual), die Vorstellungszeiten (17:30, 19:30, 21:30 Uhr), das gastronomische Angebot und die Barrierefreiheit. Mach dich bereit f\u00fcr den \u201eDuende\u201c!","breadcrumb":{"@id":"https:\/\/tablaoflamencoalma.com\/guia-definitiva-para-visitar-tablao-flamenco-alma-en-palma\/#breadcrumb"},"inLanguage":"de","potentialAction":[{"@type":"ReadAction","target":["https:\/\/tablaoflamencoalma.com\/guia-definitiva-para-visitar-tablao-flamenco-alma-en-palma\/"]}]},{"@type":"ImageObject","inLanguage":"de","@id":"https:\/\/tablaoflamencoalma.com\/guia-definitiva-para-visitar-tablao-flamenco-alma-en-palma\/#primaryimage","url":"https:\/\/tablaoflamencoalma.com\/wp-content\/uploads\/2025\/12\/Guia-Practica-para-tu-Visita-a-Tablao-Alma-portada-post.jpg","contentUrl":"https:\/\/tablaoflamencoalma.com\/wp-content\/uploads\/2025\/12\/Guia-Practica-para-tu-Visita-a-Tablao-Alma-portada-post.jpg","width":960,"height":640,"caption":"Gui\u0301a Pra\u0301ctica para tu Visita a Tablao Alma portada post"},{"@type":"BreadcrumbList","@id":"https:\/\/tablaoflamencoalma.com\/guia-definitiva-para-visitar-tablao-flamenco-alma-en-palma\/#breadcrumb","itemListElement":[{"@type":"ListItem","position":1,"name":"Portada","item":"https:\/\/tablaoflamencoalma.com\/"},{"@type":"ListItem","position":2,"name":"Gu\u00eda para visitar Tablao Alma: horarios y consejos claves \u00fatiles."}]},{"@type":"WebSite","@id":"https:\/\/tablaoflamencoalma.com\/#website","url":"https:\/\/tablaoflamencoalma.com\/","name":"Flamenco-Lokal \u201eAlma\u201c","description":"Flamenco-Lokal \u201eAlma\u201c","publisher":{"@id":"https:\/\/tablaoflamencoalma.com\/#organization"},"potentialAction":[{"@type":"SearchAction","target":{"@type":"EntryPoint","urlTemplate":"https:\/\/tablaoflamencoalma.com\/?s={search_term_string}"},"query-input":{"@type":"PropertyValueSpecification","valueRequired":true,"valueName":"search_term_string"}}],"inLanguage":"de"},{"@type":"Organization","@id":"https:\/\/tablaoflamencoalma.com\/#organization","name":"Flamenco-Lokal \u201eAlma\u201c","url":"https:\/\/tablaoflamencoalma.com\/","logo":{"@type":"ImageObject","inLanguage":"de","@id":"https:\/\/tablaoflamencoalma.com\/#\/schema\/logo\/image\/","url":"https:\/\/tablaoflamencoalma.com\/wp-content\/uploads\/2024\/01\/cropped-tablao-flamenco-alma-01-04.png","contentUrl":"https:\/\/tablaoflamencoalma.com\/wp-content\/uploads\/2024\/01\/cropped-tablao-flamenco-alma-01-04.png","width":512,"height":512,"caption":"Tablao Flamenco Alma"},"image":{"@id":"https:\/\/tablaoflamencoalma.com\/#\/schema\/logo\/image\/"},"sameAs":["https:\/\/www.facebook.com\/tablaoflamencoalma","https:\/\/www.instagram.com\/tablaoflamencoalma"]},{"@type":"Person","@id":"https:\/\/tablaoflamencoalma.com\/#\/schema\/person\/9d0c2a9a099918689427e2a0b2dd0f5c","name":"Flamenco-Lokal \u201eAlma\u201c","image":{"@type":"ImageObject","inLanguage":"de","@id":"https:\/\/tablaoflamencoalma.com\/wp-content\/litespeed\/avatar\/797b83aa1ddf30f355ead08e864f8dad.jpg?ver=1788140548","url":"https:\/\/tablaoflamencoalma.com\/wp-content\/litespeed\/avatar\/797b83aa1ddf30f355ead08e864f8dad.jpg?ver=1788140548","contentUrl":"https:\/\/tablaoflamencoalma.com\/wp-content\/litespeed\/avatar\/797b83aa1ddf30f355ead08e864f8dad.jpg?ver=1788140548","caption":"Tablao Flamenco Alma"},"url":"https:\/\/tablaoflamencoalma.com\/de\/author\/flamencoalma\/"}]}},"_links":{"self":[{"href":"https:\/\/tablaoflamencoalma.com\/de\/wp-json\/wp\/v2\/posts\/6814","targetHints":{"allow":["GET"]}}],"collection":[{"href":"https:\/\/tablaoflamencoalma.com\/de\/wp-json\/wp\/v2\/posts"}],"about":[{"href":"https:\/\/tablaoflamencoalma.com\/de\/wp-json\/wp\/v2\/types\/post"}],"author":[{"embeddable":true,"href":"https:\/\/tablaoflamencoalma.com\/de\/wp-json\/wp\/v2\/users\/3"}],"replies":[{"embeddable":true,"href":"https:\/\/tablaoflamencoalma.com\/de\/wp-json\/wp\/v2\/comments?post=6814"}],"version-history":[{"count":3,"href":"https:\/\/tablaoflamencoalma.com\/de\/wp-json\/wp\/v2\/posts\/6814\/revisions"}],"predecessor-version":[{"id":7982,"href":"https:\/\/tablaoflamencoalma.com\/de\/wp-json\/wp\/v2\/posts\/6814\/revisions\/7982"}],"wp:featuredmedia":[{"embeddable":true,"href":"https:\/\/tablaoflamencoalma.com\/de\/wp-json\/wp\/v2\/media\/6815"}],"wp:attachment":[{"href":"https:\/\/tablaoflamencoalma.com\/de\/wp-json\/wp\/v2\/media?parent=6814"}],"wp:term":[{"taxonomy":"category","embeddable":true,"href":"https:\/\/tablaoflamencoalma.com\/de\/wp-json\/wp\/v2\/categories?post=6814"},{"taxonomy":"post_tag","embeddable":true,"href":"https:\/\/tablaoflamencoalma.com\/de\/wp-json\/wp\/v2\/tags?post=6814"}],"curies":[{"name":"wp","href":"https:\/\/api.w.org\/{rel}","templated":true}]}}