{"id":5410,"date":"2025-06-24T10:48:23","date_gmt":"2025-06-24T09:48:23","guid":{"rendered":"https:\/\/tablaoflamencoalma.com\/?p=5410"},"modified":"2026-06-02T08:49:09","modified_gmt":"2026-06-02T07:49:09","slug":"die-stimme-der-seele-die-bedeutung-des-cante-im-authentischen-flamenco-in-palma-de-mallorca-enthuellen","status":"publish","type":"post","link":"https:\/\/tablaoflamencoalma.com\/de\/la-voz-del-alma-desvelando-la-importancia-del-cante-en-el-flamenco-autentico-de-palma-de-mallorca\/","title":{"rendered":"Die Stimme der Seele: authentischer Flamenco-Gesang in Palma"},"content":{"rendered":"<p class=\"wp-block-paragraph\">Haben Sie sich jemals gefragt, was Ihnen wirklich G\u00e4nsehaut bereitet? <strong>Flamenco-Show<\/strong>Welches Element ist die Seele, die den T\u00e4nzer mit dem Gitarristen und das Publikum mit dem Wesen dieser uralten Kunst verbindet? Im faszinierenden Universum des Flamenco, wo Leidenschaft getanzt, gespielt und vor allem gesungen wird, gibt es eine Figur, die oft zum Epizentrum aller Emotionen wird: den S\u00e4nger.<\/p>\n\n\n\n<p class=\"wp-block-paragraph\"><\/p>\n\n\n\n<p class=\"wp-block-paragraph\">Der <strong>Flamenco-Gesang<\/strong> Es ist nicht einfach nur ein weiterer Teil von <em>Leistung<\/em>; Sie ist die Wurzel, das Fundament und der reinste Ausdruck dieser Kunst, die zum immateriellen Kulturerbe der Menschheit erkl\u00e4rt wurde. Sie ist die Stimme der Seele, der rote Faden, der die Geschichte jeder Strophe und jedes Taktes durchzieht und das Publikum auf eine beispiellose emotionale Reise mitnimmt. Durch ihre Klagelieder und tiefgr\u00fcndigen Texte wird die Flamenco-S\u00e4ngerin zur Br\u00fccke zwischen Tradition und unverf\u00e4lschter Emotion.<\/p>\n\n\n\n<p class=\"wp-block-paragraph\"><\/p>\n\n\n\n<p class=\"wp-block-paragraph\">In diesem Artikel werden wir aufzeigen, warum <strong>im Flamenco singen<\/strong> Es ist so entscheidend, wie untrennbar es mit Tanz und Gitarre verbunden ist und warum ein authentisches <strong>Flamenco-B\u00fchne mit Live-Auftritten<\/strong>, wie die, die wir anbieten in <a href=\"https:\/\/tablaoflamencoalma.com\/de\/\"><strong>Alma Flamenco Tablao in Palma de Mallorca<\/strong><\/a>, Ohne ihn w\u00e4re es nicht dasselbe. Wir laden Sie ein, die Magie hinter jeder einzelnen Note zu entdecken und diese Bedeutung live in unseren Shows zu erleben.<\/p>\n\n\n\n<p class=\"wp-block-paragraph\"><\/p>\n\n\n\n<h2 class=\"wp-block-heading\">Der Gesang: Das Herzst\u00fcck jedes Flamenco-Rhythmus<\/h2>\n\n\n\n<p class=\"wp-block-paragraph\">Flamenco ist in seiner sch\u00f6nsten Form ein Dialog. Ein intimer und tief empfundener Dialog zwischen S\u00e4nger, T\u00e4nzer und Gitarrist, orchestriert vom unersch\u00fctterlichen Puls des Rhythmus. Und im Zentrum dieses Dialogs steht die... <strong>Flamenco-Gesang<\/strong> Sie erscheint als Stimme des Gewissens, als Herzschlag, der Anfang und Ende jedes k\u00fcnstlerischen Atemzugs markiert.<\/p>\n\n\n\n<h2 class=\"wp-block-heading\">Jenseits der Stimme: Reines Gef\u00fchl und \u00dcbermittlung von Emotionen<\/h2>\n\n\n\n<p class=\"wp-block-paragraph\">Wenn wir \u00fcber <strong>Flamenco-Gesang<\/strong>, Wir sprechen hier nicht einfach von einer Melodie oder einem sch\u00f6nen Text. Wir sprechen von einer so unverf\u00e4lschten und authentischen \u00dcbermittlung von Gef\u00fchlen, dass sie einen bis ins tiefste Innerste ber\u00fchren kann. Der Flamenco-S\u00e4nger ist ein Chronist des Lebens, ein Geschichtenerz\u00e4hler, dessen Geschichten sich in der Modulation seiner Stimme, den Pausen, dem Ausdruck ausdr\u00fccken. <em>St\u00f6hnen<\/em> und die <em>Abstimmung<\/em>.<\/p>\n\n\n\n<p class=\"wp-block-paragraph\">Der <strong>St\u00f6hnen<\/strong>, Dieser Laut, der aus den Tiefen des eigenen Wesens zu kommen scheint, ist ein uralter Schrei der Trauer, der Qual oder der unb\u00e4ndigen Freude. Er wird nicht in der Schule gelernt; er wird gef\u00fchlt, vererbt und gelebt. Er ist der unmittelbarste Ausdruck von \u2026 <em>Kobold<\/em> Flamenco, diese unbeschreibliche Kraft, die das Allt\u00e4gliche in etwas Magisches verwandelt. Jeder S\u00e4nger pr\u00e4gt dem Gesang seine eigene Handschrift, seine eigene Seele ein und macht so jede Auff\u00fchrung einzigartig und unwiederholbar. <em>Abstimmung<\/em> Es geht nicht nur um die richtige Intonation; es geht um die F\u00e4higkeit, Spannung und Emotion in jeder Note aufrechtzuerhalten, selbst in den melismatischsten und kunstvollsten Passagen.<\/p>\n\n\n\n<p class=\"wp-block-paragraph\">Die <strong>Flamenco-Stimme<\/strong> Es besitzt eine einzigartige Qualit\u00e4t, eine H\u00e4rte und eine S\u00fc\u00dfe, die abwechselnd komplexe emotionale Landschaften zeichnen. Es kann guttural und tiefgr\u00fcndig sein und die Erde und das Leid beschw\u00f6ren, oder klar und lebendig und das Leben und die Festlichkeit feiern. Diese Dualit\u00e4t verleiht ihm seinen Reichtum und seine F\u00e4higkeit, den Zuh\u00f6rer unabh\u00e4ngig von seiner Herkunft oder Sprache zu ber\u00fchren. Es ist ein <strong>Flamenco-Emotion<\/strong> Sie \u00fcberwindet kulturelle und sprachliche Barrieren. Es ist eine Form des reinen Geschichtenerz\u00e4hlens, bei der jede Note, jede Stille und jedes stimmliche Echo eine Geschichte von Generationen, von Widerstand, von Liebe und von Verlust erz\u00e4hlt.<\/p>\n\n\n\n<h2 class=\"wp-block-heading\">Der unsichtbare Dialog: Gesang, Tanz und Gitarre in perfekter Synchronizit\u00e4t<\/h2>\n\n\n\n<p class=\"wp-block-paragraph\">Flamenco ist ein \u00d6kosystem, in dem jedes Element das andere n\u00e4hrt. In diesem kunstvollen Ballett der Sinne \u00fcbernimmt der Gesang die Rolle eines unsichtbaren Regisseurs, eines Steuermanns, der das Schiff des k\u00fcnstlerischen Ausdrucks lenkt. Es ist nicht blo\u00df eine Abfolge einzelner Darbietungen, sondern ein improvisierter und spontaner Dialog, in dem jeder K\u00fcnstler den anderen inspiriert.<\/p>\n\n\n\n<p class=\"wp-block-paragraph\">Die S\u00e4ngerin gibt mit ihrer Stimme Rhythmus, Takt und Intensit\u00e4t der Darbietung vor. Die T\u00e4nzerin reagiert mit ihren Fu\u00df- und Armbewegungen darauf und \u00fcbersetzt die gesungenen Emotionen in Bewegung. Ihre Schritte k\u00f6nnen ein Ausbruch von Wut oder ein leises Fl\u00fcstern der Freude sein, stets in perfekter Resonanz mit der sie inspirierenden Stimme. Der Gitarrist wiederum webt eine meisterhafte Begleitung, f\u00fcllt die Zwischenr\u00e4ume, schafft Atmosph\u00e4ren und nimmt die Improvisation der S\u00e4ngerin mitunter vorweg oder folgt ihr \u2013 ein Beweis f\u00fcr perfektes Zusammenspiel und Virtuosit\u00e4t.<\/p>\n\n\n\n<p class=\"wp-block-paragraph\">Diese Synchronizit\u00e4t ist nicht das Ergebnis akribischer, vorab festgelegter Proben, sondern jahrelanger Erfahrung, des Zuh\u00f6rens und einer tiefen Verbundenheit mit der Kunst des Flamenco. Es ist ein Tanz der Intuition, in dem ein Blick, eine Geste oder eine Ver\u00e4nderung der Stimme des S\u00e4ngers den Verlauf der Auff\u00fchrung in Sekundenschnelle ver\u00e4ndern kann. Es ist diese st\u00e4ndige Interaktion, diese gegenseitige Abh\u00e4ngigkeit, die jede einzelne Darbietung so einzigartig macht. <strong>Flamenco-Show in Palma de Mallorca<\/strong> in einem <strong>Flamenco-Theater auf Mallorca<\/strong> ein lebendiges und aufregendes Erlebnis sein. <strong>im Flamenco singen<\/strong> Es ist der unsichtbare Faden, der alle vereint und eine k\u00fcnstlerische Einheit schafft, die weit mehr ist als die Summe ihrer Teile.<\/p>\n\n\n\n<h2 class=\"wp-block-heading\">Die Vielfalt des Flamencogesangs: Flamencostile und ihre Nuancen<\/h2>\n\n\n\n<p class=\"wp-block-paragraph\">Der Reichtum von <strong>Flamenco-Gesang<\/strong> Dies zeigt sich in der unglaublichen Vielfalt der \u201cPalos\u201d oder Stile. Jeder Palo ist ein Universum f\u00fcr sich, mit eigener metrischer Struktur, eigenen Themen, eigener Harmonie und eigener emotionaler Intensit\u00e4t. Von der Feierlichkeit und der tiefen Klage des <strong>Seguiriya<\/strong> oder die <strong>Sole\u00e1<\/strong>, die sich mit dem Schmerz und der Tragik des Daseins auseinandersetzen, bis hin zur \u00fcbersch\u00e4umenden Freude und Lebendigkeit der <strong>Freuden<\/strong> oder die <strong>Buler\u00edas<\/strong>, die zum Feiern und Ausgelassensein einladen.<\/p>\n\n\n\n<p class=\"wp-block-paragraph\">Ein wahrer Flamenco-S\u00e4nger beherrscht nicht nur die Gesangstechnik, sondern versteht auch das Wesen jedes Stils und wei\u00df, wann und wie er ihn einsetzt, um die gew\u00fcnschte Emotion hervorzurufen. Die Wahl des Stils ist nicht zuf\u00e4llig; sie ist eine k\u00fcnstlerische Entscheidung, die auf den Moment, die Inspiration und den Dialog mit T\u00e4nzer und Gitarrist reagiert. Diese Meisterschaft der Variationen und die F\u00e4higkeit, zwischen verschiedenen Emotionen und Rhythmen zu wechseln, verleihen jeder Darbietung unvergleichliche F\u00fclle und Tiefe. <strong>im Flamenco singen<\/strong>. Durch diese Vielfalt offenbart sich der Flamenco als eine lebendige, anpassungsf\u00e4hige und sich st\u00e4ndig weiterentwickelnde Kunstform, die stets in ihren Traditionen verwurzelt, aber offen f\u00fcr neue Interpretationen ist.<\/p>\n\n\n\n<h2 class=\"wp-block-heading\">Die Magie des Duende: Wenn Gesang Barrieren \u00fcberwindet<\/h2>\n\n\n\n<p class=\"wp-block-paragraph\">Im Flamenco-Lexikon gibt es ein Wort, das das unbeschreibliche Wesen dieser Kunstform in sich birgt: den Flamenco. <strong>\u201c&quot;Elf&quot;\u201d<\/strong>. Federico Garc\u00eda Lorca beschrieb es als \u201ceine geheimnisvolle Kraft, die jeder sp\u00fcrt und die kein Philosoph erkl\u00e4ren kann\u201d. Es ist weder Technik noch Stil noch Inspiration, obwohl all dies notwendig ist. Der Duende ist etwas mehr, etwas, das aus dem tiefsten Inneren des K\u00fcnstlers entspringt und das, wenn es sich manifestiert, das Publikum in eine transzendente, beinahe spirituelle Erfahrung hineinzieht.<\/p>\n\n\n\n<p class=\"wp-block-paragraph\">Und in dieser Manifestation des Duende, <strong>Flamenco-Gesang<\/strong> Sie ist zweifellos das prim\u00e4re Ausdrucksmittel. In der Stimme des S\u00e4ngers, in seinem herzzerrei\u00dfenden Schrei, seiner tiefen Klage oder seinem Ausbruch der Freude, offenbart sich der Duende (Geist) meist am deutlichsten. Wenn ein S\u00e4nger den Duende besitzt, transzendiert seine Stimme das rein Musikalische; sie wird zum Echo menschlicher Erfahrung und ber\u00fchrt unmittelbar die tiefsten Gef\u00fchle des Zuh\u00f6rers.<\/p>\n\n\n\n<p class=\"wp-block-paragraph\">Es ist dieser unerkl\u00e4rliche Funke, der eine Auff\u00fchrung, so technisch unvollkommen sie auch sein mag, unendlich viel bewegender macht als eine makellose, aber seelenlose. Diese Magie macht jede Auff\u00fchrung einzigartig und unwiederholbar, einen Moment gemeinsamer Magie zwischen K\u00fcnstler und Publikum, in dem die Zeit stillzustehen scheint und die Realit\u00e4t in der Intensit\u00e4t der Kunst verschwimmt. Es ist ein Ph\u00e4nomen, das man nur verstehen kann, wenn man es live erlebt, die Schwingung in der Luft sp\u00fcrt und die... <strong>Flamenco-Emotion<\/strong> in jeder Pore der Haut.<\/p>\n\n\n\n<h2 class=\"wp-block-heading\">Erleben Sie die Intensit\u00e4t des Flamenco-Gesangs im Tablao Flamenco Alma in Palma de Mallorca.<\/h2>\n\n\n\n<p class=\"wp-block-paragraph\">Die Theorie und Geschichte verstehen <strong>im Flamenco singen<\/strong> Es ist ein erster Schritt, aber um es wirklich zu verstehen, muss man es selbst erleben. Und daf\u00fcr gibt es keinen besseren Ort als ein authentisches Erlebnis. <strong>Flamenco-B\u00fchne mit Live-Auftritten<\/strong> als <a href=\"https:\/\/tablaoflamencoalma.com\/de\/\"><strong>Flamenco-Lokal \u201eAlma\u201c<\/strong><\/a>, Hier, im Herzen von Palma de Mallorca gelegen, ist der Flamencogesang nicht nur Teil der Show; er ist die Seele, die in jeder Auff\u00fchrung schl\u00e4gt, der Herzschlag, der die K\u00fcnstler mit dem Publikum und die Tradition mit der Emotion der Gegenwart verbindet.<\/p>\n\n\n\n<p class=\"wp-block-paragraph\">In <a href=\"https:\/\/tablaoflamencoalma.com\/de\/\"><strong>Flamenco-Lokal \u201eAlma\u201c<\/strong><\/a>, Der Gesang wird mit dem ihm geb\u00fchrenden Respekt behandelt. Wir verf\u00fcgen \u00fcber ein Ensemble von S\u00e4ngern au\u00dfergew\u00f6hnlicher Qualit\u00e4t, K\u00fcnstler, die nicht nur \u00fcber eine makellose Technik verf\u00fcgen, sondern auch die F\u00e4higkeit besitzen, die tiefste Essenz des Flamenco zu vermitteln. Ihre Erfahrung und Leidenschaft spiegeln sich in jeder Note, in jedem Ton wider. <em>St\u00f6hnen<\/em>, mit jedem Atemzug, und macht die <strong>Flamenco-Stimme<\/strong> Wir f\u00fcllen jeden Winkel unseres Raumes aus.<\/p>\n\n\n\n<p class=\"wp-block-paragraph\">Erleben Sie die <strong>Flamenco-Gesang<\/strong> live auf unserem <a href=\"https:\/\/tablaoflamencoalma.com\/de\/eine-magische-nacht-in-palma-flamenco-im-tablao-flamenco-alma-abendessen-und-spaziergang\/\"><strong>Flamenco-Theater auf Mallorca<\/strong><\/a> Es bietet eine Intimit\u00e4t und Authentizit\u00e4t, die keine Aufnahme nachbilden kann. Die N\u00e4he zu den K\u00fcnstlern erm\u00f6glicht es Ihnen, jede Nuance ihrer Stimmen, jede Geste, jeden Gesichtsausdruck wahrzunehmen. Sie sp\u00fcren die Vibration der Luft, die Energie, die von der B\u00fchne ausgeht, und die Verbindung zu den K\u00fcnstlern. Es ist ein immersives Erlebnis, das Sie umh\u00fcllt und in eine andere Welt entf\u00fchrt.<\/p>\n\n\n\n<p class=\"wp-block-paragraph\">Wir laden Sie ein, in diese einzigartige Atmosph\u00e4re einzutauchen und die Magie von <strong>Flamenco-Gesang<\/strong> In <a href=\"https:\/\/tablaoflamencoalma.com\/de\/eine-magische-nacht-in-palma-flamenco-im-tablao-flamenco-alma-abendessen-und-spaziergang\/\"><strong>Flamenco-Lokal \u201eAlma\u201c<\/strong><\/a>. Um Ihr Erlebnis perfekt zu gestalten, bieten wir Ihnen Folgendes an:<\/p>\n\n\n\n<ul class=\"wp-block-list\">\n<li><strong>Kostenlose Stornierung bis zu 24 Stunden vorher:<\/strong> Weil wir wissen, dass sich Pl\u00e4ne \u00e4ndern k\u00f6nnen, bieten wir Ihnen Folgendes an: <strong>vollst\u00e4ndige R\u00fcckerstattung<\/strong> falls Sie im Voraus stornieren m\u00fcssen.<\/li>\n\n\n\n<li><strong>Unterst\u00fctzung ab 1 Stunde vor Showbeginn:<\/strong> Kommen Sie fr\u00fch, um sich Ihren Platz auszusuchen, die Atmosph\u00e4re aufzusaugen und sich auf eine unvergessliche Nacht vorzubereiten.<\/li>\n\n\n\n<li><strong>Dauer der Show: 1 Stunde<\/strong> Eine Stunde voller Leidenschaft und Kunst, die wie im Flug vergehen wird.<\/li>\n\n\n\n<li><strong>Gastgebersprachen:<\/strong> Unsere Mitarbeiter stehen Ihnen auf Spanisch oder Englisch zur Verf\u00fcgung und sorgen so f\u00fcr einen herzlichen und unkomplizierten Empfang aller unserer internationalen G\u00e4ste.<\/li>\n\n\n\n<li><strong>Rollstuhlgerecht:<\/strong> Wir sind stolz darauf, ein inklusiver und barrierefreier Ort f\u00fcr alle zu sein.<\/li>\n\n\n\n<li><strong>Im Ticketpreis ist ein Getr\u00e4nk enthalten:<\/strong> Zur Feier der Kunst ist in Ihrer Eintrittskarte ein Bier, ein Wein, ein Erfrischungsgetr\u00e4nk, Cava oder Sangria enthalten.<\/li>\n\n\n\n<li><strong>Verpflegung:<\/strong> Dar\u00fcber hinaus bieten wir Ihnen einen k\u00f6stlichen Speiseservice, um Ihr gastronomisches und kulturelles Erlebnis abzurunden.<\/li>\n<\/ul>\n\n\n\n<p class=\"wp-block-paragraph\">Der <strong>Flamenco-Gesang<\/strong> Sie ist zweifellos das R\u00fcckgrat des Flamenco, der Herzschlag, der jedem Tanz und jedem Gitarrenanschlag Leben einhaucht. Sie ist der reinste Ausdruck der Emotion, der Geschichte und der Tradition einer Kunst, die Grenzen \u00fcberschreitet. Ihre Bedeutung zu verstehen, ist der erste Schritt, um die Tiefe und Komplexit\u00e4t dieser universellen Kunst zu erfassen.<\/p>\n\n\n\n<p class=\"wp-block-paragraph\">H\u00f6re nicht nur davon, erlebe es selbst. <a href=\"https:\/\/tablaoflamencoalma.com\/de\/\"><strong>Flamenco-Lokal \u201eAlma\u201c<\/strong><\/a>, Wir laden Sie ein, in die Tiefe einzutauchen <strong>Flamenco-Emotion<\/strong> Erleben Sie Flamencogesang im Herzen von Palma de Mallorca. Lassen Sie sich verzaubern von der <strong>Flamenco-Stimme<\/strong> das Ihre Seele ber\u00fchren und Ihnen selbst zeigen wird, warum <strong>im Flamenco singen<\/strong> Das ist der Schl\u00fcssel zu seiner Gr\u00f6\u00dfe.<\/p>\n\n\n\n<p class=\"wp-block-paragraph\">Bereit, die Magie zu sp\u00fcren? Wir laden Sie ein zu <strong>Erfahren Sie mehr \u00fcber unser Alma Flamenco Tablao<\/strong> bereits <a href=\"https:\/\/tablaoflamencoalma.com\/de\/eine-magische-nacht-in-palma-flamenco-im-tablao-flamenco-alma-abendessen-und-spaziergang\/\"><strong>Buchen Sie Ihre Tickets<\/strong><\/a> Werfen Sie einen Blick auf unseren Spielplan. Begeben Sie sich auf eine unvergessliche Reise in die Seele des Flamenco.<\/p>\n\n\n\n<p class=\"wp-block-paragraph\">Wir warten darauf, dass Sie die Magie sp\u00fcren!<\/p>","protected":false},"excerpt":{"rendered":"<p>\u00bfAlguna vez te has preguntado qu\u00e9 es lo que realmente te eriza la piel en un espect\u00e1culo de flamenco? \u00bfQu\u00e9 elemento es el alma que conecta al bailaor con el guitarrista y al p\u00fablico con la esencia de este arte ancestral? En el fascinante universo del flamenco, donde la pasi\u00f3n se baila, se toca y, [&hellip;]<\/p>\n","protected":false},"author":3,"featured_media":5411,"comment_status":"open","ping_status":"open","sticky":false,"template":"","format":"standard","meta":{"site-sidebar-layout":"default","site-content-layout":"","ast-site-content-layout":"default","site-content-style":"default","site-sidebar-style":"default","ast-global-header-display":"","ast-banner-title-visibility":"","ast-main-header-display":"","ast-hfb-above-header-display":"","ast-hfb-below-header-display":"","ast-hfb-mobile-header-display":"","site-post-title":"","ast-breadcrumbs-content":"","ast-featured-img":"","footer-sml-layout":"","theme-transparent-header-meta":"","adv-header-id-meta":"","stick-header-meta":"","header-above-stick-meta":"","header-main-stick-meta":"","header-below-stick-meta":"","astra-migrate-meta-layouts":"set","ast-page-background-enabled":"default","ast-page-background-meta":{"desktop":{"background-color":"var(--ast-global-color-4)","background-image":"","background-repeat":"repeat","background-position":"center center","background-size":"auto","background-attachment":"scroll","background-type":"","background-media":"","overlay-type":"","overlay-color":"","overlay-opacity":"","overlay-gradient":""},"tablet":{"background-color":"","background-image":"","background-repeat":"repeat","background-position":"center center","background-size":"auto","background-attachment":"scroll","background-type":"","background-media":"","overlay-type":"","overlay-color":"","overlay-opacity":"","overlay-gradient":""},"mobile":{"background-color":"","background-image":"","background-repeat":"repeat","background-position":"center center","background-size":"auto","background-attachment":"scroll","background-type":"","background-media":"","overlay-type":"","overlay-color":"","overlay-opacity":"","overlay-gradient":""}},"ast-content-background-meta":{"desktop":{"background-color":"var(--ast-global-color-5)","background-image":"","background-repeat":"repeat","background-position":"center center","background-size":"auto","background-attachment":"scroll","background-type":"","background-media":"","overlay-type":"","overlay-color":"","overlay-opacity":"","overlay-gradient":""},"tablet":{"background-color":"var(--ast-global-color-5)","background-image":"","background-repeat":"repeat","background-position":"center center","background-size":"auto","background-attachment":"scroll","background-type":"","background-media":"","overlay-type":"","overlay-color":"","overlay-opacity":"","overlay-gradient":""},"mobile":{"background-color":"var(--ast-global-color-5)","background-image":"","background-repeat":"repeat","background-position":"center center","background-size":"auto","background-attachment":"scroll","background-type":"","background-media":"","overlay-type":"","overlay-color":"","overlay-opacity":"","overlay-gradient":""}},"footnotes":""},"categories":[11],"tags":[],"class_list":["post-5410","post","type-post","status-publish","format-standard","has-post-thumbnail","hentry","category-el-flamenco"],"yoast_head":"<!-- This site is optimized with the Yoast SEO plugin v28.4 - https:\/\/yoast.com\/product\/yoast-seo-wordpress\/ -->\n<title>La voz del alma: el cante flamenco aut\u00e9ntico en Palma - Tablao Flamenco Alma<\/title>\n<meta name=\"description\" content=\"El cante es el alma del flamenco. Descubre su fuerza y emoci\u00f3n en cada espect\u00e1culo en vivo de Tablao Flamenco Alma, en Palma.\" \/>\n<meta name=\"robots\" content=\"index, follow, max-snippet:-1, max-image-preview:large, max-video-preview:-1\" \/>\n<link rel=\"canonical\" href=\"https:\/\/tablaoflamencoalma.com\/de\/die-stimme-der-seele-die-bedeutung-des-cante-im-authentischen-flamenco-in-palma-de-mallorca-enthuellen\/\" \/>\n<meta property=\"og:locale\" content=\"de_DE\" \/>\n<meta property=\"og:type\" content=\"article\" \/>\n<meta property=\"og:title\" content=\"La voz del alma: el cante flamenco aut\u00e9ntico en Palma - Tablao Flamenco Alma\" \/>\n<meta property=\"og:description\" content=\"El cante es el alma del flamenco. Descubre su fuerza y emoci\u00f3n en cada espect\u00e1culo en vivo de Tablao Flamenco Alma, en Palma.\" \/>\n<meta property=\"og:url\" content=\"https:\/\/tablaoflamencoalma.com\/de\/die-stimme-der-seele-die-bedeutung-des-cante-im-authentischen-flamenco-in-palma-de-mallorca-enthuellen\/\" \/>\n<meta property=\"og:site_name\" content=\"Tablao Flamenco Alma\" \/>\n<meta property=\"article:publisher\" content=\"https:\/\/www.facebook.com\/tablaoflamencoalma\" \/>\n<meta property=\"article:published_time\" content=\"2025-06-24T09:48:23+00:00\" \/>\n<meta property=\"article:modified_time\" content=\"2026-06-02T07:49:09+00:00\" \/>\n<meta property=\"og:image\" content=\"https:\/\/tablaoflamencoalma.com\/wp-content\/uploads\/2025\/06\/La-voz-del-alma-el-cante-flamenco-post-scaled.jpg\" \/>\n\t<meta property=\"og:image:width\" content=\"2560\" \/>\n\t<meta property=\"og:image:height\" content=\"1707\" \/>\n\t<meta property=\"og:image:type\" content=\"image\/jpeg\" \/>\n<meta name=\"author\" content=\"Tablao Flamenco Alma\" \/>\n<meta name=\"twitter:card\" content=\"summary_large_image\" \/>\n<meta name=\"twitter:label1\" content=\"Verfasst von\" \/>\n\t<meta name=\"twitter:data1\" content=\"Tablao Flamenco Alma\" \/>\n\t<meta name=\"twitter:label2\" content=\"Gesch\u00e4tzte Lesezeit\" \/>\n\t<meta name=\"twitter:data2\" content=\"9\u00a0Minuten\" \/>\n<script type=\"application\/ld+json\" class=\"yoast-schema-graph\">{\"@context\":\"https:\\\/\\\/schema.org\",\"@graph\":[{\"@type\":\"Article\",\"@id\":\"https:\\\/\\\/tablaoflamencoalma.com\\\/la-voz-del-alma-desvelando-la-importancia-del-cante-en-el-flamenco-autentico-de-palma-de-mallorca\\\/#article\",\"isPartOf\":{\"@id\":\"https:\\\/\\\/tablaoflamencoalma.com\\\/la-voz-del-alma-desvelando-la-importancia-del-cante-en-el-flamenco-autentico-de-palma-de-mallorca\\\/\"},\"author\":{\"name\":\"Tablao Flamenco Alma\",\"@id\":\"https:\\\/\\\/tablaoflamencoalma.com\\\/#\\\/schema\\\/person\\\/9d0c2a9a099918689427e2a0b2dd0f5c\"},\"headline\":\"La voz del alma: el cante flamenco aut\u00e9ntico en Palma\",\"datePublished\":\"2025-06-24T09:48:23+00:00\",\"dateModified\":\"2026-06-02T07:49:09+00:00\",\"mainEntityOfPage\":{\"@id\":\"https:\\\/\\\/tablaoflamencoalma.com\\\/la-voz-del-alma-desvelando-la-importancia-del-cante-en-el-flamenco-autentico-de-palma-de-mallorca\\\/\"},\"wordCount\":2074,\"commentCount\":0,\"publisher\":{\"@id\":\"https:\\\/\\\/tablaoflamencoalma.com\\\/#organization\"},\"image\":{\"@id\":\"https:\\\/\\\/tablaoflamencoalma.com\\\/la-voz-del-alma-desvelando-la-importancia-del-cante-en-el-flamenco-autentico-de-palma-de-mallorca\\\/#primaryimage\"},\"thumbnailUrl\":\"https:\\\/\\\/tablaoflamencoalma.com\\\/wp-content\\\/uploads\\\/2025\\\/06\\\/La-voz-del-alma-el-cante-flamenco-post.jpg\",\"articleSection\":[\"El Flamenco\"],\"inLanguage\":\"de\",\"potentialAction\":[{\"@type\":\"CommentAction\",\"name\":\"Comment\",\"target\":[\"https:\\\/\\\/tablaoflamencoalma.com\\\/la-voz-del-alma-desvelando-la-importancia-del-cante-en-el-flamenco-autentico-de-palma-de-mallorca\\\/#respond\"]}]},{\"@type\":\"WebPage\",\"@id\":\"https:\\\/\\\/tablaoflamencoalma.com\\\/la-voz-del-alma-desvelando-la-importancia-del-cante-en-el-flamenco-autentico-de-palma-de-mallorca\\\/\",\"url\":\"https:\\\/\\\/tablaoflamencoalma.com\\\/la-voz-del-alma-desvelando-la-importancia-del-cante-en-el-flamenco-autentico-de-palma-de-mallorca\\\/\",\"name\":\"La voz del alma: el cante flamenco aut\u00e9ntico en Palma - Tablao Flamenco Alma\",\"isPartOf\":{\"@id\":\"https:\\\/\\\/tablaoflamencoalma.com\\\/#website\"},\"primaryImageOfPage\":{\"@id\":\"https:\\\/\\\/tablaoflamencoalma.com\\\/la-voz-del-alma-desvelando-la-importancia-del-cante-en-el-flamenco-autentico-de-palma-de-mallorca\\\/#primaryimage\"},\"image\":{\"@id\":\"https:\\\/\\\/tablaoflamencoalma.com\\\/la-voz-del-alma-desvelando-la-importancia-del-cante-en-el-flamenco-autentico-de-palma-de-mallorca\\\/#primaryimage\"},\"thumbnailUrl\":\"https:\\\/\\\/tablaoflamencoalma.com\\\/wp-content\\\/uploads\\\/2025\\\/06\\\/La-voz-del-alma-el-cante-flamenco-post.jpg\",\"datePublished\":\"2025-06-24T09:48:23+00:00\",\"dateModified\":\"2026-06-02T07:49:09+00:00\",\"description\":\"El cante es el alma del flamenco. Descubre su fuerza y emoci\u00f3n en cada espect\u00e1culo en vivo de Tablao Flamenco Alma, en Palma.\",\"breadcrumb\":{\"@id\":\"https:\\\/\\\/tablaoflamencoalma.com\\\/la-voz-del-alma-desvelando-la-importancia-del-cante-en-el-flamenco-autentico-de-palma-de-mallorca\\\/#breadcrumb\"},\"inLanguage\":\"de\",\"potentialAction\":[{\"@type\":\"ReadAction\",\"target\":[\"https:\\\/\\\/tablaoflamencoalma.com\\\/la-voz-del-alma-desvelando-la-importancia-del-cante-en-el-flamenco-autentico-de-palma-de-mallorca\\\/\"]}]},{\"@type\":\"ImageObject\",\"inLanguage\":\"de\",\"@id\":\"https:\\\/\\\/tablaoflamencoalma.com\\\/la-voz-del-alma-desvelando-la-importancia-del-cante-en-el-flamenco-autentico-de-palma-de-mallorca\\\/#primaryimage\",\"url\":\"https:\\\/\\\/tablaoflamencoalma.com\\\/wp-content\\\/uploads\\\/2025\\\/06\\\/La-voz-del-alma-el-cante-flamenco-post.jpg\",\"contentUrl\":\"https:\\\/\\\/tablaoflamencoalma.com\\\/wp-content\\\/uploads\\\/2025\\\/06\\\/La-voz-del-alma-el-cante-flamenco-post.jpg\",\"width\":2560,\"height\":1707,\"caption\":\"La voz del alma el cante flamenco post\"},{\"@type\":\"BreadcrumbList\",\"@id\":\"https:\\\/\\\/tablaoflamencoalma.com\\\/la-voz-del-alma-desvelando-la-importancia-del-cante-en-el-flamenco-autentico-de-palma-de-mallorca\\\/#breadcrumb\",\"itemListElement\":[{\"@type\":\"ListItem\",\"position\":1,\"name\":\"Portada\",\"item\":\"https:\\\/\\\/tablaoflamencoalma.com\\\/\"},{\"@type\":\"ListItem\",\"position\":2,\"name\":\"La voz del alma: el cante flamenco aut\u00e9ntico en Palma\"}]},{\"@type\":\"WebSite\",\"@id\":\"https:\\\/\\\/tablaoflamencoalma.com\\\/#website\",\"url\":\"https:\\\/\\\/tablaoflamencoalma.com\\\/\",\"name\":\"Tablao Flamenco Alma\",\"description\":\"Tablao Flamenco Alma\",\"publisher\":{\"@id\":\"https:\\\/\\\/tablaoflamencoalma.com\\\/#organization\"},\"potentialAction\":[{\"@type\":\"SearchAction\",\"target\":{\"@type\":\"EntryPoint\",\"urlTemplate\":\"https:\\\/\\\/tablaoflamencoalma.com\\\/?s={search_term_string}\"},\"query-input\":{\"@type\":\"PropertyValueSpecification\",\"valueRequired\":true,\"valueName\":\"search_term_string\"}}],\"inLanguage\":\"de\"},{\"@type\":\"Organization\",\"@id\":\"https:\\\/\\\/tablaoflamencoalma.com\\\/#organization\",\"name\":\"Tablao Flamenco Alma\",\"url\":\"https:\\\/\\\/tablaoflamencoalma.com\\\/\",\"logo\":{\"@type\":\"ImageObject\",\"inLanguage\":\"de\",\"@id\":\"https:\\\/\\\/tablaoflamencoalma.com\\\/#\\\/schema\\\/logo\\\/image\\\/\",\"url\":\"https:\\\/\\\/tablaoflamencoalma.com\\\/wp-content\\\/uploads\\\/2024\\\/01\\\/cropped-tablao-flamenco-alma-01-04.png\",\"contentUrl\":\"https:\\\/\\\/tablaoflamencoalma.com\\\/wp-content\\\/uploads\\\/2024\\\/01\\\/cropped-tablao-flamenco-alma-01-04.png\",\"width\":512,\"height\":512,\"caption\":\"Tablao Flamenco Alma\"},\"image\":{\"@id\":\"https:\\\/\\\/tablaoflamencoalma.com\\\/#\\\/schema\\\/logo\\\/image\\\/\"},\"sameAs\":[\"https:\\\/\\\/www.facebook.com\\\/tablaoflamencoalma\",\"https:\\\/\\\/www.instagram.com\\\/tablaoflamencoalma\"]},{\"@type\":\"Person\",\"@id\":\"https:\\\/\\\/tablaoflamencoalma.com\\\/#\\\/schema\\\/person\\\/9d0c2a9a099918689427e2a0b2dd0f5c\",\"name\":\"Tablao Flamenco Alma\",\"image\":{\"@type\":\"ImageObject\",\"inLanguage\":\"de\",\"@id\":\"https:\\\/\\\/tablaoflamencoalma.com\\\/wp-content\\\/litespeed\\\/avatar\\\/797b83aa1ddf30f355ead08e864f8dad.jpg?ver=1788140548\",\"url\":\"https:\\\/\\\/tablaoflamencoalma.com\\\/wp-content\\\/litespeed\\\/avatar\\\/797b83aa1ddf30f355ead08e864f8dad.jpg?ver=1788140548\",\"contentUrl\":\"https:\\\/\\\/tablaoflamencoalma.com\\\/wp-content\\\/litespeed\\\/avatar\\\/797b83aa1ddf30f355ead08e864f8dad.jpg?ver=1788140548\",\"caption\":\"Tablao Flamenco Alma\"},\"url\":\"https:\\\/\\\/tablaoflamencoalma.com\\\/de\\\/author\\\/flamencoalma\\\/\"}]}<\/script>\n<!-- \/ Yoast SEO plugin. -->","yoast_head_json":{"title":"Die Stimme der Seele: Authentischer Flamenco-Gesang in Palma \u2013 Tablao Flamenco Alma","description":"Flamenco-Gesang ist die Seele des Flamenco. Erleben Sie seine Kraft und Emotion in jeder Live-Show im Tablao Flamenco Alma in Palma.","robots":{"index":"index","follow":"follow","max-snippet":"max-snippet:-1","max-image-preview":"max-image-preview:large","max-video-preview":"max-video-preview:-1"},"canonical":"https:\/\/tablaoflamencoalma.com\/de\/die-stimme-der-seele-die-bedeutung-des-cante-im-authentischen-flamenco-in-palma-de-mallorca-enthuellen\/","og_locale":"de_DE","og_type":"article","og_title":"La voz del alma: el cante flamenco aut\u00e9ntico en Palma - Tablao Flamenco Alma","og_description":"El cante es el alma del flamenco. Descubre su fuerza y emoci\u00f3n en cada espect\u00e1culo en vivo de Tablao Flamenco Alma, en Palma.","og_url":"https:\/\/tablaoflamencoalma.com\/de\/die-stimme-der-seele-die-bedeutung-des-cante-im-authentischen-flamenco-in-palma-de-mallorca-enthuellen\/","og_site_name":"Tablao Flamenco Alma","article_publisher":"https:\/\/www.facebook.com\/tablaoflamencoalma","article_published_time":"2025-06-24T09:48:23+00:00","article_modified_time":"2026-06-02T07:49:09+00:00","og_image":[{"width":2560,"height":1707,"url":"https:\/\/tablaoflamencoalma.com\/wp-content\/uploads\/2025\/06\/La-voz-del-alma-el-cante-flamenco-post-scaled.jpg","type":"image\/jpeg"}],"author":"Tablao Flamenco Alma","twitter_card":"summary_large_image","twitter_misc":{"Verfasst von":"Tablao Flamenco Alma","Gesch\u00e4tzte Lesezeit":"9\u00a0Minuten"},"schema":{"@context":"https:\/\/schema.org","@graph":[{"@type":"Article","@id":"https:\/\/tablaoflamencoalma.com\/la-voz-del-alma-desvelando-la-importancia-del-cante-en-el-flamenco-autentico-de-palma-de-mallorca\/#article","isPartOf":{"@id":"https:\/\/tablaoflamencoalma.com\/la-voz-del-alma-desvelando-la-importancia-del-cante-en-el-flamenco-autentico-de-palma-de-mallorca\/"},"author":{"name":"Tablao Flamenco Alma","@id":"https:\/\/tablaoflamencoalma.com\/#\/schema\/person\/9d0c2a9a099918689427e2a0b2dd0f5c"},"headline":"La voz del alma: el cante flamenco aut\u00e9ntico en Palma","datePublished":"2025-06-24T09:48:23+00:00","dateModified":"2026-06-02T07:49:09+00:00","mainEntityOfPage":{"@id":"https:\/\/tablaoflamencoalma.com\/la-voz-del-alma-desvelando-la-importancia-del-cante-en-el-flamenco-autentico-de-palma-de-mallorca\/"},"wordCount":2074,"commentCount":0,"publisher":{"@id":"https:\/\/tablaoflamencoalma.com\/#organization"},"image":{"@id":"https:\/\/tablaoflamencoalma.com\/la-voz-del-alma-desvelando-la-importancia-del-cante-en-el-flamenco-autentico-de-palma-de-mallorca\/#primaryimage"},"thumbnailUrl":"https:\/\/tablaoflamencoalma.com\/wp-content\/uploads\/2025\/06\/La-voz-del-alma-el-cante-flamenco-post.jpg","articleSection":["El Flamenco"],"inLanguage":"de","potentialAction":[{"@type":"CommentAction","name":"Comment","target":["https:\/\/tablaoflamencoalma.com\/la-voz-del-alma-desvelando-la-importancia-del-cante-en-el-flamenco-autentico-de-palma-de-mallorca\/#respond"]}]},{"@type":"WebPage","@id":"https:\/\/tablaoflamencoalma.com\/la-voz-del-alma-desvelando-la-importancia-del-cante-en-el-flamenco-autentico-de-palma-de-mallorca\/","url":"https:\/\/tablaoflamencoalma.com\/la-voz-del-alma-desvelando-la-importancia-del-cante-en-el-flamenco-autentico-de-palma-de-mallorca\/","name":"Die Stimme der Seele: Authentischer Flamenco-Gesang in Palma \u2013 Tablao Flamenco Alma","isPartOf":{"@id":"https:\/\/tablaoflamencoalma.com\/#website"},"primaryImageOfPage":{"@id":"https:\/\/tablaoflamencoalma.com\/la-voz-del-alma-desvelando-la-importancia-del-cante-en-el-flamenco-autentico-de-palma-de-mallorca\/#primaryimage"},"image":{"@id":"https:\/\/tablaoflamencoalma.com\/la-voz-del-alma-desvelando-la-importancia-del-cante-en-el-flamenco-autentico-de-palma-de-mallorca\/#primaryimage"},"thumbnailUrl":"https:\/\/tablaoflamencoalma.com\/wp-content\/uploads\/2025\/06\/La-voz-del-alma-el-cante-flamenco-post.jpg","datePublished":"2025-06-24T09:48:23+00:00","dateModified":"2026-06-02T07:49:09+00:00","description":"Flamenco-Gesang ist die Seele des Flamenco. Erleben Sie seine Kraft und Emotion in jeder Live-Show im Tablao Flamenco Alma in Palma.","breadcrumb":{"@id":"https:\/\/tablaoflamencoalma.com\/la-voz-del-alma-desvelando-la-importancia-del-cante-en-el-flamenco-autentico-de-palma-de-mallorca\/#breadcrumb"},"inLanguage":"de","potentialAction":[{"@type":"ReadAction","target":["https:\/\/tablaoflamencoalma.com\/la-voz-del-alma-desvelando-la-importancia-del-cante-en-el-flamenco-autentico-de-palma-de-mallorca\/"]}]},{"@type":"ImageObject","inLanguage":"de","@id":"https:\/\/tablaoflamencoalma.com\/la-voz-del-alma-desvelando-la-importancia-del-cante-en-el-flamenco-autentico-de-palma-de-mallorca\/#primaryimage","url":"https:\/\/tablaoflamencoalma.com\/wp-content\/uploads\/2025\/06\/La-voz-del-alma-el-cante-flamenco-post.jpg","contentUrl":"https:\/\/tablaoflamencoalma.com\/wp-content\/uploads\/2025\/06\/La-voz-del-alma-el-cante-flamenco-post.jpg","width":2560,"height":1707,"caption":"La voz del alma el cante flamenco post"},{"@type":"BreadcrumbList","@id":"https:\/\/tablaoflamencoalma.com\/la-voz-del-alma-desvelando-la-importancia-del-cante-en-el-flamenco-autentico-de-palma-de-mallorca\/#breadcrumb","itemListElement":[{"@type":"ListItem","position":1,"name":"Portada","item":"https:\/\/tablaoflamencoalma.com\/"},{"@type":"ListItem","position":2,"name":"La voz del alma: el cante flamenco aut\u00e9ntico en Palma"}]},{"@type":"WebSite","@id":"https:\/\/tablaoflamencoalma.com\/#website","url":"https:\/\/tablaoflamencoalma.com\/","name":"Flamenco-Lokal \u201eAlma\u201c","description":"Flamenco-Lokal \u201eAlma\u201c","publisher":{"@id":"https:\/\/tablaoflamencoalma.com\/#organization"},"potentialAction":[{"@type":"SearchAction","target":{"@type":"EntryPoint","urlTemplate":"https:\/\/tablaoflamencoalma.com\/?s={search_term_string}"},"query-input":{"@type":"PropertyValueSpecification","valueRequired":true,"valueName":"search_term_string"}}],"inLanguage":"de"},{"@type":"Organization","@id":"https:\/\/tablaoflamencoalma.com\/#organization","name":"Flamenco-Lokal \u201eAlma\u201c","url":"https:\/\/tablaoflamencoalma.com\/","logo":{"@type":"ImageObject","inLanguage":"de","@id":"https:\/\/tablaoflamencoalma.com\/#\/schema\/logo\/image\/","url":"https:\/\/tablaoflamencoalma.com\/wp-content\/uploads\/2024\/01\/cropped-tablao-flamenco-alma-01-04.png","contentUrl":"https:\/\/tablaoflamencoalma.com\/wp-content\/uploads\/2024\/01\/cropped-tablao-flamenco-alma-01-04.png","width":512,"height":512,"caption":"Tablao Flamenco Alma"},"image":{"@id":"https:\/\/tablaoflamencoalma.com\/#\/schema\/logo\/image\/"},"sameAs":["https:\/\/www.facebook.com\/tablaoflamencoalma","https:\/\/www.instagram.com\/tablaoflamencoalma"]},{"@type":"Person","@id":"https:\/\/tablaoflamencoalma.com\/#\/schema\/person\/9d0c2a9a099918689427e2a0b2dd0f5c","name":"Flamenco-Lokal \u201eAlma\u201c","image":{"@type":"ImageObject","inLanguage":"de","@id":"https:\/\/tablaoflamencoalma.com\/wp-content\/litespeed\/avatar\/797b83aa1ddf30f355ead08e864f8dad.jpg?ver=1788140548","url":"https:\/\/tablaoflamencoalma.com\/wp-content\/litespeed\/avatar\/797b83aa1ddf30f355ead08e864f8dad.jpg?ver=1788140548","contentUrl":"https:\/\/tablaoflamencoalma.com\/wp-content\/litespeed\/avatar\/797b83aa1ddf30f355ead08e864f8dad.jpg?ver=1788140548","caption":"Tablao Flamenco Alma"},"url":"https:\/\/tablaoflamencoalma.com\/de\/author\/flamencoalma\/"}]}},"_links":{"self":[{"href":"https:\/\/tablaoflamencoalma.com\/de\/wp-json\/wp\/v2\/posts\/5410","targetHints":{"allow":["GET"]}}],"collection":[{"href":"https:\/\/tablaoflamencoalma.com\/de\/wp-json\/wp\/v2\/posts"}],"about":[{"href":"https:\/\/tablaoflamencoalma.com\/de\/wp-json\/wp\/v2\/types\/post"}],"author":[{"embeddable":true,"href":"https:\/\/tablaoflamencoalma.com\/de\/wp-json\/wp\/v2\/users\/3"}],"replies":[{"embeddable":true,"href":"https:\/\/tablaoflamencoalma.com\/de\/wp-json\/wp\/v2\/comments?post=5410"}],"version-history":[{"count":3,"href":"https:\/\/tablaoflamencoalma.com\/de\/wp-json\/wp\/v2\/posts\/5410\/revisions"}],"predecessor-version":[{"id":7521,"href":"https:\/\/tablaoflamencoalma.com\/de\/wp-json\/wp\/v2\/posts\/5410\/revisions\/7521"}],"wp:featuredmedia":[{"embeddable":true,"href":"https:\/\/tablaoflamencoalma.com\/de\/wp-json\/wp\/v2\/media\/5411"}],"wp:attachment":[{"href":"https:\/\/tablaoflamencoalma.com\/de\/wp-json\/wp\/v2\/media?parent=5410"}],"wp:term":[{"taxonomy":"category","embeddable":true,"href":"https:\/\/tablaoflamencoalma.com\/de\/wp-json\/wp\/v2\/categories?post=5410"},{"taxonomy":"post_tag","embeddable":true,"href":"https:\/\/tablaoflamencoalma.com\/de\/wp-json\/wp\/v2\/tags?post=5410"}],"curies":[{"name":"wp","href":"https:\/\/api.w.org\/{rel}","templated":true}]}}