{"id":4411,"date":"2024-08-12T17:45:44","date_gmt":"2024-08-12T16:45:44","guid":{"rendered":"https:\/\/tablaoflamencoalma.com\/?p=4411"},"modified":"2026-06-02T09:02:41","modified_gmt":"2026-06-02T08:02:41","slug":"paco-de-lucia-el-genio-de-la-guitarra-flamenca","status":"publish","type":"post","link":"https:\/\/tablaoflamencoalma.com\/de\/paco-de-lucia-el-genio-de-la-guitarra-flamenca\/","title":{"rendered":"Paco de Luc\u00eda: Das ewige Genie der Flamencogitarre"},"content":{"rendered":"<div data-elementor-type=\"wp-post\" data-elementor-id=\"4411\" class=\"elementor elementor-4411\" data-elementor-post-type=\"post\">\n\t\t\t\t<div class=\"elementor-element elementor-element-d74d33e e-flex e-con-boxed e-con e-parent\" data-id=\"d74d33e\" data-element_type=\"container\" data-e-type=\"container\">\n\t\t\t\t\t<div class=\"e-con-inner\">\n\t\t<div class=\"elementor-element elementor-element-06e17bb e-con-full e-flex e-con e-child\" data-id=\"06e17bb\" data-element_type=\"container\" data-e-type=\"container\">\n\t\t\t\t<div class=\"elementor-element elementor-element-21d293e elementor-widget elementor-widget-text-editor\" data-id=\"21d293e\" data-element_type=\"widget\" data-e-type=\"widget\" data-widget_type=\"text-editor.default\">\n\t\t\t\t<div class=\"elementor-widget-container\">\n\t\t\t\t\t\t\t\t\t<p>Paco de Luc\u00eda, Francisco S\u00e1nchez G\u00f3mez (1947-2014), gilt weithin als einer von ihnen <strong><a href=\"https:\/\/tablaoflamencoalma.com\/de\/\">Flamenco-Gitarristen<\/a><\/strong> Der einflussreichste aller Zeiten und eine zentrale Figur in der Entwicklung des modernen Flamenco.<\/p>\t\t\t\t\t\t\t\t<\/div>\n\t\t\t\t<\/div>\n\t\t\t\t<\/div>\n\t\t\t\t\t<\/div>\n\t\t\t\t<\/div>\n\t\t<div class=\"elementor-element elementor-element-132125d e-flex e-con-boxed e-con e-parent\" data-id=\"132125d\" data-element_type=\"container\" data-e-type=\"container\">\n\t\t\t\t\t<div class=\"e-con-inner\">\n\t\t<div class=\"elementor-element elementor-element-954244e e-con-full e-flex e-con e-child\" data-id=\"954244e\" data-element_type=\"container\" data-e-type=\"container\">\n\t\t\t\t<div class=\"elementor-element elementor-element-72c8ae0 elementor-widget elementor-widget-heading\" data-id=\"72c8ae0\" data-element_type=\"widget\" data-e-type=\"widget\" data-widget_type=\"heading.default\">\n\t\t\t\t<div class=\"elementor-widget-container\">\n\t\t\t\t\t<h2 class=\"elementor-heading-title elementor-size-default\">Biographie:<\/h2>\t\t\t\t<\/div>\n\t\t\t\t<\/div>\n\t\t\t\t<div class=\"elementor-element elementor-element-2e27978 elementor-widget elementor-widget-text-editor\" data-id=\"2e27978\" data-element_type=\"widget\" data-e-type=\"widget\" data-widget_type=\"text-editor.default\">\n\t\t\t\t<div class=\"elementor-widget-container\">\n\t\t\t\t\t\t\t\t\t<p><strong>Kindheit und Jugend:<\/strong>\u00a0Paco de Luc\u00eda wuchs in einer Musikerfamilie auf. Sein Vater, Antonio S\u00e1nchez, und sein \u00e4lterer Bruder, Ram\u00f3n de Algeciras, beide Gitarristen, waren seine ersten Lehrer. Er begann schon in jungen Jahren Gitarre zu spielen und zeigte schnell au\u00dfergew\u00f6hnliches Talent.<\/p>\n<p>\u00a0<\/p>\n<p><strong>Fr\u00fcher Karriereweg:<\/strong>\u00a0Im Alter von 12 Jahren gewann Paco seinen ersten Preis bei einem Flamenco-Wettbewerb, und kurz darauf begann er in bedeutenden Spielst\u00e4tten aufzutreten.\u00a0<strong><a href=\"https:\/\/tablaoflamencoalma.com\/de\/eine-magische-nacht-in-palma-flamenco-im-tablao-flamenco-alma-abendessen-und-spaziergang\/\">Flamenco-Shows<\/a><\/strong>. Im Jahr 1961, mit nur 14 Jahren, unternahm er seine erste internationale Tournee mit der Kompanie von Jos\u00e9 Greco, einem Flamencot\u00e4nzer und Choreografen.<\/p>\n<p>\u00a0<\/p>\n<p><strong>Kooperationen und Danksagungen:<\/strong>\u00a0In den 60er und 70er Jahren begann Paco de Luc\u00eda mit einigen der\u00a0<strong>die bekanntesten Flamenco-K\u00fcnstler<\/strong>, wo der Flamenco-S\u00e4nger hervorsticht\u00a0<strong>Inselgarnelen<\/strong>. Gemeinsam schufen sie eine Reihe von Alben, die den Flamenco revolutionierten und sich durch ihre Frische und Kreativit\u00e4t auszeichneten.<\/p>\n<p>\u00a0<\/p>\n<p><strong>Musikalische Erkundung:<\/strong>\u00a0In den 1970er und 80er Jahren begann Paco de Luc\u00eda, Elemente des Jazz und anderer Musikstile in seinen Flamenco einflie\u00dfen zu lassen \u2013 etwas, das damals als revolution\u00e4r galt. Sein Album \u201cAlmoraima\u201d (1976) ist ein Beispiel f\u00fcr diese Fusion und enth\u00e4lt Einfl\u00fcsse aus der arabischen und klassischen Musik.<\/p>\n<p>\u00a0<\/p>\n<p><strong>Internationaler Erfolg:<\/strong>\u00a0Paco de Luc\u00eda erlangte internationale Anerkennung. Er arbeitete mit weltber\u00fchmten Musikern wie Al Di Meola und John McLaughlin zusammen, mit denen er das ber\u00fchmte Gitarrentrio bildete.<\/p>\n<p>\u00a0<\/p>\n<p><strong>Letzte Jahre:<\/strong>\u00a0Bis zu seinem Tod trat Paco de Luc\u00eda weiterhin auf und komponierte, wodurch er seinen Status als lebende Legende des Flamenco festigte. Sein Werk wurde mit zahlreichen Preisen ausgezeichnet, darunter 2004 mit dem Prinz-von-Asturien-Preis f\u00fcr Kunst.<\/p>\t\t\t\t\t\t\t\t<\/div>\n\t\t\t\t<\/div>\n\t\t\t\t<\/div>\n\t\t<div class=\"elementor-element elementor-element-bc29ab0 e-con-full e-flex e-con e-child\" data-id=\"bc29ab0\" data-element_type=\"container\" data-e-type=\"container\">\n\t\t\t\t<div class=\"elementor-element elementor-element-e9cbbb5 elementor-widget elementor-widget-heading\" data-id=\"e9cbbb5\" data-element_type=\"widget\" data-e-type=\"widget\" data-widget_type=\"heading.default\">\n\t\t\t\t<div class=\"elementor-widget-container\">\n\t\t\t\t\t<h2 class=\"elementor-heading-title elementor-size-default\">Analyse des Einflusses von Paco de Luc\u00eda auf den Flamenco:<\/h2>\t\t\t\t<\/div>\n\t\t\t\t<\/div>\n\t\t\t\t<div class=\"elementor-element elementor-element-10d6368 elementor-widget elementor-widget-text-editor\" data-id=\"10d6368\" data-element_type=\"widget\" data-e-type=\"widget\" data-widget_type=\"text-editor.default\">\n\t\t\t\t<div class=\"elementor-widget-container\">\n\t\t\t\t\t\t\t\t\t<p><strong>Touch Revolution:<\/strong>&nbsp;Paco de Luc\u00eda ver\u00e4nderte die Rolle von&nbsp;<strong>die Gitarre im Flamenco<\/strong>. Traditionell galt die Gitarre vor allem als Begleitung zu Gesang und Tanz. Paco de Luc\u00eda jedoch erhob sie zu einer beispiellosen Bedeutung und erforschte ihre technischen und expressiven M\u00f6glichkeiten. Seine Technik war innovativ und umfasste schnelle Staccato-Muster, komplexe Anschlagtechniken und den Einsatz des Daumens in einer Weise, die zuvor nur wenige beherrscht hatten.<\/p>\n<p><br><\/p>\n<p><strong>Innovation und Fusion:<\/strong>&nbsp;Paco de Luc\u00eda ist daf\u00fcr bekannt, die Grenzen des Flamenco durch die Integration von Einfl\u00fcssen aus anderen Musikrichtungen, insbesondere Jazz, Klassik und brasilianischer Musik, erweitert zu haben. Diese Fusion trug dazu bei, dass der Flamenco ein breiteres Publikum erreichte und er\u00f6ffnete den nachfolgenden Flamenco-Gitarristen neue Wege.<\/p>\n<p>Er war auch daf\u00fcr verantwortlich, die peruanische Caj\u00f3n als das charakteristischste Schlaginstrument des Flamenco einzuf\u00fchren.<\/p>\n<p><br><\/p>\n<p><strong>Verm\u00e4chtnis:<\/strong>&nbsp;Paco de Luc\u00edas Verm\u00e4chtnis ist immens. Er inspirierte eine ganze Generation von&nbsp;<strong>Flamenco-Gitarristen<\/strong>&nbsp;Sein Einfluss ist bei vielen der f\u00fchrenden Flamenco-Gitarristen von heute sp\u00fcrbar. Sein Stil und seine Technik werden weltweit weiterhin studiert und nachgeahmt. Dar\u00fcber hinaus trug er ma\u00dfgeblich dazu bei, dass der Flamenco als globale Kunstform Anerkennung fand, indem er dessen Essenz bewahrte und sie gleichzeitig weiterentwickelte.<\/p><p><br><\/p>\n<p>Kurz gesagt, Paco de Luc\u00eda war nicht nur ein Gitarrenvirtuose, sondern auch ein Innovator, der die Geschichte des Flamenco f\u00fcr immer ver\u00e4nderte. Sein Verm\u00e4chtnis lebt fort, und sein Einfluss ist in der zeitgen\u00f6ssischen Flamencomusik deutlich sp\u00fcrbar.<\/p>\t\t\t\t\t\t\t\t<\/div>\n\t\t\t\t<\/div>\n\t\t\t\t<\/div>\n\t\t\t\t\t<\/div>\n\t\t\t\t<\/div>\n\t\t\t\t<\/div>","protected":false},"excerpt":{"rendered":"<p>Paco de Luc\u00eda, Francisco S\u00e1nchez G\u00f3mez (1947-2014), es ampliamente reconocido como uno de los guitarristas flamencos m\u00e1s influyentes de todos los tiempos y una figura central en la evoluci\u00f3n del flamenco moderno. Biograf\u00eda: Infancia y Juventud:\u00a0Paco de Luc\u00eda creci\u00f3 en una familia de m\u00fasicos. Su padre, Antonio S\u00e1nchez, y su hermano mayor, Ram\u00f3n de Algeciras, [&hellip;]<\/p>\n","protected":false},"author":3,"featured_media":4413,"comment_status":"open","ping_status":"open","sticky":false,"template":"","format":"standard","meta":{"site-sidebar-layout":"default","site-content-layout":"","ast-site-content-layout":"default","site-content-style":"default","site-sidebar-style":"default","ast-global-header-display":"","ast-banner-title-visibility":"","ast-main-header-display":"","ast-hfb-above-header-display":"","ast-hfb-below-header-display":"","ast-hfb-mobile-header-display":"","site-post-title":"","ast-breadcrumbs-content":"","ast-featured-img":"","footer-sml-layout":"","theme-transparent-header-meta":"","adv-header-id-meta":"","stick-header-meta":"","header-above-stick-meta":"","header-main-stick-meta":"","header-below-stick-meta":"","astra-migrate-meta-layouts":"set","ast-page-background-enabled":"default","ast-page-background-meta":{"desktop":{"background-color":"var(--ast-global-color-4)","background-image":"","background-repeat":"repeat","background-position":"center center","background-size":"auto","background-attachment":"scroll","background-type":"","background-media":"","overlay-type":"","overlay-color":"","overlay-opacity":"","overlay-gradient":""},"tablet":{"background-color":"","background-image":"","background-repeat":"repeat","background-position":"center center","background-size":"auto","background-attachment":"scroll","background-type":"","background-media":"","overlay-type":"","overlay-color":"","overlay-opacity":"","overlay-gradient":""},"mobile":{"background-color":"","background-image":"","background-repeat":"repeat","background-position":"center center","background-size":"auto","background-attachment":"scroll","background-type":"","background-media":"","overlay-type":"","overlay-color":"","overlay-opacity":"","overlay-gradient":""}},"ast-content-background-meta":{"desktop":{"background-color":"var(--ast-global-color-5)","background-image":"","background-repeat":"repeat","background-position":"center center","background-size":"auto","background-attachment":"scroll","background-type":"","background-media":"","overlay-type":"","overlay-color":"","overlay-opacity":"","overlay-gradient":""},"tablet":{"background-color":"var(--ast-global-color-5)","background-image":"","background-repeat":"repeat","background-position":"center center","background-size":"auto","background-attachment":"scroll","background-type":"","background-media":"","overlay-type":"","overlay-color":"","overlay-opacity":"","overlay-gradient":""},"mobile":{"background-color":"var(--ast-global-color-5)","background-image":"","background-repeat":"repeat","background-position":"center center","background-size":"auto","background-attachment":"scroll","background-type":"","background-media":"","overlay-type":"","overlay-color":"","overlay-opacity":"","overlay-gradient":""}},"footnotes":""},"categories":[9],"tags":[],"class_list":["post-4411","post","type-post","status-publish","format-standard","has-post-thumbnail","hentry","category-artistas"],"yoast_head":"<!-- This site is optimized with the Yoast SEO plugin v28.4 - https:\/\/yoast.com\/product\/yoast-seo-wordpress\/ -->\n<title>Paco de Luc\u00eda: El genio eterno de la guitarra flamenca - Tablao Flamenco Alma<\/title>\n<meta name=\"description\" content=\"Conoce la historia de Paco de Luc\u00eda, una figura clave del flamenco moderno y uno de los guitarristas m\u00e1s influyentes de la historia.\" \/>\n<meta name=\"robots\" content=\"index, follow, max-snippet:-1, max-image-preview:large, max-video-preview:-1\" \/>\n<link rel=\"canonical\" href=\"https:\/\/tablaoflamencoalma.com\/de\/paco-de-lucia-el-genio-de-la-guitarra-flamenca\/\" \/>\n<meta property=\"og:locale\" content=\"de_DE\" \/>\n<meta property=\"og:type\" content=\"article\" \/>\n<meta property=\"og:title\" content=\"Paco de Luc\u00eda: El genio eterno de la guitarra flamenca - Tablao Flamenco Alma\" \/>\n<meta property=\"og:description\" content=\"Conoce la historia de Paco de Luc\u00eda, una figura clave del flamenco moderno y uno de los guitarristas m\u00e1s influyentes de la historia.\" \/>\n<meta property=\"og:url\" content=\"https:\/\/tablaoflamencoalma.com\/de\/paco-de-lucia-el-genio-de-la-guitarra-flamenca\/\" \/>\n<meta property=\"og:site_name\" content=\"Tablao Flamenco Alma\" \/>\n<meta property=\"article:publisher\" content=\"https:\/\/www.facebook.com\/tablaoflamencoalma\" \/>\n<meta property=\"article:published_time\" content=\"2024-08-12T16:45:44+00:00\" \/>\n<meta property=\"article:modified_time\" content=\"2026-06-02T08:02:41+00:00\" \/>\n<meta property=\"og:image\" content=\"https:\/\/tablaoflamencoalma.com\/wp-content\/uploads\/2024\/08\/Paco-de-Lucia-Tablao-Alma.png\" \/>\n\t<meta property=\"og:image:width\" content=\"1080\" \/>\n\t<meta property=\"og:image:height\" content=\"800\" \/>\n\t<meta property=\"og:image:type\" content=\"image\/png\" \/>\n<meta name=\"author\" content=\"Tablao Flamenco Alma\" \/>\n<meta name=\"twitter:card\" content=\"summary_large_image\" \/>\n<meta name=\"twitter:label1\" content=\"Verfasst von\" \/>\n\t<meta name=\"twitter:data1\" content=\"Tablao Flamenco Alma\" \/>\n\t<meta name=\"twitter:label2\" content=\"Gesch\u00e4tzte Lesezeit\" \/>\n\t<meta name=\"twitter:data2\" content=\"3\u00a0Minuten\" \/>\n<script type=\"application\/ld+json\" class=\"yoast-schema-graph\">{\"@context\":\"https:\\\/\\\/schema.org\",\"@graph\":[{\"@type\":\"Article\",\"@id\":\"https:\\\/\\\/tablaoflamencoalma.com\\\/paco-de-lucia-el-genio-de-la-guitarra-flamenca\\\/#article\",\"isPartOf\":{\"@id\":\"https:\\\/\\\/tablaoflamencoalma.com\\\/paco-de-lucia-el-genio-de-la-guitarra-flamenca\\\/\"},\"author\":{\"name\":\"Tablao Flamenco Alma\",\"@id\":\"https:\\\/\\\/tablaoflamencoalma.com\\\/#\\\/schema\\\/person\\\/9d0c2a9a099918689427e2a0b2dd0f5c\"},\"headline\":\"Paco de Luc\u00eda: El genio eterno de la guitarra flamenca\",\"datePublished\":\"2024-08-12T16:45:44+00:00\",\"dateModified\":\"2026-06-02T08:02:41+00:00\",\"mainEntityOfPage\":{\"@id\":\"https:\\\/\\\/tablaoflamencoalma.com\\\/paco-de-lucia-el-genio-de-la-guitarra-flamenca\\\/\"},\"wordCount\":641,\"commentCount\":0,\"publisher\":{\"@id\":\"https:\\\/\\\/tablaoflamencoalma.com\\\/#organization\"},\"image\":{\"@id\":\"https:\\\/\\\/tablaoflamencoalma.com\\\/paco-de-lucia-el-genio-de-la-guitarra-flamenca\\\/#primaryimage\"},\"thumbnailUrl\":\"https:\\\/\\\/tablaoflamencoalma.com\\\/wp-content\\\/uploads\\\/2024\\\/08\\\/Paco-de-Lucia-Tablao-Alma.png\",\"articleSection\":[\"Artistas\"],\"inLanguage\":\"de\",\"potentialAction\":[{\"@type\":\"CommentAction\",\"name\":\"Comment\",\"target\":[\"https:\\\/\\\/tablaoflamencoalma.com\\\/paco-de-lucia-el-genio-de-la-guitarra-flamenca\\\/#respond\"]}]},{\"@type\":\"WebPage\",\"@id\":\"https:\\\/\\\/tablaoflamencoalma.com\\\/paco-de-lucia-el-genio-de-la-guitarra-flamenca\\\/\",\"url\":\"https:\\\/\\\/tablaoflamencoalma.com\\\/paco-de-lucia-el-genio-de-la-guitarra-flamenca\\\/\",\"name\":\"Paco de Luc\u00eda: El genio eterno de la guitarra flamenca - Tablao Flamenco Alma\",\"isPartOf\":{\"@id\":\"https:\\\/\\\/tablaoflamencoalma.com\\\/#website\"},\"primaryImageOfPage\":{\"@id\":\"https:\\\/\\\/tablaoflamencoalma.com\\\/paco-de-lucia-el-genio-de-la-guitarra-flamenca\\\/#primaryimage\"},\"image\":{\"@id\":\"https:\\\/\\\/tablaoflamencoalma.com\\\/paco-de-lucia-el-genio-de-la-guitarra-flamenca\\\/#primaryimage\"},\"thumbnailUrl\":\"https:\\\/\\\/tablaoflamencoalma.com\\\/wp-content\\\/uploads\\\/2024\\\/08\\\/Paco-de-Lucia-Tablao-Alma.png\",\"datePublished\":\"2024-08-12T16:45:44+00:00\",\"dateModified\":\"2026-06-02T08:02:41+00:00\",\"description\":\"Conoce la historia de Paco de Luc\u00eda, una figura clave del flamenco moderno y uno de los guitarristas m\u00e1s influyentes de la historia.\",\"breadcrumb\":{\"@id\":\"https:\\\/\\\/tablaoflamencoalma.com\\\/paco-de-lucia-el-genio-de-la-guitarra-flamenca\\\/#breadcrumb\"},\"inLanguage\":\"de\",\"potentialAction\":[{\"@type\":\"ReadAction\",\"target\":[\"https:\\\/\\\/tablaoflamencoalma.com\\\/paco-de-lucia-el-genio-de-la-guitarra-flamenca\\\/\"]}]},{\"@type\":\"ImageObject\",\"inLanguage\":\"de\",\"@id\":\"https:\\\/\\\/tablaoflamencoalma.com\\\/paco-de-lucia-el-genio-de-la-guitarra-flamenca\\\/#primaryimage\",\"url\":\"https:\\\/\\\/tablaoflamencoalma.com\\\/wp-content\\\/uploads\\\/2024\\\/08\\\/Paco-de-Lucia-Tablao-Alma.png\",\"contentUrl\":\"https:\\\/\\\/tablaoflamencoalma.com\\\/wp-content\\\/uploads\\\/2024\\\/08\\\/Paco-de-Lucia-Tablao-Alma.png\",\"width\":1080,\"height\":800,\"caption\":\"Paco de Lucia Tablao Alma\"},{\"@type\":\"BreadcrumbList\",\"@id\":\"https:\\\/\\\/tablaoflamencoalma.com\\\/paco-de-lucia-el-genio-de-la-guitarra-flamenca\\\/#breadcrumb\",\"itemListElement\":[{\"@type\":\"ListItem\",\"position\":1,\"name\":\"Portada\",\"item\":\"https:\\\/\\\/tablaoflamencoalma.com\\\/\"},{\"@type\":\"ListItem\",\"position\":2,\"name\":\"Paco de Luc\u00eda: El genio eterno de la guitarra flamenca\"}]},{\"@type\":\"WebSite\",\"@id\":\"https:\\\/\\\/tablaoflamencoalma.com\\\/#website\",\"url\":\"https:\\\/\\\/tablaoflamencoalma.com\\\/\",\"name\":\"Tablao Flamenco Alma\",\"description\":\"Tablao Flamenco Alma\",\"publisher\":{\"@id\":\"https:\\\/\\\/tablaoflamencoalma.com\\\/#organization\"},\"potentialAction\":[{\"@type\":\"SearchAction\",\"target\":{\"@type\":\"EntryPoint\",\"urlTemplate\":\"https:\\\/\\\/tablaoflamencoalma.com\\\/?s={search_term_string}\"},\"query-input\":{\"@type\":\"PropertyValueSpecification\",\"valueRequired\":true,\"valueName\":\"search_term_string\"}}],\"inLanguage\":\"de\"},{\"@type\":\"Organization\",\"@id\":\"https:\\\/\\\/tablaoflamencoalma.com\\\/#organization\",\"name\":\"Tablao Flamenco Alma\",\"url\":\"https:\\\/\\\/tablaoflamencoalma.com\\\/\",\"logo\":{\"@type\":\"ImageObject\",\"inLanguage\":\"de\",\"@id\":\"https:\\\/\\\/tablaoflamencoalma.com\\\/#\\\/schema\\\/logo\\\/image\\\/\",\"url\":\"https:\\\/\\\/tablaoflamencoalma.com\\\/wp-content\\\/uploads\\\/2024\\\/01\\\/cropped-tablao-flamenco-alma-01-04.png\",\"contentUrl\":\"https:\\\/\\\/tablaoflamencoalma.com\\\/wp-content\\\/uploads\\\/2024\\\/01\\\/cropped-tablao-flamenco-alma-01-04.png\",\"width\":512,\"height\":512,\"caption\":\"Tablao Flamenco Alma\"},\"image\":{\"@id\":\"https:\\\/\\\/tablaoflamencoalma.com\\\/#\\\/schema\\\/logo\\\/image\\\/\"},\"sameAs\":[\"https:\\\/\\\/www.facebook.com\\\/tablaoflamencoalma\",\"https:\\\/\\\/www.instagram.com\\\/tablaoflamencoalma\"]},{\"@type\":\"Person\",\"@id\":\"https:\\\/\\\/tablaoflamencoalma.com\\\/#\\\/schema\\\/person\\\/9d0c2a9a099918689427e2a0b2dd0f5c\",\"name\":\"Tablao Flamenco Alma\",\"image\":{\"@type\":\"ImageObject\",\"inLanguage\":\"de\",\"@id\":\"https:\\\/\\\/tablaoflamencoalma.com\\\/wp-content\\\/litespeed\\\/avatar\\\/797b83aa1ddf30f355ead08e864f8dad.jpg?ver=1788140548\",\"url\":\"https:\\\/\\\/tablaoflamencoalma.com\\\/wp-content\\\/litespeed\\\/avatar\\\/797b83aa1ddf30f355ead08e864f8dad.jpg?ver=1788140548\",\"contentUrl\":\"https:\\\/\\\/tablaoflamencoalma.com\\\/wp-content\\\/litespeed\\\/avatar\\\/797b83aa1ddf30f355ead08e864f8dad.jpg?ver=1788140548\",\"caption\":\"Tablao Flamenco Alma\"},\"url\":\"https:\\\/\\\/tablaoflamencoalma.com\\\/de\\\/author\\\/flamencoalma\\\/\"}]}<\/script>\n<!-- \/ Yoast SEO plugin. -->","yoast_head_json":{"title":"Paco de Luc\u00eda: Das ewige Genie der Flamencogitarre \u2013 Tablao Flamenco Alma","description":"Lerne die Geschichte von Paco de Luc\u00eda kennen, einer Schl\u00fcsselfigur des modernen Flamenco und einem der einflussreichsten Gitarristen der Geschichte.","robots":{"index":"index","follow":"follow","max-snippet":"max-snippet:-1","max-image-preview":"max-image-preview:large","max-video-preview":"max-video-preview:-1"},"canonical":"https:\/\/tablaoflamencoalma.com\/de\/paco-de-lucia-el-genio-de-la-guitarra-flamenca\/","og_locale":"de_DE","og_type":"article","og_title":"Paco de Luc\u00eda: El genio eterno de la guitarra flamenca - Tablao Flamenco Alma","og_description":"Conoce la historia de Paco de Luc\u00eda, una figura clave del flamenco moderno y uno de los guitarristas m\u00e1s influyentes de la historia.","og_url":"https:\/\/tablaoflamencoalma.com\/de\/paco-de-lucia-el-genio-de-la-guitarra-flamenca\/","og_site_name":"Tablao Flamenco Alma","article_publisher":"https:\/\/www.facebook.com\/tablaoflamencoalma","article_published_time":"2024-08-12T16:45:44+00:00","article_modified_time":"2026-06-02T08:02:41+00:00","og_image":[{"width":1080,"height":800,"url":"https:\/\/tablaoflamencoalma.com\/wp-content\/uploads\/2024\/08\/Paco-de-Lucia-Tablao-Alma.png","type":"image\/png"}],"author":"Tablao Flamenco Alma","twitter_card":"summary_large_image","twitter_misc":{"Verfasst von":"Tablao Flamenco Alma","Gesch\u00e4tzte Lesezeit":"3\u00a0Minuten"},"schema":{"@context":"https:\/\/schema.org","@graph":[{"@type":"Article","@id":"https:\/\/tablaoflamencoalma.com\/paco-de-lucia-el-genio-de-la-guitarra-flamenca\/#article","isPartOf":{"@id":"https:\/\/tablaoflamencoalma.com\/paco-de-lucia-el-genio-de-la-guitarra-flamenca\/"},"author":{"name":"Tablao Flamenco Alma","@id":"https:\/\/tablaoflamencoalma.com\/#\/schema\/person\/9d0c2a9a099918689427e2a0b2dd0f5c"},"headline":"Paco de Luc\u00eda: El genio eterno de la guitarra flamenca","datePublished":"2024-08-12T16:45:44+00:00","dateModified":"2026-06-02T08:02:41+00:00","mainEntityOfPage":{"@id":"https:\/\/tablaoflamencoalma.com\/paco-de-lucia-el-genio-de-la-guitarra-flamenca\/"},"wordCount":641,"commentCount":0,"publisher":{"@id":"https:\/\/tablaoflamencoalma.com\/#organization"},"image":{"@id":"https:\/\/tablaoflamencoalma.com\/paco-de-lucia-el-genio-de-la-guitarra-flamenca\/#primaryimage"},"thumbnailUrl":"https:\/\/tablaoflamencoalma.com\/wp-content\/uploads\/2024\/08\/Paco-de-Lucia-Tablao-Alma.png","articleSection":["Artistas"],"inLanguage":"de","potentialAction":[{"@type":"CommentAction","name":"Comment","target":["https:\/\/tablaoflamencoalma.com\/paco-de-lucia-el-genio-de-la-guitarra-flamenca\/#respond"]}]},{"@type":"WebPage","@id":"https:\/\/tablaoflamencoalma.com\/paco-de-lucia-el-genio-de-la-guitarra-flamenca\/","url":"https:\/\/tablaoflamencoalma.com\/paco-de-lucia-el-genio-de-la-guitarra-flamenca\/","name":"Paco de Luc\u00eda: Das ewige Genie der Flamencogitarre \u2013 Tablao Flamenco Alma","isPartOf":{"@id":"https:\/\/tablaoflamencoalma.com\/#website"},"primaryImageOfPage":{"@id":"https:\/\/tablaoflamencoalma.com\/paco-de-lucia-el-genio-de-la-guitarra-flamenca\/#primaryimage"},"image":{"@id":"https:\/\/tablaoflamencoalma.com\/paco-de-lucia-el-genio-de-la-guitarra-flamenca\/#primaryimage"},"thumbnailUrl":"https:\/\/tablaoflamencoalma.com\/wp-content\/uploads\/2024\/08\/Paco-de-Lucia-Tablao-Alma.png","datePublished":"2024-08-12T16:45:44+00:00","dateModified":"2026-06-02T08:02:41+00:00","description":"Lerne die Geschichte von Paco de Luc\u00eda kennen, einer Schl\u00fcsselfigur des modernen Flamenco und einem der einflussreichsten Gitarristen der Geschichte.","breadcrumb":{"@id":"https:\/\/tablaoflamencoalma.com\/paco-de-lucia-el-genio-de-la-guitarra-flamenca\/#breadcrumb"},"inLanguage":"de","potentialAction":[{"@type":"ReadAction","target":["https:\/\/tablaoflamencoalma.com\/paco-de-lucia-el-genio-de-la-guitarra-flamenca\/"]}]},{"@type":"ImageObject","inLanguage":"de","@id":"https:\/\/tablaoflamencoalma.com\/paco-de-lucia-el-genio-de-la-guitarra-flamenca\/#primaryimage","url":"https:\/\/tablaoflamencoalma.com\/wp-content\/uploads\/2024\/08\/Paco-de-Lucia-Tablao-Alma.png","contentUrl":"https:\/\/tablaoflamencoalma.com\/wp-content\/uploads\/2024\/08\/Paco-de-Lucia-Tablao-Alma.png","width":1080,"height":800,"caption":"Paco de Lucia Tablao Alma"},{"@type":"BreadcrumbList","@id":"https:\/\/tablaoflamencoalma.com\/paco-de-lucia-el-genio-de-la-guitarra-flamenca\/#breadcrumb","itemListElement":[{"@type":"ListItem","position":1,"name":"Portada","item":"https:\/\/tablaoflamencoalma.com\/"},{"@type":"ListItem","position":2,"name":"Paco de Luc\u00eda: El genio eterno de la guitarra flamenca"}]},{"@type":"WebSite","@id":"https:\/\/tablaoflamencoalma.com\/#website","url":"https:\/\/tablaoflamencoalma.com\/","name":"Flamenco-Lokal \u201eAlma\u201c","description":"Flamenco-Lokal \u201eAlma\u201c","publisher":{"@id":"https:\/\/tablaoflamencoalma.com\/#organization"},"potentialAction":[{"@type":"SearchAction","target":{"@type":"EntryPoint","urlTemplate":"https:\/\/tablaoflamencoalma.com\/?s={search_term_string}"},"query-input":{"@type":"PropertyValueSpecification","valueRequired":true,"valueName":"search_term_string"}}],"inLanguage":"de"},{"@type":"Organization","@id":"https:\/\/tablaoflamencoalma.com\/#organization","name":"Flamenco-Lokal \u201eAlma\u201c","url":"https:\/\/tablaoflamencoalma.com\/","logo":{"@type":"ImageObject","inLanguage":"de","@id":"https:\/\/tablaoflamencoalma.com\/#\/schema\/logo\/image\/","url":"https:\/\/tablaoflamencoalma.com\/wp-content\/uploads\/2024\/01\/cropped-tablao-flamenco-alma-01-04.png","contentUrl":"https:\/\/tablaoflamencoalma.com\/wp-content\/uploads\/2024\/01\/cropped-tablao-flamenco-alma-01-04.png","width":512,"height":512,"caption":"Tablao Flamenco Alma"},"image":{"@id":"https:\/\/tablaoflamencoalma.com\/#\/schema\/logo\/image\/"},"sameAs":["https:\/\/www.facebook.com\/tablaoflamencoalma","https:\/\/www.instagram.com\/tablaoflamencoalma"]},{"@type":"Person","@id":"https:\/\/tablaoflamencoalma.com\/#\/schema\/person\/9d0c2a9a099918689427e2a0b2dd0f5c","name":"Flamenco-Lokal \u201eAlma\u201c","image":{"@type":"ImageObject","inLanguage":"de","@id":"https:\/\/tablaoflamencoalma.com\/wp-content\/litespeed\/avatar\/797b83aa1ddf30f355ead08e864f8dad.jpg?ver=1788140548","url":"https:\/\/tablaoflamencoalma.com\/wp-content\/litespeed\/avatar\/797b83aa1ddf30f355ead08e864f8dad.jpg?ver=1788140548","contentUrl":"https:\/\/tablaoflamencoalma.com\/wp-content\/litespeed\/avatar\/797b83aa1ddf30f355ead08e864f8dad.jpg?ver=1788140548","caption":"Tablao Flamenco Alma"},"url":"https:\/\/tablaoflamencoalma.com\/de\/author\/flamencoalma\/"}]}},"_links":{"self":[{"href":"https:\/\/tablaoflamencoalma.com\/de\/wp-json\/wp\/v2\/posts\/4411","targetHints":{"allow":["GET"]}}],"collection":[{"href":"https:\/\/tablaoflamencoalma.com\/de\/wp-json\/wp\/v2\/posts"}],"about":[{"href":"https:\/\/tablaoflamencoalma.com\/de\/wp-json\/wp\/v2\/types\/post"}],"author":[{"embeddable":true,"href":"https:\/\/tablaoflamencoalma.com\/de\/wp-json\/wp\/v2\/users\/3"}],"replies":[{"embeddable":true,"href":"https:\/\/tablaoflamencoalma.com\/de\/wp-json\/wp\/v2\/comments?post=4411"}],"version-history":[{"count":12,"href":"https:\/\/tablaoflamencoalma.com\/de\/wp-json\/wp\/v2\/posts\/4411\/revisions"}],"predecessor-version":[{"id":7512,"href":"https:\/\/tablaoflamencoalma.com\/de\/wp-json\/wp\/v2\/posts\/4411\/revisions\/7512"}],"wp:featuredmedia":[{"embeddable":true,"href":"https:\/\/tablaoflamencoalma.com\/de\/wp-json\/wp\/v2\/media\/4413"}],"wp:attachment":[{"href":"https:\/\/tablaoflamencoalma.com\/de\/wp-json\/wp\/v2\/media?parent=4411"}],"wp:term":[{"taxonomy":"category","embeddable":true,"href":"https:\/\/tablaoflamencoalma.com\/de\/wp-json\/wp\/v2\/categories?post=4411"},{"taxonomy":"post_tag","embeddable":true,"href":"https:\/\/tablaoflamencoalma.com\/de\/wp-json\/wp\/v2\/tags?post=4411"}],"curies":[{"name":"wp","href":"https:\/\/api.w.org\/{rel}","templated":true}]}}