{"id":3128,"date":"2024-02-24T15:03:12","date_gmt":"2024-02-24T14:03:12","guid":{"rendered":"https:\/\/tablaoflamencoalma.com\/?page_id=3128"},"modified":"2026-06-02T09:38:07","modified_gmt":"2026-06-02T08:38:07","slug":"estilo-y-tecnica-del-flamenco","status":"publish","type":"post","link":"https:\/\/tablaoflamencoalma.com\/de\/estilo-y-tecnica-del-flamenco\/","title":{"rendered":"Flamenco-Stil und -Technik"},"content":{"rendered":"<div data-elementor-type=\"wp-page\" data-elementor-id=\"3128\" class=\"elementor elementor-3128\" data-elementor-post-type=\"post\">\n\t\t\t\t<div class=\"elementor-element elementor-element-250acbb e-flex e-con-boxed e-con e-parent\" data-id=\"250acbb\" data-element_type=\"container\" data-e-type=\"container\">\n\t\t\t\t\t<div class=\"e-con-inner\">\n\t\t<div class=\"elementor-element elementor-element-5c667ad e-flex e-con-boxed e-con e-child\" data-id=\"5c667ad\" data-element_type=\"container\" data-e-type=\"container\">\n\t\t\t\t\t<div class=\"e-con-inner\">\n\t\t\t\t<div class=\"elementor-element elementor-element-1953dea elementor-widget elementor-widget-heading\" data-id=\"1953dea\" data-element_type=\"widget\" data-e-type=\"widget\" data-widget_type=\"heading.default\">\n\t\t\t\t<div class=\"elementor-widget-container\">\n\t\t\t\t\t<h2 class=\"elementor-heading-title elementor-size-default\">Flamenco-Palmen<\/h2>\t\t\t\t<\/div>\n\t\t\t\t<\/div>\n\t\t<div class=\"elementor-element elementor-element-84a82d8 e-flex e-con-boxed e-con e-child\" data-id=\"84a82d8\" data-element_type=\"container\" data-e-type=\"container\">\n\t\t\t\t\t<div class=\"e-con-inner\">\n\t\t\t\t<div class=\"elementor-element elementor-element-70e477d elementor-widget elementor-widget-text-editor\" data-id=\"70e477d\" data-element_type=\"widget\" data-e-type=\"widget\" data-widget_type=\"text-editor.default\">\n\t\t\t\t<div class=\"elementor-widget-container\">\n\t\t\t\t\t\t\t\t\t<p>Der Flamenco-Klatscher zeichnet sich durch das pr\u00e4zise Markieren des Flamenco-Rhythmus, rhythmische Vielfalt und die Bereicherung der Interpretation sowohl der Gitarre als auch des Gesangs und Tanzes aus.<\/p><p>\u00a0<\/p><p>Sie dienen als Grundlage f\u00fcr rhythmische Stile wie Buler\u00edas, Tangos oder Alegr\u00edas, begleiten aber auch jeden Stil mit Rhythmus wie Seguiriya, Sole\u00e1 por Buler\u00eda, Sole\u00e1, Tanguillos, Guajiras \u2026<\/p><p>\u00a0<\/p><p>Um Flamenco-Klatschen richtig auszuf\u00fchren, muss man den Rhythmus, die Geschwindigkeit und die Nuancen jedes Stils kennen.<\/p>\t\t\t\t\t\t\t\t<\/div>\n\t\t\t\t<\/div>\n\t\t\t\t<div class=\"elementor-element elementor-element-7e7b571 elementor-widget elementor-widget-image\" data-id=\"7e7b571\" data-element_type=\"widget\" data-e-type=\"widget\" data-widget_type=\"image.default\">\n\t\t\t\t<div class=\"elementor-widget-container\">\n\t\t\t\t\t\t\t\t\t\t\t\t\t\t\t<img decoding=\"async\" src=\"https:\/\/tablaoflamencoalma.com\/wp-content\/uploads\/elementor\/thumbs\/Palmas-flamencas-1x1-peq-qka5jkb0f4mr3103toqjwoip0le8erjoueeu9h67vc.jpg\" title=\"Flamenco-Palmen 1x1 klein\" alt=\"Flamenco-Rhythmus\" loading=\"lazy\" \/>\t\t\t\t\t\t\t\t\t\t\t\t\t\t\t<\/div>\n\t\t\t\t<\/div>\n\t\t\t\t\t<\/div>\n\t\t\t\t<\/div>\n\t\t\t\t<div class=\"elementor-element elementor-element-472543c elementor-widget elementor-widget-spacer\" data-id=\"472543c\" data-element_type=\"widget\" data-e-type=\"widget\" data-widget_type=\"spacer.default\">\n\t\t\t\t<div class=\"elementor-widget-container\">\n\t\t\t\t\t\t\t<div class=\"elementor-spacer\">\n\t\t\t<div class=\"elementor-spacer-inner\"><\/div>\n\t\t<\/div>\n\t\t\t\t\t\t<\/div>\n\t\t\t\t<\/div>\n\t\t\t\t<div class=\"elementor-element elementor-element-d0ea97b elementor-widget elementor-widget-heading\" data-id=\"d0ea97b\" data-element_type=\"widget\" data-e-type=\"widget\" data-widget_type=\"heading.default\">\n\t\t\t\t<div class=\"elementor-widget-container\">\n\t\t\t\t\t<h2 class=\"elementor-heading-title elementor-size-default\">Flamenco-Rhythmus<\/h2>\t\t\t\t<\/div>\n\t\t\t\t<\/div>\n\t\t<div class=\"elementor-element elementor-element-1b07776 e-flex e-con-boxed e-con e-child\" data-id=\"1b07776\" data-element_type=\"container\" data-e-type=\"container\">\n\t\t\t\t\t<div class=\"e-con-inner\">\n\t\t\t\t<div class=\"elementor-element elementor-element-98f772a elementor-widget elementor-widget-text-editor\" data-id=\"98f772a\" data-element_type=\"widget\" data-e-type=\"widget\" data-widget_type=\"text-editor.default\">\n\t\t\t\t<div class=\"elementor-widget-container\">\n\t\t\t\t\t\t\t\t\t<p>Der Rhythmus im Flamenco ist sehr charakteristisch. Neben der Verwendung von 3\/4-Takten (Fandangos oder Sevillanas) und 4\/4-Takten (Tientos, Tangos oder Colombianas) verwendet er einen ganz besonderen 12-taktigen Rhythmus, der auf vielf\u00e4ltige Weise interpretiert werden kann.<\/p><p>\u00a0<\/p><p>Die Betonungen in diesem Takt l\u00e4gen auf den Zahlen 12 \u2013 3 \u2013 6 \u2013 8 und 10. Danach w\u00fcrden wir von vorne beginnen.<\/p><p>\u00a0<\/p><p>Die Stilrichtungen, die diese Akzente verwenden, sind die wichtigsten innerhalb des Flamenco: vor allem Sole\u00e1, Alegr\u00edas und Buler\u00edas.<\/p>\t\t\t\t\t\t\t\t<\/div>\n\t\t\t\t<\/div>\n\t\t\t\t<div class=\"elementor-element elementor-element-5fbb39b elementor-widget elementor-widget-image\" data-id=\"5fbb39b\" data-element_type=\"widget\" data-e-type=\"widget\" data-widget_type=\"image.default\">\n\t\t\t\t<div class=\"elementor-widget-container\">\n\t\t\t\t\t\t\t\t\t\t\t\t\t\t\t<img decoding=\"async\" src=\"https:\/\/tablaoflamencoalma.com\/wp-content\/uploads\/elementor\/thumbs\/Compas-flamenco-1x1-peq-qka5izmk8rufzlu56fsrdtqjy485pf9lfk25pe0vo8.jpg\" title=\"Flamenco-Rhythmus 1x1 klein\" alt=\"Flamenco-Rhythmus\" loading=\"lazy\" \/>\t\t\t\t\t\t\t\t\t\t\t\t\t\t\t<\/div>\n\t\t\t\t<\/div>\n\t\t\t\t\t<\/div>\n\t\t\t\t<\/div>\n\t\t\t\t<div class=\"elementor-element elementor-element-fabb99d elementor-widget elementor-widget-spacer\" data-id=\"fabb99d\" data-element_type=\"widget\" data-e-type=\"widget\" data-widget_type=\"spacer.default\">\n\t\t\t\t<div class=\"elementor-widget-container\">\n\t\t\t\t\t\t\t<div class=\"elementor-spacer\">\n\t\t\t<div class=\"elementor-spacer-inner\"><\/div>\n\t\t<\/div>\n\t\t\t\t\t\t<\/div>\n\t\t\t\t<\/div>\n\t\t\t\t<div class=\"elementor-element elementor-element-f568ae6 elementor-widget elementor-widget-heading\" data-id=\"f568ae6\" data-element_type=\"widget\" data-e-type=\"widget\" data-widget_type=\"heading.default\">\n\t\t\t\t<div class=\"elementor-widget-container\">\n\t\t\t\t\t<h2 class=\"elementor-heading-title elementor-size-default\">Flamenco-Stepptanz<\/h2>\t\t\t\t<\/div>\n\t\t\t\t<\/div>\n\t\t<div class=\"elementor-element elementor-element-b476ce3 e-flex e-con-boxed e-con e-child\" data-id=\"b476ce3\" data-element_type=\"container\" data-e-type=\"container\">\n\t\t\t\t\t<div class=\"e-con-inner\">\n\t\t\t\t<div class=\"elementor-element elementor-element-8791ed8 elementor-widget elementor-widget-text-editor\" data-id=\"8791ed8\" data-element_type=\"widget\" data-e-type=\"widget\" data-widget_type=\"text-editor.default\">\n\t\t\t\t<div class=\"elementor-widget-container\">\n\t\t\t\t\t\t\t\t\t<p>Die Fu\u00dfarbeit, oder Zapateado, ist ein Element des Flamenco-Tanzes, bei dem die F\u00fc\u00dfe als Perkussionsinstrumente eingesetzt werden und dem Tanz rhythmische Tiefe verleihen. Urspr\u00fcnglich war dieser Stil ausschlie\u00dflich M\u00e4nnern vorbehalten. Obwohl er heute nicht mehr nur von M\u00e4nnern getanzt wird, ist er eine Technik, die von Frauen und M\u00e4nnern in allen Flamenco-Stilen angewendet wird.<\/p><p>\u00a0<\/p><p>Dabei wippen die F\u00fc\u00dfe im Takt mit rhythmischen Variationen.<\/p><p>\u00a0<\/p><p>Zapateado ist auch ein Stil des Flamenco-Gitarrensolos. Einige prominente Zapateado-K\u00fcnstler waren Paco de Luc\u00eda, Esteban de Sanl\u00facar und Vicente Amigo.<\/p>\t\t\t\t\t\t\t\t<\/div>\n\t\t\t\t<\/div>\n\t\t\t\t<div class=\"elementor-element elementor-element-7e267e9 elementor-widget elementor-widget-image\" data-id=\"7e267e9\" data-element_type=\"widget\" data-e-type=\"widget\" data-widget_type=\"image.default\">\n\t\t\t\t<div class=\"elementor-widget-container\">\n\t\t\t\t\t\t\t\t\t\t\t\t\t\t\t<img fetchpriority=\"high\" decoding=\"async\" width=\"960\" height=\"960\" src=\"https:\/\/tablaoflamencoalma.com\/wp-content\/uploads\/2024\/02\/Zapateado-flamenco-peq.jpg\" class=\"attachment-large size-large wp-image-3109\" alt=\"\" srcset=\"https:\/\/tablaoflamencoalma.com\/wp-content\/uploads\/2024\/02\/Zapateado-flamenco-peq.jpg 960w, https:\/\/tablaoflamencoalma.com\/wp-content\/uploads\/2024\/02\/Zapateado-flamenco-peq-300x300.jpg 300w, https:\/\/tablaoflamencoalma.com\/wp-content\/uploads\/2024\/02\/Zapateado-flamenco-peq-150x150.jpg 150w, https:\/\/tablaoflamencoalma.com\/wp-content\/uploads\/2024\/02\/Zapateado-flamenco-peq-768x768.jpg 768w\" sizes=\"(max-width: 960px) 100vw, 960px\" \/>\t\t\t\t\t\t\t\t\t\t\t\t\t\t\t<\/div>\n\t\t\t\t<\/div>\n\t\t\t\t\t<\/div>\n\t\t\t\t<\/div>\n\t\t\t\t<div class=\"elementor-element elementor-element-3589e1a elementor-widget elementor-widget-spacer\" data-id=\"3589e1a\" data-element_type=\"widget\" data-e-type=\"widget\" data-widget_type=\"spacer.default\">\n\t\t\t\t<div class=\"elementor-widget-container\">\n\t\t\t\t\t\t\t<div class=\"elementor-spacer\">\n\t\t\t<div class=\"elementor-spacer-inner\"><\/div>\n\t\t<\/div>\n\t\t\t\t\t\t<\/div>\n\t\t\t\t<\/div>\n\t\t\t\t<div class=\"elementor-element elementor-element-62cd3d3 elementor-widget elementor-widget-heading\" data-id=\"62cd3d3\" data-element_type=\"widget\" data-e-type=\"widget\" data-widget_type=\"heading.default\">\n\t\t\t\t<div class=\"elementor-widget-container\">\n\t\t\t\t\t<h2 class=\"elementor-heading-title elementor-size-default\">Flamenco-Gitarre<\/h2>\t\t\t\t<\/div>\n\t\t\t\t<\/div>\n\t\t<div class=\"elementor-element elementor-element-2d394c6 e-flex e-con-boxed e-con e-child\" data-id=\"2d394c6\" data-element_type=\"container\" data-e-type=\"container\">\n\t\t\t\t\t<div class=\"e-con-inner\">\n\t\t\t\t<div class=\"elementor-element elementor-element-fea8c56 elementor-widget elementor-widget-image\" data-id=\"fea8c56\" data-element_type=\"widget\" data-e-type=\"widget\" data-widget_type=\"image.default\">\n\t\t\t\t<div class=\"elementor-widget-container\">\n\t\t\t\t\t\t\t\t\t\t\t\t\t\t\t<img decoding=\"async\" src=\"https:\/\/tablaoflamencoalma.com\/wp-content\/uploads\/elementor\/thumbs\/Guitarra-flamenca-estilo-peq-qkg0cu5lqozhef00ds285z41lkmb5m80q0txos03g0.jpg\" title=\"Flamenco-Gitarre, kleine Bauart\" alt=\"Flamenco-Gitarre, kleine Bauart\" loading=\"lazy\" \/>\t\t\t\t\t\t\t\t\t\t\t\t\t\t\t<\/div>\n\t\t\t\t<\/div>\n\t\t\t\t<div class=\"elementor-element elementor-element-04d197a elementor-widget elementor-widget-text-editor\" data-id=\"04d197a\" data-element_type=\"widget\" data-e-type=\"widget\" data-widget_type=\"text-editor.default\">\n\t\t\t\t<div class=\"elementor-widget-container\">\n\t\t\t\t\t\t\t\t\t<p>Die Flamenco-Gitarre hat im Flamenco zwei Hauptfunktionen: die der Begleitung und die des Solisten, wobei letztere auch als Konzertgitarre bekannt ist.<\/p><p>\u00a0<\/p><p>Die Begleitgitarre kann zum Singen oder Tanzen verwendet werden, ihre Hauptfunktion ist jedoch die rhythmische und harmonische Grundlage.<\/p><p>\u00a0<\/p><p>Das Solospiel auf der Flamencogitarre erfordert ein hohes Ma\u00df an K\u00f6nnen in Technik, Komposition und Darbietung.<\/p><p>Zu den prominenten Flamenco-Gitarristen z\u00e4hlen Paco de Luc\u00eda, Vicente Amigo, Tomatito, Sabicas, Ni\u00f1o Ricardo und Manolo Sanl\u00facar.<\/p>\t\t\t\t\t\t\t\t<\/div>\n\t\t\t\t<\/div>\n\t\t\t\t\t<\/div>\n\t\t\t\t<\/div>\n\t\t\t\t<div class=\"elementor-element elementor-element-2d0f0e9 elementor-widget elementor-widget-spacer\" data-id=\"2d0f0e9\" data-element_type=\"widget\" data-e-type=\"widget\" data-widget_type=\"spacer.default\">\n\t\t\t\t<div class=\"elementor-widget-container\">\n\t\t\t\t\t\t\t<div class=\"elementor-spacer\">\n\t\t\t<div class=\"elementor-spacer-inner\"><\/div>\n\t\t<\/div>\n\t\t\t\t\t\t<\/div>\n\t\t\t\t<\/div>\n\t\t\t\t<div class=\"elementor-element elementor-element-043385f elementor-widget elementor-widget-heading\" data-id=\"043385f\" data-element_type=\"widget\" data-e-type=\"widget\" data-widget_type=\"heading.default\">\n\t\t\t\t<div class=\"elementor-widget-container\">\n\t\t\t\t\t<h2 class=\"elementor-heading-title elementor-size-default\">Flamenco-Gesang<\/h2>\t\t\t\t<\/div>\n\t\t\t\t<\/div>\n\t\t<div class=\"elementor-element elementor-element-a6ce774 e-flex e-con-boxed e-con e-child\" data-id=\"a6ce774\" data-element_type=\"container\" data-e-type=\"container\">\n\t\t\t\t\t<div class=\"e-con-inner\">\n\t\t\t\t<div class=\"elementor-element elementor-element-61b21b8 elementor-widget elementor-widget-text-editor\" data-id=\"61b21b8\" data-element_type=\"widget\" data-e-type=\"widget\" data-widget_type=\"text-editor.default\">\n\t\t\t\t<div class=\"elementor-widget-container\">\n\t\t\t\t\t\t\t\t\t<p>Der Flamencogesang zeichnet sich durch sein Timbre und seinen charakteristischen Klagelaut aus. Er ist typisch f\u00fcr M\u00e4nner und Frauen. Flamenco wird sowohl als Solodarbietung mit Gitarrenbegleitung als auch als Tanzbegleitung mit dem jeweils passenden Text aufgef\u00fchrt.<\/p><p>\u00a0<\/p><p>Die Themen der Flamenco-Texte variieren je nach Stilrichtung. In ernsteren oder getragenen Stilen thematisieren die Lieder Tragik oder Liebe. In heiteren Stilen stehen Humor oder die Schilderung historischer Ereignisse im Vordergrund.<\/p>\t\t\t\t\t\t\t\t<\/div>\n\t\t\t\t<\/div>\n\t\t\t\t<div class=\"elementor-element elementor-element-7806677 elementor-widget elementor-widget-image\" data-id=\"7806677\" data-element_type=\"widget\" data-e-type=\"widget\" data-widget_type=\"image.default\">\n\t\t\t\t<div class=\"elementor-widget-container\">\n\t\t\t\t\t\t\t\t\t\t\t\t\t\t\t<img decoding=\"async\" width=\"960\" height=\"960\" src=\"https:\/\/tablaoflamencoalma.com\/wp-content\/uploads\/2024\/02\/Cante-flamenco-1x1-peq.jpg\" class=\"attachment-large size-large wp-image-3103\" alt=\"\" srcset=\"https:\/\/tablaoflamencoalma.com\/wp-content\/uploads\/2024\/02\/Cante-flamenco-1x1-peq.jpg 960w, https:\/\/tablaoflamencoalma.com\/wp-content\/uploads\/2024\/02\/Cante-flamenco-1x1-peq-300x300.jpg 300w, https:\/\/tablaoflamencoalma.com\/wp-content\/uploads\/2024\/02\/Cante-flamenco-1x1-peq-150x150.jpg 150w, https:\/\/tablaoflamencoalma.com\/wp-content\/uploads\/2024\/02\/Cante-flamenco-1x1-peq-768x768.jpg 768w\" sizes=\"(max-width: 960px) 100vw, 960px\" \/>\t\t\t\t\t\t\t\t\t\t\t\t\t\t\t<\/div>\n\t\t\t\t<\/div>\n\t\t\t\t\t<\/div>\n\t\t\t\t<\/div>\n\t\t\t\t<div class=\"elementor-element elementor-element-2f80f74 elementor-widget elementor-widget-spacer\" data-id=\"2f80f74\" data-element_type=\"widget\" data-e-type=\"widget\" data-widget_type=\"spacer.default\">\n\t\t\t\t<div class=\"elementor-widget-container\">\n\t\t\t\t\t\t\t<div class=\"elementor-spacer\">\n\t\t\t<div class=\"elementor-spacer-inner\"><\/div>\n\t\t<\/div>\n\t\t\t\t\t\t<\/div>\n\t\t\t\t<\/div>\n\t\t\t\t<div class=\"elementor-element elementor-element-63b802b elementor-widget elementor-widget-heading\" data-id=\"63b802b\" data-element_type=\"widget\" data-e-type=\"widget\" data-widget_type=\"heading.default\">\n\t\t\t\t<div class=\"elementor-widget-container\">\n\t\t\t\t\t<h2 class=\"elementor-heading-title elementor-size-default\">Flamenco-Kost\u00fcme<\/h2>\t\t\t\t<\/div>\n\t\t\t\t<\/div>\n\t\t<div class=\"elementor-element elementor-element-75921ed e-flex e-con-boxed e-con e-child\" data-id=\"75921ed\" data-element_type=\"container\" data-e-type=\"container\">\n\t\t\t\t\t<div class=\"e-con-inner\">\n\t\t\t\t<div class=\"elementor-element elementor-element-5614d88 elementor-widget elementor-widget-text-editor\" data-id=\"5614d88\" data-element_type=\"widget\" data-e-type=\"widget\" data-widget_type=\"text-editor.default\">\n\t\t\t\t<div class=\"elementor-widget-container\">\n\t\t\t\t\t\t\t\t\t<p>Die Kleidung beim Flamenco-Tanz ist sehr wichtig; je nach Tanzstil wird die eine oder andere Kleidung getragen.<\/p><p>\u00a0<\/p><p>Hellere Farben werden in fr\u00f6hlichen Stilen wie Alegr\u00edas, Tangos oder Guajiras verwendet, ernstere oder dunklere Farben hingegen in Stilen wie Taranto, Sole\u00e1 oder Seguiriya.<\/p><p>\u00a0<\/p><p>Neben den traditionellen Kost\u00fcmen f\u00fcr M\u00e4nner und Frauen werden weitere Elemente integriert, die den Tanz und die Kleidung bereichern. Dazu geh\u00f6ren Kastagnetten, H\u00fcte, Schals, Flamencokleider mit Schleppen, St\u00f6cke und F\u00e4cher.<\/p>\t\t\t\t\t\t\t\t<\/div>\n\t\t\t\t<\/div>\n\t\t\t\t<div class=\"elementor-element elementor-element-aea5571 elementor-widget elementor-widget-image\" data-id=\"aea5571\" data-element_type=\"widget\" data-e-type=\"widget\" data-widget_type=\"image.default\">\n\t\t\t\t<div class=\"elementor-widget-container\">\n\t\t\t\t\t\t\t\t\t\t\t\t\t\t\t<img decoding=\"async\" width=\"960\" height=\"960\" src=\"https:\/\/tablaoflamencoalma.com\/wp-content\/uploads\/2024\/02\/Vestuario-flamenco.png\" class=\"attachment-large size-large wp-image-3098\" alt=\"Flamenco-Kost\u00fcme\" srcset=\"https:\/\/tablaoflamencoalma.com\/wp-content\/uploads\/2024\/02\/Vestuario-flamenco.png 960w, https:\/\/tablaoflamencoalma.com\/wp-content\/uploads\/2024\/02\/Vestuario-flamenco-300x300.png 300w, https:\/\/tablaoflamencoalma.com\/wp-content\/uploads\/2024\/02\/Vestuario-flamenco-150x150.png 150w, https:\/\/tablaoflamencoalma.com\/wp-content\/uploads\/2024\/02\/Vestuario-flamenco-768x768.png 768w\" sizes=\"(max-width: 960px) 100vw, 960px\" \/>\t\t\t\t\t\t\t\t\t\t\t\t\t\t\t<\/div>\n\t\t\t\t<\/div>\n\t\t\t\t\t<\/div>\n\t\t\t\t<\/div>\n\t\t\t\t\t<\/div>\n\t\t\t\t<\/div>\n\t\t\t\t<div class=\"elementor-element elementor-element-0eee039 elementor-widget elementor-widget-spacer\" data-id=\"0eee039\" data-element_type=\"widget\" data-e-type=\"widget\" data-widget_type=\"spacer.default\">\n\t\t\t\t<div class=\"elementor-widget-container\">\n\t\t\t\t\t\t\t<div class=\"elementor-spacer\">\n\t\t\t<div class=\"elementor-spacer-inner\"><\/div>\n\t\t<\/div>\n\t\t\t\t\t\t<\/div>\n\t\t\t\t<\/div>\n\t\t\t\t\t<\/div>\n\t\t\t\t<\/div>\n\t\t\t\t<\/div>","protected":false},"excerpt":{"rendered":"<p>Palmas flamencas Las palmas flamencas se caracterizan por marcar el comp\u00e1s flamenco con precisi\u00f3n, variedad r\u00edtmica y enriquecen la interpretaci\u00f3n tanto de la guitarra como del cante y el baile. \u00a0 Sirven de base para los estilos r\u00edtmicos como las buler\u00edas, los tangos o las alegr\u00edas, aunque tambi\u00e9n acompa\u00f1an cualquier estilo que lleve ritmo como [&hellip;]<\/p>\n","protected":false},"author":3,"featured_media":3114,"comment_status":"open","ping_status":"closed","sticky":false,"template":"","format":"standard","meta":{"site-sidebar-layout":"no-sidebar","site-content-layout":"page-builder","ast-site-content-layout":"full-width-container","site-content-style":"unboxed","site-sidebar-style":"unboxed","ast-global-header-display":"","ast-banner-title-visibility":"","ast-main-header-display":"","ast-hfb-above-header-display":"","ast-hfb-below-header-display":"","ast-hfb-mobile-header-display":"","site-post-title":"disabled","ast-breadcrumbs-content":"","ast-featured-img":"","footer-sml-layout":"","theme-transparent-header-meta":"enabled","adv-header-id-meta":"","stick-header-meta":"","header-above-stick-meta":"","header-main-stick-meta":"","header-below-stick-meta":"","astra-migrate-meta-layouts":"set","ast-page-background-enabled":"default","ast-page-background-meta":{"desktop":{"background-color":"var(--ast-global-color-4)","background-image":"","background-repeat":"repeat","background-position":"center center","background-size":"auto","background-attachment":"scroll","background-type":"","background-media":"","overlay-type":"","overlay-color":"","overlay-opacity":"","overlay-gradient":""},"tablet":{"background-color":"","background-image":"","background-repeat":"repeat","background-position":"center center","background-size":"auto","background-attachment":"scroll","background-type":"","background-media":"","overlay-type":"","overlay-color":"","overlay-opacity":"","overlay-gradient":""},"mobile":{"background-color":"","background-image":"","background-repeat":"repeat","background-position":"center center","background-size":"auto","background-attachment":"scroll","background-type":"","background-media":"","overlay-type":"","overlay-color":"","overlay-opacity":"","overlay-gradient":""}},"ast-content-background-meta":{"desktop":{"background-color":"var(--ast-global-color-5)","background-image":"","background-repeat":"repeat","background-position":"center center","background-size":"auto","background-attachment":"scroll","background-type":"","background-media":"","overlay-type":"","overlay-color":"","overlay-opacity":"","overlay-gradient":""},"tablet":{"background-color":"var(--ast-global-color-5)","background-image":"","background-repeat":"repeat","background-position":"center center","background-size":"auto","background-attachment":"scroll","background-type":"","background-media":"","overlay-type":"","overlay-color":"","overlay-opacity":"","overlay-gradient":""},"mobile":{"background-color":"var(--ast-global-color-5)","background-image":"","background-repeat":"repeat","background-position":"center center","background-size":"auto","background-attachment":"scroll","background-type":"","background-media":"","overlay-type":"","overlay-color":"","overlay-opacity":"","overlay-gradient":""}},"footnotes":""},"categories":[11],"tags":[],"class_list":["post-3128","post","type-post","status-publish","format-standard","has-post-thumbnail","hentry","category-el-flamenco"],"yoast_head":"<!-- This site is optimized with the Yoast SEO plugin v28.4 - https:\/\/yoast.com\/product\/yoast-seo-wordpress\/ -->\n<title>Estilo y t\u00e9cnica del flamenco - Tablao Flamenco Alma<\/title>\n<meta name=\"description\" content=\"Aprende sobre sole\u00e1, buler\u00edas y otros palos flamencos. Explora el baile, el cante, la guitarra y sus grandes maestros.\" \/>\n<meta name=\"robots\" content=\"index, follow, max-snippet:-1, max-image-preview:large, max-video-preview:-1\" \/>\n<link rel=\"canonical\" href=\"https:\/\/tablaoflamencoalma.com\/de\/estilo-y-tecnica-del-flamenco\/\" \/>\n<meta property=\"og:locale\" content=\"de_DE\" \/>\n<meta property=\"og:type\" content=\"article\" \/>\n<meta property=\"og:title\" content=\"Estilo y t\u00e9cnica del flamenco - Tablao Flamenco Alma\" \/>\n<meta property=\"og:description\" content=\"Aprende sobre sole\u00e1, buler\u00edas y otros palos flamencos. Explora el baile, el cante, la guitarra y sus grandes maestros.\" \/>\n<meta property=\"og:url\" content=\"https:\/\/tablaoflamencoalma.com\/de\/estilo-y-tecnica-del-flamenco\/\" \/>\n<meta property=\"og:site_name\" content=\"Tablao Flamenco Alma\" \/>\n<meta property=\"article:publisher\" content=\"https:\/\/www.facebook.com\/tablaoflamencoalma\" \/>\n<meta property=\"article:published_time\" content=\"2024-02-24T14:03:12+00:00\" \/>\n<meta property=\"article:modified_time\" content=\"2026-06-02T08:38:07+00:00\" \/>\n<meta property=\"og:image\" content=\"https:\/\/tablaoflamencoalma.com\/wp-content\/uploads\/2024\/02\/Palmas-flamencas-1x1-peq.jpg\" \/>\n\t<meta property=\"og:image:width\" content=\"960\" \/>\n\t<meta property=\"og:image:height\" content=\"960\" \/>\n\t<meta property=\"og:image:type\" content=\"image\/jpeg\" \/>\n<meta name=\"author\" content=\"Tablao Flamenco Alma\" \/>\n<meta name=\"twitter:card\" content=\"summary_large_image\" \/>\n<meta name=\"twitter:label1\" content=\"Verfasst von\" \/>\n\t<meta name=\"twitter:data1\" content=\"Tablao Flamenco Alma\" \/>\n\t<meta name=\"twitter:label2\" content=\"Gesch\u00e4tzte Lesezeit\" \/>\n\t<meta name=\"twitter:data2\" content=\"4\u00a0Minuten\" \/>\n<script type=\"application\/ld+json\" class=\"yoast-schema-graph\">{\"@context\":\"https:\\\/\\\/schema.org\",\"@graph\":[{\"@type\":\"Article\",\"@id\":\"https:\\\/\\\/tablaoflamencoalma.com\\\/estilo-y-tecnica-del-flamenco\\\/#article\",\"isPartOf\":{\"@id\":\"https:\\\/\\\/tablaoflamencoalma.com\\\/estilo-y-tecnica-del-flamenco\\\/\"},\"author\":{\"name\":\"Tablao Flamenco Alma\",\"@id\":\"https:\\\/\\\/tablaoflamencoalma.com\\\/#\\\/schema\\\/person\\\/9d0c2a9a099918689427e2a0b2dd0f5c\"},\"headline\":\"Estilo y t\u00e9cnica del flamenco\",\"datePublished\":\"2024-02-24T14:03:12+00:00\",\"dateModified\":\"2026-06-02T08:38:07+00:00\",\"mainEntityOfPage\":{\"@id\":\"https:\\\/\\\/tablaoflamencoalma.com\\\/estilo-y-tecnica-del-flamenco\\\/\"},\"wordCount\":590,\"commentCount\":0,\"publisher\":{\"@id\":\"https:\\\/\\\/tablaoflamencoalma.com\\\/#organization\"},\"image\":{\"@id\":\"https:\\\/\\\/tablaoflamencoalma.com\\\/estilo-y-tecnica-del-flamenco\\\/#primaryimage\"},\"thumbnailUrl\":\"https:\\\/\\\/tablaoflamencoalma.com\\\/wp-content\\\/uploads\\\/2024\\\/02\\\/Palmas-flamencas-1x1-peq.jpg\",\"articleSection\":[\"El Flamenco\"],\"inLanguage\":\"de\",\"potentialAction\":[{\"@type\":\"CommentAction\",\"name\":\"Comment\",\"target\":[\"https:\\\/\\\/tablaoflamencoalma.com\\\/estilo-y-tecnica-del-flamenco\\\/#respond\"]}]},{\"@type\":\"WebPage\",\"@id\":\"https:\\\/\\\/tablaoflamencoalma.com\\\/estilo-y-tecnica-del-flamenco\\\/\",\"url\":\"https:\\\/\\\/tablaoflamencoalma.com\\\/estilo-y-tecnica-del-flamenco\\\/\",\"name\":\"Estilo y t\u00e9cnica del flamenco - Tablao Flamenco Alma\",\"isPartOf\":{\"@id\":\"https:\\\/\\\/tablaoflamencoalma.com\\\/#website\"},\"primaryImageOfPage\":{\"@id\":\"https:\\\/\\\/tablaoflamencoalma.com\\\/estilo-y-tecnica-del-flamenco\\\/#primaryimage\"},\"image\":{\"@id\":\"https:\\\/\\\/tablaoflamencoalma.com\\\/estilo-y-tecnica-del-flamenco\\\/#primaryimage\"},\"thumbnailUrl\":\"https:\\\/\\\/tablaoflamencoalma.com\\\/wp-content\\\/uploads\\\/2024\\\/02\\\/Palmas-flamencas-1x1-peq.jpg\",\"datePublished\":\"2024-02-24T14:03:12+00:00\",\"dateModified\":\"2026-06-02T08:38:07+00:00\",\"description\":\"Aprende sobre sole\u00e1, buler\u00edas y otros palos flamencos. Explora el baile, el cante, la guitarra y sus grandes maestros.\",\"breadcrumb\":{\"@id\":\"https:\\\/\\\/tablaoflamencoalma.com\\\/estilo-y-tecnica-del-flamenco\\\/#breadcrumb\"},\"inLanguage\":\"de\",\"potentialAction\":[{\"@type\":\"ReadAction\",\"target\":[\"https:\\\/\\\/tablaoflamencoalma.com\\\/estilo-y-tecnica-del-flamenco\\\/\"]}]},{\"@type\":\"ImageObject\",\"inLanguage\":\"de\",\"@id\":\"https:\\\/\\\/tablaoflamencoalma.com\\\/estilo-y-tecnica-del-flamenco\\\/#primaryimage\",\"url\":\"https:\\\/\\\/tablaoflamencoalma.com\\\/wp-content\\\/uploads\\\/2024\\\/02\\\/Palmas-flamencas-1x1-peq.jpg\",\"contentUrl\":\"https:\\\/\\\/tablaoflamencoalma.com\\\/wp-content\\\/uploads\\\/2024\\\/02\\\/Palmas-flamencas-1x1-peq.jpg\",\"width\":960,\"height\":960,\"caption\":\"Comp\u00e1s flamenco\"},{\"@type\":\"BreadcrumbList\",\"@id\":\"https:\\\/\\\/tablaoflamencoalma.com\\\/estilo-y-tecnica-del-flamenco\\\/#breadcrumb\",\"itemListElement\":[{\"@type\":\"ListItem\",\"position\":1,\"name\":\"Portada\",\"item\":\"https:\\\/\\\/tablaoflamencoalma.com\\\/\"},{\"@type\":\"ListItem\",\"position\":2,\"name\":\"Estilo y t\u00e9cnica del flamenco\"}]},{\"@type\":\"WebSite\",\"@id\":\"https:\\\/\\\/tablaoflamencoalma.com\\\/#website\",\"url\":\"https:\\\/\\\/tablaoflamencoalma.com\\\/\",\"name\":\"Tablao Flamenco Alma\",\"description\":\"Tablao Flamenco Alma\",\"publisher\":{\"@id\":\"https:\\\/\\\/tablaoflamencoalma.com\\\/#organization\"},\"potentialAction\":[{\"@type\":\"SearchAction\",\"target\":{\"@type\":\"EntryPoint\",\"urlTemplate\":\"https:\\\/\\\/tablaoflamencoalma.com\\\/?s={search_term_string}\"},\"query-input\":{\"@type\":\"PropertyValueSpecification\",\"valueRequired\":true,\"valueName\":\"search_term_string\"}}],\"inLanguage\":\"de\"},{\"@type\":\"Organization\",\"@id\":\"https:\\\/\\\/tablaoflamencoalma.com\\\/#organization\",\"name\":\"Tablao Flamenco Alma\",\"url\":\"https:\\\/\\\/tablaoflamencoalma.com\\\/\",\"logo\":{\"@type\":\"ImageObject\",\"inLanguage\":\"de\",\"@id\":\"https:\\\/\\\/tablaoflamencoalma.com\\\/#\\\/schema\\\/logo\\\/image\\\/\",\"url\":\"https:\\\/\\\/tablaoflamencoalma.com\\\/wp-content\\\/uploads\\\/2024\\\/01\\\/cropped-tablao-flamenco-alma-01-04.png\",\"contentUrl\":\"https:\\\/\\\/tablaoflamencoalma.com\\\/wp-content\\\/uploads\\\/2024\\\/01\\\/cropped-tablao-flamenco-alma-01-04.png\",\"width\":512,\"height\":512,\"caption\":\"Tablao Flamenco Alma\"},\"image\":{\"@id\":\"https:\\\/\\\/tablaoflamencoalma.com\\\/#\\\/schema\\\/logo\\\/image\\\/\"},\"sameAs\":[\"https:\\\/\\\/www.facebook.com\\\/tablaoflamencoalma\",\"https:\\\/\\\/www.instagram.com\\\/tablaoflamencoalma\"]},{\"@type\":\"Person\",\"@id\":\"https:\\\/\\\/tablaoflamencoalma.com\\\/#\\\/schema\\\/person\\\/9d0c2a9a099918689427e2a0b2dd0f5c\",\"name\":\"Tablao Flamenco Alma\",\"image\":{\"@type\":\"ImageObject\",\"inLanguage\":\"de\",\"@id\":\"https:\\\/\\\/tablaoflamencoalma.com\\\/wp-content\\\/litespeed\\\/avatar\\\/797b83aa1ddf30f355ead08e864f8dad.jpg?ver=1788140548\",\"url\":\"https:\\\/\\\/tablaoflamencoalma.com\\\/wp-content\\\/litespeed\\\/avatar\\\/797b83aa1ddf30f355ead08e864f8dad.jpg?ver=1788140548\",\"contentUrl\":\"https:\\\/\\\/tablaoflamencoalma.com\\\/wp-content\\\/litespeed\\\/avatar\\\/797b83aa1ddf30f355ead08e864f8dad.jpg?ver=1788140548\",\"caption\":\"Tablao Flamenco Alma\"},\"url\":\"https:\\\/\\\/tablaoflamencoalma.com\\\/de\\\/author\\\/flamencoalma\\\/\"}]}<\/script>\n<!-- \/ Yoast SEO plugin. -->","yoast_head_json":{"title":"Flamenco-Stil und -Technik - Tablao Flamenco Alma","description":"Lerne Sole\u00e1, Buler\u00edas und andere Flamenco-Stile kennen. Entdecke den Tanz, den Gesang, die Gitarre und seine gro\u00dfen Meister.","robots":{"index":"index","follow":"follow","max-snippet":"max-snippet:-1","max-image-preview":"max-image-preview:large","max-video-preview":"max-video-preview:-1"},"canonical":"https:\/\/tablaoflamencoalma.com\/de\/estilo-y-tecnica-del-flamenco\/","og_locale":"de_DE","og_type":"article","og_title":"Estilo y t\u00e9cnica del flamenco - Tablao Flamenco Alma","og_description":"Aprende sobre sole\u00e1, buler\u00edas y otros palos flamencos. Explora el baile, el cante, la guitarra y sus grandes maestros.","og_url":"https:\/\/tablaoflamencoalma.com\/de\/estilo-y-tecnica-del-flamenco\/","og_site_name":"Tablao Flamenco Alma","article_publisher":"https:\/\/www.facebook.com\/tablaoflamencoalma","article_published_time":"2024-02-24T14:03:12+00:00","article_modified_time":"2026-06-02T08:38:07+00:00","og_image":[{"width":960,"height":960,"url":"https:\/\/tablaoflamencoalma.com\/wp-content\/uploads\/2024\/02\/Palmas-flamencas-1x1-peq.jpg","type":"image\/jpeg"}],"author":"Tablao Flamenco Alma","twitter_card":"summary_large_image","twitter_misc":{"Verfasst von":"Tablao Flamenco Alma","Gesch\u00e4tzte Lesezeit":"4\u00a0Minuten"},"schema":{"@context":"https:\/\/schema.org","@graph":[{"@type":"Article","@id":"https:\/\/tablaoflamencoalma.com\/estilo-y-tecnica-del-flamenco\/#article","isPartOf":{"@id":"https:\/\/tablaoflamencoalma.com\/estilo-y-tecnica-del-flamenco\/"},"author":{"name":"Tablao Flamenco Alma","@id":"https:\/\/tablaoflamencoalma.com\/#\/schema\/person\/9d0c2a9a099918689427e2a0b2dd0f5c"},"headline":"Estilo y t\u00e9cnica del flamenco","datePublished":"2024-02-24T14:03:12+00:00","dateModified":"2026-06-02T08:38:07+00:00","mainEntityOfPage":{"@id":"https:\/\/tablaoflamencoalma.com\/estilo-y-tecnica-del-flamenco\/"},"wordCount":590,"commentCount":0,"publisher":{"@id":"https:\/\/tablaoflamencoalma.com\/#organization"},"image":{"@id":"https:\/\/tablaoflamencoalma.com\/estilo-y-tecnica-del-flamenco\/#primaryimage"},"thumbnailUrl":"https:\/\/tablaoflamencoalma.com\/wp-content\/uploads\/2024\/02\/Palmas-flamencas-1x1-peq.jpg","articleSection":["El Flamenco"],"inLanguage":"de","potentialAction":[{"@type":"CommentAction","name":"Comment","target":["https:\/\/tablaoflamencoalma.com\/estilo-y-tecnica-del-flamenco\/#respond"]}]},{"@type":"WebPage","@id":"https:\/\/tablaoflamencoalma.com\/estilo-y-tecnica-del-flamenco\/","url":"https:\/\/tablaoflamencoalma.com\/estilo-y-tecnica-del-flamenco\/","name":"Flamenco-Stil und -Technik - Tablao Flamenco Alma","isPartOf":{"@id":"https:\/\/tablaoflamencoalma.com\/#website"},"primaryImageOfPage":{"@id":"https:\/\/tablaoflamencoalma.com\/estilo-y-tecnica-del-flamenco\/#primaryimage"},"image":{"@id":"https:\/\/tablaoflamencoalma.com\/estilo-y-tecnica-del-flamenco\/#primaryimage"},"thumbnailUrl":"https:\/\/tablaoflamencoalma.com\/wp-content\/uploads\/2024\/02\/Palmas-flamencas-1x1-peq.jpg","datePublished":"2024-02-24T14:03:12+00:00","dateModified":"2026-06-02T08:38:07+00:00","description":"Lerne Sole\u00e1, Buler\u00edas und andere Flamenco-Stile kennen. Entdecke den Tanz, den Gesang, die Gitarre und seine gro\u00dfen Meister.","breadcrumb":{"@id":"https:\/\/tablaoflamencoalma.com\/estilo-y-tecnica-del-flamenco\/#breadcrumb"},"inLanguage":"de","potentialAction":[{"@type":"ReadAction","target":["https:\/\/tablaoflamencoalma.com\/estilo-y-tecnica-del-flamenco\/"]}]},{"@type":"ImageObject","inLanguage":"de","@id":"https:\/\/tablaoflamencoalma.com\/estilo-y-tecnica-del-flamenco\/#primaryimage","url":"https:\/\/tablaoflamencoalma.com\/wp-content\/uploads\/2024\/02\/Palmas-flamencas-1x1-peq.jpg","contentUrl":"https:\/\/tablaoflamencoalma.com\/wp-content\/uploads\/2024\/02\/Palmas-flamencas-1x1-peq.jpg","width":960,"height":960,"caption":"Comp\u00e1s flamenco"},{"@type":"BreadcrumbList","@id":"https:\/\/tablaoflamencoalma.com\/estilo-y-tecnica-del-flamenco\/#breadcrumb","itemListElement":[{"@type":"ListItem","position":1,"name":"Portada","item":"https:\/\/tablaoflamencoalma.com\/"},{"@type":"ListItem","position":2,"name":"Estilo y t\u00e9cnica del flamenco"}]},{"@type":"WebSite","@id":"https:\/\/tablaoflamencoalma.com\/#website","url":"https:\/\/tablaoflamencoalma.com\/","name":"Flamenco-Lokal \u201eAlma\u201c","description":"Flamenco-Lokal \u201eAlma\u201c","publisher":{"@id":"https:\/\/tablaoflamencoalma.com\/#organization"},"potentialAction":[{"@type":"SearchAction","target":{"@type":"EntryPoint","urlTemplate":"https:\/\/tablaoflamencoalma.com\/?s={search_term_string}"},"query-input":{"@type":"PropertyValueSpecification","valueRequired":true,"valueName":"search_term_string"}}],"inLanguage":"de"},{"@type":"Organization","@id":"https:\/\/tablaoflamencoalma.com\/#organization","name":"Flamenco-Lokal \u201eAlma\u201c","url":"https:\/\/tablaoflamencoalma.com\/","logo":{"@type":"ImageObject","inLanguage":"de","@id":"https:\/\/tablaoflamencoalma.com\/#\/schema\/logo\/image\/","url":"https:\/\/tablaoflamencoalma.com\/wp-content\/uploads\/2024\/01\/cropped-tablao-flamenco-alma-01-04.png","contentUrl":"https:\/\/tablaoflamencoalma.com\/wp-content\/uploads\/2024\/01\/cropped-tablao-flamenco-alma-01-04.png","width":512,"height":512,"caption":"Tablao Flamenco Alma"},"image":{"@id":"https:\/\/tablaoflamencoalma.com\/#\/schema\/logo\/image\/"},"sameAs":["https:\/\/www.facebook.com\/tablaoflamencoalma","https:\/\/www.instagram.com\/tablaoflamencoalma"]},{"@type":"Person","@id":"https:\/\/tablaoflamencoalma.com\/#\/schema\/person\/9d0c2a9a099918689427e2a0b2dd0f5c","name":"Flamenco-Lokal \u201eAlma\u201c","image":{"@type":"ImageObject","inLanguage":"de","@id":"https:\/\/tablaoflamencoalma.com\/wp-content\/litespeed\/avatar\/797b83aa1ddf30f355ead08e864f8dad.jpg?ver=1788140548","url":"https:\/\/tablaoflamencoalma.com\/wp-content\/litespeed\/avatar\/797b83aa1ddf30f355ead08e864f8dad.jpg?ver=1788140548","contentUrl":"https:\/\/tablaoflamencoalma.com\/wp-content\/litespeed\/avatar\/797b83aa1ddf30f355ead08e864f8dad.jpg?ver=1788140548","caption":"Tablao Flamenco Alma"},"url":"https:\/\/tablaoflamencoalma.com\/de\/author\/flamencoalma\/"}]}},"_links":{"self":[{"href":"https:\/\/tablaoflamencoalma.com\/de\/wp-json\/wp\/v2\/posts\/3128","targetHints":{"allow":["GET"]}}],"collection":[{"href":"https:\/\/tablaoflamencoalma.com\/de\/wp-json\/wp\/v2\/posts"}],"about":[{"href":"https:\/\/tablaoflamencoalma.com\/de\/wp-json\/wp\/v2\/types\/post"}],"author":[{"embeddable":true,"href":"https:\/\/tablaoflamencoalma.com\/de\/wp-json\/wp\/v2\/users\/3"}],"replies":[{"embeddable":true,"href":"https:\/\/tablaoflamencoalma.com\/de\/wp-json\/wp\/v2\/comments?post=3128"}],"version-history":[{"count":20,"href":"https:\/\/tablaoflamencoalma.com\/de\/wp-json\/wp\/v2\/posts\/3128\/revisions"}],"predecessor-version":[{"id":5227,"href":"https:\/\/tablaoflamencoalma.com\/de\/wp-json\/wp\/v2\/posts\/3128\/revisions\/5227"}],"wp:featuredmedia":[{"embeddable":true,"href":"https:\/\/tablaoflamencoalma.com\/de\/wp-json\/wp\/v2\/media\/3114"}],"wp:attachment":[{"href":"https:\/\/tablaoflamencoalma.com\/de\/wp-json\/wp\/v2\/media?parent=3128"}],"wp:term":[{"taxonomy":"category","embeddable":true,"href":"https:\/\/tablaoflamencoalma.com\/de\/wp-json\/wp\/v2\/categories?post=3128"},{"taxonomy":"post_tag","embeddable":true,"href":"https:\/\/tablaoflamencoalma.com\/de\/wp-json\/wp\/v2\/tags?post=3128"}],"curies":[{"name":"wp","href":"https:\/\/api.w.org\/{rel}","templated":true}]}}